{"id":23252,"date":"2016-07-08T12:25:17","date_gmt":"2016-07-08T10:25:17","guid":{"rendered":"https:\/\/www.stepienybarno.es\/blog\/?p=23252"},"modified":"2016-07-08T12:25:17","modified_gmt":"2016-07-08T10:25:17","slug":"koolhaas-defiende-europa","status":"publish","type":"post","link":"https:\/\/stepienybarno.es\/blog\/2016\/07\/08\/koolhaas-defiende-europa\/","title":{"rendered":"KOOLHAAS DEFIENDE EUROPA"},"content":{"rendered":"<p><strong><img loading=\"lazy\" decoding=\"async\" class=\"alignnone size-medium wp-image-23253 aligncenter\" src=\"https:\/\/stepienybarno.es\/blog\/wp-content\/uploads\/2016\/07\/stepienybarno-blog-stepien-y-barno-arquitectura-koolhaas-metalocus-juan-barba-292x550.jpg\" alt=\"stepienybarno-blog-stepien-y-barno-arquitectura-koolhaas-metalocus-juan-barba\" width=\"292\" height=\"550\" srcset=\"https:\/\/stepienybarno.es\/blog\/wp-content\/uploads\/2016\/07\/stepienybarno-blog-stepien-y-barno-arquitectura-koolhaas-metalocus-juan-barba-292x550.jpg 292w, https:\/\/stepienybarno.es\/blog\/wp-content\/uploads\/2016\/07\/stepienybarno-blog-stepien-y-barno-arquitectura-koolhaas-metalocus-juan-barba-96x180.jpg 96w, https:\/\/stepienybarno.es\/blog\/wp-content\/uploads\/2016\/07\/stepienybarno-blog-stepien-y-barno-arquitectura-koolhaas-metalocus-juan-barba-372x700.jpg 372w, https:\/\/stepienybarno.es\/blog\/wp-content\/uploads\/2016\/07\/stepienybarno-blog-stepien-y-barno-arquitectura-koolhaas-metalocus-juan-barba-212x400.jpg 212w, https:\/\/stepienybarno.es\/blog\/wp-content\/uploads\/2016\/07\/stepienybarno-blog-stepien-y-barno-arquitectura-koolhaas-metalocus-juan-barba.jpg 500w\" sizes=\"(max-width: 292px) 100vw, 292px\" \/><\/strong><\/p>\n<p><strong>Por Jos\u00e9 Juan Barba Desde <a href=\"http:\/\/master.juanadevega.org\/\" target=\"_blank\">Metalocus<\/a><\/strong><\/p>\n<p><!--more--><\/p>\n<p style=\"text-align: justify;\">\u201cEl mi\u00e9rcoles 29 y el jueves 30 de junio se celebr\u00f3 el IV Congreso Internacional de Arquitectura, organizado por la Fundaci\u00f3n Arquitectura y Sociedad, en Pamplona. De las conferencias propuestas para esta ocasi\u00f3n, la m\u00e1s esperada y la que sin duda no defraud\u00f3 fue la de Rem Koolhaas.<\/p>\n<p style=\"text-align: justify;\">El holand\u00e9s ten\u00eda previsto coger un vuelo cerca del mediod\u00eda del martes 28 de junio, al final lleg\u00f3 en un vuelo nocturno, pasadas las once, poniendo de los nervios a los\u00a0<a href=\"http:\/\/arquitecturaysociedad.org\/\">organizadores<\/a>. El Congreso comenz\u00f3 a las diez de la ma\u00f1ana del d\u00eda siguiente, el maestro de ceremonias fue Luis Fern\u00e1ndez Galiano quien explic\u00f3 el lema de este a\u00f1o:\u00a0\u201cCambio de Clima\u201d.<\/p>\n<p style=\"text-align: justify;\"><em>\u00abEn realidad este es el verdadero cambio de clima, resulta \u201cpat\u00e9tica\u201d la incapacidad de negociaci\u00f3n y es m\u00e1s importante esta incapacidad que el cambio clim\u00e1tico producido por el deshielo.\u00bb<\/em><\/p>\n<p style=\"text-align: justify;\"><em>Rem Koolhaas<\/em><\/p>\n<p style=\"text-align: justify;\">\nCONGRESO I<\/p>\n<p>Tras las presentaciones hubo Congreso I y Congreso II. La narraci\u00f3n que har\u00e9 de lo que all\u00ed ocurri\u00f3 seguir\u00e1 una estructura descriptiva similar a la que Rem Koolhas utiliz\u00f3 en el\u00a0Haagse Post. (*)<\/p>\n<p style=\"text-align: justify;\">Fue un \u00fanico Congreso, pero dada la repercusi\u00f3n de lo que all\u00ed ocurri\u00f3, creo que todos nos entenderemos mejor si lo difernciamos en dos partes. As\u00ed que podemos decir que el Congreso I fue en exclusiva para el turno de Rem Koolhaas, quien comenz\u00f3 su charla en una sala que se qued\u00f3 peque\u00f1a ante la afluencia de espectadores.<\/p>\n<p style=\"text-align: justify;\">Tras unos segundos de espera, mientras le colocaban el micr\u00f3fono inal\u00e1mbrico,\u00a0 comenz\u00f3 la catarata de im\u00e1genes e ideas. Pas\u00e1ndose repetidamente la mano por la cabeza Rem Koolhaas inici\u00f3 su exposici\u00f3n. Como en toda buena conferencia lo mejor es lo que se transmite al principio y al final. El inicio fue una declaraci\u00f3n n\u00edtida sobre su posici\u00f3n a favor de\u00a0 Europa y en contra del\u00a0<a href=\"http:\/\/www.metalocus.es\/es\/noticias\/rem-koolhaas-se-muestra-contrario-al-brexit\">Brexit<\/a>:\u00a0\u201cSoy un arquitecto europeo\u201d.<\/p>\n<p>CULTURA EUROPEA. DECLARACI\u00d3N DE INTERDEPENDENCIA.<\/p>\n<p>Rem habl\u00f3 en t\u00e9rminos de \u201ccultura europea\u201d, comenz\u00f3 con una imagen devastada de su ciudad tras los bombardeos nazis de la Segunda Guerra Mundial para explicarse a s\u00ed mismo y explicar su posicionamiento:\u00a0\u201cDe aqu\u00ed parto, crec\u00ed pensando que cualquier cosa ser\u00eda mejor que lo que hab\u00eda\u201d.<\/p>\n<p style=\"text-align: justify;\"><em>\u201cEl exceso de comodidad narcotiza\u201d<\/em><\/p>\n<p style=\"text-align: justify;\">\nPresent\u00f3 la cultura europea como contrapeso al estereotipo de que Europa solo fuese una cuesti\u00f3n de acuerdos econ\u00f3micos y lo explic\u00f3 con su propia trayectoria vital (\u2026)\u201d\n<\/p>\n<p style=\"text-align: center;\">\n<p style=\"text-align: center;\"><strong>Accede al art\u00edculo, <a href=\"http:\/\/www.metalocus.es\/es\/noticias\/koolhaas-defiende-europa\" target=\"_blank\">AQU\u00cd<\/a><\/strong><\/p>\n<p><em>\u00a0<\/em><\/p>\n<p style=\"text-align: justify;\"><span style=\"color: #999999;\"><em>Noticia seleccionada por el Canal de arquitectura STEPIENYBARNO.<\/em><\/span><\/p>\n<p style=\"text-align: justify;\"><a href=\"https:\/\/twitter.com\/stepienybarno\"><em>STEPIENYBARNO EN TWITTER _ @stepienybarno<\/em><\/a><\/p>\n<p style=\"text-align: justify;\"><a href=\"http:\/\/www.linkedin.com\/company\/stepienybarno\"><em>STEPIENYBARNO EN LINKEDIN<\/em><\/a><\/p>\n<p style=\"text-align: justify;\"><a href=\"https:\/\/www.facebook.com\/pages\/BLOG-DE-STEPIENYBARNO\/78001079029\"><em>STEPIENYBARNO EN FACEBOOK<\/em><\/a><\/p>\n<p style=\"text-align: justify;\"><span style=\"color: #999999;\"><em>*Stepienybarno est\u00e1 formado por Agnieszka Stepien y Lorenzo Barn\u00f3 y desde mayo del 2009 estamos en la red con\u00a0 la presente publicaci\u00f3n digital (Blog) de arquitectura.<\/em><\/span><\/p>\n<p style=\"text-align: justify;\"><span style=\"color: #999999;\"><em>Nuestra actividad se sustenta en tres pilares b\u00e1sicos: la investigaci\u00f3n, la publicaci\u00f3n (comunicaci\u00f3n y difusi\u00f3n) y la redacci\u00f3n de proyectos de arquitectura.<\/em><\/span><\/p>\n<p style=\"text-align: justify;\"><span style=\"color: #999999;\"><em>A su vez, somos socios cofundadores de<\/em><em>\u00a0<\/em><\/span><a href=\"http:\/\/sinergiasostenible.org\/\"><em>SINERGIA SOSTENIBLE<\/em><\/a><span style=\"color: #999999;\"><em>, redactores de<\/em><em>\u00a0<\/em><\/span><a href=\"http:\/\/www.laciudadviva.org\/blogs\/?author=45\"><em>LA CIUDAD VIVA<\/em><\/a><em>\u00a0<\/em><span style=\"color: #999999;\"><em>y directores del blog de<\/em><\/span><em>\u00a0<\/em><a href=\"http:\/\/blogfundacion.arquia.es\/\"><em>FUNDACI\u00d3N ARQUIA<span style=\"color: #999999;\">.<\/span><\/em><\/a><\/p>\n<p style=\"text-align: justify;\"><span style=\"color: #999999;\"><em>* Los editores de esta publicaci\u00f3n digital no nos hacemos cargo de de los comentarios y\u00a0 conceptos vertidos en los textos firmados por otras personas, siendo \u00e9stos de responsabilidad exclusiva de sus autores.<\/em><\/span><\/p>\n<p style=\"text-align: justify;\"><span style=\"color: #999999;\"><em>* Tu comentario podr\u00e1 ser moderado, por lo tanto, aunque aparezca inmediatamente al ser publicado en la entrada, los editores de esta publicaci\u00f3n digital nos reservamos el derecho tanto de editarlo (si fuera necesario, para hacerlo m\u00e1s legible) como de eliminarlo en el caso de que se usen expresiones incorrectas (descalificaciones, palabras malsonantes\u2026). A su vez, si quieres comentar desde el anonimato puedes hacerlo, aunque, nosotros personalmente, agradecemos que tod@s nos podamos identificar.<\/em><\/span><\/p>\n","protected":false},"excerpt":{"rendered":"<p>Por Jos\u00e9 Juan Barba Desde Metalocus<\/p>\n","protected":false},"author":9,"featured_media":23253,"comment_status":"open","ping_status":"closed","sticky":false,"template":"","format":"standard","meta":{"om_disable_all_campaigns":false,"_monsterinsights_skip_tracking":false,"_monsterinsights_sitenote_active":false,"_monsterinsights_sitenote_note":"","_monsterinsights_sitenote_category":0,"_uf_show_specific_survey":0,"_uf_disable_surveys":false,"episode_type":"","audio_file":"","cover_image":"","cover_image_id":"","duration":"","filesize":"","date_recorded":"","explicit":"","block":"","filesize_raw":"","footnotes":""},"categories":[244],"tags":[4435,1049,2871],"series":[],"class_list":["post-23252","post","type-post","status-publish","format-standard","has-post-thumbnail","hentry","category-canal-de-arquitectura","tag-cambiodeclima","tag-jose-juan-barba","tag-metalocus"],"aioseo_notices":[],"episode_featured_image":"https:\/\/stepienybarno.es\/blog\/wp-content\/uploads\/2016\/07\/stepienybarno-blog-stepien-y-barno-arquitectura-koolhaas-metalocus-juan-barba.jpg","episode_player_image":"https:\/\/stepienybarno.es\/blog\/wp-content\/uploads\/2020\/11\/stepienybarno-podcast-scaled.jpg","download_link":"","player_link":"","audio_player":false,"episode_data":{"playerMode":"dark","subscribeUrls":[],"rssFeedUrl":"https:\/\/stepienybarno.es\/blog\/feed\/podcast\/podcast-de-stepienybarno","embedCode":"<blockquote class=\"wp-embedded-content\" data-secret=\"J741u4gQj3\"><a href=\"https:\/\/stepienybarno.es\/blog\/2016\/07\/08\/koolhaas-defiende-europa\/\">KOOLHAAS DEFIENDE EUROPA<\/a><\/blockquote><iframe sandbox=\"allow-scripts\" security=\"restricted\" src=\"https:\/\/stepienybarno.es\/blog\/2016\/07\/08\/koolhaas-defiende-europa\/embed\/#?secret=J741u4gQj3\" width=\"500\" height=\"350\" title=\"\u00abKOOLHAAS DEFIENDE EUROPA\u00bb \u2014 Blog de STEPIEN Y BARNO - publicaci\u00f3n digital sobre arquitectura\" data-secret=\"J741u4gQj3\" frameborder=\"0\" marginwidth=\"0\" marginheight=\"0\" scrolling=\"no\" class=\"wp-embedded-content\"><\/iframe><script type=\"text\/javascript\">\n\/* <![CDATA[ *\/\n\/*! This file is auto-generated *\/\n!function(d,l){\"use strict\";l.querySelector&&d.addEventListener&&\"undefined\"!=typeof URL&&(d.wp=d.wp||{},d.wp.receiveEmbedMessage||(d.wp.receiveEmbedMessage=function(e){var t=e.data;if((t||t.secret||t.message||t.value)&&!\/[^a-zA-Z0-9]\/.test(t.secret)){for(var s,r,n,a=l.querySelectorAll('iframe[data-secret=\"'+t.secret+'\"]'),o=l.querySelectorAll('blockquote[data-secret=\"'+t.secret+'\"]'),c=new RegExp(\"^https?:$\",\"i\"),i=0;i<o.length;i++)o[i].style.display=\"none\";for(i=0;i<a.length;i++)s=a[i],e.source===s.contentWindow&&(s.removeAttribute(\"style\"),\"height\"===t.message?(1e3<(r=parseInt(t.value,10))?r=1e3:~~r<200&&(r=200),s.height=r):\"link\"===t.message&&(r=new URL(s.getAttribute(\"src\")),n=new URL(t.value),c.test(n.protocol))&&n.host===r.host&&l.activeElement===s&&(d.top.location.href=t.value))}},d.addEventListener(\"message\",d.wp.receiveEmbedMessage,!1),l.addEventListener(\"DOMContentLoaded\",function(){for(var e,t,s=l.querySelectorAll(\"iframe.wp-embedded-content\"),r=0;r<s.length;r++)(t=(e=s[r]).getAttribute(\"data-secret\"))||(t=Math.random().toString(36).substring(2,12),e.src+=\"#?secret=\"+t,e.setAttribute(\"data-secret\",t)),e.contentWindow.postMessage({message:\"ready\",secret:t},\"*\")},!1)))}(window,document);\n\/* ]]> *\/\n<\/script>\n"},"_links":{"self":[{"href":"https:\/\/stepienybarno.es\/blog\/wp-json\/wp\/v2\/posts\/23252"}],"collection":[{"href":"https:\/\/stepienybarno.es\/blog\/wp-json\/wp\/v2\/posts"}],"about":[{"href":"https:\/\/stepienybarno.es\/blog\/wp-json\/wp\/v2\/types\/post"}],"author":[{"embeddable":true,"href":"https:\/\/stepienybarno.es\/blog\/wp-json\/wp\/v2\/users\/9"}],"replies":[{"embeddable":true,"href":"https:\/\/stepienybarno.es\/blog\/wp-json\/wp\/v2\/comments?post=23252"}],"version-history":[{"count":1,"href":"https:\/\/stepienybarno.es\/blog\/wp-json\/wp\/v2\/posts\/23252\/revisions"}],"predecessor-version":[{"id":23254,"href":"https:\/\/stepienybarno.es\/blog\/wp-json\/wp\/v2\/posts\/23252\/revisions\/23254"}],"wp:featuredmedia":[{"embeddable":true,"href":"https:\/\/stepienybarno.es\/blog\/wp-json\/wp\/v2\/media\/23253"}],"wp:attachment":[{"href":"https:\/\/stepienybarno.es\/blog\/wp-json\/wp\/v2\/media?parent=23252"}],"wp:term":[{"taxonomy":"category","embeddable":true,"href":"https:\/\/stepienybarno.es\/blog\/wp-json\/wp\/v2\/categories?post=23252"},{"taxonomy":"post_tag","embeddable":true,"href":"https:\/\/stepienybarno.es\/blog\/wp-json\/wp\/v2\/tags?post=23252"},{"taxonomy":"series","embeddable":true,"href":"https:\/\/stepienybarno.es\/blog\/wp-json\/wp\/v2\/series?post=23252"}],"curies":[{"name":"wp","href":"https:\/\/api.w.org\/{rel}","templated":true}]}}