{"id":23305,"date":"2016-07-14T09:21:34","date_gmt":"2016-07-14T07:21:34","guid":{"rendered":"https:\/\/www.stepienybarno.es\/blog\/?p=23305"},"modified":"2016-07-10T19:58:18","modified_gmt":"2016-07-10T17:58:18","slug":"instantes-velados-escenas-retenidas","status":"publish","type":"post","link":"https:\/\/stepienybarno.es\/blog\/2016\/07\/14\/instantes-velados-escenas-retenidas\/","title":{"rendered":"INSTANTES VELADOS, ESCENAS RETENIDAS"},"content":{"rendered":"<h3><img loading=\"lazy\" decoding=\"async\" class=\"alignnone size-full wp-image-23306 aligncenter\" src=\"https:\/\/stepienybarno.es\/blog\/wp-content\/uploads\/2016\/07\/stepienybarno-blog-stepien-y-barno-arquitectura-fundacion-arquia-tesis-jairo-rodriguez.jpg\" alt=\"stepienybarno-blog-stepien-y-barno-arquitectura-fundacion-arquia-tesis-jairo-rodriguez\" width=\"500\" height=\"345\" srcset=\"https:\/\/stepienybarno.es\/blog\/wp-content\/uploads\/2016\/07\/stepienybarno-blog-stepien-y-barno-arquitectura-fundacion-arquia-tesis-jairo-rodriguez.jpg 500w, https:\/\/stepienybarno.es\/blog\/wp-content\/uploads\/2016\/07\/stepienybarno-blog-stepien-y-barno-arquitectura-fundacion-arquia-tesis-jairo-rodriguez-180x124.jpg 180w, https:\/\/stepienybarno.es\/blog\/wp-content\/uploads\/2016\/07\/stepienybarno-blog-stepien-y-barno-arquitectura-fundacion-arquia-tesis-jairo-rodriguez-316x218.jpg 316w\" sizes=\"(max-width: 500px) 100vw, 500px\" \/><\/h3>\n<p><strong>Por Jairo Rodr\u00edguez Andr\u00e9s Desde <a href=\"http:\/\/fundacion.arquia.es\/\" target=\"_blank\">Fundaci\u00f3n Arquia<\/a><\/strong><\/p>\n<p><!--more--><\/p>\n<p style=\"text-align: justify;\">\u201cA pesar del gran inter\u00e9s suscitado por la arquitectura n\u00f3rdica en general, en este \u00e1mbito ha permanecido desplazado uno de los campos m\u00e1s amplios y fruct\u00edferos, el de la escala residencial. En este sentido, el caso de Finlandia ha sido especialmente significativo. Debido principalmente a la preferencia e insistencia cr\u00edtica hacia lo mayor, y la excesiva atenci\u00f3n prestada hacia las omnipresentes figura y obra de Alvar Aalto, una amplia colecci\u00f3n de villas, residencias y saunas, con un probado valor intr\u00ednseco y trascendencia, han permanecido relegadas.<\/p>\n<p style=\"text-align: justify;\">Gracias en parte a la predilecci\u00f3n de los finlandeses hacia la introversi\u00f3n, la soledad y el silencio, estas tipolog\u00edas han alcanzado en este pa\u00eds una significaci\u00f3n mayor. El valor m\u00e1s destacado que ha emanado de estas construcciones residenciales y de escala menor durante el siglo XX ha sido el correspondiente con el hist\u00f3rico papel asumido de medio de expresi\u00f3n identitario nacional para sus creadores y habitantes.<\/p>\n<p style=\"text-align: justify;\">El colectivo de arquitectos en Finlandia ha servido, desde su personal identificaci\u00f3n y compromiso hacia este tipo de construcciones, como catalizador inicialmente, y guardi\u00e1n despu\u00e9s, de la tradici\u00f3n residencial. Unido a todo lo anterior, una extensi\u00f3n en n\u00famero nada desde\u00f1able y una notable calidad arquitect\u00f3nica, distinguible en la mayor\u00eda de estos proyectos, han motivado la necesidad de abordar y profundizar en este tema.<\/p>\n<p style=\"text-align: justify;\">El estudio llevado a cabo, adem\u00e1s de complementar la visi\u00f3n de la condici\u00f3n finlandesa en s\u00ed, se ha estimado imprescindible para alcanzar una mejor comprensi\u00f3n tanto de la globalidad arquitect\u00f3nica de este pa\u00eds como de su entorno pr\u00f3ximo y continental.<\/p>\n<p style=\"text-align: justify;\">El objetivo principal que ha ocupado esta investigaci\u00f3n, tras la inmersi\u00f3n en la extensa producci\u00f3n residencial finlandesa, ha sido el de conseguir elaborar una jerarquizaci\u00f3n y categorizaci\u00f3n de las propuestas m\u00e1s interesantes encontradas, extrapolando a trav\u00e9s de ellas sensibilidades pr\u00f3ximas repetidas. Desde el conjunto de los proyectos seleccionados, tras la consideraci\u00f3n de los ejemplos m\u00e1s destacados, se han valorado cuatro categor\u00edas singulares, una correspondiente con cada cap\u00edtulo (\u2026)\u201d<\/p>\n<p style=\"text-align: justify;\">\n<p style=\"text-align: center;\"><strong>Accede a la ficha, <a href=\"http:\/\/fundacion.arquia.es\/es\/concursos\/tesis\/TesisUsuario\/FichaTesis\/292?idparticipacion=286\" target=\"_blank\">AQU\u00cd<\/a><\/strong><\/p>\n<p>&nbsp;<\/p>\n<p><span style=\"color: #999999;\"><em>\u00a0<\/em><\/span><\/p>\n<p style=\"text-align: justify;\"><span style=\"color: #999999;\"><em>Noticia seleccionada por el Canal de arquitectura STEPIENYBARNO.<\/em><\/span><\/p>\n<p style=\"text-align: justify;\"><a href=\"https:\/\/twitter.com\/stepienybarno\"><em>STEPIENYBARNO EN TWITTER _ @stepienybarno<\/em><\/a><\/p>\n<p style=\"text-align: justify;\"><a href=\"http:\/\/www.linkedin.com\/company\/stepienybarno\"><em>STEPIENYBARNO EN LINKEDIN<\/em><\/a><\/p>\n<p style=\"text-align: justify;\"><a href=\"https:\/\/www.facebook.com\/pages\/BLOG-DE-STEPIENYBARNO\/78001079029\"><em>STEPIENYBARNO EN FACEBOOK<\/em><\/a><\/p>\n<p style=\"text-align: justify;\"><span style=\"color: #999999;\"><em>*Stepienybarno est\u00e1 formado por Agnieszka Stepien y Lorenzo Barn\u00f3 y desde mayo del 2009 estamos en la red con\u00a0 la presente publicaci\u00f3n digital (Blog) de arquitectura.<\/em><\/span><\/p>\n<p style=\"text-align: justify;\"><span style=\"color: #999999;\"><em>Nuestra actividad se sustenta en tres pilares b\u00e1sicos: la investigaci\u00f3n, la publicaci\u00f3n (comunicaci\u00f3n y difusi\u00f3n) y la redacci\u00f3n de proyectos de arquitectura.<\/em><\/span><\/p>\n<p style=\"text-align: justify;\"><span style=\"color: #999999;\"><em>A su vez, somos socios cofundadores de<\/em><\/span><em>\u00a0<\/em><a href=\"http:\/\/sinergiasostenible.org\/\"><em>SINERGIA SOSTENIBLE<\/em><\/a><span style=\"color: #999999;\"><em>, redactores de<\/em><em>\u00a0<\/em><\/span><a href=\"http:\/\/www.laciudadviva.org\/blogs\/?author=45\"><em>LA CIUDAD VIV<span style=\"color: #999999;\">A<\/span><\/em><\/a><span style=\"color: #999999;\"><em>\u00a0<\/em><em>y directores del blog de<\/em><\/span><em>\u00a0<\/em><a href=\"http:\/\/blogfundacion.arquia.es\/\"><em>FUNDACI\u00d3N ARQUIA<span style=\"color: #999999;\">.<\/span><\/em><\/a><\/p>\n<p style=\"text-align: justify;\"><span style=\"color: #999999;\"><em>* Los editores de esta publicaci\u00f3n digital no nos hacemos cargo de de los comentarios y\u00a0 conceptos vertidos en los textos firmados por otras personas, siendo \u00e9stos de responsabilidad exclusiva de sus autores.<\/em><\/span><\/p>\n<p style=\"text-align: justify;\"><span style=\"color: #999999;\"><em>* Tu comentario podr\u00e1 ser moderado, por lo tanto, aunque aparezca inmediatamente al ser publicado en la entrada, los editores de esta publicaci\u00f3n digital nos reservamos el derecho tanto de editarlo (si fuera necesario, para hacerlo m\u00e1s legible) como de eliminarlo en el caso de que se usen expresiones incorrectas (descalificaciones, palabras malsonantes\u2026). A su vez, si quieres comentar desde el anonimato puedes hacerlo, aunque, nosotros personalmente, agradecemos que tod@s nos podamos identificar.<\/em><\/span><\/p>\n","protected":false},"excerpt":{"rendered":"<p>Por Jairo Rodr\u00edguez Andr\u00e9s Desde Fundaci\u00f3n Arquia<\/p>\n","protected":false},"author":9,"featured_media":23306,"comment_status":"open","ping_status":"closed","sticky":false,"template":"","format":"standard","meta":{"om_disable_all_campaigns":false,"_monsterinsights_skip_tracking":false,"_monsterinsights_sitenote_active":false,"_monsterinsights_sitenote_note":"","_monsterinsights_sitenote_category":0,"_uf_show_specific_survey":0,"_uf_disable_surveys":false,"episode_type":"","audio_file":"","cover_image":"","cover_image_id":"","duration":"","filesize":"","date_recorded":"","explicit":"","block":"","filesize_raw":"","footnotes":""},"categories":[244],"tags":[4448,125,2886,4447],"series":[],"class_list":["post-23305","post","type-post","status-publish","format-standard","has-post-thumbnail","hentry","category-canal-de-arquitectura","tag-arquiatesis","tag-alvar-aalto","tag-fundacion-arquia","tag-jairo-rodriguez-andres"],"aioseo_notices":[],"episode_featured_image":"https:\/\/stepienybarno.es\/blog\/wp-content\/uploads\/2016\/07\/stepienybarno-blog-stepien-y-barno-arquitectura-fundacion-arquia-tesis-jairo-rodriguez.jpg","episode_player_image":"https:\/\/stepienybarno.es\/blog\/wp-content\/uploads\/2020\/11\/stepienybarno-podcast-scaled.jpg","download_link":"","player_link":"","audio_player":false,"episode_data":{"playerMode":"dark","subscribeUrls":[],"rssFeedUrl":"https:\/\/stepienybarno.es\/blog\/feed\/podcast\/podcast-de-stepienybarno","embedCode":"<blockquote class=\"wp-embedded-content\" data-secret=\"DbavbDK97B\"><a href=\"https:\/\/stepienybarno.es\/blog\/2016\/07\/14\/instantes-velados-escenas-retenidas\/\">INSTANTES VELADOS, ESCENAS RETENIDAS<\/a><\/blockquote><iframe sandbox=\"allow-scripts\" security=\"restricted\" src=\"https:\/\/stepienybarno.es\/blog\/2016\/07\/14\/instantes-velados-escenas-retenidas\/embed\/#?secret=DbavbDK97B\" width=\"500\" height=\"350\" title=\"\u00abINSTANTES VELADOS, ESCENAS RETENIDAS\u00bb \u2014 Blog de STEPIEN Y BARNO - publicaci\u00f3n digital sobre arquitectura\" data-secret=\"DbavbDK97B\" frameborder=\"0\" marginwidth=\"0\" marginheight=\"0\" scrolling=\"no\" class=\"wp-embedded-content\"><\/iframe><script type=\"text\/javascript\">\n\/* <![CDATA[ *\/\n\/*! This file is auto-generated *\/\n!function(d,l){\"use strict\";l.querySelector&&d.addEventListener&&\"undefined\"!=typeof URL&&(d.wp=d.wp||{},d.wp.receiveEmbedMessage||(d.wp.receiveEmbedMessage=function(e){var t=e.data;if((t||t.secret||t.message||t.value)&&!\/[^a-zA-Z0-9]\/.test(t.secret)){for(var s,r,n,a=l.querySelectorAll('iframe[data-secret=\"'+t.secret+'\"]'),o=l.querySelectorAll('blockquote[data-secret=\"'+t.secret+'\"]'),c=new RegExp(\"^https?:$\",\"i\"),i=0;i<o.length;i++)o[i].style.display=\"none\";for(i=0;i<a.length;i++)s=a[i],e.source===s.contentWindow&&(s.removeAttribute(\"style\"),\"height\"===t.message?(1e3<(r=parseInt(t.value,10))?r=1e3:~~r<200&&(r=200),s.height=r):\"link\"===t.message&&(r=new URL(s.getAttribute(\"src\")),n=new URL(t.value),c.test(n.protocol))&&n.host===r.host&&l.activeElement===s&&(d.top.location.href=t.value))}},d.addEventListener(\"message\",d.wp.receiveEmbedMessage,!1),l.addEventListener(\"DOMContentLoaded\",function(){for(var e,t,s=l.querySelectorAll(\"iframe.wp-embedded-content\"),r=0;r<s.length;r++)(t=(e=s[r]).getAttribute(\"data-secret\"))||(t=Math.random().toString(36).substring(2,12),e.src+=\"#?secret=\"+t,e.setAttribute(\"data-secret\",t)),e.contentWindow.postMessage({message:\"ready\",secret:t},\"*\")},!1)))}(window,document);\n\/* ]]> *\/\n<\/script>\n"},"_links":{"self":[{"href":"https:\/\/stepienybarno.es\/blog\/wp-json\/wp\/v2\/posts\/23305"}],"collection":[{"href":"https:\/\/stepienybarno.es\/blog\/wp-json\/wp\/v2\/posts"}],"about":[{"href":"https:\/\/stepienybarno.es\/blog\/wp-json\/wp\/v2\/types\/post"}],"author":[{"embeddable":true,"href":"https:\/\/stepienybarno.es\/blog\/wp-json\/wp\/v2\/users\/9"}],"replies":[{"embeddable":true,"href":"https:\/\/stepienybarno.es\/blog\/wp-json\/wp\/v2\/comments?post=23305"}],"version-history":[{"count":3,"href":"https:\/\/stepienybarno.es\/blog\/wp-json\/wp\/v2\/posts\/23305\/revisions"}],"predecessor-version":[{"id":23309,"href":"https:\/\/stepienybarno.es\/blog\/wp-json\/wp\/v2\/posts\/23305\/revisions\/23309"}],"wp:featuredmedia":[{"embeddable":true,"href":"https:\/\/stepienybarno.es\/blog\/wp-json\/wp\/v2\/media\/23306"}],"wp:attachment":[{"href":"https:\/\/stepienybarno.es\/blog\/wp-json\/wp\/v2\/media?parent=23305"}],"wp:term":[{"taxonomy":"category","embeddable":true,"href":"https:\/\/stepienybarno.es\/blog\/wp-json\/wp\/v2\/categories?post=23305"},{"taxonomy":"post_tag","embeddable":true,"href":"https:\/\/stepienybarno.es\/blog\/wp-json\/wp\/v2\/tags?post=23305"},{"taxonomy":"series","embeddable":true,"href":"https:\/\/stepienybarno.es\/blog\/wp-json\/wp\/v2\/series?post=23305"}],"curies":[{"name":"wp","href":"https:\/\/api.w.org\/{rel}","templated":true}]}}