{"id":23411,"date":"2016-07-21T20:21:29","date_gmt":"2016-07-21T18:21:29","guid":{"rendered":"https:\/\/www.stepienybarno.es\/blog\/?p=23411"},"modified":"2016-07-20T21:23:22","modified_gmt":"2016-07-20T19:23:22","slug":"la-flexibilidad-en-la-arquitectura-residencial-a-traves-de-la-construccion-prefabricada","status":"publish","type":"post","link":"https:\/\/stepienybarno.es\/blog\/2016\/07\/21\/la-flexibilidad-en-la-arquitectura-residencial-a-traves-de-la-construccion-prefabricada\/","title":{"rendered":"LA FLEXIBILIDAD EN LA ARQUITECTURA RESIDENCIAL A TRAV\u00c9S DE LA CONSTRUCCI\u00d3N PREFABRICADA"},"content":{"rendered":"<p><img loading=\"lazy\" decoding=\"async\" class=\"alignnone size-full wp-image-23412 aligncenter\" src=\"https:\/\/stepienybarno.es\/blog\/wp-content\/uploads\/2016\/07\/stepienybarno-blog-stepien-y-barno-vitruvius-casas-prefabricadas-boklok-IKEA.jpg\" alt=\"stepienybarno-blog-stepien-y-barno-vitruvius-casas-prefabricadas-boklok - IKEA\" width=\"500\" height=\"348\" srcset=\"https:\/\/stepienybarno.es\/blog\/wp-content\/uploads\/2016\/07\/stepienybarno-blog-stepien-y-barno-vitruvius-casas-prefabricadas-boklok-IKEA.jpg 500w, https:\/\/stepienybarno.es\/blog\/wp-content\/uploads\/2016\/07\/stepienybarno-blog-stepien-y-barno-vitruvius-casas-prefabricadas-boklok-IKEA-180x125.jpg 180w, https:\/\/stepienybarno.es\/blog\/wp-content\/uploads\/2016\/07\/stepienybarno-blog-stepien-y-barno-vitruvius-casas-prefabricadas-boklok-IKEA-316x220.jpg 316w\" sizes=\"(max-width: 500px) 100vw, 500px\" \/><\/p>\n<p><strong>Por Bruna Caroline Pinto Campos y Lu\u00eds Bravo Farre Desde <a href=\"http:\/\/www.vitruvius.com\" target=\"_blank\">Vitruvius<\/a><\/strong><\/p>\n<p><!--more--><\/p>\n<p style=\"text-align: justify;\">\u00a0\u201c<strong>La importancia de la flexibilidad en la arquitectura<\/strong><\/p>\n<p style=\"text-align: justify;\">Promover la flexibilidad en la arquitectura es una pr\u00e1ctica que aporta muchas ventajas a corto, medio y largo plazo. Permitir que una construcci\u00f3n se adapte a los cambios de la vida de los usuarios es un aspecto que los arquitectos deben tener en cuenta, ya que la flexibilidad es el medio que permite que una necesidad alcance la meta de transformaci\u00f3n necesaria para adaptarse a lo nuevo. La flexibilidad se puede presentar de varias maneras, desde una puerta que se abre completamente, dando permeabilidad entre los espacios internos y externos, hasta un edificio entero que puede desplazarse de sitio, entre muchas otras variantes.<\/p>\n<p style=\"text-align: justify;\">Existen diversas t\u00e9cnicas para generar flexibilidad en la arquitectura, as\u00ed como materiales y sistemas constructivos que permiten responder adecuadamente a esta premisa. El arquitecto debe conocer la importancia de esta propiedad en relaci\u00f3n con la construcci\u00f3n de los espacios y debe incorporarla en su sistema de trabajo desde el inicio de sus planteamientos.<\/p>\n<p style=\"text-align: justify;\">Las caracter\u00edsticas del material que se utilizar\u00e1 en la construcci\u00f3n de un edificio son muy importantes y deben conocerse\u00a0<em>a priori<\/em>\u00a0para lograr los objetivos deseados. Por ejemplo, la arquitecta Jennifer Siegal se dedica a la construcci\u00f3n de estructuras prefabricadas en Estados Unidos, principalmente viviendas. Los materiales elegidos por ella siguen criterios como: que sean aceptables, que generen un ambiente m\u00e1s agradable, que sean resistentes al fuego y que dispongan de uniones y cierres correctos, entre muchas otras propiedades que son b\u00e1sicas y de conocimiento com\u00fan (\u2026)\u201d<\/p>\n<p>&nbsp;<\/p>\n<p>&nbsp;<\/p>\n<p style=\"text-align: center;\"><strong>Accede al art\u00edculo, <a href=\"http:\/\/www.vitruvius.com.br\/revistas\/read\/arquitextos\/13.154\/4653\" target=\"_blank\">AQU\u00cd<\/a><\/strong><\/p>\n<p>&nbsp;<\/p>\n<p><em>\u00a0<\/em><\/p>\n<p style=\"text-align: justify;\"><span style=\"color: #999999;\"><em>Noticia seleccionada por el Canal de arquitectura STEPIENYBARNO.<\/em><\/span><\/p>\n<p style=\"text-align: justify;\"><a href=\"https:\/\/twitter.com\/stepienybarno\"><em>STEPIENYBARNO EN TWITTER _ @stepienybarno<\/em><\/a><\/p>\n<p style=\"text-align: justify;\"><a href=\"http:\/\/www.linkedin.com\/company\/stepienybarno\"><em>STEPIENYBARNO EN LINKEDIN<\/em><\/a><\/p>\n<p style=\"text-align: justify;\"><a href=\"https:\/\/www.facebook.com\/pages\/BLOG-DE-STEPIENYBARNO\/78001079029\"><em>STEPIENYBARNO EN FACEBOOK<\/em><\/a><\/p>\n<p style=\"text-align: justify;\"><span style=\"color: #999999;\"><em>*Stepienybarno est\u00e1 formado por Agnieszka Stepien y Lorenzo Barn\u00f3 y desde mayo del 2009 estamos en la red con\u00a0 la presente publicaci\u00f3n digital (Blog) de arquitectura.<\/em><\/span><\/p>\n<p style=\"text-align: justify;\"><span style=\"color: #999999;\"><em>Nuestra actividad se sustenta en tres pilares b\u00e1sicos: la investigaci\u00f3n, la publicaci\u00f3n (comunicaci\u00f3n y difusi\u00f3n) y la redacci\u00f3n de proyectos de arquitectura.<\/em><\/span><\/p>\n<p style=\"text-align: justify;\"><span style=\"color: #999999;\"><em>A su vez, somos socios cofundadores de<\/em><\/span><em>\u00a0<\/em><a href=\"http:\/\/sinergiasostenible.org\/\"><em>SINERGIA SOSTENIBLE<\/em><\/a><span style=\"color: #999999;\"><em>, redactores de<\/em><\/span><em>\u00a0<\/em><a href=\"http:\/\/www.laciudadviva.org\/blogs\/?author=45\"><em>LA CIUDAD VIVA<\/em><\/a><em>\u00a0<\/em><span style=\"color: #999999;\"><em>y directores del blog de<\/em><\/span><em>\u00a0<\/em><a href=\"http:\/\/blogfundacion.arquia.es\/\"><em>FUNDACI\u00d3N ARQUIA<span style=\"color: #999999;\">.<\/span><\/em><\/a><\/p>\n<p style=\"text-align: justify;\"><span style=\"color: #999999;\"><em>* Los editores de esta publicaci\u00f3n digital no nos hacemos cargo de de los comentarios y\u00a0 conceptos vertidos en los textos firmados por otras personas, siendo \u00e9stos de responsabilidad exclusiva de sus autores.<\/em><\/span><\/p>\n<p style=\"text-align: justify;\"><span style=\"color: #999999;\"><em>* Tu comentario podr\u00e1 ser moderado, por lo tanto, aunque aparezca inmediatamente al ser publicado en la entrada, los editores de esta publicaci\u00f3n digital nos reservamos el derecho tanto de editarlo (si fuera necesario, para hacerlo m\u00e1s legible) como de eliminarlo en el caso de que se usen expresiones incorrectas (descalificaciones, palabras malsonantes\u2026). A su vez, si quieres comentar desde el anonimato puedes hacerlo, aunque, nosotros personalmente, agradecemos que tod@s nos podamos identificar.<\/em><\/span><\/p>\n","protected":false},"excerpt":{"rendered":"<p>Por Bruna Caroline Pinto Campos y Lu\u00eds Bravo Farre Desde<\/p>\n","protected":false},"author":9,"featured_media":23412,"comment_status":"open","ping_status":"closed","sticky":false,"template":"","format":"standard","meta":{"om_disable_all_campaigns":false,"_monsterinsights_skip_tracking":false,"_monsterinsights_sitenote_active":false,"_monsterinsights_sitenote_note":"","_monsterinsights_sitenote_category":0,"_uf_show_specific_survey":0,"_uf_disable_surveys":false,"episode_type":"","audio_file":"","cover_image":"","cover_image_id":"","duration":"","filesize":"","date_recorded":"","explicit":"","block":"","filesize_raw":"","footnotes":""},"categories":[244],"tags":[4485,4488,4486,4487],"series":[],"class_list":["post-23411","post","type-post","status-publish","format-standard","has-post-thumbnail","hentry","category-canal-de-arquitectura","tag-bruna-caroline-pinto-campos","tag-ikea","tag-luis-bravo-farre","tag-vitruvius"],"aioseo_notices":[],"episode_featured_image":"https:\/\/stepienybarno.es\/blog\/wp-content\/uploads\/2016\/07\/stepienybarno-blog-stepien-y-barno-vitruvius-casas-prefabricadas-boklok-IKEA.jpg","episode_player_image":"https:\/\/stepienybarno.es\/blog\/wp-content\/uploads\/2020\/11\/stepienybarno-podcast-scaled.jpg","download_link":"","player_link":"","audio_player":false,"episode_data":{"playerMode":"dark","subscribeUrls":[],"rssFeedUrl":"https:\/\/stepienybarno.es\/blog\/feed\/podcast\/podcast-de-stepienybarno","embedCode":"<blockquote class=\"wp-embedded-content\" data-secret=\"b2A8brsUQu\"><a href=\"https:\/\/stepienybarno.es\/blog\/2016\/07\/21\/la-flexibilidad-en-la-arquitectura-residencial-a-traves-de-la-construccion-prefabricada\/\">LA FLEXIBILIDAD EN LA ARQUITECTURA RESIDENCIAL A TRAV\u00c9S DE LA CONSTRUCCI\u00d3N PREFABRICADA<\/a><\/blockquote><iframe sandbox=\"allow-scripts\" security=\"restricted\" src=\"https:\/\/stepienybarno.es\/blog\/2016\/07\/21\/la-flexibilidad-en-la-arquitectura-residencial-a-traves-de-la-construccion-prefabricada\/embed\/#?secret=b2A8brsUQu\" width=\"500\" height=\"350\" title=\"\u00abLA FLEXIBILIDAD EN LA ARQUITECTURA RESIDENCIAL A TRAV\u00c9S DE LA CONSTRUCCI\u00d3N PREFABRICADA\u00bb \u2014 Blog de STEPIEN Y BARNO - publicaci\u00f3n digital sobre arquitectura\" data-secret=\"b2A8brsUQu\" frameborder=\"0\" marginwidth=\"0\" marginheight=\"0\" scrolling=\"no\" class=\"wp-embedded-content\"><\/iframe><script type=\"text\/javascript\">\n\/* <![CDATA[ *\/\n\/*! This file is auto-generated *\/\n!function(d,l){\"use strict\";l.querySelector&&d.addEventListener&&\"undefined\"!=typeof URL&&(d.wp=d.wp||{},d.wp.receiveEmbedMessage||(d.wp.receiveEmbedMessage=function(e){var t=e.data;if((t||t.secret||t.message||t.value)&&!\/[^a-zA-Z0-9]\/.test(t.secret)){for(var s,r,n,a=l.querySelectorAll('iframe[data-secret=\"'+t.secret+'\"]'),o=l.querySelectorAll('blockquote[data-secret=\"'+t.secret+'\"]'),c=new RegExp(\"^https?:$\",\"i\"),i=0;i<o.length;i++)o[i].style.display=\"none\";for(i=0;i<a.length;i++)s=a[i],e.source===s.contentWindow&&(s.removeAttribute(\"style\"),\"height\"===t.message?(1e3<(r=parseInt(t.value,10))?r=1e3:~~r<200&&(r=200),s.height=r):\"link\"===t.message&&(r=new URL(s.getAttribute(\"src\")),n=new URL(t.value),c.test(n.protocol))&&n.host===r.host&&l.activeElement===s&&(d.top.location.href=t.value))}},d.addEventListener(\"message\",d.wp.receiveEmbedMessage,!1),l.addEventListener(\"DOMContentLoaded\",function(){for(var e,t,s=l.querySelectorAll(\"iframe.wp-embedded-content\"),r=0;r<s.length;r++)(t=(e=s[r]).getAttribute(\"data-secret\"))||(t=Math.random().toString(36).substring(2,12),e.src+=\"#?secret=\"+t,e.setAttribute(\"data-secret\",t)),e.contentWindow.postMessage({message:\"ready\",secret:t},\"*\")},!1)))}(window,document);\n\/* ]]> *\/\n<\/script>\n"},"_links":{"self":[{"href":"https:\/\/stepienybarno.es\/blog\/wp-json\/wp\/v2\/posts\/23411"}],"collection":[{"href":"https:\/\/stepienybarno.es\/blog\/wp-json\/wp\/v2\/posts"}],"about":[{"href":"https:\/\/stepienybarno.es\/blog\/wp-json\/wp\/v2\/types\/post"}],"author":[{"embeddable":true,"href":"https:\/\/stepienybarno.es\/blog\/wp-json\/wp\/v2\/users\/9"}],"replies":[{"embeddable":true,"href":"https:\/\/stepienybarno.es\/blog\/wp-json\/wp\/v2\/comments?post=23411"}],"version-history":[{"count":1,"href":"https:\/\/stepienybarno.es\/blog\/wp-json\/wp\/v2\/posts\/23411\/revisions"}],"predecessor-version":[{"id":23413,"href":"https:\/\/stepienybarno.es\/blog\/wp-json\/wp\/v2\/posts\/23411\/revisions\/23413"}],"wp:featuredmedia":[{"embeddable":true,"href":"https:\/\/stepienybarno.es\/blog\/wp-json\/wp\/v2\/media\/23412"}],"wp:attachment":[{"href":"https:\/\/stepienybarno.es\/blog\/wp-json\/wp\/v2\/media?parent=23411"}],"wp:term":[{"taxonomy":"category","embeddable":true,"href":"https:\/\/stepienybarno.es\/blog\/wp-json\/wp\/v2\/categories?post=23411"},{"taxonomy":"post_tag","embeddable":true,"href":"https:\/\/stepienybarno.es\/blog\/wp-json\/wp\/v2\/tags?post=23411"},{"taxonomy":"series","embeddable":true,"href":"https:\/\/stepienybarno.es\/blog\/wp-json\/wp\/v2\/series?post=23411"}],"curies":[{"name":"wp","href":"https:\/\/api.w.org\/{rel}","templated":true}]}}