{"id":23417,"date":"2016-07-22T13:21:17","date_gmt":"2016-07-22T11:21:17","guid":{"rendered":"https:\/\/www.stepienybarno.es\/blog\/?p=23417"},"modified":"2016-07-22T10:00:52","modified_gmt":"2016-07-22T08:00:52","slug":"mausoleo-del-martirio-de-aldeas-polacas-en-proyectodeldia","status":"publish","type":"post","link":"https:\/\/stepienybarno.es\/blog\/2016\/07\/22\/mausoleo-del-martirio-de-aldeas-polacas-en-proyectodeldia\/","title":{"rendered":"MAUSOLEO DEL MARTIRIO DE ALDEAS POLACAS en #ProyectoDelD\u00eda"},"content":{"rendered":"<p><img loading=\"lazy\" decoding=\"async\" class=\"alignnone size-full wp-image-23421 aligncenter\" src=\"https:\/\/stepienybarno.es\/blog\/wp-content\/uploads\/2016\/07\/stepienybarno-blog-stepien-y-barno-arquitectura-proyecto-del-dia-Nizio-Design-International-comunidad.jpg\" alt=\"stepienybarno-blog-stepien-y-barno-arquitectura-proyecto-del-dia-Nizio-Design-International-comunidad\" width=\"500\" height=\"333\" srcset=\"https:\/\/stepienybarno.es\/blog\/wp-content\/uploads\/2016\/07\/stepienybarno-blog-stepien-y-barno-arquitectura-proyecto-del-dia-Nizio-Design-International-comunidad.jpg 500w, https:\/\/stepienybarno.es\/blog\/wp-content\/uploads\/2016\/07\/stepienybarno-blog-stepien-y-barno-arquitectura-proyecto-del-dia-Nizio-Design-International-comunidad-180x120.jpg 180w, https:\/\/stepienybarno.es\/blog\/wp-content\/uploads\/2016\/07\/stepienybarno-blog-stepien-y-barno-arquitectura-proyecto-del-dia-Nizio-Design-International-comunidad-316x210.jpg 316w\" sizes=\"(max-width: 500px) 100vw, 500px\" \/><\/p>\n<p><strong>Proyecto <a href=\"http:\/\/nizio.com.pl\/pl\/\" target=\"_blank\">Nizio Design International<\/a><\/strong><\/p>\n<p><strong>Desde <a href=\"http:\/\/www.comunidadarquitectura.com\/\" target=\"_blank\">Comunidad Arquitectura<\/a><\/strong><\/p>\n<p><!--more--><\/p>\n<p><strong>\u00a0<\/strong><strong>\u00a0<img loading=\"lazy\" decoding=\"async\" class=\"size-full wp-image-23418 aligncenter\" src=\"https:\/\/stepienybarno.es\/blog\/wp-content\/uploads\/2016\/07\/stepienybarno-blog-stepien-y-barno-arquitectura-proyecto-del-dia-Nizio-Design-International-comunidad-2.jpg\" alt=\"stepienybarno-blog-stepien-y-barno-arquitectura-proyecto-del-dia-Nizio-Design-International-comunidad-2\" width=\"500\" height=\"333\" srcset=\"https:\/\/stepienybarno.es\/blog\/wp-content\/uploads\/2016\/07\/stepienybarno-blog-stepien-y-barno-arquitectura-proyecto-del-dia-Nizio-Design-International-comunidad-2.jpg 500w, https:\/\/stepienybarno.es\/blog\/wp-content\/uploads\/2016\/07\/stepienybarno-blog-stepien-y-barno-arquitectura-proyecto-del-dia-Nizio-Design-International-comunidad-2-180x120.jpg 180w, https:\/\/stepienybarno.es\/blog\/wp-content\/uploads\/2016\/07\/stepienybarno-blog-stepien-y-barno-arquitectura-proyecto-del-dia-Nizio-Design-International-comunidad-2-316x210.jpg 316w\" sizes=\"(max-width: 500px) 100vw, 500px\" \/><\/strong><\/p>\n<p><strong> <img loading=\"lazy\" decoding=\"async\" class=\"size-medium wp-image-23419 aligncenter\" src=\"https:\/\/stepienybarno.es\/blog\/wp-content\/uploads\/2016\/07\/stepienybarno-blog-stepien-y-barno-arquitectura-proyecto-del-dia-Nizio-Design-International-comunidad-3.jpg\" alt=\"stepienybarno-blog-stepien-y-barno-arquitectura-proyecto-del-dia-Nizio-Design-International-comunidad-3\" width=\"500\" height=\"333\" srcset=\"https:\/\/stepienybarno.es\/blog\/wp-content\/uploads\/2016\/07\/stepienybarno-blog-stepien-y-barno-arquitectura-proyecto-del-dia-Nizio-Design-International-comunidad-3.jpg 500w, https:\/\/stepienybarno.es\/blog\/wp-content\/uploads\/2016\/07\/stepienybarno-blog-stepien-y-barno-arquitectura-proyecto-del-dia-Nizio-Design-International-comunidad-3-180x120.jpg 180w, https:\/\/stepienybarno.es\/blog\/wp-content\/uploads\/2016\/07\/stepienybarno-blog-stepien-y-barno-arquitectura-proyecto-del-dia-Nizio-Design-International-comunidad-3-316x210.jpg 316w\" sizes=\"(max-width: 500px) 100vw, 500px\" \/><\/strong><\/p>\n<p><strong> <img loading=\"lazy\" decoding=\"async\" class=\"size-medium wp-image-23420 aligncenter\" src=\"https:\/\/stepienybarno.es\/blog\/wp-content\/uploads\/2016\/07\/stepienybarno-blog-stepien-y-barno-arquitectura-proyecto-del-dia-Nizio-Design-International-comunidad-4.jpg\" alt=\"stepienybarno-blog-stepien-y-barno-arquitectura-proyecto-del-dia-Nizio-Design-International-comunidad-4\" width=\"500\" height=\"215\" srcset=\"https:\/\/stepienybarno.es\/blog\/wp-content\/uploads\/2016\/07\/stepienybarno-blog-stepien-y-barno-arquitectura-proyecto-del-dia-Nizio-Design-International-comunidad-4.jpg 500w, https:\/\/stepienybarno.es\/blog\/wp-content\/uploads\/2016\/07\/stepienybarno-blog-stepien-y-barno-arquitectura-proyecto-del-dia-Nizio-Design-International-comunidad-4-180x77.jpg 180w, https:\/\/stepienybarno.es\/blog\/wp-content\/uploads\/2016\/07\/stepienybarno-blog-stepien-y-barno-arquitectura-proyecto-del-dia-Nizio-Design-International-comunidad-4-316x136.jpg 316w\" sizes=\"(max-width: 500px) 100vw, 500px\" \/><\/strong><\/p>\n<p>&nbsp;<\/p>\n<p>&nbsp;<\/p>\n<p style=\"text-align: center;\"><strong>Accede al proyecto, <a href=\"http:\/\/www.comunidadarquitectura.com\/catalogo-arquitecturamausoleo-del-martirio-de-aldeas-polacas\/?mkt_hm=9&amp;utm_source=email_marketing&amp;utm_admin=49639&amp;utm_medium=email&amp;utm_campaign=Mausoleo_d\" target=\"_blank\">AQU\u00cd<\/a><\/strong><\/p>\n<p>&nbsp;<\/p>\n<p><em>\u00a0<\/em><\/p>\n<p style=\"text-align: justify;\"><span style=\"color: #999999;\"><em>Noticia seleccionada por el Canal de arquitectura STEPIENYBARNO.<\/em><\/span><\/p>\n<p style=\"text-align: justify;\"><a href=\"https:\/\/twitter.com\/stepienybarno\"><em>STEPIENYBARNO EN TWITTER _ @stepienybarno<\/em><\/a><\/p>\n<p style=\"text-align: justify;\"><a href=\"http:\/\/www.linkedin.com\/company\/stepienybarno\"><em>STEPIENYBARNO EN LINKEDIN<\/em><\/a><\/p>\n<p style=\"text-align: justify;\"><a href=\"https:\/\/www.facebook.com\/pages\/BLOG-DE-STEPIENYBARNO\/78001079029\"><em>STEPIENYBARNO EN FACEBOOK<\/em><\/a><\/p>\n<p style=\"text-align: justify;\"><span style=\"color: #999999;\"><em>*Stepienybarno est\u00e1 formado por Agnieszka Stepien y Lorenzo Barn\u00f3 y desde mayo del 2009 estamos en la red con\u00a0 la presente publicaci\u00f3n digital (Blog) de arquitectura.<\/em><\/span><\/p>\n<p style=\"text-align: justify;\"><span style=\"color: #999999;\"><em>Nuestra actividad se sustenta en tres pilares b\u00e1sicos: la investigaci\u00f3n, la publicaci\u00f3n (comunicaci\u00f3n y difusi\u00f3n) y la redacci\u00f3n de proyectos de arquitectura.<\/em><\/span><\/p>\n<p style=\"text-align: justify;\"><span style=\"color: #999999;\"><em>A su vez, somos socios cofundadores de<\/em><\/span><em>\u00a0<\/em><a href=\"http:\/\/sinergiasostenible.org\/\"><em>SINERGIA SOSTENIBLE<\/em><\/a><span style=\"color: #999999;\"><em>, redactores de<\/em><\/span><em>\u00a0<\/em><a href=\"http:\/\/www.laciudadviva.org\/blogs\/?author=45\"><em>LA CIUDAD VIVA<\/em><\/a><span style=\"color: #999999;\"><em>\u00a0<\/em><em>y directores del blog de<\/em><\/span><em>\u00a0<\/em><a href=\"http:\/\/blogfundacion.arquia.es\/\"><em>FUNDACI\u00d3N ARQUIA<span style=\"color: #999999;\">.<\/span><\/em><\/a><\/p>\n<p style=\"text-align: justify;\"><span style=\"color: #999999;\"><em>* Los editores de esta publicaci\u00f3n digital no nos hacemos cargo de de los comentarios y\u00a0 conceptos vertidos en los textos firmados por otras personas, siendo \u00e9stos de responsabilidad exclusiva de sus autores.<\/em><\/span><\/p>\n<p style=\"text-align: justify;\"><span style=\"color: #999999;\"><em>* Tu comentario podr\u00e1 ser moderado, por lo tanto, aunque aparezca inmediatamente al ser publicado en la entrada, los editores de esta publicaci\u00f3n digital nos reservamos el derecho tanto de editarlo (si fuera necesario, para hacerlo m\u00e1s legible) como de eliminarlo en el caso de que se usen expresiones incorrectas (descalificaciones, palabras malsonantes\u2026). A su vez, si quieres comentar desde el anonimato puedes hacerlo, aunque, nosotros personalmente, agradecemos que tod@s nos podamos identificar.<\/em><\/span><\/p>\n","protected":false},"excerpt":{"rendered":"<p>Proyecto Nizio Design International Desde Comunidad Arquitectura<\/p>\n","protected":false},"author":9,"featured_media":23421,"comment_status":"open","ping_status":"closed","sticky":false,"template":"","format":"standard","meta":{"om_disable_all_campaigns":false,"_monsterinsights_skip_tracking":false,"_monsterinsights_sitenote_active":false,"_monsterinsights_sitenote_note":"","_monsterinsights_sitenote_category":0,"_uf_show_specific_survey":0,"_uf_disable_surveys":false,"episode_type":"","audio_file":"","cover_image":"","cover_image_id":"","duration":"","filesize":"","date_recorded":"","explicit":"","block":"","filesize_raw":"","footnotes":""},"categories":[3197,244],"tags":[4277,4492,4491],"series":[],"class_list":["post-23417","post","type-post","status-publish","format-standard","has-post-thumbnail","hentry","category-proyectodeldia","category-canal-de-arquitectura","tag-proyecto-de-arquitectura-del-dia","tag-comunidad-arquitectura","tag-nizio-design-international"],"aioseo_notices":[],"episode_featured_image":"https:\/\/stepienybarno.es\/blog\/wp-content\/uploads\/2016\/07\/stepienybarno-blog-stepien-y-barno-arquitectura-proyecto-del-dia-Nizio-Design-International-comunidad.jpg","episode_player_image":"https:\/\/stepienybarno.es\/blog\/wp-content\/uploads\/2020\/11\/stepienybarno-podcast-scaled.jpg","download_link":"","player_link":"","audio_player":false,"episode_data":{"playerMode":"dark","subscribeUrls":[],"rssFeedUrl":"https:\/\/stepienybarno.es\/blog\/feed\/podcast\/podcast-de-stepienybarno","embedCode":"<blockquote class=\"wp-embedded-content\" data-secret=\"bgZXLmufTh\"><a href=\"https:\/\/stepienybarno.es\/blog\/2016\/07\/22\/mausoleo-del-martirio-de-aldeas-polacas-en-proyectodeldia\/\">MAUSOLEO DEL MARTIRIO DE ALDEAS POLACAS en #ProyectoDelD\u00eda<\/a><\/blockquote><iframe sandbox=\"allow-scripts\" security=\"restricted\" src=\"https:\/\/stepienybarno.es\/blog\/2016\/07\/22\/mausoleo-del-martirio-de-aldeas-polacas-en-proyectodeldia\/embed\/#?secret=bgZXLmufTh\" width=\"500\" height=\"350\" title=\"\u00abMAUSOLEO DEL MARTIRIO DE ALDEAS POLACAS en #ProyectoDelD\u00eda\u00bb \u2014 Blog de STEPIEN Y BARNO - publicaci\u00f3n digital sobre arquitectura\" data-secret=\"bgZXLmufTh\" frameborder=\"0\" marginwidth=\"0\" marginheight=\"0\" scrolling=\"no\" class=\"wp-embedded-content\"><\/iframe><script type=\"text\/javascript\">\n\/* <![CDATA[ *\/\n\/*! This file is auto-generated *\/\n!function(d,l){\"use strict\";l.querySelector&&d.addEventListener&&\"undefined\"!=typeof URL&&(d.wp=d.wp||{},d.wp.receiveEmbedMessage||(d.wp.receiveEmbedMessage=function(e){var t=e.data;if((t||t.secret||t.message||t.value)&&!\/[^a-zA-Z0-9]\/.test(t.secret)){for(var s,r,n,a=l.querySelectorAll('iframe[data-secret=\"'+t.secret+'\"]'),o=l.querySelectorAll('blockquote[data-secret=\"'+t.secret+'\"]'),c=new RegExp(\"^https?:$\",\"i\"),i=0;i<o.length;i++)o[i].style.display=\"none\";for(i=0;i<a.length;i++)s=a[i],e.source===s.contentWindow&&(s.removeAttribute(\"style\"),\"height\"===t.message?(1e3<(r=parseInt(t.value,10))?r=1e3:~~r<200&&(r=200),s.height=r):\"link\"===t.message&&(r=new URL(s.getAttribute(\"src\")),n=new URL(t.value),c.test(n.protocol))&&n.host===r.host&&l.activeElement===s&&(d.top.location.href=t.value))}},d.addEventListener(\"message\",d.wp.receiveEmbedMessage,!1),l.addEventListener(\"DOMContentLoaded\",function(){for(var e,t,s=l.querySelectorAll(\"iframe.wp-embedded-content\"),r=0;r<s.length;r++)(t=(e=s[r]).getAttribute(\"data-secret\"))||(t=Math.random().toString(36).substring(2,12),e.src+=\"#?secret=\"+t,e.setAttribute(\"data-secret\",t)),e.contentWindow.postMessage({message:\"ready\",secret:t},\"*\")},!1)))}(window,document);\n\/* ]]> *\/\n<\/script>\n"},"_links":{"self":[{"href":"https:\/\/stepienybarno.es\/blog\/wp-json\/wp\/v2\/posts\/23417"}],"collection":[{"href":"https:\/\/stepienybarno.es\/blog\/wp-json\/wp\/v2\/posts"}],"about":[{"href":"https:\/\/stepienybarno.es\/blog\/wp-json\/wp\/v2\/types\/post"}],"author":[{"embeddable":true,"href":"https:\/\/stepienybarno.es\/blog\/wp-json\/wp\/v2\/users\/9"}],"replies":[{"embeddable":true,"href":"https:\/\/stepienybarno.es\/blog\/wp-json\/wp\/v2\/comments?post=23417"}],"version-history":[{"count":1,"href":"https:\/\/stepienybarno.es\/blog\/wp-json\/wp\/v2\/posts\/23417\/revisions"}],"predecessor-version":[{"id":23422,"href":"https:\/\/stepienybarno.es\/blog\/wp-json\/wp\/v2\/posts\/23417\/revisions\/23422"}],"wp:featuredmedia":[{"embeddable":true,"href":"https:\/\/stepienybarno.es\/blog\/wp-json\/wp\/v2\/media\/23421"}],"wp:attachment":[{"href":"https:\/\/stepienybarno.es\/blog\/wp-json\/wp\/v2\/media?parent=23417"}],"wp:term":[{"taxonomy":"category","embeddable":true,"href":"https:\/\/stepienybarno.es\/blog\/wp-json\/wp\/v2\/categories?post=23417"},{"taxonomy":"post_tag","embeddable":true,"href":"https:\/\/stepienybarno.es\/blog\/wp-json\/wp\/v2\/tags?post=23417"},{"taxonomy":"series","embeddable":true,"href":"https:\/\/stepienybarno.es\/blog\/wp-json\/wp\/v2\/series?post=23417"}],"curies":[{"name":"wp","href":"https:\/\/api.w.org\/{rel}","templated":true}]}}