{"id":23443,"date":"2016-07-25T09:36:17","date_gmt":"2016-07-25T07:36:17","guid":{"rendered":"https:\/\/www.stepienybarno.es\/blog\/?p=23443"},"modified":"2016-07-25T09:36:17","modified_gmt":"2016-07-25T07:36:17","slug":"optimismo-arquitectonico","status":"publish","type":"post","link":"https:\/\/stepienybarno.es\/blog\/2016\/07\/25\/optimismo-arquitectonico\/","title":{"rendered":"OPTIMISMO ARQUITECT\u00d3NICO"},"content":{"rendered":"<p><img loading=\"lazy\" decoding=\"async\" class=\"aligncenter wp-image-23444 size-full\" src=\"https:\/\/stepienybarno.es\/blog\/wp-content\/uploads\/2016\/07\/stepienybarno-blog-stepien-y-barno-arquitectura-pedacicos-arquitectonicos-enrique-parra.jpg\" alt=\"stepienybarno-blog-stepien-y-barno-arquitectura-pedacicos-arquitectonicos-enrique-parra\" width=\"500\" height=\"200\" srcset=\"https:\/\/stepienybarno.es\/blog\/wp-content\/uploads\/2016\/07\/stepienybarno-blog-stepien-y-barno-arquitectura-pedacicos-arquitectonicos-enrique-parra.jpg 500w, https:\/\/stepienybarno.es\/blog\/wp-content\/uploads\/2016\/07\/stepienybarno-blog-stepien-y-barno-arquitectura-pedacicos-arquitectonicos-enrique-parra-180x72.jpg 180w, https:\/\/stepienybarno.es\/blog\/wp-content\/uploads\/2016\/07\/stepienybarno-blog-stepien-y-barno-arquitectura-pedacicos-arquitectonicos-enrique-parra-316x126.jpg 316w\" sizes=\"(max-width: 500px) 100vw, 500px\" \/><\/p>\n<p><strong>Por\u00a0<a href=\"http:\/\/www.plataformaarquitectura.cl\/cl\/author\/jan-doroteo\" target=\"_blank\">Enrique Parra<\/a> Desde <a href=\"https:\/\/pedacicosarquitectonicos.com\/\" target=\"_blank\">Pedacicos Arquitect\u00f3nicos<\/a><\/strong><\/p>\n<p><!--more--><\/p>\n<p style=\"text-align: justify;\">\u201cUna de las mejores cosas que tiene estudiar arquitectura es que inevitablemente te vuelves m\u00e1s optimista. Esto puede sorprender a muchos ya que nos pasamos la mayor parte del tiempo que le dedicamos a la escuela quej\u00e1ndonos. Entonces \u00bfc\u00f3mo puede ser que seamos optimistas?<\/p>\n<p style=\"text-align: justify;\">En primer lugar est\u00e1 la capacidad de esperar lo mejor de la gente, especialmente de la gente que va a habitar en nuestros proyectos. Esperamos que sean cultos, deportistas, familiares, en comuni\u00f3n con la naturaleza\u2026 y adem\u00e1s siempre pensamos que van a ser felices viviendo rodeados por nuestro proyecto.<\/p>\n<p style=\"text-align: justify;\">En segundo lugar est\u00e1n las correcciones. Todos hemos tenido correcciones, buenas y malas, y aunque la cosa se nos haya puesto cuesta arriba hemos seguido adelante. Si a esto le sumamos: los \u201cFatal Error\u201d, lo plotters que no imprimen, las tramas que no salen, la escasez de cart\u00f3n pluma en momentos delicados y un muy largo etc\u00e9tera, s\u00f3lo podemos explicar que sigamos pase lo que pase porque creemos (y sabemos) que al final todo saldr\u00e1 bien, aunque ese final a veces se dilate m\u00e1s de lo previsto.<\/p>\n<p style=\"text-align: justify;\">El tercer motivo es probablemente el m\u00e1s importante, y es la capacidad para inventar soluciones y reinventarnos a nosotros mismos. Si algo nos sobra a los arquitectos es creatividad y capacidad de sacrificio. En las escuelas nos ense\u00f1an que para un problema siempre hay m\u00e1s de una soluci\u00f3n (a la vista est\u00e1 que nuestros proyectos siempre son diferentes a los de los compa\u00f1eros), que hay que cuestionar las cosas que nos vienen impuestas y que muy a menudo lo normal no es lo mejor (\u2026)\u201d\n<\/p>\n<p>&nbsp;<\/p>\n<p style=\"text-align: center;\"><strong>Accede al art\u00edculo, <a href=\"https:\/\/pedacicosarquitectonicos.com\/2012\/12\/13\/optimismo-arquitectonico\/\" target=\"_blank\">AQU\u00cd<\/a><\/strong><\/p>\n<p>&nbsp;<\/p>\n<p><em>\u00a0<\/em><\/p>\n<p style=\"text-align: justify;\"><span style=\"color: #999999;\"><em>Noticia seleccionada por el Canal de arquitectura STEPIENYBARNO.<\/em><\/span><\/p>\n<p style=\"text-align: justify;\"><a href=\"https:\/\/twitter.com\/stepienybarno\"><em>STEPIENYBARNO EN TWITTER _ @stepienybarno<\/em><\/a><\/p>\n<p style=\"text-align: justify;\"><a href=\"http:\/\/www.linkedin.com\/company\/stepienybarno\"><em>STEPIENYBARNO EN LINKEDIN<\/em><\/a><\/p>\n<p style=\"text-align: justify;\"><a href=\"https:\/\/www.facebook.com\/pages\/BLOG-DE-STEPIENYBARNO\/78001079029\"><em>STEPIENYBARNO EN FACEBOOK<\/em><\/a><\/p>\n<p style=\"text-align: justify;\"><span style=\"color: #999999;\"><em>*Stepienybarno est\u00e1 formado por Agnieszka Stepien y Lorenzo Barn\u00f3 y desde mayo del 2009 estamos en la red con\u00a0 la presente publicaci\u00f3n digital (Blog) de arquitectura.<\/em><\/span><\/p>\n<p style=\"text-align: justify;\"><span style=\"color: #999999;\"><em>Nuestra actividad se sustenta en tres pilares b\u00e1sicos: la investigaci\u00f3n, la publicaci\u00f3n (comunicaci\u00f3n y difusi\u00f3n) y la redacci\u00f3n de proyectos de arquitectura.<\/em><\/span><\/p>\n<p style=\"text-align: justify;\"><span style=\"color: #999999;\"><em>A su vez, somos socios cofundadores de<\/em><\/span><em>\u00a0<\/em><a href=\"http:\/\/sinergiasostenible.org\/\"><em>SINERGIA SOSTENIBLE<\/em><\/a><span style=\"color: #999999;\"><em>, redactores de<\/em><em>\u00a0<\/em><\/span><a href=\"http:\/\/www.laciudadviva.org\/blogs\/?author=45\"><em>LA CIUDAD VIVA<\/em><\/a><em>\u00a0<\/em><span style=\"color: #999999;\"><em>y directores del blog de<\/em><em>\u00a0<\/em><\/span><a href=\"http:\/\/blogfundacion.arquia.es\/\"><em>FUNDACI\u00d3N ARQUIA<span style=\"color: #999999;\">.<\/span><\/em><\/a><\/p>\n<p style=\"text-align: justify;\"><span style=\"color: #999999;\"><em>* Los editores de esta publicaci\u00f3n digital no nos hacemos cargo de de los comentarios y\u00a0 conceptos vertidos en los textos firmados por otras personas, siendo \u00e9stos de responsabilidad exclusiva de sus autores.<\/em><\/span><\/p>\n<p style=\"text-align: justify;\"><span style=\"color: #999999;\"><em>* Tu comentario podr\u00e1 ser moderado, por lo tanto, aunque aparezca inmediatamente al ser publicado en la entrada, los editores de esta publicaci\u00f3n digital nos reservamos el derecho tanto de editarlo (si fuera necesario, para hacerlo m\u00e1s legible) como de eliminarlo en el caso de que se usen expresiones incorrectas (descalificaciones, palabras malsonantes\u2026). A su vez, si quieres comentar desde el anonimato puedes hacerlo, aunque, nosotros personalmente, agradecemos que tod@s nos podamos identificar.<\/em><\/span><\/p>\n","protected":false},"excerpt":{"rendered":"<p>Por\u00a0Enrique Parra Desde Pedacicos Arquitect\u00f3nicos<\/p>\n","protected":false},"author":9,"featured_media":23444,"comment_status":"open","ping_status":"closed","sticky":false,"template":"","format":"standard","meta":{"om_disable_all_campaigns":false,"_monsterinsights_skip_tracking":false,"_monsterinsights_sitenote_active":false,"_monsterinsights_sitenote_note":"","_monsterinsights_sitenote_category":0,"_uf_show_specific_survey":0,"_uf_disable_surveys":false,"episode_type":"","audio_file":"","cover_image":"","cover_image_id":"","duration":"","filesize":"","date_recorded":"","explicit":"","block":"","filesize_raw":"","footnotes":""},"categories":[244],"tags":[2790,2476],"series":[],"class_list":["post-23443","post","type-post","status-publish","format-standard","has-post-thumbnail","hentry","category-canal-de-arquitectura","tag-enrique-parra","tag-pedacicos-arquitectonicos"],"aioseo_notices":[],"episode_featured_image":"https:\/\/stepienybarno.es\/blog\/wp-content\/uploads\/2016\/07\/stepienybarno-blog-stepien-y-barno-arquitectura-pedacicos-arquitectonicos-enrique-parra.jpg","episode_player_image":"https:\/\/stepienybarno.es\/blog\/wp-content\/uploads\/2020\/11\/stepienybarno-podcast-scaled.jpg","download_link":"","player_link":"","audio_player":false,"episode_data":{"playerMode":"dark","subscribeUrls":[],"rssFeedUrl":"https:\/\/stepienybarno.es\/blog\/feed\/podcast\/podcast-de-stepienybarno","embedCode":"<blockquote class=\"wp-embedded-content\" data-secret=\"PHg1WpC2ka\"><a href=\"https:\/\/stepienybarno.es\/blog\/2016\/07\/25\/optimismo-arquitectonico\/\">OPTIMISMO ARQUITECT\u00d3NICO<\/a><\/blockquote><iframe sandbox=\"allow-scripts\" security=\"restricted\" src=\"https:\/\/stepienybarno.es\/blog\/2016\/07\/25\/optimismo-arquitectonico\/embed\/#?secret=PHg1WpC2ka\" width=\"500\" height=\"350\" title=\"\u00abOPTIMISMO ARQUITECT\u00d3NICO\u00bb \u2014 Blog de STEPIEN Y BARNO - publicaci\u00f3n digital sobre arquitectura\" data-secret=\"PHg1WpC2ka\" frameborder=\"0\" marginwidth=\"0\" marginheight=\"0\" scrolling=\"no\" class=\"wp-embedded-content\"><\/iframe><script type=\"text\/javascript\">\n\/* <![CDATA[ *\/\n\/*! This file is auto-generated *\/\n!function(d,l){\"use strict\";l.querySelector&&d.addEventListener&&\"undefined\"!=typeof URL&&(d.wp=d.wp||{},d.wp.receiveEmbedMessage||(d.wp.receiveEmbedMessage=function(e){var t=e.data;if((t||t.secret||t.message||t.value)&&!\/[^a-zA-Z0-9]\/.test(t.secret)){for(var s,r,n,a=l.querySelectorAll('iframe[data-secret=\"'+t.secret+'\"]'),o=l.querySelectorAll('blockquote[data-secret=\"'+t.secret+'\"]'),c=new RegExp(\"^https?:$\",\"i\"),i=0;i<o.length;i++)o[i].style.display=\"none\";for(i=0;i<a.length;i++)s=a[i],e.source===s.contentWindow&&(s.removeAttribute(\"style\"),\"height\"===t.message?(1e3<(r=parseInt(t.value,10))?r=1e3:~~r<200&&(r=200),s.height=r):\"link\"===t.message&&(r=new URL(s.getAttribute(\"src\")),n=new URL(t.value),c.test(n.protocol))&&n.host===r.host&&l.activeElement===s&&(d.top.location.href=t.value))}},d.addEventListener(\"message\",d.wp.receiveEmbedMessage,!1),l.addEventListener(\"DOMContentLoaded\",function(){for(var e,t,s=l.querySelectorAll(\"iframe.wp-embedded-content\"),r=0;r<s.length;r++)(t=(e=s[r]).getAttribute(\"data-secret\"))||(t=Math.random().toString(36).substring(2,12),e.src+=\"#?secret=\"+t,e.setAttribute(\"data-secret\",t)),e.contentWindow.postMessage({message:\"ready\",secret:t},\"*\")},!1)))}(window,document);\n\/* ]]> *\/\n<\/script>\n"},"_links":{"self":[{"href":"https:\/\/stepienybarno.es\/blog\/wp-json\/wp\/v2\/posts\/23443"}],"collection":[{"href":"https:\/\/stepienybarno.es\/blog\/wp-json\/wp\/v2\/posts"}],"about":[{"href":"https:\/\/stepienybarno.es\/blog\/wp-json\/wp\/v2\/types\/post"}],"author":[{"embeddable":true,"href":"https:\/\/stepienybarno.es\/blog\/wp-json\/wp\/v2\/users\/9"}],"replies":[{"embeddable":true,"href":"https:\/\/stepienybarno.es\/blog\/wp-json\/wp\/v2\/comments?post=23443"}],"version-history":[{"count":1,"href":"https:\/\/stepienybarno.es\/blog\/wp-json\/wp\/v2\/posts\/23443\/revisions"}],"predecessor-version":[{"id":23445,"href":"https:\/\/stepienybarno.es\/blog\/wp-json\/wp\/v2\/posts\/23443\/revisions\/23445"}],"wp:featuredmedia":[{"embeddable":true,"href":"https:\/\/stepienybarno.es\/blog\/wp-json\/wp\/v2\/media\/23444"}],"wp:attachment":[{"href":"https:\/\/stepienybarno.es\/blog\/wp-json\/wp\/v2\/media?parent=23443"}],"wp:term":[{"taxonomy":"category","embeddable":true,"href":"https:\/\/stepienybarno.es\/blog\/wp-json\/wp\/v2\/categories?post=23443"},{"taxonomy":"post_tag","embeddable":true,"href":"https:\/\/stepienybarno.es\/blog\/wp-json\/wp\/v2\/tags?post=23443"},{"taxonomy":"series","embeddable":true,"href":"https:\/\/stepienybarno.es\/blog\/wp-json\/wp\/v2\/series?post=23443"}],"curies":[{"name":"wp","href":"https:\/\/api.w.org\/{rel}","templated":true}]}}