{"id":2352,"date":"2010-11-19T10:11:34","date_gmt":"2010-11-19T08:11:34","guid":{"rendered":"https:\/\/www.stepienybarno.es\/blog\/?p=2352"},"modified":"2010-11-19T10:11:34","modified_gmt":"2010-11-19T08:11:34","slug":"torreaguera-vivienda-atresada-en-murcia","status":"publish","type":"post","link":"https:\/\/stepienybarno.es\/blog\/2010\/11\/19\/torreaguera-vivienda-atresada-en-murcia\/","title":{"rendered":"TORREAG\u00dcERA VIVIENDA ATRESADA EN MURCIA"},"content":{"rendered":"<p>\u00a0<\/p>\n<p align=\"center\"><img loading=\"lazy\" decoding=\"async\" class=\"alignnone size-full wp-image-2353\" title=\"Torreag\u00fcera Vivienda Atresada en Murcia, Espa\u00f1a por Xpiral eb stepienybarno\" src=\"https:\/\/stepienybarno.es\/blog\/wp-content\/uploads\/2010\/11\/Torreag\u00fcera-Vivienda-Atresada-en-Murcia-Espa\u00f1a-por-Xpiral-eb-stepienybarno-.jpg\" alt=\"Torreag\u00fcera Vivienda Atresada en Murcia, Espa\u00f1a por Xpiral eb stepienybarno\" width=\"220\" height=\"220\" srcset=\"https:\/\/stepienybarno.es\/blog\/wp-content\/uploads\/2010\/11\/Torreag\u00fcera-Vivienda-Atresada-en-Murcia-Espa\u00f1a-por-Xpiral-eb-stepienybarno-.jpg 220w, https:\/\/stepienybarno.es\/blog\/wp-content\/uploads\/2010\/11\/Torreag\u00fcera-Vivienda-Atresada-en-Murcia-Espa\u00f1a-por-Xpiral-eb-stepienybarno--180x180.jpg 180w\" sizes=\"(max-width: 220px) 100vw, 220px\" \/>\u00a0<\/p>\n<p>\u00a0<\/p>\n<p>Obra de <strong>Xprial Arquitectos<\/strong><\/p>\n<p><!--more--><strong>\u00a0<\/strong><\/p>\n<p>\u201cLos huecos de la pieza botellero se cierran con azulejos circulares de loza de diversos colores, constituyendo un cerramiento que satisface las necesidades funcionales de una fachada est\u00e1ndar, sin embargo, en el resto de zonas, la pieza botellero queda desnuda configurando una celos\u00eda que permite la visi\u00f3n a trav\u00e9s de ella dependiendo de la posici\u00f3n del observador.\u201d<\/p>\n<p>\u00a0<\/p>\n<p>\u00a0<\/p>\n<p>Acceder a la noticia: <a href=\"http:\/\/bit.ly\/dsyZV6\">http:\/\/bit.ly\/dsyZV6<\/a><\/p>\n<p>\u00a0<\/p>\n<p>\u00a0<\/p>\n<p>Noticia seleccionada por el Canal de arquitectura <a href=\"http:\/\/www.facebook.com\/pages\/BLOG-DE-STEPIENYBARNO\/78001079029?v=app_2309869772&amp;ref=share\">Stepienybarno<\/a><\/p>\n","protected":false},"excerpt":{"rendered":"\n<p>Obra de Xprial Arquitectos<\/p>\n","protected":false},"author":2,"featured_media":0,"comment_status":"open","ping_status":"closed","sticky":false,"template":"","format":"standard","meta":{"om_disable_all_campaigns":false,"_monsterinsights_skip_tracking":false,"_monsterinsights_sitenote_active":false,"_monsterinsights_sitenote_note":"","_monsterinsights_sitenote_category":0,"_uf_show_specific_survey":0,"_uf_disable_surveys":false,"episode_type":"","audio_file":"","cover_image":"","cover_image_id":"","duration":"","filesize":"","date_recorded":"","explicit":"","block":"","filesize_raw":"","footnotes":""},"categories":[34,244],"tags":[4274,9,300,298,299],"series":[],"class_list":["post-2352","post","type-post","status-publish","format-standard","hentry","category-actualidad","category-canal-de-arquitectura","tag-actualidad","tag-arquitectura","tag-casas","tag-torreaguera-vivienda","tag-xprial-arquitectos"],"aioseo_notices":[],"episode_featured_image":false,"episode_player_image":"https:\/\/stepienybarno.es\/blog\/wp-content\/uploads\/2020\/11\/stepienybarno-podcast-scaled.jpg","download_link":"","player_link":"","audio_player":false,"episode_data":{"playerMode":"dark","subscribeUrls":[],"rssFeedUrl":"https:\/\/stepienybarno.es\/blog\/feed\/podcast\/podcast-de-stepienybarno","embedCode":"<blockquote class=\"wp-embedded-content\" data-secret=\"bfWt8igstB\"><a href=\"https:\/\/stepienybarno.es\/blog\/2010\/11\/19\/torreaguera-vivienda-atresada-en-murcia\/\">TORREAG\u00dcERA VIVIENDA ATRESADA EN MURCIA<\/a><\/blockquote><iframe sandbox=\"allow-scripts\" security=\"restricted\" src=\"https:\/\/stepienybarno.es\/blog\/2010\/11\/19\/torreaguera-vivienda-atresada-en-murcia\/embed\/#?secret=bfWt8igstB\" width=\"500\" height=\"350\" title=\"\u00abTORREAG\u00dcERA VIVIENDA ATRESADA EN MURCIA\u00bb \u2014 Blog de STEPIEN Y BARNO - publicaci\u00f3n digital sobre arquitectura\" data-secret=\"bfWt8igstB\" frameborder=\"0\" marginwidth=\"0\" marginheight=\"0\" scrolling=\"no\" class=\"wp-embedded-content\"><\/iframe><script type=\"text\/javascript\">\n\/* <![CDATA[ *\/\n\/*! This file is auto-generated *\/\n!function(d,l){\"use strict\";l.querySelector&&d.addEventListener&&\"undefined\"!=typeof URL&&(d.wp=d.wp||{},d.wp.receiveEmbedMessage||(d.wp.receiveEmbedMessage=function(e){var t=e.data;if((t||t.secret||t.message||t.value)&&!\/[^a-zA-Z0-9]\/.test(t.secret)){for(var s,r,n,a=l.querySelectorAll('iframe[data-secret=\"'+t.secret+'\"]'),o=l.querySelectorAll('blockquote[data-secret=\"'+t.secret+'\"]'),c=new RegExp(\"^https?:$\",\"i\"),i=0;i<o.length;i++)o[i].style.display=\"none\";for(i=0;i<a.length;i++)s=a[i],e.source===s.contentWindow&&(s.removeAttribute(\"style\"),\"height\"===t.message?(1e3<(r=parseInt(t.value,10))?r=1e3:~~r<200&&(r=200),s.height=r):\"link\"===t.message&&(r=new URL(s.getAttribute(\"src\")),n=new URL(t.value),c.test(n.protocol))&&n.host===r.host&&l.activeElement===s&&(d.top.location.href=t.value))}},d.addEventListener(\"message\",d.wp.receiveEmbedMessage,!1),l.addEventListener(\"DOMContentLoaded\",function(){for(var e,t,s=l.querySelectorAll(\"iframe.wp-embedded-content\"),r=0;r<s.length;r++)(t=(e=s[r]).getAttribute(\"data-secret\"))||(t=Math.random().toString(36).substring(2,12),e.src+=\"#?secret=\"+t,e.setAttribute(\"data-secret\",t)),e.contentWindow.postMessage({message:\"ready\",secret:t},\"*\")},!1)))}(window,document);\n\/* ]]> *\/\n<\/script>\n"},"_links":{"self":[{"href":"https:\/\/stepienybarno.es\/blog\/wp-json\/wp\/v2\/posts\/2352"}],"collection":[{"href":"https:\/\/stepienybarno.es\/blog\/wp-json\/wp\/v2\/posts"}],"about":[{"href":"https:\/\/stepienybarno.es\/blog\/wp-json\/wp\/v2\/types\/post"}],"author":[{"embeddable":true,"href":"https:\/\/stepienybarno.es\/blog\/wp-json\/wp\/v2\/users\/2"}],"replies":[{"embeddable":true,"href":"https:\/\/stepienybarno.es\/blog\/wp-json\/wp\/v2\/comments?post=2352"}],"version-history":[{"count":2,"href":"https:\/\/stepienybarno.es\/blog\/wp-json\/wp\/v2\/posts\/2352\/revisions"}],"predecessor-version":[{"id":2355,"href":"https:\/\/stepienybarno.es\/blog\/wp-json\/wp\/v2\/posts\/2352\/revisions\/2355"}],"wp:attachment":[{"href":"https:\/\/stepienybarno.es\/blog\/wp-json\/wp\/v2\/media?parent=2352"}],"wp:term":[{"taxonomy":"category","embeddable":true,"href":"https:\/\/stepienybarno.es\/blog\/wp-json\/wp\/v2\/categories?post=2352"},{"taxonomy":"post_tag","embeddable":true,"href":"https:\/\/stepienybarno.es\/blog\/wp-json\/wp\/v2\/tags?post=2352"},{"taxonomy":"series","embeddable":true,"href":"https:\/\/stepienybarno.es\/blog\/wp-json\/wp\/v2\/series?post=2352"}],"curies":[{"name":"wp","href":"https:\/\/api.w.org\/{rel}","templated":true}]}}