{"id":23587,"date":"2016-08-03T20:11:37","date_gmt":"2016-08-03T18:11:37","guid":{"rendered":"https:\/\/www.stepienybarno.es\/blog\/?p=23587"},"modified":"2016-08-03T09:50:12","modified_gmt":"2016-08-03T07:50:12","slug":"urge-esperar-el-valor-de-la-no-construccion","status":"publish","type":"post","link":"https:\/\/stepienybarno.es\/blog\/2016\/08\/03\/urge-esperar-el-valor-de-la-no-construccion\/","title":{"rendered":"URGE ESPERAR. EL VALOR DE LA \u201cNO CONSTRUCCI\u00d3N\u201d"},"content":{"rendered":"<p><img loading=\"lazy\" decoding=\"async\" class=\"alignnone size-full wp-image-23588 aligncenter\" src=\"https:\/\/stepienybarno.es\/blog\/wp-content\/uploads\/2016\/08\/stepienybarno-blog-stepien-y-barno-francisco-camino-arquitasa.jpg\" alt=\"stepienybarno-blog-stepien-y-barno-francisco-camino-arquitasa\" width=\"500\" height=\"323\" srcset=\"https:\/\/stepienybarno.es\/blog\/wp-content\/uploads\/2016\/08\/stepienybarno-blog-stepien-y-barno-francisco-camino-arquitasa.jpg 500w, https:\/\/stepienybarno.es\/blog\/wp-content\/uploads\/2016\/08\/stepienybarno-blog-stepien-y-barno-francisco-camino-arquitasa-180x116.jpg 180w, https:\/\/stepienybarno.es\/blog\/wp-content\/uploads\/2016\/08\/stepienybarno-blog-stepien-y-barno-francisco-camino-arquitasa-316x204.jpg 316w\" sizes=\"(max-width: 500px) 100vw, 500px\" \/><\/p>\n<p><strong>Por Francisco Camino Desde <a href=\"http:\/\/www.arquitasa.com\/\" target=\"_blank\">Arquitasa<\/a><\/strong><\/p>\n<p><!--more--><\/p>\n<p style=\"text-align: justify;\">\u201c \u2018\u2026<em>cuando no sepas que hacer, no hagas nada<\/em>\u2026\u2019. Observando algo de luz al final del t\u00fanel y comenzando a salir, poco a poco, de la gran resaca producida por la llamada \u201c<strong>burbuja inmobiliaria<\/strong>\u201d, dejando atr\u00e1s las consecuencias de sus m\u00faltiples da\u00f1os colaterales. Se va alejando una \u00e9poca donde todo se resolv\u00eda construyendo, construyendo mucho, fuera necesario o no, donde construir era un fin en s\u00ed mismo.<\/p>\n<p style=\"text-align: justify;\">Ni las diferentes\u00a0<strong>Administraciones P\u00fablicas,<\/strong>\u00a0ni la mayor\u00eda de \u201c<em>los agentes intervinientes<\/em>\u201d han realizado todav\u00eda un aut\u00e9ntico \u201c<em>acto de contrici\u00f3n<\/em>\u201d con su correspondiente \u201c<em>prop\u00f3sito de la enmienda<\/em>\u201d, mostrando incluso alguna intenci\u00f3n de \u201cvolver a las andadas\u201d. Sin embargo ha ido apareciendo una nueva tendencia entre diversos sectores profesionales, vinculados, de una manera u otra, al sector inmobiliario, que abogan por \u201c<strong>no construir<\/strong>\u201d o construir muy poco. Incluso, un sector m\u00e1s radical propone el desmantelamiento de parte de lo construido, con la reparaci\u00f3n del da\u00f1o causado.<\/p>\n<p style=\"text-align: justify;\">La \u201c<strong>no construcci\u00f3n<\/strong>\u201d no deber\u00eda implicar \u201c<em>no resolver<\/em>\u201d los graves problemas urbanos existentes ni paralizar la actividad econ\u00f3mica, tal vez exija todo lo contrario. Es decir, gestionar inteligentemente los recursos y\u00a0<strong>actuar sobre<\/strong>\u00a0\u201c<strong>lo existente<\/strong>\u201d,\u00a0<strong>sin consumir m\u00e1s territorio ni ampliar hasta el infinito nuestros entornos urbanos<\/strong>. Es probable que sea necesario un cierto\u00a0<strong>decrecimiento creativo<\/strong>.<\/p>\n<p style=\"text-align: justify;\">Durante muchos a\u00f1os cualquier iniciativa que se emprendiera llevaba aparejada una acci\u00f3n constructora. Aunque existieran miles de\u00a0<strong>viviendas vac\u00edas<\/strong>, se constru\u00edan muchas m\u00e1s, en lugar de canalizar la necesidad de accesibilidad a su utilizaci\u00f3n hacia el excedente existente. Ser\u00eda impensable, en cualquier otro sector econ\u00f3mico,\u00a0 que cuando se tuviera un elevado excedente de un determinado producto, o un stock acumulado, se iniciara una sobreproducci\u00f3n a\u00f1adida del referido producto.<\/p>\n<p style=\"text-align: justify;\">Aunque existieran muchas oficinas vac\u00edas se segu\u00edan levantando insostenibles edificios de vidrio en los lugares m\u00e1s insospechados, para acoger a inexistentes empresas. Lo mismo suced\u00eda con los locales comerciales, las naves industriales, los pol\u00edgonos industriales\u2026\u2026 y como no, con los auditorios, m\u00e1s auditorios, muchos auditorios, con los centros comerciales, con inexplicables edificios polivalentes (\u2026)\u201d<\/p>\n<p>&nbsp;<\/p>\n<p>&nbsp;<\/p>\n<p style=\"text-align: center;\"><strong>Accede al art\u00edculo, <a href=\"http:\/\/www.arquitasa.com\/urge-esperar-el-valor-de-la-no-construccion\/\" target=\"_blank\">AQU\u00cd<\/a><\/strong><\/p>\n<p>&nbsp;<\/p>\n<p><em>\u00a0<\/em><\/p>\n<p style=\"text-align: justify;\"><span style=\"color: #999999;\"><em>Noticia seleccionada por el Canal de arquitectura STEPIENYBARNO.<\/em><\/span><\/p>\n<p style=\"text-align: justify;\"><a href=\"https:\/\/twitter.com\/stepienybarno\"><em>STEPIENYBARNO EN TWITTER _ @stepienybarno<\/em><\/a><\/p>\n<p style=\"text-align: justify;\"><a href=\"http:\/\/www.linkedin.com\/company\/stepienybarno\"><em>STEPIENYBARNO EN LINKEDIN<\/em><\/a><\/p>\n<p style=\"text-align: justify;\"><a href=\"https:\/\/www.facebook.com\/pages\/BLOG-DE-STEPIENYBARNO\/78001079029\"><em>STEPIENYBARNO EN FACEBOOK<\/em><\/a><\/p>\n<p style=\"text-align: justify;\"><span style=\"color: #999999;\"><em>*Stepienybarno est\u00e1 formado por Agnieszka Stepien y Lorenzo Barn\u00f3 y desde mayo del 2009 estamos en la red con\u00a0 la presente publicaci\u00f3n digital (Blog) de arquitectura.<\/em><\/span><\/p>\n<p style=\"text-align: justify;\"><span style=\"color: #999999;\"><em>Nuestra actividad se sustenta en tres pilares b\u00e1sicos: la investigaci\u00f3n, la publicaci\u00f3n (comunicaci\u00f3n y difusi\u00f3n) y la redacci\u00f3n de proyectos de arquitectura.<\/em><\/span><\/p>\n<p style=\"text-align: justify;\"><span style=\"color: #999999;\"><em>A su vez, somos socios cofundadores de<\/em><em>\u00a0<\/em><\/span><a href=\"http:\/\/sinergiasostenible.org\/\"><em>SINERGIA SOSTENIBLE<\/em><\/a><span style=\"color: #999999;\"><em>, redactores de<\/em><em>\u00a0<\/em><\/span><a href=\"http:\/\/www.laciudadviva.org\/blogs\/?author=45\"><em>LA CIUDAD VIVA<\/em><\/a><em>\u00a0<\/em><span style=\"color: #999999;\"><em>y directores del blog de<\/em><\/span><em>\u00a0<\/em><a href=\"http:\/\/blogfundacion.arquia.es\/\"><em>FUNDACI\u00d3N ARQUIA<span style=\"color: #999999;\">.<\/span><\/em><\/a><\/p>\n<p style=\"text-align: justify;\"><span style=\"color: #999999;\"><em>* Los editores de esta publicaci\u00f3n digital no nos hacemos cargo de de los comentarios y\u00a0 conceptos vertidos en los textos firmados por otras personas, siendo \u00e9stos de responsabilidad exclusiva de sus autores.<\/em><\/span><\/p>\n<p style=\"text-align: justify;\"><span style=\"color: #999999;\"><em>* Tu comentario podr\u00e1 ser moderado, por lo tanto, aunque aparezca inmediatamente al ser publicado en la entrada, los editores de esta publicaci\u00f3n digital nos reservamos el derecho tanto de editarlo (si fuera necesario, para hacerlo m\u00e1s legible) como de eliminarlo en el caso de que se usen expresiones incorrectas (descalificaciones, palabras malsonantes\u2026). A su vez, si quieres comentar desde el anonimato puedes hacerlo, aunque, nosotros personalmente, agradecemos que tod@s nos podamos identificar.<\/em><\/span><\/p>\n","protected":false},"excerpt":{"rendered":"<p>Por Francisco Camino Desde Arquitasa<\/p>\n","protected":false},"author":9,"featured_media":23588,"comment_status":"open","ping_status":"closed","sticky":false,"template":"","format":"standard","meta":{"om_disable_all_campaigns":false,"_monsterinsights_skip_tracking":false,"_monsterinsights_sitenote_active":false,"_monsterinsights_sitenote_note":"","_monsterinsights_sitenote_category":0,"_uf_show_specific_survey":0,"_uf_disable_surveys":false,"episode_type":"","audio_file":"","cover_image":"","cover_image_id":"","duration":"","filesize":"","date_recorded":"","explicit":"","block":"","filesize_raw":"","footnotes":""},"categories":[244],"tags":[3541,3159],"series":[],"class_list":["post-23587","post","type-post","status-publish","format-standard","has-post-thumbnail","hentry","category-canal-de-arquitectura","tag-arquitasa","tag-francisco-camino"],"aioseo_notices":[],"episode_featured_image":"https:\/\/stepienybarno.es\/blog\/wp-content\/uploads\/2016\/08\/stepienybarno-blog-stepien-y-barno-francisco-camino-arquitasa.jpg","episode_player_image":"https:\/\/stepienybarno.es\/blog\/wp-content\/uploads\/2020\/11\/stepienybarno-podcast-scaled.jpg","download_link":"","player_link":"","audio_player":false,"episode_data":{"playerMode":"dark","subscribeUrls":[],"rssFeedUrl":"https:\/\/stepienybarno.es\/blog\/feed\/podcast\/podcast-de-stepienybarno","embedCode":"<blockquote class=\"wp-embedded-content\" data-secret=\"eTLIzSRv38\"><a href=\"https:\/\/stepienybarno.es\/blog\/2016\/08\/03\/urge-esperar-el-valor-de-la-no-construccion\/\">URGE ESPERAR. EL VALOR DE LA \u201cNO CONSTRUCCI\u00d3N\u201d<\/a><\/blockquote><iframe sandbox=\"allow-scripts\" security=\"restricted\" src=\"https:\/\/stepienybarno.es\/blog\/2016\/08\/03\/urge-esperar-el-valor-de-la-no-construccion\/embed\/#?secret=eTLIzSRv38\" width=\"500\" height=\"350\" title=\"\u00abURGE ESPERAR. EL VALOR DE LA \u201cNO CONSTRUCCI\u00d3N\u201d\u00bb \u2014 Blog de STEPIEN Y BARNO - publicaci\u00f3n digital sobre arquitectura\" data-secret=\"eTLIzSRv38\" frameborder=\"0\" marginwidth=\"0\" marginheight=\"0\" scrolling=\"no\" class=\"wp-embedded-content\"><\/iframe><script type=\"text\/javascript\">\n\/* <![CDATA[ *\/\n\/*! This file is auto-generated *\/\n!function(d,l){\"use strict\";l.querySelector&&d.addEventListener&&\"undefined\"!=typeof URL&&(d.wp=d.wp||{},d.wp.receiveEmbedMessage||(d.wp.receiveEmbedMessage=function(e){var t=e.data;if((t||t.secret||t.message||t.value)&&!\/[^a-zA-Z0-9]\/.test(t.secret)){for(var s,r,n,a=l.querySelectorAll('iframe[data-secret=\"'+t.secret+'\"]'),o=l.querySelectorAll('blockquote[data-secret=\"'+t.secret+'\"]'),c=new RegExp(\"^https?:$\",\"i\"),i=0;i<o.length;i++)o[i].style.display=\"none\";for(i=0;i<a.length;i++)s=a[i],e.source===s.contentWindow&&(s.removeAttribute(\"style\"),\"height\"===t.message?(1e3<(r=parseInt(t.value,10))?r=1e3:~~r<200&&(r=200),s.height=r):\"link\"===t.message&&(r=new URL(s.getAttribute(\"src\")),n=new URL(t.value),c.test(n.protocol))&&n.host===r.host&&l.activeElement===s&&(d.top.location.href=t.value))}},d.addEventListener(\"message\",d.wp.receiveEmbedMessage,!1),l.addEventListener(\"DOMContentLoaded\",function(){for(var e,t,s=l.querySelectorAll(\"iframe.wp-embedded-content\"),r=0;r<s.length;r++)(t=(e=s[r]).getAttribute(\"data-secret\"))||(t=Math.random().toString(36).substring(2,12),e.src+=\"#?secret=\"+t,e.setAttribute(\"data-secret\",t)),e.contentWindow.postMessage({message:\"ready\",secret:t},\"*\")},!1)))}(window,document);\n\/* ]]> *\/\n<\/script>\n"},"_links":{"self":[{"href":"https:\/\/stepienybarno.es\/blog\/wp-json\/wp\/v2\/posts\/23587"}],"collection":[{"href":"https:\/\/stepienybarno.es\/blog\/wp-json\/wp\/v2\/posts"}],"about":[{"href":"https:\/\/stepienybarno.es\/blog\/wp-json\/wp\/v2\/types\/post"}],"author":[{"embeddable":true,"href":"https:\/\/stepienybarno.es\/blog\/wp-json\/wp\/v2\/users\/9"}],"replies":[{"embeddable":true,"href":"https:\/\/stepienybarno.es\/blog\/wp-json\/wp\/v2\/comments?post=23587"}],"version-history":[{"count":1,"href":"https:\/\/stepienybarno.es\/blog\/wp-json\/wp\/v2\/posts\/23587\/revisions"}],"predecessor-version":[{"id":23589,"href":"https:\/\/stepienybarno.es\/blog\/wp-json\/wp\/v2\/posts\/23587\/revisions\/23589"}],"wp:featuredmedia":[{"embeddable":true,"href":"https:\/\/stepienybarno.es\/blog\/wp-json\/wp\/v2\/media\/23588"}],"wp:attachment":[{"href":"https:\/\/stepienybarno.es\/blog\/wp-json\/wp\/v2\/media?parent=23587"}],"wp:term":[{"taxonomy":"category","embeddable":true,"href":"https:\/\/stepienybarno.es\/blog\/wp-json\/wp\/v2\/categories?post=23587"},{"taxonomy":"post_tag","embeddable":true,"href":"https:\/\/stepienybarno.es\/blog\/wp-json\/wp\/v2\/tags?post=23587"},{"taxonomy":"series","embeddable":true,"href":"https:\/\/stepienybarno.es\/blog\/wp-json\/wp\/v2\/series?post=23587"}],"curies":[{"name":"wp","href":"https:\/\/api.w.org\/{rel}","templated":true}]}}