{"id":23653,"date":"2016-08-10T13:21:15","date_gmt":"2016-08-10T11:21:15","guid":{"rendered":"https:\/\/www.stepienybarno.es\/blog\/?p=23653"},"modified":"2016-08-10T10:33:57","modified_gmt":"2016-08-10T08:33:57","slug":"estudio-revestido-de-troncos-en-proyectodeldia","status":"publish","type":"post","link":"https:\/\/stepienybarno.es\/blog\/2016\/08\/10\/estudio-revestido-de-troncos-en-proyectodeldia\/","title":{"rendered":"ESTUDIO REVESTIDO DE TRONCOS en #ProyectoDelD\u00eda"},"content":{"rendered":"<p><img loading=\"lazy\" decoding=\"async\" class=\"size-full wp-image-23660 aligncenter\" src=\"https:\/\/stepienybarno.es\/blog\/wp-content\/uploads\/2016\/08\/stepienybarno-blog-stepien-y-barno-arquitectura-proyecto-del-dia-is-arquitectura-Piet-Hein-Eek.jpg\" alt=\"NLD, Niederlande, Hilversum, Blockhaus als Studierzimmer im Garten des Musik-Entertainers Hans Liberg. Design von Piet Hein Eek | NLD, The Netherlands, Hilversum, log house as study for music-entertainer Hans Liberg, design by Piet Hein Eek\" width=\"500\" height=\"334\" srcset=\"https:\/\/stepienybarno.es\/blog\/wp-content\/uploads\/2016\/08\/stepienybarno-blog-stepien-y-barno-arquitectura-proyecto-del-dia-is-arquitectura-Piet-Hein-Eek.jpg 500w, https:\/\/stepienybarno.es\/blog\/wp-content\/uploads\/2016\/08\/stepienybarno-blog-stepien-y-barno-arquitectura-proyecto-del-dia-is-arquitectura-Piet-Hein-Eek-180x120.jpg 180w, https:\/\/stepienybarno.es\/blog\/wp-content\/uploads\/2016\/08\/stepienybarno-blog-stepien-y-barno-arquitectura-proyecto-del-dia-is-arquitectura-Piet-Hein-Eek-316x211.jpg 316w\" sizes=\"(max-width: 500px) 100vw, 500px\" \/><\/p>\n<p style=\"text-align: left;\"><strong>Por Piet Hein Eek<\/strong><\/p>\n<p style=\"text-align: left;\"><strong>Desde <a href=\"http:\/\/blog.is-arquitectura.es\/\" target=\"_blank\">is-arquitectura<\/a><\/strong><\/p>\n<p><!--more--><\/p>\n<p><img loading=\"lazy\" decoding=\"async\" class=\"size-full wp-image-23654 aligncenter\" src=\"https:\/\/stepienybarno.es\/blog\/wp-content\/uploads\/2016\/08\/stepienybarno-blog-stepien-y-barno-arquitectura-proyecto-del-dia-is-arquitectura-Piet-Hein-Eek-3.jpg\" alt=\"NLD, Niederlande, Hilversum, Blockhaus als Studierzimmer im Garten des Musik-Entertainers Hans Liberg. Design von Piet Hein Eek | NLD, The Netherlands, Hilversum, log house as study for music-entertainer Hans Liberg, design by Piet Hein Eek\" width=\"500\" height=\"334\" srcset=\"https:\/\/stepienybarno.es\/blog\/wp-content\/uploads\/2016\/08\/stepienybarno-blog-stepien-y-barno-arquitectura-proyecto-del-dia-is-arquitectura-Piet-Hein-Eek-3.jpg 500w, https:\/\/stepienybarno.es\/blog\/wp-content\/uploads\/2016\/08\/stepienybarno-blog-stepien-y-barno-arquitectura-proyecto-del-dia-is-arquitectura-Piet-Hein-Eek-3-180x120.jpg 180w, https:\/\/stepienybarno.es\/blog\/wp-content\/uploads\/2016\/08\/stepienybarno-blog-stepien-y-barno-arquitectura-proyecto-del-dia-is-arquitectura-Piet-Hein-Eek-3-316x211.jpg 316w\" sizes=\"(max-width: 500px) 100vw, 500px\" \/><\/p>\n<p><img loading=\"lazy\" decoding=\"async\" class=\"size-medium wp-image-23655 aligncenter\" src=\"https:\/\/stepienybarno.es\/blog\/wp-content\/uploads\/2016\/08\/stepienybarno-blog-stepien-y-barno-arquitectura-proyecto-del-dia-is-arquitectura-Piet-Hein-Eek-4.jpg\" alt=\"NLD, Niederlande, Hilversum, Blockhaus als Studierzimmer im Garten des Musik-Entertainers Hans Liberg. Design von Piet Hein Eek | NLD, The Netherlands, Hilversum, log house as study for music-entertainer Hans Liberg, design by Piet Hein Eek\" width=\"500\" height=\"334\" srcset=\"https:\/\/stepienybarno.es\/blog\/wp-content\/uploads\/2016\/08\/stepienybarno-blog-stepien-y-barno-arquitectura-proyecto-del-dia-is-arquitectura-Piet-Hein-Eek-4.jpg 500w, https:\/\/stepienybarno.es\/blog\/wp-content\/uploads\/2016\/08\/stepienybarno-blog-stepien-y-barno-arquitectura-proyecto-del-dia-is-arquitectura-Piet-Hein-Eek-4-180x120.jpg 180w, https:\/\/stepienybarno.es\/blog\/wp-content\/uploads\/2016\/08\/stepienybarno-blog-stepien-y-barno-arquitectura-proyecto-del-dia-is-arquitectura-Piet-Hein-Eek-4-316x211.jpg 316w\" sizes=\"(max-width: 500px) 100vw, 500px\" \/><\/p>\n<p><img loading=\"lazy\" decoding=\"async\" class=\"size-medium wp-image-23656 aligncenter\" src=\"https:\/\/stepienybarno.es\/blog\/wp-content\/uploads\/2016\/08\/stepienybarno-blog-stepien-y-barno-arquitectura-proyecto-del-dia-is-arquitectura-Piet-Hein-Eek-5.jpg\" alt=\"NLD, Niederlande, Hilversum, Blockhaus als Studierzimmer im Garten des Musik-Entertainers Hans Liberg. Design von Piet Hein Eek | NLD, The Netherlands, Hilversum, log house as study for music-entertainer Hans Liberg, design by Piet Hein Eek\" width=\"500\" height=\"334\" srcset=\"https:\/\/stepienybarno.es\/blog\/wp-content\/uploads\/2016\/08\/stepienybarno-blog-stepien-y-barno-arquitectura-proyecto-del-dia-is-arquitectura-Piet-Hein-Eek-5.jpg 500w, https:\/\/stepienybarno.es\/blog\/wp-content\/uploads\/2016\/08\/stepienybarno-blog-stepien-y-barno-arquitectura-proyecto-del-dia-is-arquitectura-Piet-Hein-Eek-5-180x120.jpg 180w, https:\/\/stepienybarno.es\/blog\/wp-content\/uploads\/2016\/08\/stepienybarno-blog-stepien-y-barno-arquitectura-proyecto-del-dia-is-arquitectura-Piet-Hein-Eek-5-316x211.jpg 316w\" sizes=\"(max-width: 500px) 100vw, 500px\" \/><\/p>\n<p><img loading=\"lazy\" decoding=\"async\" class=\"size-medium wp-image-23657 aligncenter\" src=\"https:\/\/stepienybarno.es\/blog\/wp-content\/uploads\/2016\/08\/stepienybarno-blog-stepien-y-barno-arquitectura-proyecto-del-dia-is-arquitectura-Piet-Hein-Eek-6.jpg\" alt=\"NLD, Niederlande, Hilversum, Blockhaus als Studierzimmer im Garten des Musik-Entertainers Hans Liberg. Design von Piet Hein Eek | NLD, The Netherlands, Hilversum, log house as study for music-entertainer Hans Liberg, design by Piet Hein Eek\" width=\"500\" height=\"334\" srcset=\"https:\/\/stepienybarno.es\/blog\/wp-content\/uploads\/2016\/08\/stepienybarno-blog-stepien-y-barno-arquitectura-proyecto-del-dia-is-arquitectura-Piet-Hein-Eek-6.jpg 500w, https:\/\/stepienybarno.es\/blog\/wp-content\/uploads\/2016\/08\/stepienybarno-blog-stepien-y-barno-arquitectura-proyecto-del-dia-is-arquitectura-Piet-Hein-Eek-6-180x120.jpg 180w, https:\/\/stepienybarno.es\/blog\/wp-content\/uploads\/2016\/08\/stepienybarno-blog-stepien-y-barno-arquitectura-proyecto-del-dia-is-arquitectura-Piet-Hein-Eek-6-316x211.jpg 316w\" sizes=\"(max-width: 500px) 100vw, 500px\" \/><\/p>\n<p><img loading=\"lazy\" decoding=\"async\" class=\"size-medium wp-image-23659 aligncenter\" src=\"https:\/\/stepienybarno.es\/blog\/wp-content\/uploads\/2016\/08\/stepienybarno-blog-stepien-y-barno-arquitectura-proyecto-del-dia-is-arquitectura-Piet-Hein-Eek-8.jpg\" alt=\"NLD, Niederlande, Hilversum, Blockhaus als Studierzimmer im Garten des Musik-Entertainers Hans Liberg. Design von Piet Hein Eek | NLD, The Netherlands, Hilversum, log house as study for music-entertainer Hans Liberg, design by Piet Hein Eek\" width=\"500\" height=\"334\" srcset=\"https:\/\/stepienybarno.es\/blog\/wp-content\/uploads\/2016\/08\/stepienybarno-blog-stepien-y-barno-arquitectura-proyecto-del-dia-is-arquitectura-Piet-Hein-Eek-8.jpg 500w, https:\/\/stepienybarno.es\/blog\/wp-content\/uploads\/2016\/08\/stepienybarno-blog-stepien-y-barno-arquitectura-proyecto-del-dia-is-arquitectura-Piet-Hein-Eek-8-180x120.jpg 180w, https:\/\/stepienybarno.es\/blog\/wp-content\/uploads\/2016\/08\/stepienybarno-blog-stepien-y-barno-arquitectura-proyecto-del-dia-is-arquitectura-Piet-Hein-Eek-8-316x211.jpg 316w\" sizes=\"(max-width: 500px) 100vw, 500px\" \/><\/p>\n<p><img loading=\"lazy\" decoding=\"async\" class=\"size-medium wp-image-23658 aligncenter\" src=\"https:\/\/stepienybarno.es\/blog\/wp-content\/uploads\/2016\/08\/stepienybarno-blog-stepien-y-barno-arquitectura-proyecto-del-dia-is-arquitectura-Piet-Hein-Eek-7.jpg\" alt=\"NLD, Niederlande, Hilversum, Blockhaus als Studierzimmer im Garten des Musik-Entertainers Hans Liberg. Design von Piet Hein Eek | NLD, The Netherlands, Hilversum, log house as study for music-entertainer Hans Liberg, design by Piet Hein Eek\" width=\"500\" height=\"334\" srcset=\"https:\/\/stepienybarno.es\/blog\/wp-content\/uploads\/2016\/08\/stepienybarno-blog-stepien-y-barno-arquitectura-proyecto-del-dia-is-arquitectura-Piet-Hein-Eek-7.jpg 500w, https:\/\/stepienybarno.es\/blog\/wp-content\/uploads\/2016\/08\/stepienybarno-blog-stepien-y-barno-arquitectura-proyecto-del-dia-is-arquitectura-Piet-Hein-Eek-7-180x120.jpg 180w, https:\/\/stepienybarno.es\/blog\/wp-content\/uploads\/2016\/08\/stepienybarno-blog-stepien-y-barno-arquitectura-proyecto-del-dia-is-arquitectura-Piet-Hein-Eek-7-316x211.jpg 316w\" sizes=\"(max-width: 500px) 100vw, 500px\" \/><\/p>\n<p style=\"text-align: center;\"><strong>Accede al proyecto, <a href=\"http:\/\/blog.is-arquitectura.es\/2010\/01\/15\/estudio-revestido-de-troncos\/\" target=\"_blank\">AQU\u00cd<\/a><\/strong><\/p>\n<p><span style=\"color: #999999;\"><em>\u00a0<\/em><\/span><\/p>\n<p style=\"text-align: justify;\"><span style=\"color: #999999;\"><em>Noticia seleccionada por el Canal de arquitectura STEPIENYBARNO.<\/em><\/span><\/p>\n<p style=\"text-align: justify;\"><a href=\"https:\/\/twitter.com\/stepienybarno\"><em>STEPIENYBARNO EN TWITTER _ @stepienybarno<\/em><\/a><\/p>\n<p style=\"text-align: justify;\"><a href=\"http:\/\/www.linkedin.com\/company\/stepienybarno\"><em>STEPIENYBARNO EN LINKEDIN<\/em><\/a><\/p>\n<p style=\"text-align: justify;\"><a href=\"https:\/\/www.facebook.com\/pages\/BLOG-DE-STEPIENYBARNO\/78001079029\"><em>STEPIENYBARNO EN FACEBOOK<\/em><\/a><\/p>\n<p style=\"text-align: justify;\"><span style=\"color: #999999;\"><em>*Stepienybarno est\u00e1 formado por Agnieszka Stepien y Lorenzo Barn\u00f3 y desde mayo del 2009 estamos en la red con\u00a0 la presente publicaci\u00f3n digital (Blog) de arquitectura.<\/em><\/span><\/p>\n<p style=\"text-align: justify;\"><span style=\"color: #999999;\"><em>Nuestra actividad se sustenta en tres pilares b\u00e1sicos: la investigaci\u00f3n, la publicaci\u00f3n (comunicaci\u00f3n y difusi\u00f3n) y la redacci\u00f3n de proyectos de arquitectura.<\/em><\/span><\/p>\n<p style=\"text-align: justify;\"><span style=\"color: #999999;\"><em>A su vez, somos socios cofundadores de<\/em><\/span><em>\u00a0<\/em><a href=\"http:\/\/sinergiasostenible.org\/\"><em>SINERGIA SOSTENIBLE<\/em><\/a><span style=\"color: #999999;\"><em>, redactores de<\/em><\/span><em>\u00a0<\/em><a href=\"http:\/\/www.laciudadviva.org\/blogs\/?author=45\"><em>LA CIUDAD VIVA<\/em><\/a><span style=\"color: #999999;\"><em>\u00a0<\/em><em>y directores del blog de<\/em><\/span><em>\u00a0<\/em><a href=\"http:\/\/blogfundacion.arquia.es\/\"><em>FUNDACI\u00d3N ARQUIA<span style=\"color: #999999;\">.<\/span><\/em><\/a><\/p>\n<p style=\"text-align: justify;\"><span style=\"color: #999999;\"><em>* Los editores de esta publicaci\u00f3n digital no nos hacemos cargo de de los comentarios y\u00a0 conceptos vertidos en los textos firmados por otras personas, siendo \u00e9stos de responsabilidad exclusiva de sus autores.<\/em><\/span><\/p>\n<p style=\"text-align: justify;\"><span style=\"color: #999999;\"><em>* Tu comentario podr\u00e1 ser moderado, por lo tanto, aunque aparezca inmediatamente al ser publicado en la entrada, los editores de esta publicaci\u00f3n digital nos reservamos el derecho tanto de editarlo (si fuera necesario, para hacerlo m\u00e1s legible) como de eliminarlo en el caso de que se usen expresiones incorrectas (descalificaciones, palabras malsonantes\u2026). A su vez, si quieres comentar desde el anonimato puedes hacerlo, aunque, nosotros personalmente, agradecemos que tod@s nos podamos identificar.<\/em><\/span><\/p>\n","protected":false},"excerpt":{"rendered":"<p>Por Piet Hein Eek Desde is-arquitectura<\/p>\n","protected":false},"author":9,"featured_media":23660,"comment_status":"open","ping_status":"closed","sticky":false,"template":"","format":"standard","meta":{"om_disable_all_campaigns":false,"_monsterinsights_skip_tracking":false,"_monsterinsights_sitenote_active":false,"_monsterinsights_sitenote_note":"","_monsterinsights_sitenote_category":0,"_uf_show_specific_survey":0,"_uf_disable_surveys":false,"episode_type":"","audio_file":"","cover_image":"","cover_image_id":"","duration":"","filesize":"","date_recorded":"","explicit":"","block":"","filesize_raw":"","footnotes":""},"categories":[3197,244],"tags":[4277,4549,4548],"series":[],"class_list":["post-23653","post","type-post","status-publish","format-standard","has-post-thumbnail","hentry","category-proyectodeldia","category-canal-de-arquitectura","tag-proyecto-de-arquitectura-del-dia","tag-is-arquitectura","tag-piet-hein-eek"],"aioseo_notices":[],"episode_featured_image":"https:\/\/stepienybarno.es\/blog\/wp-content\/uploads\/2016\/08\/stepienybarno-blog-stepien-y-barno-arquitectura-proyecto-del-dia-is-arquitectura-Piet-Hein-Eek.jpg","episode_player_image":"https:\/\/stepienybarno.es\/blog\/wp-content\/uploads\/2020\/11\/stepienybarno-podcast-scaled.jpg","download_link":"","player_link":"","audio_player":false,"episode_data":{"playerMode":"dark","subscribeUrls":[],"rssFeedUrl":"https:\/\/stepienybarno.es\/blog\/feed\/podcast\/podcast-de-stepienybarno","embedCode":"<blockquote class=\"wp-embedded-content\" data-secret=\"7daQ8K6T87\"><a href=\"https:\/\/stepienybarno.es\/blog\/2016\/08\/10\/estudio-revestido-de-troncos-en-proyectodeldia\/\">ESTUDIO REVESTIDO DE TRONCOS en #ProyectoDelD\u00eda<\/a><\/blockquote><iframe sandbox=\"allow-scripts\" security=\"restricted\" src=\"https:\/\/stepienybarno.es\/blog\/2016\/08\/10\/estudio-revestido-de-troncos-en-proyectodeldia\/embed\/#?secret=7daQ8K6T87\" width=\"500\" height=\"350\" title=\"\u00abESTUDIO REVESTIDO DE TRONCOS en #ProyectoDelD\u00eda\u00bb \u2014 Blog de STEPIEN Y BARNO - publicaci\u00f3n digital sobre arquitectura\" data-secret=\"7daQ8K6T87\" frameborder=\"0\" marginwidth=\"0\" marginheight=\"0\" scrolling=\"no\" class=\"wp-embedded-content\"><\/iframe><script type=\"text\/javascript\">\n\/* <![CDATA[ *\/\n\/*! This file is auto-generated *\/\n!function(d,l){\"use strict\";l.querySelector&&d.addEventListener&&\"undefined\"!=typeof URL&&(d.wp=d.wp||{},d.wp.receiveEmbedMessage||(d.wp.receiveEmbedMessage=function(e){var t=e.data;if((t||t.secret||t.message||t.value)&&!\/[^a-zA-Z0-9]\/.test(t.secret)){for(var s,r,n,a=l.querySelectorAll('iframe[data-secret=\"'+t.secret+'\"]'),o=l.querySelectorAll('blockquote[data-secret=\"'+t.secret+'\"]'),c=new RegExp(\"^https?:$\",\"i\"),i=0;i<o.length;i++)o[i].style.display=\"none\";for(i=0;i<a.length;i++)s=a[i],e.source===s.contentWindow&&(s.removeAttribute(\"style\"),\"height\"===t.message?(1e3<(r=parseInt(t.value,10))?r=1e3:~~r<200&&(r=200),s.height=r):\"link\"===t.message&&(r=new URL(s.getAttribute(\"src\")),n=new URL(t.value),c.test(n.protocol))&&n.host===r.host&&l.activeElement===s&&(d.top.location.href=t.value))}},d.addEventListener(\"message\",d.wp.receiveEmbedMessage,!1),l.addEventListener(\"DOMContentLoaded\",function(){for(var e,t,s=l.querySelectorAll(\"iframe.wp-embedded-content\"),r=0;r<s.length;r++)(t=(e=s[r]).getAttribute(\"data-secret\"))||(t=Math.random().toString(36).substring(2,12),e.src+=\"#?secret=\"+t,e.setAttribute(\"data-secret\",t)),e.contentWindow.postMessage({message:\"ready\",secret:t},\"*\")},!1)))}(window,document);\n\/* ]]> *\/\n<\/script>\n"},"_links":{"self":[{"href":"https:\/\/stepienybarno.es\/blog\/wp-json\/wp\/v2\/posts\/23653"}],"collection":[{"href":"https:\/\/stepienybarno.es\/blog\/wp-json\/wp\/v2\/posts"}],"about":[{"href":"https:\/\/stepienybarno.es\/blog\/wp-json\/wp\/v2\/types\/post"}],"author":[{"embeddable":true,"href":"https:\/\/stepienybarno.es\/blog\/wp-json\/wp\/v2\/users\/9"}],"replies":[{"embeddable":true,"href":"https:\/\/stepienybarno.es\/blog\/wp-json\/wp\/v2\/comments?post=23653"}],"version-history":[{"count":3,"href":"https:\/\/stepienybarno.es\/blog\/wp-json\/wp\/v2\/posts\/23653\/revisions"}],"predecessor-version":[{"id":23663,"href":"https:\/\/stepienybarno.es\/blog\/wp-json\/wp\/v2\/posts\/23653\/revisions\/23663"}],"wp:featuredmedia":[{"embeddable":true,"href":"https:\/\/stepienybarno.es\/blog\/wp-json\/wp\/v2\/media\/23660"}],"wp:attachment":[{"href":"https:\/\/stepienybarno.es\/blog\/wp-json\/wp\/v2\/media?parent=23653"}],"wp:term":[{"taxonomy":"category","embeddable":true,"href":"https:\/\/stepienybarno.es\/blog\/wp-json\/wp\/v2\/categories?post=23653"},{"taxonomy":"post_tag","embeddable":true,"href":"https:\/\/stepienybarno.es\/blog\/wp-json\/wp\/v2\/tags?post=23653"},{"taxonomy":"series","embeddable":true,"href":"https:\/\/stepienybarno.es\/blog\/wp-json\/wp\/v2\/series?post=23653"}],"curies":[{"name":"wp","href":"https:\/\/api.w.org\/{rel}","templated":true}]}}