{"id":23762,"date":"2016-08-18T20:15:14","date_gmt":"2016-08-18T18:15:14","guid":{"rendered":"https:\/\/www.stepienybarno.es\/blog\/?p=23762"},"modified":"2016-08-17T11:32:45","modified_gmt":"2016-08-17T09:32:45","slug":"las-ciudades-patrimonio-de-la-humanidad-estudian-su-movilidad","status":"publish","type":"post","link":"https:\/\/stepienybarno.es\/blog\/2016\/08\/18\/las-ciudades-patrimonio-de-la-humanidad-estudian-su-movilidad\/","title":{"rendered":"LAS CIUDADES PATRIMONIO DE LA HUMANIDAD ESTUDIAN SU MOVILIDAD"},"content":{"rendered":"<p><img loading=\"lazy\" decoding=\"async\" class=\"alignnone size-full wp-image-23763 aligncenter\" src=\"https:\/\/stepienybarno.es\/blog\/wp-content\/uploads\/2016\/08\/stepienybarno-blog-stepien-y-barno-esmartcity-patrimonio-humanidad.jpg\" alt=\"stepienybarno-blog-stepien-y-barno-esmartcity-patrimonio-humanidad\" width=\"500\" height=\"486\" srcset=\"https:\/\/stepienybarno.es\/blog\/wp-content\/uploads\/2016\/08\/stepienybarno-blog-stepien-y-barno-esmartcity-patrimonio-humanidad.jpg 500w, https:\/\/stepienybarno.es\/blog\/wp-content\/uploads\/2016\/08\/stepienybarno-blog-stepien-y-barno-esmartcity-patrimonio-humanidad-180x175.jpg 180w, https:\/\/stepienybarno.es\/blog\/wp-content\/uploads\/2016\/08\/stepienybarno-blog-stepien-y-barno-esmartcity-patrimonio-humanidad-316x307.jpg 316w\" sizes=\"(max-width: 500px) 100vw, 500px\" \/><\/p>\n<p><strong>Desde <a href=\"https:\/\/www.esmartcity.es\/\" target=\"_blank\">eSmartcity<\/a><\/strong><\/p>\n<p><!--more--><\/p>\n<p><strong>\u201c<\/strong>Las Ciudades Patrimonio de la Humanidad espa\u00f1olas han presentado el documento\u00a0Libro Blanco sobre la Movilidad en los Conjuntos Hist\u00f3ricos en las Ciudades Patrimonio de la Humanidad<em>\u00a0<\/em>en el que se analiza tanto la movilidad como la accesibilidad de los cascos hist\u00f3ricos de las 15 ciudades espa\u00f1olas que tiene el reconocimiento de la UNESCO como Patrimonio de la Humanidad.<\/p>\n<p>El documento, que fue presentado precisamente en una de las ciudades en \u00e9l recogidas, C\u00f3rdoba, aborda el problema com\u00fan a estas ciudades en sus centros hist\u00f3ricos, que se centra en el tr\u00e1fico, y sus posibles soluciones. La necesidad de elaborar este documento surgi\u00f3 de los grupos encargados de la accesibilidad y movilidad, as\u00ed como de incendios, seguridad y emergencias de la Comisi\u00f3n de Ciudad y Patrimonio de las Ciudades Patrimonio de la Humanidad espa\u00f1olas\u00a0 (\u2026)\u201d<\/p>\n<p style=\"text-align: center;\">\n<p style=\"text-align: center;\"><strong>Accede a las im\u00e1genes, <a href=\"https:\/\/www.esmartcity.es\/noticias\/las-ciudadespatrimonio-de-la-humanidad-estudian-su-accesibilidad?utm_medium=Newsletter&amp;utm_source=6820\" target=\"_blank\">AQU\u00cd<\/a><\/strong><\/p>\n<p>&nbsp;<\/p>\n<p><span style=\"color: #999999;\"><em>\u00a0<\/em><\/span><\/p>\n<p style=\"text-align: justify;\"><span style=\"color: #999999;\"><em>Noticia seleccionada por el Canal de arquitectura STEPIENYBARNO.<\/em><\/span><\/p>\n<p style=\"text-align: justify;\"><a href=\"https:\/\/twitter.com\/stepienybarno\"><em>STEPIENYBARNO EN TWITTER _ @stepienybarno<\/em><\/a><\/p>\n<p style=\"text-align: justify;\"><a href=\"http:\/\/www.linkedin.com\/company\/stepienybarno\"><em>STEPIENYBARNO EN LINKEDIN<\/em><\/a><\/p>\n<p style=\"text-align: justify;\"><a href=\"https:\/\/www.facebook.com\/pages\/BLOG-DE-STEPIENYBARNO\/78001079029\"><em>STEPIENYBARNO EN FACEBOOK<\/em><\/a><\/p>\n<p style=\"text-align: justify;\"><span style=\"color: #999999;\"><em>*Stepienybarno est\u00e1 formado por Agnieszka Stepien y Lorenzo Barn\u00f3 y desde mayo del 2009 estamos en la red con\u00a0 la presente publicaci\u00f3n digital (Blog) de arquitectura.<\/em><\/span><\/p>\n<p style=\"text-align: justify;\"><span style=\"color: #999999;\"><em>Nuestra actividad se sustenta en tres pilares b\u00e1sicos: la investigaci\u00f3n, la publicaci\u00f3n (comunicaci\u00f3n y difusi\u00f3n) y la redacci\u00f3n de proyectos de arquitectura.<\/em><\/span><\/p>\n<p style=\"text-align: justify;\"><span style=\"color: #999999;\"><em>A su vez, somos socios cofundadores de<\/em><em>\u00a0<\/em><\/span><a href=\"http:\/\/sinergiasostenible.org\/\"><em>SINERGIA SOSTENIBLE<\/em><\/a><span style=\"color: #999999;\"><em>, redactores de<\/em><\/span><em>\u00a0<\/em><a href=\"http:\/\/www.laciudadviva.org\/blogs\/?author=45\"><em>LA CIUDAD VIVA<\/em><\/a><span style=\"color: #999999;\"><em>\u00a0<\/em><em>y directores del blog de<\/em><\/span><em>\u00a0<\/em><a href=\"http:\/\/blogfundacion.arquia.es\/\"><em>FUNDACI\u00d3N ARQUIA<span style=\"color: #999999;\">.<\/span><\/em><\/a><\/p>\n<p style=\"text-align: justify;\"><span style=\"color: #999999;\"><em>* Los editores de esta publicaci\u00f3n digital no nos hacemos cargo de de los comentarios y\u00a0 conceptos vertidos en los textos firmados por otras personas, siendo \u00e9stos de responsabilidad exclusiva de sus autores.<\/em><\/span><\/p>\n<p style=\"text-align: justify;\"><span style=\"color: #999999;\"><em>* Tu comentario podr\u00e1 ser moderado, por lo tanto, aunque aparezca inmediatamente al ser publicado en la entrada, los editores de esta publicaci\u00f3n digital nos reservamos el derecho tanto de editarlo (si fuera necesario, para hacerlo m\u00e1s legible) como de eliminarlo en el caso de que se usen expresiones incorrectas (descalificaciones, palabras malsonantes\u2026). A su vez, si quieres comentar desde el anonimato puedes hacerlo, aunque, nosotros personalmente, agradecemos que tod@s nos podamos identificar.<\/em><\/span><\/p>\n","protected":false},"excerpt":{"rendered":"<p>Desde eSmartcity<\/p>\n","protected":false},"author":9,"featured_media":23763,"comment_status":"open","ping_status":"closed","sticky":false,"template":"","format":"standard","meta":{"om_disable_all_campaigns":false,"_monsterinsights_skip_tracking":false,"_monsterinsights_sitenote_active":false,"_monsterinsights_sitenote_note":"","_monsterinsights_sitenote_category":0,"_uf_show_specific_survey":0,"_uf_disable_surveys":false,"episode_type":"","audio_file":"","cover_image":"","cover_image_id":"","duration":"","filesize":"","date_recorded":"","explicit":"","block":"","filesize_raw":"","footnotes":""},"categories":[244],"tags":[4576,4298,4577],"series":[],"class_list":["post-23762","post","type-post","status-publish","format-standard","has-post-thumbnail","hentry","category-canal-de-arquitectura","tag-esmartcity","tag-movilidad","tag-patrimonio-humanidad"],"aioseo_notices":[],"episode_featured_image":"https:\/\/stepienybarno.es\/blog\/wp-content\/uploads\/2016\/08\/stepienybarno-blog-stepien-y-barno-esmartcity-patrimonio-humanidad.jpg","episode_player_image":"https:\/\/stepienybarno.es\/blog\/wp-content\/uploads\/2020\/11\/stepienybarno-podcast-scaled.jpg","download_link":"","player_link":"","audio_player":false,"episode_data":{"playerMode":"dark","subscribeUrls":[],"rssFeedUrl":"https:\/\/stepienybarno.es\/blog\/feed\/podcast\/podcast-de-stepienybarno","embedCode":"<blockquote class=\"wp-embedded-content\" data-secret=\"KMXvySJJt7\"><a href=\"https:\/\/stepienybarno.es\/blog\/2016\/08\/18\/las-ciudades-patrimonio-de-la-humanidad-estudian-su-movilidad\/\">LAS CIUDADES PATRIMONIO DE LA HUMANIDAD ESTUDIAN SU MOVILIDAD<\/a><\/blockquote><iframe sandbox=\"allow-scripts\" security=\"restricted\" src=\"https:\/\/stepienybarno.es\/blog\/2016\/08\/18\/las-ciudades-patrimonio-de-la-humanidad-estudian-su-movilidad\/embed\/#?secret=KMXvySJJt7\" width=\"500\" height=\"350\" title=\"\u00abLAS CIUDADES PATRIMONIO DE LA HUMANIDAD ESTUDIAN SU MOVILIDAD\u00bb \u2014 Blog de STEPIEN Y BARNO - publicaci\u00f3n digital sobre arquitectura\" data-secret=\"KMXvySJJt7\" frameborder=\"0\" marginwidth=\"0\" marginheight=\"0\" scrolling=\"no\" class=\"wp-embedded-content\"><\/iframe><script type=\"text\/javascript\">\n\/* <![CDATA[ *\/\n\/*! This file is auto-generated *\/\n!function(d,l){\"use strict\";l.querySelector&&d.addEventListener&&\"undefined\"!=typeof URL&&(d.wp=d.wp||{},d.wp.receiveEmbedMessage||(d.wp.receiveEmbedMessage=function(e){var t=e.data;if((t||t.secret||t.message||t.value)&&!\/[^a-zA-Z0-9]\/.test(t.secret)){for(var s,r,n,a=l.querySelectorAll('iframe[data-secret=\"'+t.secret+'\"]'),o=l.querySelectorAll('blockquote[data-secret=\"'+t.secret+'\"]'),c=new RegExp(\"^https?:$\",\"i\"),i=0;i<o.length;i++)o[i].style.display=\"none\";for(i=0;i<a.length;i++)s=a[i],e.source===s.contentWindow&&(s.removeAttribute(\"style\"),\"height\"===t.message?(1e3<(r=parseInt(t.value,10))?r=1e3:~~r<200&&(r=200),s.height=r):\"link\"===t.message&&(r=new URL(s.getAttribute(\"src\")),n=new URL(t.value),c.test(n.protocol))&&n.host===r.host&&l.activeElement===s&&(d.top.location.href=t.value))}},d.addEventListener(\"message\",d.wp.receiveEmbedMessage,!1),l.addEventListener(\"DOMContentLoaded\",function(){for(var e,t,s=l.querySelectorAll(\"iframe.wp-embedded-content\"),r=0;r<s.length;r++)(t=(e=s[r]).getAttribute(\"data-secret\"))||(t=Math.random().toString(36).substring(2,12),e.src+=\"#?secret=\"+t,e.setAttribute(\"data-secret\",t)),e.contentWindow.postMessage({message:\"ready\",secret:t},\"*\")},!1)))}(window,document);\n\/* ]]> *\/\n<\/script>\n"},"_links":{"self":[{"href":"https:\/\/stepienybarno.es\/blog\/wp-json\/wp\/v2\/posts\/23762"}],"collection":[{"href":"https:\/\/stepienybarno.es\/blog\/wp-json\/wp\/v2\/posts"}],"about":[{"href":"https:\/\/stepienybarno.es\/blog\/wp-json\/wp\/v2\/types\/post"}],"author":[{"embeddable":true,"href":"https:\/\/stepienybarno.es\/blog\/wp-json\/wp\/v2\/users\/9"}],"replies":[{"embeddable":true,"href":"https:\/\/stepienybarno.es\/blog\/wp-json\/wp\/v2\/comments?post=23762"}],"version-history":[{"count":1,"href":"https:\/\/stepienybarno.es\/blog\/wp-json\/wp\/v2\/posts\/23762\/revisions"}],"predecessor-version":[{"id":23764,"href":"https:\/\/stepienybarno.es\/blog\/wp-json\/wp\/v2\/posts\/23762\/revisions\/23764"}],"wp:featuredmedia":[{"embeddable":true,"href":"https:\/\/stepienybarno.es\/blog\/wp-json\/wp\/v2\/media\/23763"}],"wp:attachment":[{"href":"https:\/\/stepienybarno.es\/blog\/wp-json\/wp\/v2\/media?parent=23762"}],"wp:term":[{"taxonomy":"category","embeddable":true,"href":"https:\/\/stepienybarno.es\/blog\/wp-json\/wp\/v2\/categories?post=23762"},{"taxonomy":"post_tag","embeddable":true,"href":"https:\/\/stepienybarno.es\/blog\/wp-json\/wp\/v2\/tags?post=23762"},{"taxonomy":"series","embeddable":true,"href":"https:\/\/stepienybarno.es\/blog\/wp-json\/wp\/v2\/series?post=23762"}],"curies":[{"name":"wp","href":"https:\/\/api.w.org\/{rel}","templated":true}]}}