{"id":23792,"date":"2016-08-23T09:23:17","date_gmt":"2016-08-23T07:23:17","guid":{"rendered":"https:\/\/www.stepienybarno.es\/blog\/?p=23792"},"modified":"2016-08-22T09:27:07","modified_gmt":"2016-08-22T07:27:07","slug":"the-way-things-goentrevista-con-el-estudio-de-arquitectura-maio","status":"publish","type":"post","link":"https:\/\/stepienybarno.es\/blog\/2016\/08\/23\/the-way-things-goentrevista-con-el-estudio-de-arquitectura-maio\/","title":{"rendered":"THE WAY THINGS GO|Entrevista con el estudio de arquitectura MAIO"},"content":{"rendered":"<p><img loading=\"lazy\" decoding=\"async\" class=\"alignnone size-full wp-image-23793 aligncenter\" src=\"https:\/\/stepienybarno.es\/blog\/wp-content\/uploads\/2016\/08\/stepienybarno-blog-stepien-y-barno-moises-puente-el-estado-mental.jpg\" alt=\"stepienybarno-blog-stepien-y-barno-moises-puente-el-estado-mental\" width=\"500\" height=\"460\" srcset=\"https:\/\/stepienybarno.es\/blog\/wp-content\/uploads\/2016\/08\/stepienybarno-blog-stepien-y-barno-moises-puente-el-estado-mental.jpg 500w, https:\/\/stepienybarno.es\/blog\/wp-content\/uploads\/2016\/08\/stepienybarno-blog-stepien-y-barno-moises-puente-el-estado-mental-180x166.jpg 180w, https:\/\/stepienybarno.es\/blog\/wp-content\/uploads\/2016\/08\/stepienybarno-blog-stepien-y-barno-moises-puente-el-estado-mental-316x291.jpg 316w\" sizes=\"(max-width: 500px) 100vw, 500px\" \/><\/p>\n<p><strong>Por\u00a0<a href=\"https:\/\/elestadomental.com\/autor\/moises-puente\" target=\"_blank\">Mois\u00e9s Puente<\/a> Desde <a href=\"https:\/\/elestadomental.com\/\" target=\"_blank\">El Estado Mental<\/a><\/strong><\/p>\n<p><!--more--><\/p>\n<p style=\"text-align: justify;\">\u201cMAIO es un estudio de arquitectura integrado por Maria Charneco, Alfredo L\u00e9rida, Guillermo L\u00f3pez y Anna Puigjaner. Adem\u00e1s de su trabajo como arquitectos, son profesores en diferentes escuelas, han codirigido la revista\u00a0<em>Quaderns d\u2019Arquitectura i Urbanisme<\/em>\u00a0y son responsables, junto a Moritz K\u00fcng y Curro Claret, del proyecto expositivo\u00a0<em>TheWholeHoleHall,<\/em>\u00a0ubicado en su estudio en la calle Bruniquer, en el barrio barcelon\u00e9s de Gr\u00e0cia. Recientemente han recibido el Premio FAD 2016 en su categor\u00eda de intervenciones ef\u00edmeras por el montaje de la exposici\u00f3n\u00a0<em>Especies de espacios<\/em>\u00a0en el Museu d\u2019Art Contemporani de Barcelona (MACBA).<\/p>\n<p style=\"text-align: justify;\">Para empezar, me gustar\u00eda que explicarais qu\u00e9 es MAIO, cu\u00e1ndo nace y qu\u00e9 hace que cuatro personas de perfiles tan diferentes os juntarais para arrancar este proyecto en com\u00fan.<\/p>\n<p style=\"text-align: justify;\">Maria Charneco\u00a0Fue en 2005 cuando comenzamos a trabajar juntos por primera vez, y de una forma un tanto azarosa. Por entonces cada uno de nosotros ten\u00eda un trabajo independiente y nos limit\u00e1bamos a colaborar puntualmente en proyectos de instalaciones ef\u00edmeras. No exist\u00eda nada parecido a una estructura, y ni siquiera ten\u00edamos un nombre. En realidad, visto en retrospectiva, aquellos trabajos espor\u00e1dicos conjuntos nos permit\u00edan salir de nuestras respectivas rutinas, ten\u00edan algo de experimentaci\u00f3n, y los abord\u00e1bamos de forma bastante l\u00fadica y festiva, que en cierta manera todav\u00eda refleja c\u00f3mo nos gusta entender la arquitectura. Fue a ra\u00edz de esas primeras colaboraciones cuando comprobamos que compart\u00edamos muchos intereses comunes y que trabaj\u00e1bamos bien juntos. As\u00ed que en 2011, en plena crisis econ\u00f3mica, decidimos apostar por MAIO. Ese momento coincidi\u00f3 adem\u00e1s con la creaci\u00f3n del espacio de trabajo donde ahora nos encontramos, el estudio en la calle Bruniquer, que compartimos con varios amigos \u2014paisajistas, dise\u00f1adores gr\u00e1ficos, aparejadores y arquitectos\u2014 con los que nos gusta colaborar (\u2026)\u201d<\/p>\n<p style=\"text-align: justify;\">\n<p>&nbsp;<\/p>\n<p style=\"text-align: center;\"><strong>Accede al art\u00edculo, <a href=\"https:\/\/elestadomental.com\/diario\/way-things-go\" target=\"_blank\">AQU\u00cd<\/a><\/strong><\/p>\n<p>&nbsp;<\/p>\n<p><em>\u00a0<\/em><\/p>\n<p style=\"text-align: justify;\"><span style=\"color: #999999;\"><em>Noticia seleccionada por el Canal de arquitectura STEPIENYBARNO.<\/em><\/span><\/p>\n<p style=\"text-align: justify;\"><a href=\"https:\/\/twitter.com\/stepienybarno\"><em>STEPIENYBARNO EN TWITTER _ @stepienybarno<\/em><\/a><\/p>\n<p style=\"text-align: justify;\"><a href=\"http:\/\/www.linkedin.com\/company\/stepienybarno\"><em>STEPIENYBARNO EN LINKEDIN<\/em><\/a><\/p>\n<p style=\"text-align: justify;\"><a href=\"https:\/\/www.facebook.com\/pages\/BLOG-DE-STEPIENYBARNO\/78001079029\"><em>STEPIENYBARNO EN FACEBOOK<\/em><\/a><\/p>\n<p style=\"text-align: justify;\"><span style=\"color: #999999;\"><em>*Stepienybarno est\u00e1 formado por Agnieszka Stepien y Lorenzo Barn\u00f3 y desde mayo del 2009 estamos en la red con\u00a0 la presente publicaci\u00f3n digital (Blog) de arquitectura.<\/em><\/span><\/p>\n<p style=\"text-align: justify;\"><span style=\"color: #999999;\"><em>Nuestra actividad se sustenta en tres pilares b\u00e1sicos: la investigaci\u00f3n, la publicaci\u00f3n (comunicaci\u00f3n y difusi\u00f3n) y la redacci\u00f3n de proyectos de arquitectura.<\/em><\/span><\/p>\n<p style=\"text-align: justify;\"><span style=\"color: #999999;\"><em>A su vez, somos socios cofundadores de<\/em><\/span><em>\u00a0<\/em><a href=\"http:\/\/sinergiasostenible.org\/\"><em>SINERGIA SOSTENIBLE<\/em><\/a><span style=\"color: #999999;\"><em>, redactores de<\/em><em>\u00a0<\/em><\/span><a href=\"http:\/\/www.laciudadviva.org\/blogs\/?author=45\"><em>LA CIUDAD VIVA<\/em><\/a><span style=\"color: #999999;\"><em>\u00a0<\/em><em>y directores del blog de<\/em><\/span><em>\u00a0<\/em><a href=\"http:\/\/blogfundacion.arquia.es\/\"><em>FUNDACI\u00d3N ARQUIA<span style=\"color: #999999;\">.<\/span><\/em><\/a><\/p>\n<p style=\"text-align: justify;\"><span style=\"color: #999999;\"><em>* Los editores de esta publicaci\u00f3n digital no nos hacemos cargo de de los comentarios y\u00a0 conceptos vertidos en los textos firmados por otras personas, siendo \u00e9stos de responsabilidad exclusiva de sus autores.<\/em><\/span><\/p>\n<p style=\"text-align: justify;\"><span style=\"color: #999999;\"><em>* Tu comentario podr\u00e1 ser moderado, por lo tanto, aunque aparezca inmediatamente al ser publicado en la entrada, los editores de esta publicaci\u00f3n digital nos reservamos el derecho tanto de editarlo (si fuera necesario, para hacerlo m\u00e1s legible) como de eliminarlo en el caso de que se usen expresiones incorrectas (descalificaciones, palabras malsonantes\u2026). A su vez, si quieres comentar desde el anonimato puedes hacerlo, aunque, nosotros personalmente, agradecemos que tod@s nos podamos identificar.<\/em><\/span><\/p>\n","protected":false},"excerpt":{"rendered":"<p>Por\u00a0Mois\u00e9s Puente Desde El Estado Mental<\/p>\n","protected":false},"author":9,"featured_media":23793,"comment_status":"open","ping_status":"closed","sticky":false,"template":"","format":"standard","meta":{"om_disable_all_campaigns":false,"_monsterinsights_skip_tracking":false,"_monsterinsights_sitenote_active":false,"_monsterinsights_sitenote_note":"","_monsterinsights_sitenote_category":0,"_uf_show_specific_survey":0,"_uf_disable_surveys":false,"episode_type":"","audio_file":"","cover_image":"","cover_image_id":"","duration":"","filesize":"","date_recorded":"","explicit":"","block":"","filesize_raw":"","footnotes":""},"categories":[244],"tags":[2775,2455,4581,3053,4582,292],"series":[],"class_list":["post-23792","post","type-post","status-publish","format-standard","has-post-thumbnail","hentry","category-canal-de-arquitectura","tag-alfredo-lerida","tag-anna-puigjaner","tag-el-estado-mental","tag-guillermo-lopez","tag-maria-charneco","tag-moises-puente"],"aioseo_notices":[],"episode_featured_image":"https:\/\/stepienybarno.es\/blog\/wp-content\/uploads\/2016\/08\/stepienybarno-blog-stepien-y-barno-moises-puente-el-estado-mental.jpg","episode_player_image":"https:\/\/stepienybarno.es\/blog\/wp-content\/uploads\/2020\/11\/stepienybarno-podcast-scaled.jpg","download_link":"","player_link":"","audio_player":false,"episode_data":{"playerMode":"dark","subscribeUrls":[],"rssFeedUrl":"https:\/\/stepienybarno.es\/blog\/feed\/podcast\/podcast-de-stepienybarno","embedCode":"<blockquote class=\"wp-embedded-content\" data-secret=\"0mnYF2y4hh\"><a href=\"https:\/\/stepienybarno.es\/blog\/2016\/08\/23\/the-way-things-goentrevista-con-el-estudio-de-arquitectura-maio\/\">THE WAY THINGS GO|Entrevista con el estudio de arquitectura MAIO<\/a><\/blockquote><iframe sandbox=\"allow-scripts\" security=\"restricted\" src=\"https:\/\/stepienybarno.es\/blog\/2016\/08\/23\/the-way-things-goentrevista-con-el-estudio-de-arquitectura-maio\/embed\/#?secret=0mnYF2y4hh\" width=\"500\" height=\"350\" title=\"\u00abTHE WAY THINGS GO|Entrevista con el estudio de arquitectura MAIO\u00bb \u2014 Blog de STEPIEN Y BARNO - publicaci\u00f3n digital sobre arquitectura\" data-secret=\"0mnYF2y4hh\" frameborder=\"0\" marginwidth=\"0\" marginheight=\"0\" scrolling=\"no\" class=\"wp-embedded-content\"><\/iframe><script type=\"text\/javascript\">\n\/* <![CDATA[ *\/\n\/*! This file is auto-generated *\/\n!function(d,l){\"use strict\";l.querySelector&&d.addEventListener&&\"undefined\"!=typeof URL&&(d.wp=d.wp||{},d.wp.receiveEmbedMessage||(d.wp.receiveEmbedMessage=function(e){var t=e.data;if((t||t.secret||t.message||t.value)&&!\/[^a-zA-Z0-9]\/.test(t.secret)){for(var s,r,n,a=l.querySelectorAll('iframe[data-secret=\"'+t.secret+'\"]'),o=l.querySelectorAll('blockquote[data-secret=\"'+t.secret+'\"]'),c=new RegExp(\"^https?:$\",\"i\"),i=0;i<o.length;i++)o[i].style.display=\"none\";for(i=0;i<a.length;i++)s=a[i],e.source===s.contentWindow&&(s.removeAttribute(\"style\"),\"height\"===t.message?(1e3<(r=parseInt(t.value,10))?r=1e3:~~r<200&&(r=200),s.height=r):\"link\"===t.message&&(r=new URL(s.getAttribute(\"src\")),n=new URL(t.value),c.test(n.protocol))&&n.host===r.host&&l.activeElement===s&&(d.top.location.href=t.value))}},d.addEventListener(\"message\",d.wp.receiveEmbedMessage,!1),l.addEventListener(\"DOMContentLoaded\",function(){for(var e,t,s=l.querySelectorAll(\"iframe.wp-embedded-content\"),r=0;r<s.length;r++)(t=(e=s[r]).getAttribute(\"data-secret\"))||(t=Math.random().toString(36).substring(2,12),e.src+=\"#?secret=\"+t,e.setAttribute(\"data-secret\",t)),e.contentWindow.postMessage({message:\"ready\",secret:t},\"*\")},!1)))}(window,document);\n\/* ]]> *\/\n<\/script>\n"},"_links":{"self":[{"href":"https:\/\/stepienybarno.es\/blog\/wp-json\/wp\/v2\/posts\/23792"}],"collection":[{"href":"https:\/\/stepienybarno.es\/blog\/wp-json\/wp\/v2\/posts"}],"about":[{"href":"https:\/\/stepienybarno.es\/blog\/wp-json\/wp\/v2\/types\/post"}],"author":[{"embeddable":true,"href":"https:\/\/stepienybarno.es\/blog\/wp-json\/wp\/v2\/users\/9"}],"replies":[{"embeddable":true,"href":"https:\/\/stepienybarno.es\/blog\/wp-json\/wp\/v2\/comments?post=23792"}],"version-history":[{"count":1,"href":"https:\/\/stepienybarno.es\/blog\/wp-json\/wp\/v2\/posts\/23792\/revisions"}],"predecessor-version":[{"id":23794,"href":"https:\/\/stepienybarno.es\/blog\/wp-json\/wp\/v2\/posts\/23792\/revisions\/23794"}],"wp:featuredmedia":[{"embeddable":true,"href":"https:\/\/stepienybarno.es\/blog\/wp-json\/wp\/v2\/media\/23793"}],"wp:attachment":[{"href":"https:\/\/stepienybarno.es\/blog\/wp-json\/wp\/v2\/media?parent=23792"}],"wp:term":[{"taxonomy":"category","embeddable":true,"href":"https:\/\/stepienybarno.es\/blog\/wp-json\/wp\/v2\/categories?post=23792"},{"taxonomy":"post_tag","embeddable":true,"href":"https:\/\/stepienybarno.es\/blog\/wp-json\/wp\/v2\/tags?post=23792"},{"taxonomy":"series","embeddable":true,"href":"https:\/\/stepienybarno.es\/blog\/wp-json\/wp\/v2\/series?post=23792"}],"curies":[{"name":"wp","href":"https:\/\/api.w.org\/{rel}","templated":true}]}}