{"id":23866,"date":"2016-08-31T09:21:44","date_gmt":"2016-08-31T07:21:44","guid":{"rendered":"https:\/\/www.stepienybarno.es\/blog\/?p=23866"},"modified":"2016-08-26T12:32:14","modified_gmt":"2016-08-26T10:32:14","slug":"tres-proyectos-de-interiores-por-joan-casals","status":"publish","type":"post","link":"https:\/\/stepienybarno.es\/blog\/2016\/08\/31\/tres-proyectos-de-interiores-por-joan-casals\/","title":{"rendered":"TRES PROYECTOS DE INTERIORES POR JOAN CASALS"},"content":{"rendered":"<p style=\"text-align: center;\"><img loading=\"lazy\" decoding=\"async\" class=\"alignnone size-full wp-image-23867\" src=\"https:\/\/stepienybarno.es\/blog\/wp-content\/uploads\/2016\/08\/stepienybarno-blog-stepien-y-barno-metalocus-irene-garcia-joan-casals-jose-luis-cisneros.jpg\" alt=\"stepienybarno-blog-stepien-y-barno-metalocus-irene-garcia-joan-casals-jose-luis-cisneros\" width=\"500\" height=\"378\" srcset=\"https:\/\/stepienybarno.es\/blog\/wp-content\/uploads\/2016\/08\/stepienybarno-blog-stepien-y-barno-metalocus-irene-garcia-joan-casals-jose-luis-cisneros.jpg 500w, https:\/\/stepienybarno.es\/blog\/wp-content\/uploads\/2016\/08\/stepienybarno-blog-stepien-y-barno-metalocus-irene-garcia-joan-casals-jose-luis-cisneros-180x136.jpg 180w, https:\/\/stepienybarno.es\/blog\/wp-content\/uploads\/2016\/08\/stepienybarno-blog-stepien-y-barno-metalocus-irene-garcia-joan-casals-jose-luis-cisneros-316x239.jpg 316w\" sizes=\"(max-width: 500px) 100vw, 500px\" \/><\/p>\n<p><strong>Por Irene Garc\u00eda Desde<a href=\"http:\/\/www.metalocus.es\/\" target=\"_blank\"> Metalocus<\/a><\/strong><\/p>\n<p><!--more--><\/p>\n<p style=\"text-align: justify;\">\u201cJoan Casals y Jos\u00e9 Luis Cisneros nos presentan tres propuestas distintas con tres modos diferentes de intervenir para recuperar y potenciar los espacios de una vivienda.<\/p>\n<p style=\"text-align: justify;\">La intervenci\u00f3n propuesta por\u00a0<a href=\"http:\/\/www.joancasals.com\/\" target=\"_blank\">Joan Casals<\/a>\u00a0para la\u00a0Casa Eulalia\u00a0se centra en la recuperaci\u00f3n de la escalera del edificio, incorporada a la vivienda, la apertura de huecos en los techos y el contraste de materiales. En la peque\u00f1a\u00a0Casa Caballero, situada entre medianeras, Casals y Cisneros aprovechan la apertura cenital en el patio para iluminar todo el espacio, que cuenta con un nuevo altillo que podr\u00eda utilizarse como dormitorio. Y finalmente, en la\u00a0Casa Bondietti\u00a0se busca crear un espacio m\u00e1s adaptable a las condiciones de alquiler, para lo que se derriban todos los muros de la vivienda a excepci\u00f3n de tres, que son los que se emplean para dividir las estancias y organizar el programa en el sentido longitudinal, mejorando las circulaciones y la separaci\u00f3n de las \u00e1reas m\u00e1s privadas (\u2026)\u201d\n<\/p>\n<p>&nbsp;<\/p>\n<p style=\"text-align: center;\"><strong>Accede a los proyectos, <a href=\"http:\/\/www.metalocus.es\/es\/noticias\/tres-proyectos-de-interiores-por-joan-casals\" target=\"_blank\">AQU\u00cd<\/a><\/strong><\/p>\n<p><em>\u00a0<\/em><\/p>\n<p style=\"text-align: justify;\"><span style=\"color: #999999;\"><em>Noticia seleccionada por el Canal de arquitectura STEPIENYBARNO.<\/em><\/span><\/p>\n<p style=\"text-align: justify;\"><a href=\"https:\/\/twitter.com\/stepienybarno\"><em>STEPIENYBARNO EN TWITTER _ @stepienybarno<\/em><\/a><\/p>\n<p style=\"text-align: justify;\"><a href=\"http:\/\/www.linkedin.com\/company\/stepienybarno\"><em>STEPIENYBARNO EN LINKEDIN<\/em><\/a><\/p>\n<p style=\"text-align: justify;\"><a href=\"https:\/\/www.facebook.com\/pages\/BLOG-DE-STEPIENYBARNO\/78001079029\"><em>STEPIENYBARNO EN FACEBOOK<\/em><\/a><\/p>\n<p style=\"text-align: justify;\"><span style=\"color: #999999;\"><em>*Stepienybarno est\u00e1 formado por Agnieszka Stepien y Lorenzo Barn\u00f3 y desde mayo del 2009 estamos en la red con\u00a0 la presente publicaci\u00f3n digital (Blog) de arquitectura.<\/em><\/span><\/p>\n<p style=\"text-align: justify;\"><span style=\"color: #999999;\"><em>Nuestra actividad se sustenta en tres pilares b\u00e1sicos: la investigaci\u00f3n, la publicaci\u00f3n (comunicaci\u00f3n y difusi\u00f3n) y la redacci\u00f3n de proyectos de arquitectura.<\/em><\/span><\/p>\n<p style=\"text-align: justify;\"><span style=\"color: #999999;\"><em>A su vez, somos socios cofundadores de<\/em><\/span><em>\u00a0<\/em><a href=\"http:\/\/sinergiasostenible.org\/\"><em>SINERGIA SOSTENIBLE<\/em><\/a><span style=\"color: #999999;\"><em>, redactores de<\/em><em>\u00a0<\/em><\/span><a href=\"http:\/\/www.laciudadviva.org\/blogs\/?author=45\"><em>LA CIUDAD VIVA<\/em><\/a><em>\u00a0<\/em><span style=\"color: #999999;\"><em>y directores del blog de<\/em><\/span><em>\u00a0<\/em><a href=\"http:\/\/blogfundacion.arquia.es\/\"><em>FUNDACI\u00d3N ARQUIA<span style=\"color: #999999;\">.<\/span><\/em><\/a><\/p>\n<p style=\"text-align: justify;\"><span style=\"color: #999999;\"><em>* Los editores de esta publicaci\u00f3n digital no nos hacemos cargo de de los comentarios y\u00a0 conceptos vertidos en los textos firmados por otras personas, siendo \u00e9stos de responsabilidad exclusiva de sus autores.<\/em><\/span><\/p>\n<p style=\"text-align: justify;\"><span style=\"color: #999999;\"><em>* Tu comentario podr\u00e1 ser moderado, por lo tanto, aunque aparezca inmediatamente al ser publicado en la entrada, los editores de esta publicaci\u00f3n digital nos reservamos el derecho tanto de editarlo (si fuera necesario, para hacerlo m\u00e1s legible) como de eliminarlo en el caso de que se usen expresiones incorrectas (descalificaciones, palabras malsonantes\u2026). A su vez, si quieres comentar desde el anonimato puedes hacerlo, aunque, nosotros personalmente, agradecemos que tod@s nos podamos identificar.<\/em><\/span><\/p>\n","protected":false},"excerpt":{"rendered":"<p>Por Irene Garc\u00eda Desde Metalocus<\/p>\n","protected":false},"author":9,"featured_media":23867,"comment_status":"open","ping_status":"closed","sticky":false,"template":"","format":"standard","meta":{"om_disable_all_campaigns":false,"_monsterinsights_skip_tracking":false,"_monsterinsights_sitenote_active":false,"_monsterinsights_sitenote_note":"","_monsterinsights_sitenote_category":0,"_uf_show_specific_survey":0,"_uf_disable_surveys":false,"episode_type":"","audio_file":"","cover_image":"","cover_image_id":"","duration":"","filesize":"","date_recorded":"","explicit":"","block":"","filesize_raw":"","footnotes":""},"categories":[244],"tags":[4601,4602,4603,2871],"series":[],"class_list":["post-23866","post","type-post","status-publish","format-standard","has-post-thumbnail","hentry","category-canal-de-arquitectura","tag-irene-garcia","tag-joan-casals","tag-jose-luis-cisneros","tag-metalocus"],"aioseo_notices":[],"episode_featured_image":"https:\/\/stepienybarno.es\/blog\/wp-content\/uploads\/2016\/08\/stepienybarno-blog-stepien-y-barno-metalocus-irene-garcia-joan-casals-jose-luis-cisneros.jpg","episode_player_image":"https:\/\/stepienybarno.es\/blog\/wp-content\/uploads\/2020\/11\/stepienybarno-podcast-scaled.jpg","download_link":"","player_link":"","audio_player":false,"episode_data":{"playerMode":"dark","subscribeUrls":[],"rssFeedUrl":"https:\/\/stepienybarno.es\/blog\/feed\/podcast\/podcast-de-stepienybarno","embedCode":"<blockquote class=\"wp-embedded-content\" data-secret=\"dv5pPxpZH4\"><a href=\"https:\/\/stepienybarno.es\/blog\/2016\/08\/31\/tres-proyectos-de-interiores-por-joan-casals\/\">TRES PROYECTOS DE INTERIORES POR JOAN CASALS<\/a><\/blockquote><iframe sandbox=\"allow-scripts\" security=\"restricted\" src=\"https:\/\/stepienybarno.es\/blog\/2016\/08\/31\/tres-proyectos-de-interiores-por-joan-casals\/embed\/#?secret=dv5pPxpZH4\" width=\"500\" height=\"350\" title=\"\u00abTRES PROYECTOS DE INTERIORES POR JOAN CASALS\u00bb \u2014 Blog de STEPIEN Y BARNO - publicaci\u00f3n digital sobre arquitectura\" data-secret=\"dv5pPxpZH4\" frameborder=\"0\" marginwidth=\"0\" marginheight=\"0\" scrolling=\"no\" class=\"wp-embedded-content\"><\/iframe><script type=\"text\/javascript\">\n\/* <![CDATA[ *\/\n\/*! This file is auto-generated *\/\n!function(d,l){\"use strict\";l.querySelector&&d.addEventListener&&\"undefined\"!=typeof URL&&(d.wp=d.wp||{},d.wp.receiveEmbedMessage||(d.wp.receiveEmbedMessage=function(e){var t=e.data;if((t||t.secret||t.message||t.value)&&!\/[^a-zA-Z0-9]\/.test(t.secret)){for(var s,r,n,a=l.querySelectorAll('iframe[data-secret=\"'+t.secret+'\"]'),o=l.querySelectorAll('blockquote[data-secret=\"'+t.secret+'\"]'),c=new RegExp(\"^https?:$\",\"i\"),i=0;i<o.length;i++)o[i].style.display=\"none\";for(i=0;i<a.length;i++)s=a[i],e.source===s.contentWindow&&(s.removeAttribute(\"style\"),\"height\"===t.message?(1e3<(r=parseInt(t.value,10))?r=1e3:~~r<200&&(r=200),s.height=r):\"link\"===t.message&&(r=new URL(s.getAttribute(\"src\")),n=new URL(t.value),c.test(n.protocol))&&n.host===r.host&&l.activeElement===s&&(d.top.location.href=t.value))}},d.addEventListener(\"message\",d.wp.receiveEmbedMessage,!1),l.addEventListener(\"DOMContentLoaded\",function(){for(var e,t,s=l.querySelectorAll(\"iframe.wp-embedded-content\"),r=0;r<s.length;r++)(t=(e=s[r]).getAttribute(\"data-secret\"))||(t=Math.random().toString(36).substring(2,12),e.src+=\"#?secret=\"+t,e.setAttribute(\"data-secret\",t)),e.contentWindow.postMessage({message:\"ready\",secret:t},\"*\")},!1)))}(window,document);\n\/* ]]> *\/\n<\/script>\n"},"_links":{"self":[{"href":"https:\/\/stepienybarno.es\/blog\/wp-json\/wp\/v2\/posts\/23866"}],"collection":[{"href":"https:\/\/stepienybarno.es\/blog\/wp-json\/wp\/v2\/posts"}],"about":[{"href":"https:\/\/stepienybarno.es\/blog\/wp-json\/wp\/v2\/types\/post"}],"author":[{"embeddable":true,"href":"https:\/\/stepienybarno.es\/blog\/wp-json\/wp\/v2\/users\/9"}],"replies":[{"embeddable":true,"href":"https:\/\/stepienybarno.es\/blog\/wp-json\/wp\/v2\/comments?post=23866"}],"version-history":[{"count":1,"href":"https:\/\/stepienybarno.es\/blog\/wp-json\/wp\/v2\/posts\/23866\/revisions"}],"predecessor-version":[{"id":23868,"href":"https:\/\/stepienybarno.es\/blog\/wp-json\/wp\/v2\/posts\/23866\/revisions\/23868"}],"wp:featuredmedia":[{"embeddable":true,"href":"https:\/\/stepienybarno.es\/blog\/wp-json\/wp\/v2\/media\/23867"}],"wp:attachment":[{"href":"https:\/\/stepienybarno.es\/blog\/wp-json\/wp\/v2\/media?parent=23866"}],"wp:term":[{"taxonomy":"category","embeddable":true,"href":"https:\/\/stepienybarno.es\/blog\/wp-json\/wp\/v2\/categories?post=23866"},{"taxonomy":"post_tag","embeddable":true,"href":"https:\/\/stepienybarno.es\/blog\/wp-json\/wp\/v2\/tags?post=23866"},{"taxonomy":"series","embeddable":true,"href":"https:\/\/stepienybarno.es\/blog\/wp-json\/wp\/v2\/series?post=23866"}],"curies":[{"name":"wp","href":"https:\/\/api.w.org\/{rel}","templated":true}]}}