{"id":24131,"date":"2016-09-21T20:15:19","date_gmt":"2016-09-21T18:15:19","guid":{"rendered":"https:\/\/www.stepienybarno.es\/blog\/?p=24131"},"modified":"2016-09-21T10:30:47","modified_gmt":"2016-09-21T08:30:47","slug":"peter-behrens-y-su-legado-al-diseno-grafico","status":"publish","type":"post","link":"https:\/\/stepienybarno.es\/blog\/2016\/09\/21\/peter-behrens-y-su-legado-al-diseno-grafico\/","title":{"rendered":"PETER BEHRENS Y SU LEGADO AL DISE\u00d1O GR\u00c1FICO"},"content":{"rendered":"<p><img loading=\"lazy\" decoding=\"async\" class=\"alignnone size-full wp-image-24132 aligncenter\" src=\"https:\/\/stepienybarno.es\/blog\/wp-content\/uploads\/2016\/09\/stepienybarno-blog-stepien-y-barno-arquitectura-golpe-visual-gaston-acebedo-peter-berhrens.jpg\" alt=\"stepienybarno-blog-stepien-y-barno-arquitectura-golpe-visual-gaston-acebedo-peter-berhrens\" width=\"500\" height=\"140\" srcset=\"https:\/\/stepienybarno.es\/blog\/wp-content\/uploads\/2016\/09\/stepienybarno-blog-stepien-y-barno-arquitectura-golpe-visual-gaston-acebedo-peter-berhrens.jpg 500w, https:\/\/stepienybarno.es\/blog\/wp-content\/uploads\/2016\/09\/stepienybarno-blog-stepien-y-barno-arquitectura-golpe-visual-gaston-acebedo-peter-berhrens-180x50.jpg 180w, https:\/\/stepienybarno.es\/blog\/wp-content\/uploads\/2016\/09\/stepienybarno-blog-stepien-y-barno-arquitectura-golpe-visual-gaston-acebedo-peter-berhrens-316x88.jpg 316w\" sizes=\"(max-width: 500px) 100vw, 500px\" \/><\/p>\n<p><strong>Por \u00a0Gaston Acevedo\u00a0<\/strong><\/p>\n<p style=\"text-align: justify;\"><strong>Desde <a href=\"http:\/\/www.golpevisual.com\/\" target=\"_blank\">Golpe Visual<\/a><\/strong><\/p>\n<p style=\"text-align: justify;\"><!--more--><\/p>\n<p style=\"text-align: justify;\">\u201cRe ordenando mis cat\u00e1logos de im\u00e1genes hoy me re encontr\u00e9 con uno de mis dise\u00f1adores industriales preferidos me acord\u00e9 de un detalle importante que me antoj\u00f3 a hablar sobre el, pero solamente de un tema en particular ya que en este blog no suelo hablar de dise\u00f1o industrial ni arquitectura. \u00bfQu\u00e9 tema? Su aporte al dise\u00f1o gr\u00e1fico y la creaci\u00f3n del concepto de\u00a0<strong>imagen corporativa<\/strong>. Peter Behrens (1868\u20131940 Hamburgo) es considerado por muchos como el padre del dise\u00f1o industrial y uno de los pioneros del dise\u00f1o moderno.<\/p>\n<p style=\"text-align: justify;\">Como varios de los grandes dise\u00f1adores de su \u00e9poca se desempe\u00f1aba en varias disciplinas art\u00edsticas como la fotograf\u00eda, pintura, dibujo publicitario, arquitectura, para luego abocarse al dise\u00f1ador industrial. Famoso en el campo del dise\u00f1o gr\u00e1fico por ser\u00a0<strong>el primer dise\u00f1ador en desarrollar el concepto y dise\u00f1ar la primer \u201cimagen corporativa\u201d de la historia<\/strong>, lo que consideraba el \u201calma de toda empresa\u201d, aplicando un estilo definido a todas las expresiones visuales de la AEG, la primer empresa que contrat\u00f3 sus servicios como asesor art\u00edstico. No solo dise\u00f1\u00f3 su imagen y papeler\u00eda, sino tambi\u00e9n sus f\u00e1bricas, productos, afiches publicitarios, incluso los muebles de las oficinas y las viviendas de los trabajadores!! Eso es tener un buen cliente!! (\u2026)\u201d<\/p>\n<p>&nbsp;<\/p>\n<p style=\"text-align: center;\"><strong>Accede al art\u00edculo, <a href=\"http:\/\/www.golpevisual.com\/blog\/peter-behrens-y-su-legado-al-diseno-grafico.html\" target=\"_blank\">AQU\u00cd<\/a><\/strong><\/p>\n<p>&nbsp;<\/p>\n<p><em>\u00a0<\/em><\/p>\n<p style=\"text-align: justify;\"><span style=\"color: #999999;\"><em>Noticia seleccionada por el Canal de arquitectura STEPIENYBARNO.<\/em><\/span><\/p>\n<p style=\"text-align: justify;\"><a href=\"https:\/\/twitter.com\/stepienybarno\"><em>STEPIENYBARNO EN TWITTER _ @stepienybarno<\/em><\/a><\/p>\n<p style=\"text-align: justify;\"><a href=\"http:\/\/www.linkedin.com\/company\/stepienybarno\"><em>STEPIENYBARNO EN LINKEDIN<\/em><\/a><\/p>\n<p style=\"text-align: justify;\"><a href=\"https:\/\/www.facebook.com\/pages\/BLOG-DE-STEPIENYBARNO\/78001079029\"><em>STEPIENYBARNO EN FACEBOOK<\/em><\/a><\/p>\n<p style=\"text-align: justify;\"><span style=\"color: #999999;\"><em>*Stepienybarno est\u00e1 formado por Agnieszka Stepien y Lorenzo Barn\u00f3 y desde mayo del 2009 estamos en la red con\u00a0 la presente publicaci\u00f3n digital (Blog) de arquitectura.<\/em><\/span><\/p>\n<p style=\"text-align: justify;\"><span style=\"color: #999999;\"><em>Nuestra actividad se sustenta en tres pilares b\u00e1sicos: la investigaci\u00f3n, la publicaci\u00f3n (comunicaci\u00f3n y difusi\u00f3n) y la redacci\u00f3n de proyectos de arquitectura.<\/em><\/span><\/p>\n<p style=\"text-align: justify;\"><span style=\"color: #999999;\"><em>A su vez, somos socios cofundadores de<\/em><\/span><em>\u00a0<\/em><a href=\"http:\/\/sinergiasostenible.org\/\"><em>SINERGIA SOSTENIBLE<\/em><\/a><span style=\"color: #999999;\"><em>, redactores de<\/em><em>\u00a0<\/em><\/span><a href=\"http:\/\/www.laciudadviva.org\/blogs\/?author=45\"><em>LA CIUDAD VIVA<\/em><\/a><em>\u00a0<\/em><span style=\"color: #999999;\"><em>y directores del blog de<\/em><\/span><em>\u00a0<\/em><a href=\"http:\/\/blogfundacion.arquia.es\/\"><em>FUNDACI\u00d3N ARQUIA<span style=\"color: #999999;\">.<\/span><\/em><\/a><\/p>\n<p style=\"text-align: justify;\"><span style=\"color: #999999;\"><em>* Los editores de esta publicaci\u00f3n digital no nos hacemos cargo de de los comentarios y\u00a0 conceptos vertidos en los textos firmados por otras personas, siendo \u00e9stos de responsabilidad exclusiva de sus autores.<\/em><\/span><\/p>\n<p style=\"text-align: justify;\"><span style=\"color: #999999;\"><em>* Tu comentario podr\u00e1 ser moderado, por lo tanto, aunque aparezca inmediatamente al ser publicado en la entrada, los editores de esta publicaci\u00f3n digital nos reservamos el derecho tanto de editarlo (si fuera necesario, para hacerlo m\u00e1s legible) como de eliminarlo en el caso de que se usen expresiones incorrectas (descalificaciones, palabras malsonantes\u2026). A su vez, si quieres comentar desde el anonimato puedes hacerlo, aunque, nosotros personalmente, agradecemos que tod@s nos podamos identificar.<\/em><\/span><\/p>\n","protected":false},"excerpt":{"rendered":"<p>Por \u00a0Gaston Acevedo\u00a0 Desde Golpe Visual<\/p>\n","protected":false},"author":9,"featured_media":24132,"comment_status":"open","ping_status":"closed","sticky":false,"template":"","format":"standard","meta":{"om_disable_all_campaigns":false,"_monsterinsights_skip_tracking":false,"_monsterinsights_sitenote_active":false,"_monsterinsights_sitenote_note":"","_monsterinsights_sitenote_category":0,"_uf_show_specific_survey":0,"_uf_disable_surveys":false,"episode_type":"","audio_file":"","cover_image":"","cover_image_id":"","duration":"","filesize":"","date_recorded":"","explicit":"","block":"","filesize_raw":"","footnotes":""},"categories":[244],"tags":[4653,4654,2994],"series":[],"class_list":["post-24131","post","type-post","status-publish","format-standard","has-post-thumbnail","hentry","category-canal-de-arquitectura","tag-gaston-acebedo","tag-golpe-visual","tag-peter-behrens"],"aioseo_notices":[],"episode_featured_image":"https:\/\/stepienybarno.es\/blog\/wp-content\/uploads\/2016\/09\/stepienybarno-blog-stepien-y-barno-arquitectura-golpe-visual-gaston-acebedo-peter-berhrens.jpg","episode_player_image":"https:\/\/stepienybarno.es\/blog\/wp-content\/uploads\/2020\/11\/stepienybarno-podcast-scaled.jpg","download_link":"","player_link":"","audio_player":false,"episode_data":{"playerMode":"dark","subscribeUrls":[],"rssFeedUrl":"https:\/\/stepienybarno.es\/blog\/feed\/podcast\/podcast-de-stepienybarno","embedCode":"<blockquote class=\"wp-embedded-content\" data-secret=\"AlFyK21IHV\"><a href=\"https:\/\/stepienybarno.es\/blog\/2016\/09\/21\/peter-behrens-y-su-legado-al-diseno-grafico\/\">PETER BEHRENS Y SU LEGADO AL DISE\u00d1O GR\u00c1FICO<\/a><\/blockquote><iframe sandbox=\"allow-scripts\" security=\"restricted\" src=\"https:\/\/stepienybarno.es\/blog\/2016\/09\/21\/peter-behrens-y-su-legado-al-diseno-grafico\/embed\/#?secret=AlFyK21IHV\" width=\"500\" height=\"350\" title=\"\u00abPETER BEHRENS Y SU LEGADO AL DISE\u00d1O GR\u00c1FICO\u00bb \u2014 Blog de STEPIEN Y BARNO - publicaci\u00f3n digital sobre arquitectura\" data-secret=\"AlFyK21IHV\" frameborder=\"0\" marginwidth=\"0\" marginheight=\"0\" scrolling=\"no\" class=\"wp-embedded-content\"><\/iframe><script type=\"text\/javascript\">\n\/* <![CDATA[ *\/\n\/*! This file is auto-generated *\/\n!function(d,l){\"use strict\";l.querySelector&&d.addEventListener&&\"undefined\"!=typeof URL&&(d.wp=d.wp||{},d.wp.receiveEmbedMessage||(d.wp.receiveEmbedMessage=function(e){var t=e.data;if((t||t.secret||t.message||t.value)&&!\/[^a-zA-Z0-9]\/.test(t.secret)){for(var s,r,n,a=l.querySelectorAll('iframe[data-secret=\"'+t.secret+'\"]'),o=l.querySelectorAll('blockquote[data-secret=\"'+t.secret+'\"]'),c=new RegExp(\"^https?:$\",\"i\"),i=0;i<o.length;i++)o[i].style.display=\"none\";for(i=0;i<a.length;i++)s=a[i],e.source===s.contentWindow&&(s.removeAttribute(\"style\"),\"height\"===t.message?(1e3<(r=parseInt(t.value,10))?r=1e3:~~r<200&&(r=200),s.height=r):\"link\"===t.message&&(r=new URL(s.getAttribute(\"src\")),n=new URL(t.value),c.test(n.protocol))&&n.host===r.host&&l.activeElement===s&&(d.top.location.href=t.value))}},d.addEventListener(\"message\",d.wp.receiveEmbedMessage,!1),l.addEventListener(\"DOMContentLoaded\",function(){for(var e,t,s=l.querySelectorAll(\"iframe.wp-embedded-content\"),r=0;r<s.length;r++)(t=(e=s[r]).getAttribute(\"data-secret\"))||(t=Math.random().toString(36).substring(2,12),e.src+=\"#?secret=\"+t,e.setAttribute(\"data-secret\",t)),e.contentWindow.postMessage({message:\"ready\",secret:t},\"*\")},!1)))}(window,document);\n\/* ]]> *\/\n<\/script>\n"},"_links":{"self":[{"href":"https:\/\/stepienybarno.es\/blog\/wp-json\/wp\/v2\/posts\/24131"}],"collection":[{"href":"https:\/\/stepienybarno.es\/blog\/wp-json\/wp\/v2\/posts"}],"about":[{"href":"https:\/\/stepienybarno.es\/blog\/wp-json\/wp\/v2\/types\/post"}],"author":[{"embeddable":true,"href":"https:\/\/stepienybarno.es\/blog\/wp-json\/wp\/v2\/users\/9"}],"replies":[{"embeddable":true,"href":"https:\/\/stepienybarno.es\/blog\/wp-json\/wp\/v2\/comments?post=24131"}],"version-history":[{"count":2,"href":"https:\/\/stepienybarno.es\/blog\/wp-json\/wp\/v2\/posts\/24131\/revisions"}],"predecessor-version":[{"id":24134,"href":"https:\/\/stepienybarno.es\/blog\/wp-json\/wp\/v2\/posts\/24131\/revisions\/24134"}],"wp:featuredmedia":[{"embeddable":true,"href":"https:\/\/stepienybarno.es\/blog\/wp-json\/wp\/v2\/media\/24132"}],"wp:attachment":[{"href":"https:\/\/stepienybarno.es\/blog\/wp-json\/wp\/v2\/media?parent=24131"}],"wp:term":[{"taxonomy":"category","embeddable":true,"href":"https:\/\/stepienybarno.es\/blog\/wp-json\/wp\/v2\/categories?post=24131"},{"taxonomy":"post_tag","embeddable":true,"href":"https:\/\/stepienybarno.es\/blog\/wp-json\/wp\/v2\/tags?post=24131"},{"taxonomy":"series","embeddable":true,"href":"https:\/\/stepienybarno.es\/blog\/wp-json\/wp\/v2\/series?post=24131"}],"curies":[{"name":"wp","href":"https:\/\/api.w.org\/{rel}","templated":true}]}}