{"id":24403,"date":"2016-10-13T08:10:18","date_gmt":"2016-10-13T06:10:18","guid":{"rendered":"https:\/\/www.stepienybarno.es\/blog\/?p=24403"},"modified":"2023-06-14T11:33:36","modified_gmt":"2023-06-14T09:33:36","slug":"entrevista-con-cruz-y-ortiz","status":"publish","type":"post","link":"https:\/\/stepienybarno.es\/blog\/2016\/10\/13\/entrevista-con-cruz-y-ortiz\/","title":{"rendered":"ENTREVISTA CON CRUZ Y ORTIZ"},"content":{"rendered":"<p><img loading=\"lazy\" decoding=\"async\" class=\"alignnone size-full wp-image-24404 aligncenter\" src=\"https:\/\/stepienybarno.es\/blog\/wp-content\/uploads\/2016\/10\/stepienybarno-blog-stepien-y-barno-veredes-cruz-y-ortiza-alberto-alonso-paz-molinari.jpg\" alt=\"stepienybarno-blog-stepien-y-barno-veredes-cruz-y-ortiza-alberto-alonso-paz-molinari\" width=\"500\" height=\"226\" srcset=\"https:\/\/stepienybarno.es\/blog\/wp-content\/uploads\/2016\/10\/stepienybarno-blog-stepien-y-barno-veredes-cruz-y-ortiza-alberto-alonso-paz-molinari.jpg 500w, https:\/\/stepienybarno.es\/blog\/wp-content\/uploads\/2016\/10\/stepienybarno-blog-stepien-y-barno-veredes-cruz-y-ortiza-alberto-alonso-paz-molinari-180x81.jpg 180w, https:\/\/stepienybarno.es\/blog\/wp-content\/uploads\/2016\/10\/stepienybarno-blog-stepien-y-barno-veredes-cruz-y-ortiza-alberto-alonso-paz-molinari-316x143.jpg 316w\" sizes=\"(max-width: 500px) 100vw, 500px\" \/><\/p>\n<p><strong>Por <a href=\"https:\/\/twitter.com\/AAlonsoOro\" target=\"_blank\" rel=\"noopener\">Alberto Alonso<\/a> y <a href=\"https:\/\/twitter.com\/arqapaz\" target=\"_blank\" rel=\"noopener\">Paz Molinari<\/a><\/strong><\/p>\n<p><strong>Desde <a href=\"http:\/\/veredes.es\/\" target=\"_blank\" rel=\"noopener\">Veredes<\/a><\/strong><\/p>\n<p><!--more--><\/p>\n<p style=\"text-align: justify;\">\u201cLa singularidad de la exposici\u00f3n retrospectiva titulada\u00a0<strong style=\"font-style: inherit;\">\u201c<a style=\"font-style: inherit; font-weight: inherit;\" href=\"http:\/\/www.fundacionico.es\/museo-ico\/exposiciones\/exposicion-actual\/exposicion-actual.html\" target=\"_blank\" rel=\"noopener\">Cruz y Ortiz 1\/200\u20261\/2000<\/a>\u201d<\/strong>\u00a0de la obra del estudio\u00a0<strong style=\"font-style: inherit;\">Cruz y Ortiz Arquitectos<\/strong>\u00a0se podr\u00eda definir claramente con este t\u00edtulo, representado en las palabras del comisario de la exposici\u00f3n\u00a0<strong style=\"font-style: inherit;\">Jes\u00fas Ulargui Agurruza<\/strong>, arquitecto y profesor de Proyectos de la ETSAM desde 1993.<\/p>\n<p style=\"text-align: justify;\">La observaci\u00f3n en el proceso del pensamiento proyectual emerge a medida que se recorren las mesas con el material expuesto, puesto que nos encontramos con maquetas de\u00a0<strong style=\"font-style: inherit;\">dos escalas diferentes<\/strong>; 1:200, escala que nos invita a acercarnos, y recorrer visualmente el espacio interior de una obra o bien a 1:2000, escala que nos pone de manifiesto una idea o hilo conductor en la ejecuci\u00f3n de un proyecto con la s\u00edntesis como aliada.<\/p>\n<p style=\"font-weight: inherit; text-align: justify;\"><em>\u201cSu arquitectura se caracteriza por el rigor, la sobriedad y la preocupaci\u00f3n por el proceso constructivo, caracter\u00edsticas que hacen a su obra merecedora de una mirada detallada\u201d.<\/em><\/p>\n<p style=\"font-weight: inherit; text-align: justify;\"><em>M\u00f3nica de Linos, Directora de la Fundaci\u00f3n ICO.<\/em><\/p>\n<p style=\"text-align: justify;\">Forman parte de las mesas alargadas donde se exhiben los 50 proyectos del estudio a lo largo de m\u00e1s de 40 a\u00f1os de trayectoria profesional, los croquis a mano alzada y los planos representativos de cada uno de los proyectos u obras. La participaci\u00f3n de los croquis tambi\u00e9n sostendr\u00e1 y avalar\u00e1 el t\u00edtulo con el que inici\u00e1bamos este breve comentario.<\/p>\n<p style=\"text-align: justify;\">Durante la rueda de prensa M\u00f3nica de Linos puso especial \u00e9nfasis en dos proyectos de inter\u00e9s para el\u00a0<a style=\"font-style: inherit; font-weight: inherit;\" href=\"http:\/\/www.fundacionico.es\/museo-ico.html\" target=\"_blank\" rel=\"noopener\">Museo ICO<\/a>:<\/p>\n<p style=\"text-align: justify;\">\u2013\u00a0<a style=\"font-style: inherit; font-weight: inherit;\" href=\"http:\/\/www.cruzyortiz.com\/portfolio\/the-rijksmuseum\/\" target=\"_blank\" rel=\"noopener\">The Rijksmuseum<\/a>, Amsterdam, por el ejercicio de reflexi\u00f3n de lo que un museo debe ser.<\/p>\n<p style=\"text-align: justify;\">\u2013\u00a0<a style=\"font-style: inherit; font-weight: inherit;\" href=\"http:\/\/www.cruzyortiz.com\/portfolio\/estadio-de-futbol-del-club-atletico-de-madrid\/\" target=\"_blank\" rel=\"noopener\">Estadio del Atl\u00e9tico de Madrid<\/a>, por la intervenci\u00f3n del estudio en la historia urban\u00edstica de Madrid (\u2026)\u201d<\/p>\n<p>&nbsp;<\/p>\n<p><strong>\u00a0<\/strong><\/p>\n<p style=\"text-align: center;\"><strong>Acceder a la entrevista, <a href=\"http:\/\/veredes.es\/blog\/entrevista-cruz-ortiz\/?platform=hootsuite\" target=\"_blank\" rel=\"noopener\">AQU\u00cd<\/a><\/strong><strong>\u00a0<\/strong><\/p>\n<p><strong>\u00a0<\/strong><\/p>\n<p><strong>\u00a0<\/strong><\/p>\n<p style=\"text-align: justify;\"><span style=\"color: #999999;\">Noticia seleccionada por el Canal de arquitectura STEPIENYBARNO.<\/span><\/p>\n<p style=\"text-align: justify;\">STEPIENYBARNO EN TWITTER _\u00a0<a href=\"https:\/\/twitter.com\/\">@stepienybarno<\/a><\/p>\n<p style=\"text-align: justify;\"><a href=\"http:\/\/www.linkedin.com\/company\/stepienybarno\">STEPIENYBARNO EN LINKEDIN<\/a><\/p>\n<p style=\"text-align: justify;\"><a href=\"https:\/\/www.facebook.com\/pages\/BLOG-DE-STEPIENYBARNO\/78001079029?fref=ts\">STEPIENYBARNO EN FACEBOOK<\/a><\/p>\n<p style=\"text-align: justify;\"><span style=\"color: #999999;\">*Stepienybarno est\u00e1 formado por Agnieszka Stepien y Lorenzo Barn\u00f3 y desde mayo del 2009 estamos en la red con\u00a0 la presente publicaci\u00f3n digital (Blog) de arquitectura.<\/span><\/p>\n<p style=\"text-align: justify;\"><span style=\"color: #999999;\">Nuestra actividad se sustenta en tres pilares b\u00e1sicos: la investigaci\u00f3n, la publicaci\u00f3n (comunicaci\u00f3n y difusi\u00f3n) y la redacci\u00f3n de proyectos de arquitectura.<\/span><\/p>\n<p style=\"text-align: justify;\"><span style=\"color: #999999;\">A su vez, somos socios cofundadores de<\/span>\u00a0<a href=\"http:\/\/sinergiasostenible.org\/\">SINERGIA SOSTENIBLE<\/a><span style=\"color: #999999;\">, redactores de<\/span>\u00a0<a href=\"http:\/\/www.laciudadviva.org\/blogs\/?author=45\">LA CIUDAD VIVA<\/a><span style=\"color: #999999;\">\u00a0y directores del blog de\u00a0<\/span><a href=\"http:\/\/blogfundacion.arquia.es\/\">FUNDACI\u00d3N ARQUIA<\/a><span style=\"color: #999999;\">.<\/span><\/p>\n<p style=\"text-align: justify;\"><span style=\"color: #999999;\">* Los editores de esta publicaci\u00f3n digital no nos hacemos cargo de de los comentarios y\u00a0 conceptos vertidos en los textos firmados por otras personas, siendo \u00e9stos de responsabilidad exclusiva de sus autores.<\/span><\/p>\n<p style=\"text-align: justify;\"><span style=\"color: #999999;\">* Tu comentario podr\u00e1 ser moderado, por lo tanto, aunque aparezca inmediatamente al ser publicado en la entrada, los editores de esta publicaci\u00f3n digital nos reservamos el derecho tanto de editarlo (si fuera necesario, para hacerlo m\u00e1s legible) como de eliminarlo en el caso de que se usen expresiones incorrectas (descalificaciones, palabras malsonantes\u2026). A su vez, si quieres comentar desde el anonimato puedes hacerlo, aunque, nosotros personalmente, agradecemos que tod@s nos podamos identificar.<\/span><\/p>\n","protected":false},"excerpt":{"rendered":"<p>Por Alberto Alonso y Paz Molinari Desde Veredes<\/p>\n","protected":false},"author":9,"featured_media":24404,"comment_status":"open","ping_status":"closed","sticky":false,"template":"","format":"standard","meta":{"om_disable_all_campaigns":false,"_monsterinsights_skip_tracking":false,"_monsterinsights_sitenote_active":false,"_monsterinsights_sitenote_note":"","_monsterinsights_sitenote_category":0,"_uf_show_specific_survey":0,"_uf_disable_surveys":false,"episode_type":"","audio_file":"","cover_image":"","cover_image_id":"","duration":"","filesize":"","date_recorded":"","explicit":"","block":"","filesize_raw":"","footnotes":""},"categories":[244],"tags":[5075,541,3690,4101,2765],"series":[],"class_list":["post-24403","post","type-post","status-publish","format-standard","has-post-thumbnail","hentry","category-canal-de-arquitectura","tag-alberto-alonso-oro","tag-cruz-y-ortiz","tag-museo-ico","tag-paz-molinari","tag-veredes-arquitectura-y-divulgacion"],"aioseo_notices":[],"episode_featured_image":"https:\/\/stepienybarno.es\/blog\/wp-content\/uploads\/2016\/10\/stepienybarno-blog-stepien-y-barno-veredes-cruz-y-ortiza-alberto-alonso-paz-molinari.jpg","episode_player_image":"https:\/\/stepienybarno.es\/blog\/wp-content\/uploads\/2020\/11\/stepienybarno-podcast-scaled.jpg","download_link":"","player_link":"","audio_player":false,"episode_data":{"playerMode":"dark","subscribeUrls":[],"rssFeedUrl":"https:\/\/stepienybarno.es\/blog\/feed\/podcast\/podcast-de-stepienybarno","embedCode":"<blockquote class=\"wp-embedded-content\" data-secret=\"oxupKPrLIM\"><a href=\"https:\/\/stepienybarno.es\/blog\/2016\/10\/13\/entrevista-con-cruz-y-ortiz\/\">ENTREVISTA CON CRUZ Y ORTIZ<\/a><\/blockquote><iframe sandbox=\"allow-scripts\" security=\"restricted\" src=\"https:\/\/stepienybarno.es\/blog\/2016\/10\/13\/entrevista-con-cruz-y-ortiz\/embed\/#?secret=oxupKPrLIM\" width=\"500\" height=\"350\" title=\"\u00abENTREVISTA CON CRUZ Y ORTIZ\u00bb \u2014 Blog de STEPIEN Y BARNO - publicaci\u00f3n digital sobre arquitectura\" data-secret=\"oxupKPrLIM\" frameborder=\"0\" marginwidth=\"0\" marginheight=\"0\" scrolling=\"no\" class=\"wp-embedded-content\"><\/iframe><script type=\"text\/javascript\">\n\/* <![CDATA[ *\/\n\/*! This file is auto-generated *\/\n!function(d,l){\"use strict\";l.querySelector&&d.addEventListener&&\"undefined\"!=typeof URL&&(d.wp=d.wp||{},d.wp.receiveEmbedMessage||(d.wp.receiveEmbedMessage=function(e){var t=e.data;if((t||t.secret||t.message||t.value)&&!\/[^a-zA-Z0-9]\/.test(t.secret)){for(var s,r,n,a=l.querySelectorAll('iframe[data-secret=\"'+t.secret+'\"]'),o=l.querySelectorAll('blockquote[data-secret=\"'+t.secret+'\"]'),c=new RegExp(\"^https?:$\",\"i\"),i=0;i<o.length;i++)o[i].style.display=\"none\";for(i=0;i<a.length;i++)s=a[i],e.source===s.contentWindow&&(s.removeAttribute(\"style\"),\"height\"===t.message?(1e3<(r=parseInt(t.value,10))?r=1e3:~~r<200&&(r=200),s.height=r):\"link\"===t.message&&(r=new URL(s.getAttribute(\"src\")),n=new URL(t.value),c.test(n.protocol))&&n.host===r.host&&l.activeElement===s&&(d.top.location.href=t.value))}},d.addEventListener(\"message\",d.wp.receiveEmbedMessage,!1),l.addEventListener(\"DOMContentLoaded\",function(){for(var e,t,s=l.querySelectorAll(\"iframe.wp-embedded-content\"),r=0;r<s.length;r++)(t=(e=s[r]).getAttribute(\"data-secret\"))||(t=Math.random().toString(36).substring(2,12),e.src+=\"#?secret=\"+t,e.setAttribute(\"data-secret\",t)),e.contentWindow.postMessage({message:\"ready\",secret:t},\"*\")},!1)))}(window,document);\n\/* ]]> *\/\n<\/script>\n"},"_links":{"self":[{"href":"https:\/\/stepienybarno.es\/blog\/wp-json\/wp\/v2\/posts\/24403"}],"collection":[{"href":"https:\/\/stepienybarno.es\/blog\/wp-json\/wp\/v2\/posts"}],"about":[{"href":"https:\/\/stepienybarno.es\/blog\/wp-json\/wp\/v2\/types\/post"}],"author":[{"embeddable":true,"href":"https:\/\/stepienybarno.es\/blog\/wp-json\/wp\/v2\/users\/9"}],"replies":[{"embeddable":true,"href":"https:\/\/stepienybarno.es\/blog\/wp-json\/wp\/v2\/comments?post=24403"}],"version-history":[{"count":2,"href":"https:\/\/stepienybarno.es\/blog\/wp-json\/wp\/v2\/posts\/24403\/revisions"}],"predecessor-version":[{"id":58672,"href":"https:\/\/stepienybarno.es\/blog\/wp-json\/wp\/v2\/posts\/24403\/revisions\/58672"}],"wp:featuredmedia":[{"embeddable":true,"href":"https:\/\/stepienybarno.es\/blog\/wp-json\/wp\/v2\/media\/24404"}],"wp:attachment":[{"href":"https:\/\/stepienybarno.es\/blog\/wp-json\/wp\/v2\/media?parent=24403"}],"wp:term":[{"taxonomy":"category","embeddable":true,"href":"https:\/\/stepienybarno.es\/blog\/wp-json\/wp\/v2\/categories?post=24403"},{"taxonomy":"post_tag","embeddable":true,"href":"https:\/\/stepienybarno.es\/blog\/wp-json\/wp\/v2\/tags?post=24403"},{"taxonomy":"series","embeddable":true,"href":"https:\/\/stepienybarno.es\/blog\/wp-json\/wp\/v2\/series?post=24403"}],"curies":[{"name":"wp","href":"https:\/\/api.w.org\/{rel}","templated":true}]}}