{"id":24417,"date":"2016-10-14T08:43:43","date_gmt":"2016-10-14T06:43:43","guid":{"rendered":"https:\/\/www.stepienybarno.es\/blog\/?p=24417"},"modified":"2016-10-14T08:43:43","modified_gmt":"2016-10-14T06:43:43","slug":"cuales-son-las-claves-de-diseno-arquitectonico-de-un-espacio-de-yoga-y-meditacion","status":"publish","type":"post","link":"https:\/\/stepienybarno.es\/blog\/2016\/10\/14\/cuales-son-las-claves-de-diseno-arquitectonico-de-un-espacio-de-yoga-y-meditacion\/","title":{"rendered":"\u00bfCU\u00c1LES SON LAS CLAVES DE DISE\u00d1O ARQUITECT\u00d3NICO DE UN ESPACIO DE YOGA Y MEDITACI\u00d3N?"},"content":{"rendered":"<p><img loading=\"lazy\" decoding=\"async\" class=\"size-full wp-image-24418\" src=\"https:\/\/stepienybarno.es\/blog\/wp-content\/uploads\/2016\/10\/stepienybarno-blog-stepien-y-barno-plataforma-arquitectura-jose-tomas-franco-ayc-dx-arquitectos.jpg\" alt=\"\u00a9pabloblanco\" width=\"500\" height=\"333\" srcset=\"https:\/\/stepienybarno.es\/blog\/wp-content\/uploads\/2016\/10\/stepienybarno-blog-stepien-y-barno-plataforma-arquitectura-jose-tomas-franco-ayc-dx-arquitectos.jpg 500w, https:\/\/stepienybarno.es\/blog\/wp-content\/uploads\/2016\/10\/stepienybarno-blog-stepien-y-barno-plataforma-arquitectura-jose-tomas-franco-ayc-dx-arquitectos-180x120.jpg 180w, https:\/\/stepienybarno.es\/blog\/wp-content\/uploads\/2016\/10\/stepienybarno-blog-stepien-y-barno-plataforma-arquitectura-jose-tomas-franco-ayc-dx-arquitectos-316x210.jpg 316w\" sizes=\"(max-width: 500px) 100vw, 500px\" \/><\/p>\n<p style=\"text-align: center;\"><span style=\"color: #999999;\">AYC \/ DX Arquitectos. Santiago de Chile. Image\u00a0\u00a9pabloblanco<\/span><\/p>\n<p><strong>Por <a href=\"http:\/\/www.plataformaarquitectura.cl\/cl\/author\/jose-tomas-franco\" target=\"_blank\">Jos\u00e9 Tom\u00e1s Franco<\/a><\/strong><\/p>\n<p><strong>Desde <a href=\"http:\/\/www.plataformaarquitectura.cl\/\" target=\"_blank\">Plataforma Arquitectura<\/a><\/strong><\/p>\n<p><!--more--><\/p>\n<p style=\"text-align: justify;\">\u201cDesde hace\u00a0varias\u00a0d\u00e9cadas, una serie de\u00a0pr\u00e1cticas y t\u00e9cnicas orientales han llegado con fuerza a occidente. Un programa nuevo que como arquitectos nos toca empezar a resolver con mayor frecuencia, y que plantea interesantes desaf\u00edos desde el punto de vista funcional, ambiental y est\u00e9tico.<\/p>\n<p>Estas disciplinas \u00a0<strong style=\"font-style: inherit;\">se centran completamente en el ser humano<\/strong>, ya que buscan trabajar y satisfacer\u00a0sus necesidades f\u00edsicas, psicol\u00f3gicas y espirituales, y por eso nos parece importante analizar c\u00f3mo est\u00e1n siendo resueltas espacialmente por los arquitectos. Muchas de las operaciones adoptadas en estos espacios generan<strong>\u00a0<\/strong><strong>ambientes propicios para la reflexi\u00f3n, la introspecci\u00f3n y la sanaci\u00f3n<\/strong>, y por lo tanto podr\u00edan aplicarse tambi\u00e9n en otros programas relevantes, como la vivienda, los espacios educativos, hospitalarios y hasta en oficinas.<\/p>\n<p style=\"text-align: justify;\">La idea de este art\u00edculo es sacar lecciones de los mismos proyectos ya publicados en nuestro sitio, con el fin de realizar una especie de gu\u00eda de dise\u00f1o que ayude a\u00a0nuestra comunidad de lectores a referenciarse de manera efectiva.<\/p>\n<h3 style=\"text-align: justify;\">\u00a0Espacios<\/h3>\n<p style=\"text-align: justify;\">Aunque cada pr\u00e1ctica puede requerir\u00a0de caracter\u00edsticas espec\u00edficas, la mayor\u00eda se realiza en\u00a0un<strong>\u00a0<\/strong><strong>gran espacio central abierto<\/strong>, acompa\u00f1ado por una serie de recintos\u00a0de apoyo.<\/p>\n<ul style=\"text-align: justify;\">\n<li><strong>Sala principal<\/strong><\/li>\n<\/ul>\n<p style=\"text-align: justify;\">Este es el espacio central del edificio, donde se re\u00fanen las personas para realizar la pr\u00e1ctica, y generalmente es una\u00a0<strong style=\"font-style: inherit;\">planta libre, flexible y adaptable a diferentes usos<\/strong> (\u2026)\u201d<\/p>\n<p style=\"text-align: justify;\">\n<p style=\"text-align: justify;\"><strong>\u00a0<\/strong><\/p>\n<p style=\"text-align: center;\"><strong>Acceder al art\u00edculo, <\/strong><a href=\"http:\/\/www.plataformaarquitectura.cl\/cl\/796682\/cuales-son-las-claves-de-diseno-arquitectonico-de-un-espacio-de-yoga-y-meditacion\" target=\"_blank\">AQU\u00cd<\/a><\/p>\n<p><strong>\u00a0<\/strong><\/p>\n<p><strong>\u00a0<\/strong><\/p>\n<p style=\"text-align: justify;\"><span style=\"color: #999999;\">Noticia seleccionada por el Canal de arquitectura STEPIENYBARNO.<\/span><\/p>\n<p style=\"text-align: justify;\">STEPIENYBARNO EN TWITTER _\u00a0<a href=\"https:\/\/twitter.com\/\">@stepienybarno<\/a><\/p>\n<p style=\"text-align: justify;\"><a href=\"http:\/\/www.linkedin.com\/company\/stepienybarno\">STEPIENYBARNO EN LINKEDIN<\/a><\/p>\n<p style=\"text-align: justify;\"><a href=\"https:\/\/www.facebook.com\/pages\/BLOG-DE-STEPIENYBARNO\/78001079029?fref=ts\">STEPIENYBARNO EN FACEBOOK<\/a><\/p>\n<p style=\"text-align: justify;\"><span style=\"color: #999999;\">*Stepienybarno est\u00e1 formado por Agnieszka Stepien y Lorenzo Barn\u00f3 y desde mayo del 2009 estamos en la red con\u00a0 la presente publicaci\u00f3n digital (Blog) de arquitectura.<\/span><\/p>\n<p style=\"text-align: justify;\"><span style=\"color: #999999;\">Nuestra actividad se sustenta en tres pilares b\u00e1sicos: la investigaci\u00f3n, la publicaci\u00f3n (comunicaci\u00f3n y difusi\u00f3n) y la redacci\u00f3n de proyectos de arquitectura.<\/span><\/p>\n<p style=\"text-align: justify;\"><span style=\"color: #999999;\">A su vez, somos socios cofundadores de<\/span>\u00a0<a href=\"http:\/\/sinergiasostenible.org\/\">SINERGIA SOSTENIBLE<\/a><span style=\"color: #999999;\">, redactores de<\/span>\u00a0<a href=\"http:\/\/www.laciudadviva.org\/blogs\/?author=45\">LA CIUDAD VIVA<\/a><span style=\"color: #999999;\">\u00a0y directores del blog de<\/span>\u00a0<a href=\"http:\/\/blogfundacion.arquia.es\/\">FUNDACI\u00d3N ARQUIA<\/a><span style=\"color: #999999;\">.<\/span><\/p>\n<p style=\"text-align: justify;\"><span style=\"color: #999999;\">* Los editores de esta publicaci\u00f3n digital no nos hacemos cargo de de los comentarios y\u00a0 conceptos vertidos en los textos firmados por otras personas, siendo \u00e9stos de responsabilidad exclusiva de sus autores.<\/span><\/p>\n<p style=\"text-align: justify;\"><span style=\"color: #999999;\">* Tu comentario podr\u00e1 ser moderado, por lo tanto, aunque aparezca inmediatamente al ser publicado en la entrada, los editores de esta publicaci\u00f3n digital nos reservamos el derecho tanto de editarlo (si fuera necesario, para hacerlo m\u00e1s legible) como de eliminarlo en el caso de que se usen expresiones incorrectas (descalificaciones, palabras malsonantes\u2026). A su vez, si quieres comentar desde el anonimato puedes hacerlo, aunque, nosotros personalmente, agradecemos que tod@s nos podamos identificar.<\/span><\/p>\n","protected":false},"excerpt":{"rendered":"<p>AYC \/ DX Arquitectos. Santiago de Chile. Image\u00a0\u00a9pabloblanco Por Jos\u00e9<\/p>\n","protected":false},"author":9,"featured_media":24418,"comment_status":"open","ping_status":"closed","sticky":false,"template":"","format":"standard","meta":{"om_disable_all_campaigns":false,"_monsterinsights_skip_tracking":false,"_monsterinsights_sitenote_active":false,"_monsterinsights_sitenote_note":"","_monsterinsights_sitenote_category":0,"_uf_show_specific_survey":0,"_uf_disable_surveys":false,"episode_type":"","audio_file":"","cover_image":"","cover_image_id":"","duration":"","filesize":"","date_recorded":"","explicit":"","block":"","filesize_raw":"","footnotes":""},"categories":[244],"tags":[4729,2189,4728,921],"series":[],"class_list":["post-24417","post","type-post","status-publish","format-standard","has-post-thumbnail","hentry","category-canal-de-arquitectura","tag-ayc-dx-arquitectos","tag-jose-tomas-franco","tag-pablo-blanco","tag-plataforma-arquitectura"],"aioseo_notices":[],"episode_featured_image":"https:\/\/stepienybarno.es\/blog\/wp-content\/uploads\/2016\/10\/stepienybarno-blog-stepien-y-barno-plataforma-arquitectura-jose-tomas-franco-ayc-dx-arquitectos.jpg","episode_player_image":"https:\/\/stepienybarno.es\/blog\/wp-content\/uploads\/2020\/11\/stepienybarno-podcast-scaled.jpg","download_link":"","player_link":"","audio_player":false,"episode_data":{"playerMode":"dark","subscribeUrls":[],"rssFeedUrl":"https:\/\/stepienybarno.es\/blog\/feed\/podcast\/podcast-de-stepienybarno","embedCode":"<blockquote class=\"wp-embedded-content\" data-secret=\"oQb2dLbr54\"><a href=\"https:\/\/stepienybarno.es\/blog\/2016\/10\/14\/cuales-son-las-claves-de-diseno-arquitectonico-de-un-espacio-de-yoga-y-meditacion\/\">\u00bfCU\u00c1LES SON LAS CLAVES DE DISE\u00d1O ARQUITECT\u00d3NICO DE UN ESPACIO DE YOGA Y MEDITACI\u00d3N?<\/a><\/blockquote><iframe sandbox=\"allow-scripts\" security=\"restricted\" src=\"https:\/\/stepienybarno.es\/blog\/2016\/10\/14\/cuales-son-las-claves-de-diseno-arquitectonico-de-un-espacio-de-yoga-y-meditacion\/embed\/#?secret=oQb2dLbr54\" width=\"500\" height=\"350\" title=\"\u00ab\u00bfCU\u00c1LES SON LAS CLAVES DE DISE\u00d1O ARQUITECT\u00d3NICO DE UN ESPACIO DE YOGA Y MEDITACI\u00d3N?\u00bb \u2014 Blog de STEPIEN Y BARNO - publicaci\u00f3n digital sobre arquitectura\" data-secret=\"oQb2dLbr54\" frameborder=\"0\" marginwidth=\"0\" marginheight=\"0\" scrolling=\"no\" class=\"wp-embedded-content\"><\/iframe><script type=\"text\/javascript\">\n\/* <![CDATA[ *\/\n\/*! This file is auto-generated *\/\n!function(d,l){\"use strict\";l.querySelector&&d.addEventListener&&\"undefined\"!=typeof URL&&(d.wp=d.wp||{},d.wp.receiveEmbedMessage||(d.wp.receiveEmbedMessage=function(e){var t=e.data;if((t||t.secret||t.message||t.value)&&!\/[^a-zA-Z0-9]\/.test(t.secret)){for(var s,r,n,a=l.querySelectorAll('iframe[data-secret=\"'+t.secret+'\"]'),o=l.querySelectorAll('blockquote[data-secret=\"'+t.secret+'\"]'),c=new RegExp(\"^https?:$\",\"i\"),i=0;i<o.length;i++)o[i].style.display=\"none\";for(i=0;i<a.length;i++)s=a[i],e.source===s.contentWindow&&(s.removeAttribute(\"style\"),\"height\"===t.message?(1e3<(r=parseInt(t.value,10))?r=1e3:~~r<200&&(r=200),s.height=r):\"link\"===t.message&&(r=new URL(s.getAttribute(\"src\")),n=new URL(t.value),c.test(n.protocol))&&n.host===r.host&&l.activeElement===s&&(d.top.location.href=t.value))}},d.addEventListener(\"message\",d.wp.receiveEmbedMessage,!1),l.addEventListener(\"DOMContentLoaded\",function(){for(var e,t,s=l.querySelectorAll(\"iframe.wp-embedded-content\"),r=0;r<s.length;r++)(t=(e=s[r]).getAttribute(\"data-secret\"))||(t=Math.random().toString(36).substring(2,12),e.src+=\"#?secret=\"+t,e.setAttribute(\"data-secret\",t)),e.contentWindow.postMessage({message:\"ready\",secret:t},\"*\")},!1)))}(window,document);\n\/* ]]> *\/\n<\/script>\n"},"_links":{"self":[{"href":"https:\/\/stepienybarno.es\/blog\/wp-json\/wp\/v2\/posts\/24417"}],"collection":[{"href":"https:\/\/stepienybarno.es\/blog\/wp-json\/wp\/v2\/posts"}],"about":[{"href":"https:\/\/stepienybarno.es\/blog\/wp-json\/wp\/v2\/types\/post"}],"author":[{"embeddable":true,"href":"https:\/\/stepienybarno.es\/blog\/wp-json\/wp\/v2\/users\/9"}],"replies":[{"embeddable":true,"href":"https:\/\/stepienybarno.es\/blog\/wp-json\/wp\/v2\/comments?post=24417"}],"version-history":[{"count":2,"href":"https:\/\/stepienybarno.es\/blog\/wp-json\/wp\/v2\/posts\/24417\/revisions"}],"predecessor-version":[{"id":24420,"href":"https:\/\/stepienybarno.es\/blog\/wp-json\/wp\/v2\/posts\/24417\/revisions\/24420"}],"wp:featuredmedia":[{"embeddable":true,"href":"https:\/\/stepienybarno.es\/blog\/wp-json\/wp\/v2\/media\/24418"}],"wp:attachment":[{"href":"https:\/\/stepienybarno.es\/blog\/wp-json\/wp\/v2\/media?parent=24417"}],"wp:term":[{"taxonomy":"category","embeddable":true,"href":"https:\/\/stepienybarno.es\/blog\/wp-json\/wp\/v2\/categories?post=24417"},{"taxonomy":"post_tag","embeddable":true,"href":"https:\/\/stepienybarno.es\/blog\/wp-json\/wp\/v2\/tags?post=24417"},{"taxonomy":"series","embeddable":true,"href":"https:\/\/stepienybarno.es\/blog\/wp-json\/wp\/v2\/series?post=24417"}],"curies":[{"name":"wp","href":"https:\/\/api.w.org\/{rel}","templated":true}]}}