{"id":24475,"date":"2016-10-19T09:21:49","date_gmt":"2016-10-19T07:21:49","guid":{"rendered":"https:\/\/www.stepienybarno.es\/blog\/?p=24475"},"modified":"2016-10-17T17:42:22","modified_gmt":"2016-10-17T15:42:22","slug":"cuanto-debe-durar-una-casa","status":"publish","type":"post","link":"https:\/\/stepienybarno.es\/blog\/2016\/10\/19\/cuanto-debe-durar-una-casa\/","title":{"rendered":"\u00bfCU\u00c1NTO DEBE DURAR UNA CASA?"},"content":{"rendered":"<p><img loading=\"lazy\" decoding=\"async\" class=\"alignnone size-full wp-image-24476 aligncenter\" src=\"https:\/\/stepienybarno.es\/blog\/wp-content\/uploads\/2016\/10\/stepienybarno-blog-stepien-y-barno-arquitectura-el-pais-anatxu-zabalbeascoa.jpg\" alt=\"stepienybarno-blog-stepien-y-barno-arquitectura-el-pais-anatxu-zabalbeascoa\" width=\"500\" height=\"290\" srcset=\"https:\/\/stepienybarno.es\/blog\/wp-content\/uploads\/2016\/10\/stepienybarno-blog-stepien-y-barno-arquitectura-el-pais-anatxu-zabalbeascoa.jpg 500w, https:\/\/stepienybarno.es\/blog\/wp-content\/uploads\/2016\/10\/stepienybarno-blog-stepien-y-barno-arquitectura-el-pais-anatxu-zabalbeascoa-180x104.jpg 180w, https:\/\/stepienybarno.es\/blog\/wp-content\/uploads\/2016\/10\/stepienybarno-blog-stepien-y-barno-arquitectura-el-pais-anatxu-zabalbeascoa-316x183.jpg 316w\" sizes=\"(max-width: 500px) 100vw, 500px\" \/><\/p>\n<p><strong>Por\u00a0<a href=\"http:\/\/elpais.com\/autor\/anatxu_zabalbeascoa\/a\/\" target=\"_blank\">Anatxu Zabalbeascoa<\/a><\/strong><\/p>\n<p><strong>Desde <a href=\"http:\/\/elpais.com\/\" target=\"_blank\">El Pa\u00eds<\/a><\/strong><\/p>\n<p><!--more--><\/p>\n<p style=\"text-align: justify;\">\u201cLa tradici\u00f3n dom\u00e9stica japonesa pasaba por renovar las viviendas cada 20 a\u00f1os. Se cambiaban los suelos o los tejados por otros nuevos, pero id\u00e9nticos. De esa manera, all\u00ed las casas eran como los r\u00edos: siempre las mismas y siempre distintas a la vez. Durante el siglo XX esa costumbre se perdi\u00f3. Y hoy, la arquitecta norteamericana Naomi Pollock \u2013autora de la nueva monograf\u00eda sobre vivienda japonesa\u00a0<em>Jutaku<\/em>\u00a0(Phaidon)\u2013 estima que las casas m\u00e1s extravagantes del mundo se levantan en los terrenos cada vez m\u00e1s peque\u00f1os de la isla de Honshu para durar tan solo 30 a\u00f1os. Algo m\u00e1s que eso, medio siglo, fue lo que el dise\u00f1ador holand\u00e9s Gerrit Rietveld calcul\u00f3 que pod\u00eda durar la\u00a0<a href=\"http:\/\/centraalmuseum.nl\/en\/visit\/locations\/rietveld-schroder-house\/\" target=\"_blank\">Casa Schr\u00f6der<\/a>, la primera que \u00e9l levant\u00f3, en 1924, a las afueras de Utrecht. El arquitecto neoplasticista estaba convencido de que sobrepasadas las cinco d\u00e9cadas, los edificios dejaban de relacionarse con su tiempo. Pero est\u00e1 claro que se equivoc\u00f3.<\/p>\n<p style=\"text-align: justify;\">Truus Schr\u00f6der y Gerrit Rietveld se hab\u00edan conocido a trav\u00e9s del marido de la primera. El mueblista era tosco e intenso, hab\u00eda abolido toda ornamentaci\u00f3n de la antigua carpinter\u00eda de su padre. Ella era refinada y burguesa. Hab\u00eda dejado de lado sus estudios de farmacia para dedicarse al dise\u00f1o y quer\u00eda una habitaci\u00f3n propia. Ese fue el motivo por el que su marido, que era abogado, le present\u00f3 a Rietveld. Este le mostr\u00f3 su silla Red &amp; Blue \u2013un\u00a0<em>mondrian<\/em>\u00a0en tres dimensiones que parece construido con una baraja de cartas\u2013 y el entendimiento entre ambos fue instant\u00e1neo(\u2026)\u201d<\/p>\n<p>&nbsp;<\/p>\n<p><strong>\u00a0<\/strong><\/p>\n<p style=\"text-align: center;\"><strong>Acceder al art\u00edculo, <a href=\"http:\/\/elpais.com\/elpais\/2015\/12\/17\/eps\/1450367552_521710.html\" target=\"_blank\">AQU\u00cd<\/a><\/strong><strong>\u00a0<\/strong><\/p>\n<p><strong>\u00a0<\/strong><\/p>\n<p><span style=\"color: #999999;\"><strong>\u00a0<\/strong><\/span><\/p>\n<p style=\"text-align: justify;\"><span style=\"color: #999999;\">Noticia seleccionada por el Canal de arquitectura STEPIENYBARNO.<\/span><\/p>\n<p style=\"text-align: justify;\">STEPIENYBARNO EN TWITTER _\u00a0<a href=\"https:\/\/twitter.com\/\">@stepienybarno<\/a><\/p>\n<p style=\"text-align: justify;\"><a href=\"http:\/\/www.linkedin.com\/company\/stepienybarno\">STEPIENYBARNO EN LINKEDIN<\/a><\/p>\n<p style=\"text-align: justify;\"><a href=\"https:\/\/www.facebook.com\/pages\/BLOG-DE-STEPIENYBARNO\/78001079029?fref=ts\">STEPIENYBARNO EN FACEBOOK<\/a><\/p>\n<p style=\"text-align: justify;\"><span style=\"color: #999999;\">*Stepienybarno est\u00e1 formado por Agnieszka Stepien y Lorenzo Barn\u00f3 y desde mayo del 2009 estamos en la red con\u00a0 la presente publicaci\u00f3n digital (Blog) de arquitectura.<\/span><\/p>\n<p style=\"text-align: justify;\"><span style=\"color: #999999;\">Nuestra actividad se sustenta en tres pilares b\u00e1sicos: la investigaci\u00f3n, la publicaci\u00f3n (comunicaci\u00f3n y difusi\u00f3n) y la redacci\u00f3n de proyectos de arquitectura.<\/span><\/p>\n<p style=\"text-align: justify;\"><span style=\"color: #999999;\">A su vez, somos socios cofundadores de<\/span>\u00a0<a href=\"http:\/\/sinergiasostenible.org\/\">SINERGIA SOSTENIBLE<\/a><span style=\"color: #999999;\">, redactores de<\/span>\u00a0<a href=\"http:\/\/www.laciudadviva.org\/blogs\/?author=45\">LA CIUDAD VIVA<\/a><span style=\"color: #999999;\">\u00a0y directores del blog de<\/span>\u00a0<a href=\"http:\/\/blogfundacion.arquia.es\/\">FUNDACI\u00d3N ARQUIA<\/a><span style=\"color: #999999;\">.<\/span><\/p>\n<p style=\"text-align: justify;\"><span style=\"color: #999999;\">* Los editores de esta publicaci\u00f3n digital no nos hacemos cargo de de los comentarios y\u00a0 conceptos vertidos en los textos firmados por otras personas, siendo \u00e9stos de responsabilidad exclusiva de sus autores.<\/span><\/p>\n<p style=\"text-align: justify;\"><span style=\"color: #999999;\">* Tu comentario podr\u00e1 ser moderado, por lo tanto, aunque aparezca inmediatamente al ser publicado en la entrada, los editores de esta publicaci\u00f3n digital nos reservamos el derecho tanto de editarlo (si fuera necesario, para hacerlo m\u00e1s legible) como de eliminarlo en el caso de que se usen expresiones incorrectas (descalificaciones, palabras malsonantes\u2026). A su vez, si quieres comentar desde el anonimato puedes hacerlo, aunque, nosotros personalmente, agradecemos que tod@s nos podamos identificar.<\/span><\/p>\n","protected":false},"excerpt":{"rendered":"<p>Por\u00a0Anatxu Zabalbeascoa Desde El Pa\u00eds<\/p>\n","protected":false},"author":9,"featured_media":24476,"comment_status":"open","ping_status":"closed","sticky":false,"template":"","format":"standard","meta":{"om_disable_all_campaigns":false,"_monsterinsights_skip_tracking":false,"_monsterinsights_sitenote_active":false,"_monsterinsights_sitenote_note":"","_monsterinsights_sitenote_category":0,"_uf_show_specific_survey":0,"_uf_disable_surveys":false,"episode_type":"","audio_file":"","cover_image":"","cover_image_id":"","duration":"","filesize":"","date_recorded":"","explicit":"","block":"","filesize_raw":"","footnotes":""},"categories":[244],"tags":[253,443],"series":[],"class_list":["post-24475","post","type-post","status-publish","format-standard","has-post-thumbnail","hentry","category-canal-de-arquitectura","tag-anatxu-zabalbeascoa","tag-el-pais"],"aioseo_notices":[],"episode_featured_image":"https:\/\/stepienybarno.es\/blog\/wp-content\/uploads\/2016\/10\/stepienybarno-blog-stepien-y-barno-arquitectura-el-pais-anatxu-zabalbeascoa.jpg","episode_player_image":"https:\/\/stepienybarno.es\/blog\/wp-content\/uploads\/2020\/11\/stepienybarno-podcast-scaled.jpg","download_link":"","player_link":"","audio_player":false,"episode_data":{"playerMode":"dark","subscribeUrls":[],"rssFeedUrl":"https:\/\/stepienybarno.es\/blog\/feed\/podcast\/podcast-de-stepienybarno","embedCode":"<blockquote class=\"wp-embedded-content\" data-secret=\"xpLq2r99LG\"><a href=\"https:\/\/stepienybarno.es\/blog\/2016\/10\/19\/cuanto-debe-durar-una-casa\/\">\u00bfCU\u00c1NTO DEBE DURAR UNA CASA?<\/a><\/blockquote><iframe sandbox=\"allow-scripts\" security=\"restricted\" src=\"https:\/\/stepienybarno.es\/blog\/2016\/10\/19\/cuanto-debe-durar-una-casa\/embed\/#?secret=xpLq2r99LG\" width=\"500\" height=\"350\" title=\"\u00ab\u00bfCU\u00c1NTO DEBE DURAR UNA CASA?\u00bb \u2014 Blog de STEPIEN Y BARNO - publicaci\u00f3n digital sobre arquitectura\" data-secret=\"xpLq2r99LG\" frameborder=\"0\" marginwidth=\"0\" marginheight=\"0\" scrolling=\"no\" class=\"wp-embedded-content\"><\/iframe><script type=\"text\/javascript\">\n\/* <![CDATA[ *\/\n\/*! This file is auto-generated *\/\n!function(d,l){\"use strict\";l.querySelector&&d.addEventListener&&\"undefined\"!=typeof URL&&(d.wp=d.wp||{},d.wp.receiveEmbedMessage||(d.wp.receiveEmbedMessage=function(e){var t=e.data;if((t||t.secret||t.message||t.value)&&!\/[^a-zA-Z0-9]\/.test(t.secret)){for(var s,r,n,a=l.querySelectorAll('iframe[data-secret=\"'+t.secret+'\"]'),o=l.querySelectorAll('blockquote[data-secret=\"'+t.secret+'\"]'),c=new RegExp(\"^https?:$\",\"i\"),i=0;i<o.length;i++)o[i].style.display=\"none\";for(i=0;i<a.length;i++)s=a[i],e.source===s.contentWindow&&(s.removeAttribute(\"style\"),\"height\"===t.message?(1e3<(r=parseInt(t.value,10))?r=1e3:~~r<200&&(r=200),s.height=r):\"link\"===t.message&&(r=new URL(s.getAttribute(\"src\")),n=new URL(t.value),c.test(n.protocol))&&n.host===r.host&&l.activeElement===s&&(d.top.location.href=t.value))}},d.addEventListener(\"message\",d.wp.receiveEmbedMessage,!1),l.addEventListener(\"DOMContentLoaded\",function(){for(var e,t,s=l.querySelectorAll(\"iframe.wp-embedded-content\"),r=0;r<s.length;r++)(t=(e=s[r]).getAttribute(\"data-secret\"))||(t=Math.random().toString(36).substring(2,12),e.src+=\"#?secret=\"+t,e.setAttribute(\"data-secret\",t)),e.contentWindow.postMessage({message:\"ready\",secret:t},\"*\")},!1)))}(window,document);\n\/* ]]> *\/\n<\/script>\n"},"_links":{"self":[{"href":"https:\/\/stepienybarno.es\/blog\/wp-json\/wp\/v2\/posts\/24475"}],"collection":[{"href":"https:\/\/stepienybarno.es\/blog\/wp-json\/wp\/v2\/posts"}],"about":[{"href":"https:\/\/stepienybarno.es\/blog\/wp-json\/wp\/v2\/types\/post"}],"author":[{"embeddable":true,"href":"https:\/\/stepienybarno.es\/blog\/wp-json\/wp\/v2\/users\/9"}],"replies":[{"embeddable":true,"href":"https:\/\/stepienybarno.es\/blog\/wp-json\/wp\/v2\/comments?post=24475"}],"version-history":[{"count":1,"href":"https:\/\/stepienybarno.es\/blog\/wp-json\/wp\/v2\/posts\/24475\/revisions"}],"predecessor-version":[{"id":24477,"href":"https:\/\/stepienybarno.es\/blog\/wp-json\/wp\/v2\/posts\/24475\/revisions\/24477"}],"wp:featuredmedia":[{"embeddable":true,"href":"https:\/\/stepienybarno.es\/blog\/wp-json\/wp\/v2\/media\/24476"}],"wp:attachment":[{"href":"https:\/\/stepienybarno.es\/blog\/wp-json\/wp\/v2\/media?parent=24475"}],"wp:term":[{"taxonomy":"category","embeddable":true,"href":"https:\/\/stepienybarno.es\/blog\/wp-json\/wp\/v2\/categories?post=24475"},{"taxonomy":"post_tag","embeddable":true,"href":"https:\/\/stepienybarno.es\/blog\/wp-json\/wp\/v2\/tags?post=24475"},{"taxonomy":"series","embeddable":true,"href":"https:\/\/stepienybarno.es\/blog\/wp-json\/wp\/v2\/series?post=24475"}],"curies":[{"name":"wp","href":"https:\/\/api.w.org\/{rel}","templated":true}]}}