{"id":24487,"date":"2016-10-20T09:21:15","date_gmt":"2016-10-20T07:21:15","guid":{"rendered":"https:\/\/www.stepienybarno.es\/blog\/?p=24487"},"modified":"2016-10-17T18:42:09","modified_gmt":"2016-10-17T16:42:09","slug":"estudiar-arquitectura-un-fenomeno-en-preocupante-regresion","status":"publish","type":"post","link":"https:\/\/stepienybarno.es\/blog\/2016\/10\/20\/estudiar-arquitectura-un-fenomeno-en-preocupante-regresion\/","title":{"rendered":"ESTUDIAR ARQUITECTURA: UN FEN\u00d3MENO EN PREOCUPANTE REGRESI\u00d3N"},"content":{"rendered":"<p style=\"text-align: center;\"><img loading=\"lazy\" decoding=\"async\" class=\"alignnone size-medium wp-image-24488\" src=\"https:\/\/stepienybarno.es\/blog\/wp-content\/uploads\/2016\/10\/stepienybarno-blog-stepien-y-barno-arquitectura-rodrigo-almonacid-fundacion-arquia-550x412.jpg\" alt=\"stepienybarno-blog-stepien-y-barno-arquitectura-rodrigo-almonacid-fundacion-arquia\" width=\"550\" height=\"412\" srcset=\"https:\/\/stepienybarno.es\/blog\/wp-content\/uploads\/2016\/10\/stepienybarno-blog-stepien-y-barno-arquitectura-rodrigo-almonacid-fundacion-arquia-550x412.jpg 550w, https:\/\/stepienybarno.es\/blog\/wp-content\/uploads\/2016\/10\/stepienybarno-blog-stepien-y-barno-arquitectura-rodrigo-almonacid-fundacion-arquia-180x135.jpg 180w, https:\/\/stepienybarno.es\/blog\/wp-content\/uploads\/2016\/10\/stepienybarno-blog-stepien-y-barno-arquitectura-rodrigo-almonacid-fundacion-arquia-316x237.jpg 316w, https:\/\/stepienybarno.es\/blog\/wp-content\/uploads\/2016\/10\/stepienybarno-blog-stepien-y-barno-arquitectura-rodrigo-almonacid-fundacion-arquia.jpg 667w\" sizes=\"(max-width: 550px) 100vw, 550px\" \/><\/p>\n<p><strong>Por\u00a0<a href=\"http:\/\/blogfundacion.arquia.es\/author\/rodrigo\/\" target=\"_blank\">Rodrigo Almonacid<\/a><\/strong><\/p>\n<p><strong>Desde <a href=\"http:\/\/blogfundacion.arquia.es\/\" target=\"_blank\">Blog Fundaci\u00f3n Arquia<\/a><\/strong><\/p>\n<p><!--more--><\/p>\n<p style=\"text-align: justify;\">\u201cLo que intu\u00edamos hace un tiempo, ya es un hecho confirmado:\u00a0<strong style=\"font-style: inherit; font-weight: inherit;\">estudiar Arquitectura no interesa<\/strong>. O, para ser precisos, interesa cada vez menos. En los \u00faltimos a\u00f1os, al comienzo de cada curso acad\u00e9mico, se constata una bajada en el n\u00famero de nuevos matriculados en Arquitectura (1). Empez\u00f3 con un lento descenso en la demanda por los futuros estudiantes universitarios, que empezaron a elegir otros estudios donde graduarse. Quiz\u00e1 este fen\u00f3meno ha pasado inadvertido pues no ha afectado apenas a las escuelas de arquitectura: se segu\u00edan llenando las aulas; aunque, eso s\u00ed, ya no con el mismo perfil de estudiante. \u00c9ste llega cada a\u00f1o con\u00a0<strong style=\"font-style: inherit; font-weight: inherit;\">una nota general de corte m\u00e1s baja<\/strong>\u00a0(de 8,44 de nota media de ingreso en \u201cArquitectura y Construcci\u00f3n\u201d en 2013\/14 a 8,26 en 2014\/15), y en correspondencia tambi\u00e9n con la preparaci\u00f3n espec\u00edfica (en \u201cDibujo T\u00e9cnico II\u201d se ha descendido de 7,56 a 7,33 en los dos \u00faltimos cursos igualmente), seg\u00fan fuentes ministeriales (2).<\/p>\n<p style=\"text-align: justify;\">En t\u00e9rminos demo-geogr\u00e1ficos, el estudiante cada vez es m\u00e1s \u201clocal\u201d, y elige estudiar algo que tenga en su propia ciudad para evitar\u00a0<strong style=\"font-style: inherit; font-weight: inherit;\">sobrecostes por desplazamiento<\/strong><strong>\u00a0<\/strong>fuera del hogar familiar a los ya altos costes de los estudios universitarios. La elecci\u00f3n, a diferencia de lo acostumbrado, ya no solo depende del gusto y capacidad del joven bachiller, sino de un factor econ\u00f3mico cada vez m\u00e1s decisivo (\u2026)\u201d<\/p>\n<p>&nbsp;<\/p>\n<p><strong>\u00a0<\/strong><\/p>\n<p style=\"text-align: center;\"><strong>Acceder al art\u00edculo, <a href=\"http:\/\/blogfundacion.arquia.es\/2016\/09\/estudiar-arquitectura-un-fenomeno-en-preocupante-regresion\/\" target=\"_blank\">AQU\u00cd<\/a><\/strong><strong>\u00a0<\/strong><\/p>\n<p><strong>\u00a0<\/strong><\/p>\n<p><strong>\u00a0<\/strong><\/p>\n<p style=\"text-align: justify;\"><span style=\"color: #999999;\">Noticia seleccionada por el Canal de arquitectura STEPIENYBARNO.<\/span><\/p>\n<p style=\"text-align: justify;\">STEPIENYBARNO EN TWITTER _\u00a0<a href=\"https:\/\/twitter.com\/\">@stepienybarno<\/a><\/p>\n<p style=\"text-align: justify;\"><a href=\"http:\/\/www.linkedin.com\/company\/stepienybarno\">STEPIENYBARNO EN LINKEDIN<\/a><\/p>\n<p style=\"text-align: justify;\"><a href=\"https:\/\/www.facebook.com\/pages\/BLOG-DE-STEPIENYBARNO\/78001079029?fref=ts\">STEPIENYBARNO EN FACEBOOK<\/a><\/p>\n<p style=\"text-align: justify;\"><span style=\"color: #999999;\">*Stepienybarno est\u00e1 formado por Agnieszka Stepien y Lorenzo Barn\u00f3 y desde mayo del 2009 estamos en la red con\u00a0 la presente publicaci\u00f3n digital (Blog) de arquitectura.<\/span><\/p>\n<p style=\"text-align: justify;\"><span style=\"color: #999999;\">Nuestra actividad se sustenta en tres pilares b\u00e1sicos: la investigaci\u00f3n, la publicaci\u00f3n (comunicaci\u00f3n y difusi\u00f3n) y la redacci\u00f3n de proyectos de arquitectura.<\/span><\/p>\n<p style=\"text-align: justify;\"><span style=\"color: #999999;\">A su vez, somos socios cofundadores de<\/span>\u00a0<a href=\"http:\/\/sinergiasostenible.org\/\">SINERGIA SOSTENIBLE<\/a><span style=\"color: #999999;\">, redactores de<\/span>\u00a0<a href=\"http:\/\/www.laciudadviva.org\/blogs\/?author=45\">LA CIUDAD VIVA<\/a><span style=\"color: #999999;\">\u00a0y directores del blog de<\/span>\u00a0<a href=\"http:\/\/blogfundacion.arquia.es\/\">FUNDACI\u00d3N ARQUIA<\/a><span style=\"color: #999999;\">.<\/span><\/p>\n<p style=\"text-align: justify;\"><span style=\"color: #999999;\">* Los editores de esta publicaci\u00f3n digital no nos hacemos cargo de de los comentarios y\u00a0 conceptos vertidos en los textos firmados por otras personas, siendo \u00e9stos de responsabilidad exclusiva de sus autores.<\/span><\/p>\n<p style=\"text-align: justify;\"><span style=\"color: #999999;\">* Tu comentario podr\u00e1 ser moderado, por lo tanto, aunque aparezca inmediatamente al ser publicado en la entrada, los editores de esta publicaci\u00f3n digital nos reservamos el derecho tanto de editarlo (si fuera necesario, para hacerlo m\u00e1s legible) como de eliminarlo en el caso de que se usen expresiones incorrectas (descalificaciones, palabras malsonantes\u2026). A su vez, si quieres comentar desde el anonimato puedes hacerlo, aunque, nosotros personalmente, agradecemos que tod@s nos podamos identificar.<\/span><\/p>\n","protected":false},"excerpt":{"rendered":"<p>Por\u00a0Rodrigo Almonacid Desde Blog Fundaci\u00f3n Arquia<\/p>\n","protected":false},"author":9,"featured_media":24488,"comment_status":"open","ping_status":"closed","sticky":false,"template":"","format":"standard","meta":{"om_disable_all_campaigns":false,"_monsterinsights_skip_tracking":false,"_monsterinsights_sitenote_active":false,"_monsterinsights_sitenote_note":"","_monsterinsights_sitenote_category":0,"_uf_show_specific_survey":0,"_uf_disable_surveys":false,"episode_type":"","audio_file":"","cover_image":"","cover_image_id":"","duration":"","filesize":"","date_recorded":"","explicit":"","block":"","filesize_raw":"","footnotes":""},"categories":[244],"tags":[3320,2279],"series":[],"class_list":["post-24487","post","type-post","status-publish","format-standard","has-post-thumbnail","hentry","category-canal-de-arquitectura","tag-blog-fundacion-arquia","tag-rodrigo-almonacid"],"aioseo_notices":[],"episode_featured_image":"https:\/\/stepienybarno.es\/blog\/wp-content\/uploads\/2016\/10\/stepienybarno-blog-stepien-y-barno-arquitectura-rodrigo-almonacid-fundacion-arquia.jpg","episode_player_image":"https:\/\/stepienybarno.es\/blog\/wp-content\/uploads\/2020\/11\/stepienybarno-podcast-scaled.jpg","download_link":"","player_link":"","audio_player":false,"episode_data":{"playerMode":"dark","subscribeUrls":[],"rssFeedUrl":"https:\/\/stepienybarno.es\/blog\/feed\/podcast\/podcast-de-stepienybarno","embedCode":"<blockquote class=\"wp-embedded-content\" data-secret=\"jciLbvHBUE\"><a href=\"https:\/\/stepienybarno.es\/blog\/2016\/10\/20\/estudiar-arquitectura-un-fenomeno-en-preocupante-regresion\/\">ESTUDIAR ARQUITECTURA: UN FEN\u00d3MENO EN PREOCUPANTE REGRESI\u00d3N<\/a><\/blockquote><iframe sandbox=\"allow-scripts\" security=\"restricted\" src=\"https:\/\/stepienybarno.es\/blog\/2016\/10\/20\/estudiar-arquitectura-un-fenomeno-en-preocupante-regresion\/embed\/#?secret=jciLbvHBUE\" width=\"500\" height=\"350\" title=\"\u00abESTUDIAR ARQUITECTURA: UN FEN\u00d3MENO EN PREOCUPANTE REGRESI\u00d3N\u00bb \u2014 Blog de STEPIEN Y BARNO - publicaci\u00f3n digital sobre arquitectura\" data-secret=\"jciLbvHBUE\" frameborder=\"0\" marginwidth=\"0\" marginheight=\"0\" scrolling=\"no\" class=\"wp-embedded-content\"><\/iframe><script type=\"text\/javascript\">\n\/* <![CDATA[ *\/\n\/*! This file is auto-generated *\/\n!function(d,l){\"use strict\";l.querySelector&&d.addEventListener&&\"undefined\"!=typeof URL&&(d.wp=d.wp||{},d.wp.receiveEmbedMessage||(d.wp.receiveEmbedMessage=function(e){var t=e.data;if((t||t.secret||t.message||t.value)&&!\/[^a-zA-Z0-9]\/.test(t.secret)){for(var s,r,n,a=l.querySelectorAll('iframe[data-secret=\"'+t.secret+'\"]'),o=l.querySelectorAll('blockquote[data-secret=\"'+t.secret+'\"]'),c=new RegExp(\"^https?:$\",\"i\"),i=0;i<o.length;i++)o[i].style.display=\"none\";for(i=0;i<a.length;i++)s=a[i],e.source===s.contentWindow&&(s.removeAttribute(\"style\"),\"height\"===t.message?(1e3<(r=parseInt(t.value,10))?r=1e3:~~r<200&&(r=200),s.height=r):\"link\"===t.message&&(r=new URL(s.getAttribute(\"src\")),n=new URL(t.value),c.test(n.protocol))&&n.host===r.host&&l.activeElement===s&&(d.top.location.href=t.value))}},d.addEventListener(\"message\",d.wp.receiveEmbedMessage,!1),l.addEventListener(\"DOMContentLoaded\",function(){for(var e,t,s=l.querySelectorAll(\"iframe.wp-embedded-content\"),r=0;r<s.length;r++)(t=(e=s[r]).getAttribute(\"data-secret\"))||(t=Math.random().toString(36).substring(2,12),e.src+=\"#?secret=\"+t,e.setAttribute(\"data-secret\",t)),e.contentWindow.postMessage({message:\"ready\",secret:t},\"*\")},!1)))}(window,document);\n\/* ]]> *\/\n<\/script>\n"},"_links":{"self":[{"href":"https:\/\/stepienybarno.es\/blog\/wp-json\/wp\/v2\/posts\/24487"}],"collection":[{"href":"https:\/\/stepienybarno.es\/blog\/wp-json\/wp\/v2\/posts"}],"about":[{"href":"https:\/\/stepienybarno.es\/blog\/wp-json\/wp\/v2\/types\/post"}],"author":[{"embeddable":true,"href":"https:\/\/stepienybarno.es\/blog\/wp-json\/wp\/v2\/users\/9"}],"replies":[{"embeddable":true,"href":"https:\/\/stepienybarno.es\/blog\/wp-json\/wp\/v2\/comments?post=24487"}],"version-history":[{"count":1,"href":"https:\/\/stepienybarno.es\/blog\/wp-json\/wp\/v2\/posts\/24487\/revisions"}],"predecessor-version":[{"id":24489,"href":"https:\/\/stepienybarno.es\/blog\/wp-json\/wp\/v2\/posts\/24487\/revisions\/24489"}],"wp:featuredmedia":[{"embeddable":true,"href":"https:\/\/stepienybarno.es\/blog\/wp-json\/wp\/v2\/media\/24488"}],"wp:attachment":[{"href":"https:\/\/stepienybarno.es\/blog\/wp-json\/wp\/v2\/media?parent=24487"}],"wp:term":[{"taxonomy":"category","embeddable":true,"href":"https:\/\/stepienybarno.es\/blog\/wp-json\/wp\/v2\/categories?post=24487"},{"taxonomy":"post_tag","embeddable":true,"href":"https:\/\/stepienybarno.es\/blog\/wp-json\/wp\/v2\/tags?post=24487"},{"taxonomy":"series","embeddable":true,"href":"https:\/\/stepienybarno.es\/blog\/wp-json\/wp\/v2\/series?post=24487"}],"curies":[{"name":"wp","href":"https:\/\/api.w.org\/{rel}","templated":true}]}}