{"id":24512,"date":"2016-10-20T20:21:06","date_gmt":"2016-10-20T18:21:06","guid":{"rendered":"https:\/\/www.stepienybarno.es\/blog\/?p=24512"},"modified":"2016-10-18T20:59:40","modified_gmt":"2016-10-18T18:59:40","slug":"se-agradece-el-esfuerzo-paga-el-real-madrid","status":"publish","type":"post","link":"https:\/\/stepienybarno.es\/blog\/2016\/10\/20\/se-agradece-el-esfuerzo-paga-el-real-madrid\/","title":{"rendered":"SE AGRADECE EL ESFUERZO, PAGA EL REAL MADRID"},"content":{"rendered":"<p style=\"text-align: center;\"><img loading=\"lazy\" decoding=\"async\" class=\"alignnone size-full wp-image-24513\" src=\"https:\/\/stepienybarno.es\/blog\/wp-content\/uploads\/2016\/10\/Stepienybarno-Blog-Stepien-y-barno-arquitectura-el-espa\u00f1ol-miguel-angel-diaz.jpg\" alt=\"stepienybarno-blog-stepien-y-barno-arquitectura-el-espanol-miguel-angel-diaz\" width=\"500\" height=\"281\" srcset=\"https:\/\/stepienybarno.es\/blog\/wp-content\/uploads\/2016\/10\/Stepienybarno-Blog-Stepien-y-barno-arquitectura-el-espa\u00f1ol-miguel-angel-diaz.jpg 500w, https:\/\/stepienybarno.es\/blog\/wp-content\/uploads\/2016\/10\/Stepienybarno-Blog-Stepien-y-barno-arquitectura-el-espa\u00f1ol-miguel-angel-diaz-180x101.jpg 180w, https:\/\/stepienybarno.es\/blog\/wp-content\/uploads\/2016\/10\/Stepienybarno-Blog-Stepien-y-barno-arquitectura-el-espa\u00f1ol-miguel-angel-diaz-316x178.jpg 316w\" sizes=\"(max-width: 500px) 100vw, 500px\" \/><\/p>\n<p><strong>Por <a href=\"http:\/\/www.madc-arquitectos.com\/\" target=\"_blank\">Miguel \u00c1ngel D\u00edaz<\/a><\/strong><\/p>\n<p><strong>Desde <a href=\"http:\/\/www.elespanol.com\/\" target=\"_blank\">El Espa\u00f1ol<\/a><\/strong><\/p>\n<p><!--more--><\/p>\n<p style=\"text-align: justify;\">\u201cEl Ayuntamiento de Madrid y el Real Madrid han llegado a un acuerdo para la modernizaci\u00f3n del estadio Santiago Bernab\u00e9u. Parece desde luego una buena noticia. Varias si me lo permiten. En primer lugar, desde un punto de vista exclusivamente de la gesti\u00f3n de intereses: por un lado, el inter\u00e9s general de los ciudadanos y la responsabilidad ineludible de los actores implicados en la construcci\u00f3n de la ciudad y por otro, el leg\u00edtimo inter\u00e9s del Real Madrid por renovar y sacar brillo a su feudo. La pol\u00edtica, la gobernanza, adquiere en este caso todo su sentido estrat\u00e9gico como instrumento al servicio de la ciudadan\u00eda y al mismo tiempo la puesta en valor de un importante activo local.<\/p>\n<p style=\"text-align: justify;\">En segundo lugar, desde el punto de vista del dise\u00f1o y la propuesta de regeneraci\u00f3n urbana. En este sentido, la nueva soluci\u00f3n libera espacio p\u00fablico y zonas verdes alrededor del estadio. La piqueta esta vez no se presenta al servicio de la especulaci\u00f3n inmobiliaria, sino como instrumento de \u201cborrado\u201d parcial de una edificaci\u00f3n privada al servicio de la ciudadan\u00eda y la construcci\u00f3n del espacio p\u00fablico, una operaci\u00f3n adem\u00e1s sin coste para la administraci\u00f3n local seg\u00fan la informaci\u00f3n facilitada a los medios por el consistorio: se urbanizan 15.000 m2 de suelo p\u00fablico incluyendo la ampliaci\u00f3n de acerado en el Paseo de la Castellana con una nueva Plaza en lugar del aparcamiento actual y la liberaci\u00f3n de 6.000 m2 de la Esquina del Bernab\u00e9u como nuevo espacio ajardinado en la Plaza de los Sagrados Corazones (\u2026)\u201d<\/p>\n<p style=\"text-align: center;\">\n<strong>Accede al art\u00edculo, <a href=\"http:\/\/www.elespanol.com\/deportes\/20161012\/162603743_12.html\" target=\"_blank\">AQU\u00cd<\/a><\/strong><\/p>\n<p>&nbsp;<\/p>\n<p style=\"text-align: justify;\"><span style=\"color: #999999;\"><em>Noticia seleccionada por el Canal de arquitectura STEPIENYBARNO.<\/em><\/span><\/p>\n<p style=\"text-align: justify;\"><em><u><a href=\"https:\/\/twitter.com\/stepienybarno\">STEPIENYBARNO EN TWITTER _ @stepienybarno<\/a><\/u><\/em><\/p>\n<p style=\"text-align: justify;\"><u><a href=\"http:\/\/www.linkedin.com\/company\/stepienybarno\"><em>STEPIENYBARNO EN LINKEDIN<\/em><\/a><\/u><\/p>\n<p style=\"text-align: justify;\"><em><u><a href=\"https:\/\/www.facebook.com\/StepienybarnoCANAL\">STEPIENYBARNO EN FACEBOOK<\/a><\/u><\/em><\/p>\n<p style=\"text-align: justify;\"><span style=\"color: #999999;\"><em>*Stepienybarno est\u00e1 formado por Agnieszka Stepien y Lorenzo Barn\u00f3 y desde mayo del 2009 estamos en la red con\u00a0 la presente publicaci\u00f3n digital (Blog) de arquitectura.<\/em><\/span><\/p>\n<p style=\"text-align: justify;\"><span style=\"color: #999999;\"><em>Nuestra actividad se sustenta en tres pilares b\u00e1sicos: la investigaci\u00f3n, la publicaci\u00f3n (comunicaci\u00f3n y difusi\u00f3n) y la redacci\u00f3n de proyectos de arquitectura.<\/em><\/span><\/p>\n<p style=\"text-align: justify;\"><span style=\"color: #999999;\"><em>A su vez, somos socios cofundadores de<\/em><\/span><em>\u00a0<\/em><em><a href=\"http:\/\/sinergiasostenible.org\/\">SINERGIA SOSTENIBLE<\/a><span style=\"color: #999999;\">, redactores de<\/span><\/em><span style=\"color: #999999;\"><em>\u00a0<\/em><\/span><em><a href=\"http:\/\/www.laciudadviva.org\/blogs\/?author=45\">LA CIUDAD VIVA<\/a><\/em><span style=\"color: #999999;\"><em>\u00a0<\/em><em>y directores del blog de<\/em><\/span><em>\u00a0<\/em><em><a href=\"http:\/\/blogfundacion.arquia.es\/\">FUNDACI\u00d3N ARQUIA<\/a><span style=\"color: #999999;\">.<\/span><\/em><\/p>\n<p style=\"text-align: justify;\"><span style=\"color: #999999;\"><em>* Los editores de esta publicaci\u00f3n digital no nos hacemos cargo de de los comentarios y\u00a0 conceptos vertidos en los textos firmados por otras personas, siendo \u00e9stos de responsabilidad exclusiva de sus autores.<\/em><\/span><\/p>\n<p style=\"text-align: justify;\"><span style=\"color: #999999;\"><em>* Tu comentario podr\u00e1 ser moderado, por lo tanto, aunque aparezca inmediatamente al ser publicado en la entrada, los editores de esta publicaci\u00f3n digital nos reservamos el derecho tanto de editarlo (si fuera necesario, para hacerlo m\u00e1s legible) como de eliminarlo en el caso de que se usen expresiones incorrectas (descalificaciones, palabras malsonantes\u2026). A su vez, si quieres comentar desde el anonimato puedes hacerlo, aunque, nosotros personalmente, agradecemos que tod@s nos podamos identificar.<\/em><\/span><\/p>\n","protected":false},"excerpt":{"rendered":"<p>Por Miguel \u00c1ngel D\u00edaz Desde El Espa\u00f1ol<\/p>\n","protected":false},"author":9,"featured_media":24513,"comment_status":"open","ping_status":"closed","sticky":false,"template":"","format":"standard","meta":{"om_disable_all_campaigns":false,"_monsterinsights_skip_tracking":false,"_monsterinsights_sitenote_active":false,"_monsterinsights_sitenote_note":"","_monsterinsights_sitenote_category":0,"_uf_show_specific_survey":0,"_uf_disable_surveys":false,"episode_type":"","audio_file":"","cover_image":"","cover_image_id":"","duration":"","filesize":"","date_recorded":"","explicit":"","block":"","filesize_raw":"","footnotes":""},"categories":[244],"tags":[4747,1016],"series":[],"class_list":["post-24512","post","type-post","status-publish","format-standard","has-post-thumbnail","hentry","category-canal-de-arquitectura","tag-el-espanol","tag-miguel-angel-diaz"],"aioseo_notices":[],"episode_featured_image":"https:\/\/stepienybarno.es\/blog\/wp-content\/uploads\/2016\/10\/Stepienybarno-Blog-Stepien-y-barno-arquitectura-el-espa\u00f1ol-miguel-angel-diaz.jpg","episode_player_image":"https:\/\/stepienybarno.es\/blog\/wp-content\/uploads\/2020\/11\/stepienybarno-podcast-scaled.jpg","download_link":"","player_link":"","audio_player":false,"episode_data":{"playerMode":"dark","subscribeUrls":[],"rssFeedUrl":"https:\/\/stepienybarno.es\/blog\/feed\/podcast\/podcast-de-stepienybarno","embedCode":"<blockquote class=\"wp-embedded-content\" data-secret=\"VgGILTSTZp\"><a href=\"https:\/\/stepienybarno.es\/blog\/2016\/10\/20\/se-agradece-el-esfuerzo-paga-el-real-madrid\/\">SE AGRADECE EL ESFUERZO, PAGA EL REAL MADRID<\/a><\/blockquote><iframe sandbox=\"allow-scripts\" security=\"restricted\" src=\"https:\/\/stepienybarno.es\/blog\/2016\/10\/20\/se-agradece-el-esfuerzo-paga-el-real-madrid\/embed\/#?secret=VgGILTSTZp\" width=\"500\" height=\"350\" title=\"\u00abSE AGRADECE EL ESFUERZO, PAGA EL REAL MADRID\u00bb \u2014 Blog de STEPIEN Y BARNO - publicaci\u00f3n digital sobre arquitectura\" data-secret=\"VgGILTSTZp\" frameborder=\"0\" marginwidth=\"0\" marginheight=\"0\" scrolling=\"no\" class=\"wp-embedded-content\"><\/iframe><script type=\"text\/javascript\">\n\/* <![CDATA[ *\/\n\/*! This file is auto-generated *\/\n!function(d,l){\"use strict\";l.querySelector&&d.addEventListener&&\"undefined\"!=typeof URL&&(d.wp=d.wp||{},d.wp.receiveEmbedMessage||(d.wp.receiveEmbedMessage=function(e){var t=e.data;if((t||t.secret||t.message||t.value)&&!\/[^a-zA-Z0-9]\/.test(t.secret)){for(var s,r,n,a=l.querySelectorAll('iframe[data-secret=\"'+t.secret+'\"]'),o=l.querySelectorAll('blockquote[data-secret=\"'+t.secret+'\"]'),c=new RegExp(\"^https?:$\",\"i\"),i=0;i<o.length;i++)o[i].style.display=\"none\";for(i=0;i<a.length;i++)s=a[i],e.source===s.contentWindow&&(s.removeAttribute(\"style\"),\"height\"===t.message?(1e3<(r=parseInt(t.value,10))?r=1e3:~~r<200&&(r=200),s.height=r):\"link\"===t.message&&(r=new URL(s.getAttribute(\"src\")),n=new URL(t.value),c.test(n.protocol))&&n.host===r.host&&l.activeElement===s&&(d.top.location.href=t.value))}},d.addEventListener(\"message\",d.wp.receiveEmbedMessage,!1),l.addEventListener(\"DOMContentLoaded\",function(){for(var e,t,s=l.querySelectorAll(\"iframe.wp-embedded-content\"),r=0;r<s.length;r++)(t=(e=s[r]).getAttribute(\"data-secret\"))||(t=Math.random().toString(36).substring(2,12),e.src+=\"#?secret=\"+t,e.setAttribute(\"data-secret\",t)),e.contentWindow.postMessage({message:\"ready\",secret:t},\"*\")},!1)))}(window,document);\n\/* ]]> *\/\n<\/script>\n"},"_links":{"self":[{"href":"https:\/\/stepienybarno.es\/blog\/wp-json\/wp\/v2\/posts\/24512"}],"collection":[{"href":"https:\/\/stepienybarno.es\/blog\/wp-json\/wp\/v2\/posts"}],"about":[{"href":"https:\/\/stepienybarno.es\/blog\/wp-json\/wp\/v2\/types\/post"}],"author":[{"embeddable":true,"href":"https:\/\/stepienybarno.es\/blog\/wp-json\/wp\/v2\/users\/9"}],"replies":[{"embeddable":true,"href":"https:\/\/stepienybarno.es\/blog\/wp-json\/wp\/v2\/comments?post=24512"}],"version-history":[{"count":1,"href":"https:\/\/stepienybarno.es\/blog\/wp-json\/wp\/v2\/posts\/24512\/revisions"}],"predecessor-version":[{"id":24514,"href":"https:\/\/stepienybarno.es\/blog\/wp-json\/wp\/v2\/posts\/24512\/revisions\/24514"}],"wp:featuredmedia":[{"embeddable":true,"href":"https:\/\/stepienybarno.es\/blog\/wp-json\/wp\/v2\/media\/24513"}],"wp:attachment":[{"href":"https:\/\/stepienybarno.es\/blog\/wp-json\/wp\/v2\/media?parent=24512"}],"wp:term":[{"taxonomy":"category","embeddable":true,"href":"https:\/\/stepienybarno.es\/blog\/wp-json\/wp\/v2\/categories?post=24512"},{"taxonomy":"post_tag","embeddable":true,"href":"https:\/\/stepienybarno.es\/blog\/wp-json\/wp\/v2\/tags?post=24512"},{"taxonomy":"series","embeddable":true,"href":"https:\/\/stepienybarno.es\/blog\/wp-json\/wp\/v2\/series?post=24512"}],"curies":[{"name":"wp","href":"https:\/\/api.w.org\/{rel}","templated":true}]}}