{"id":24528,"date":"2016-10-21T09:21:52","date_gmt":"2016-10-21T07:21:52","guid":{"rendered":"https:\/\/www.stepienybarno.es\/blog\/?p=24528"},"modified":"2016-10-18T22:56:44","modified_gmt":"2016-10-18T20:56:44","slug":"dime-de-que-escuela-eres-y-te-dire-que-pfc-tienes","status":"publish","type":"post","link":"https:\/\/stepienybarno.es\/blog\/2016\/10\/21\/dime-de-que-escuela-eres-y-te-dire-que-pfc-tienes\/","title":{"rendered":"DIME DE QU\u00c9 ESCUELA ERES, Y TE DIR\u00c9 QU\u00c9 PFC TIENES."},"content":{"rendered":"<p><img loading=\"lazy\" decoding=\"async\" class=\"alignnone size-medium wp-image-24529 aligncenter\" src=\"https:\/\/stepienybarno.es\/blog\/wp-content\/uploads\/2016\/10\/stepienybarno-blog-stepien-y-barno-arquitectura-andrea-robles-fundacion-arquia-550x309.jpg\" alt=\"stepienybarno-blog-stepien-y-barno-arquitectura-andrea-robles-fundacion-arquia\" width=\"550\" height=\"309\" srcset=\"https:\/\/stepienybarno.es\/blog\/wp-content\/uploads\/2016\/10\/stepienybarno-blog-stepien-y-barno-arquitectura-andrea-robles-fundacion-arquia-550x309.jpg 550w, https:\/\/stepienybarno.es\/blog\/wp-content\/uploads\/2016\/10\/stepienybarno-blog-stepien-y-barno-arquitectura-andrea-robles-fundacion-arquia-180x101.jpg 180w, https:\/\/stepienybarno.es\/blog\/wp-content\/uploads\/2016\/10\/stepienybarno-blog-stepien-y-barno-arquitectura-andrea-robles-fundacion-arquia-316x177.jpg 316w, https:\/\/stepienybarno.es\/blog\/wp-content\/uploads\/2016\/10\/stepienybarno-blog-stepien-y-barno-arquitectura-andrea-robles-fundacion-arquia.jpg 768w\" sizes=\"(max-width: 550px) 100vw, 550px\" \/><\/p>\n<p><strong>Por Andrea Robles<\/strong><\/p>\n<p><strong>Desde <a href=\"http:\/\/blogfundacion.arquia.es\/\" target=\"_blank\">Blog Fundaci\u00f3n Arquia<\/a><\/strong><\/p>\n<p><!--more--><\/p>\n<p>\u201c<em>\u2013 \u00a1Pap\u00e1, ya soy arquitecto!<\/em><\/p>\n<p><em style=\"font-weight: inherit;\">\u2013 \u00a1Arquitecto, qu\u00e9 bien suena!<\/em><\/p>\n<p style=\"text-align: justify;\">As\u00ed de efusivo sal\u00eda el personaje de Antonio de su \u00faltimo examen de la carrera, mientras corr\u00eda a abrazar a su padre, que le esperaba en el pasillo nervioso. La\u00a0<a style=\"font-style: inherit; font-weight: inherit;\" href=\"https:\/\/youtu.be\/WXNcJQy5w-w\" target=\"_blank\">escena<\/a>\u00a0pertenece a la pel\u00edcula de Fernando Palacios \u201c<strong style=\"font-style: inherit;\">La familia y uno m\u00e1s<\/strong>\u201d (1965).<\/p>\n<p style=\"text-align: justify;\">A cualquiera que haya realizado un PFC, que pueda existir la posibilidad de obtener el t\u00edtulo de Arquitecto (o sus nuevas variantes bolonia) y estar habilitado para la pr\u00e1ctica profesional despu\u00e9s\u00a0 de aprobar un examen oral sobre c\u00fapulas, como sucede en la pel\u00edcula, le pueden dar ganas de re\u00edr, o de llorar.<\/p>\n<p style=\"text-align: justify;\">Algo parecido a lo que sucede cuando uno sale del entorno de su escuela, a hacer workshops, erasmus, pr\u00e1cticas, posgrados, \u00bfa trabajar?, y descubre\u00a0<strong style=\"font-style: inherit;\">la diferencia que existe entre el tipo de trabajo, requisitos, esfuerzo o evaluaci\u00f3n que hay entre hacer el PFC en unas escuelas u otras.<\/strong><\/p>\n<p style=\"text-align: justify;\">En un panorama espa\u00f1ol donde el t\u00edtulo se expide en\u00a0<strong style=\"font-style: inherit;\">33 escuelas<\/strong>\u00a0en las que en muchas coexisten hasta 3 planes a la vez, no parece tan descabellado. Pero es descabellado, y es injusto. La cosa difiere de unas escuelas a otras de la siguiente manera: (\u2026)\u201d<\/p>\n<p>&nbsp;<\/p>\n<p style=\"text-align: center;\">\n<strong>Accede al art\u00edculo, <a href=\"http:\/\/blogfundacion.arquia.es\/2016\/10\/dime-de-que-escuela-eres-y-te-dire-que-pfc-tienes\/\" target=\"_blank\">AQU\u00cd<\/a><\/strong><\/p>\n<p>&nbsp;<\/p>\n<p>&nbsp;<\/p>\n<p>&nbsp;<\/p>\n<p style=\"text-align: justify;\"><span style=\"color: #999999;\"><em>Noticia seleccionada por el Canal de arquitectura STEPIENYBARNO.<\/em><\/span><\/p>\n<p style=\"text-align: justify;\"><em><u><a href=\"https:\/\/twitter.com\/stepienybarno\">STEPIENYBARNO EN TWITTER _ @stepienybarno<\/a><\/u><\/em><\/p>\n<p style=\"text-align: justify;\"><u><a href=\"http:\/\/www.linkedin.com\/company\/stepienybarno\"><em>STEPIENYBARNO EN LINKEDIN<\/em><\/a><\/u><\/p>\n<p style=\"text-align: justify;\"><em><u><a href=\"https:\/\/www.facebook.com\/StepienybarnoCANAL\">STEPIENYBARNO EN FACEBOOK<\/a><\/u><\/em><\/p>\n<p style=\"text-align: justify;\"><span style=\"color: #999999;\"><em>*Stepienybarno est\u00e1 formado por Agnieszka Stepien y Lorenzo Barn\u00f3 y desde mayo del 2009 estamos en la red con\u00a0 la presente publicaci\u00f3n digital (Blog) de arquitectura.<\/em><\/span><\/p>\n<p style=\"text-align: justify;\"><span style=\"color: #999999;\"><em>Nuestra actividad se sustenta en tres pilares b\u00e1sicos: la investigaci\u00f3n, la publicaci\u00f3n (comunicaci\u00f3n y difusi\u00f3n) y la redacci\u00f3n de proyectos de arquitectura.<\/em><\/span><\/p>\n<p style=\"text-align: justify;\"><span style=\"color: #999999;\"><em>A su vez, somos socios cofundadores de<\/em><em>\u00a0<\/em><\/span><em><a href=\"http:\/\/sinergiasostenible.org\/\">SINERGIA SOSTENIBLE<\/a><span style=\"color: #999999;\">, redactores de<\/span><\/em><span style=\"color: #999999;\"><em>\u00a0<\/em><\/span><em><a href=\"http:\/\/www.laciudadviva.org\/blogs\/?author=45\">LA CIUDAD VIVA<\/a><\/em><em>\u00a0<\/em><span style=\"color: #999999;\"><em>y directores del blog de<\/em><em>\u00a0<\/em><\/span><em><a href=\"http:\/\/blogfundacion.arquia.es\/\">FUNDACI\u00d3N ARQUIA<\/a><span style=\"color: #999999;\">.<\/span><\/em><\/p>\n<p style=\"text-align: justify;\"><span style=\"color: #999999;\"><em>* Los editores de esta publicaci\u00f3n digital no nos hacemos cargo de de los comentarios y\u00a0 conceptos vertidos en los textos firmados por otras personas, siendo \u00e9stos de responsabilidad exclusiva de sus autores.<\/em><\/span><\/p>\n<p style=\"text-align: justify;\"><span style=\"color: #999999;\"><em>* Tu comentario podr\u00e1 ser moderado, por lo tanto, aunque aparezca inmediatamente al ser publicado en la entrada, los editores de esta publicaci\u00f3n digital nos reservamos el derecho tanto de editarlo (si fuera necesario, para hacerlo m\u00e1s legible) como de eliminarlo en el caso de que se usen expresiones incorrectas (descalificaciones, palabras malsonantes\u2026). A su vez, si quieres comentar desde el anonimato puedes hacerlo, aunque, nosotros personalmente, agradecemos que tod@s nos podamos identificar.<\/em><\/span><\/p>\n","protected":false},"excerpt":{"rendered":"<p>Por Andrea Robles Desde Blog Fundaci\u00f3n Arquia<\/p>\n","protected":false},"author":9,"featured_media":24529,"comment_status":"open","ping_status":"closed","sticky":false,"template":"","format":"standard","meta":{"om_disable_all_campaigns":false,"_monsterinsights_skip_tracking":false,"_monsterinsights_sitenote_active":false,"_monsterinsights_sitenote_note":"","_monsterinsights_sitenote_category":0,"_uf_show_specific_survey":0,"_uf_disable_surveys":false,"episode_type":"","audio_file":"","cover_image":"","cover_image_id":"","duration":"","filesize":"","date_recorded":"","explicit":"","block":"","filesize_raw":"","footnotes":""},"categories":[244],"tags":[4374,3320],"series":[],"class_list":["post-24528","post","type-post","status-publish","format-standard","has-post-thumbnail","hentry","category-canal-de-arquitectura","tag-andrea-robles","tag-blog-fundacion-arquia"],"aioseo_notices":[],"episode_featured_image":"https:\/\/stepienybarno.es\/blog\/wp-content\/uploads\/2016\/10\/stepienybarno-blog-stepien-y-barno-arquitectura-andrea-robles-fundacion-arquia.jpg","episode_player_image":"https:\/\/stepienybarno.es\/blog\/wp-content\/uploads\/2020\/11\/stepienybarno-podcast-scaled.jpg","download_link":"","player_link":"","audio_player":false,"episode_data":{"playerMode":"dark","subscribeUrls":[],"rssFeedUrl":"https:\/\/stepienybarno.es\/blog\/feed\/podcast\/podcast-de-stepienybarno","embedCode":"<blockquote class=\"wp-embedded-content\" data-secret=\"kFMJT2DNUd\"><a href=\"https:\/\/stepienybarno.es\/blog\/2016\/10\/21\/dime-de-que-escuela-eres-y-te-dire-que-pfc-tienes\/\">DIME DE QU\u00c9 ESCUELA ERES, Y TE DIR\u00c9 QU\u00c9 PFC TIENES.<\/a><\/blockquote><iframe sandbox=\"allow-scripts\" security=\"restricted\" src=\"https:\/\/stepienybarno.es\/blog\/2016\/10\/21\/dime-de-que-escuela-eres-y-te-dire-que-pfc-tienes\/embed\/#?secret=kFMJT2DNUd\" width=\"500\" height=\"350\" title=\"\u00abDIME DE QU\u00c9 ESCUELA ERES, Y TE DIR\u00c9 QU\u00c9 PFC TIENES.\u00bb \u2014 Blog de STEPIEN Y BARNO - publicaci\u00f3n digital sobre arquitectura\" data-secret=\"kFMJT2DNUd\" frameborder=\"0\" marginwidth=\"0\" marginheight=\"0\" scrolling=\"no\" class=\"wp-embedded-content\"><\/iframe><script type=\"text\/javascript\">\n\/* <![CDATA[ *\/\n\/*! This file is auto-generated *\/\n!function(d,l){\"use strict\";l.querySelector&&d.addEventListener&&\"undefined\"!=typeof URL&&(d.wp=d.wp||{},d.wp.receiveEmbedMessage||(d.wp.receiveEmbedMessage=function(e){var t=e.data;if((t||t.secret||t.message||t.value)&&!\/[^a-zA-Z0-9]\/.test(t.secret)){for(var s,r,n,a=l.querySelectorAll('iframe[data-secret=\"'+t.secret+'\"]'),o=l.querySelectorAll('blockquote[data-secret=\"'+t.secret+'\"]'),c=new RegExp(\"^https?:$\",\"i\"),i=0;i<o.length;i++)o[i].style.display=\"none\";for(i=0;i<a.length;i++)s=a[i],e.source===s.contentWindow&&(s.removeAttribute(\"style\"),\"height\"===t.message?(1e3<(r=parseInt(t.value,10))?r=1e3:~~r<200&&(r=200),s.height=r):\"link\"===t.message&&(r=new URL(s.getAttribute(\"src\")),n=new URL(t.value),c.test(n.protocol))&&n.host===r.host&&l.activeElement===s&&(d.top.location.href=t.value))}},d.addEventListener(\"message\",d.wp.receiveEmbedMessage,!1),l.addEventListener(\"DOMContentLoaded\",function(){for(var e,t,s=l.querySelectorAll(\"iframe.wp-embedded-content\"),r=0;r<s.length;r++)(t=(e=s[r]).getAttribute(\"data-secret\"))||(t=Math.random().toString(36).substring(2,12),e.src+=\"#?secret=\"+t,e.setAttribute(\"data-secret\",t)),e.contentWindow.postMessage({message:\"ready\",secret:t},\"*\")},!1)))}(window,document);\n\/* ]]> *\/\n<\/script>\n"},"_links":{"self":[{"href":"https:\/\/stepienybarno.es\/blog\/wp-json\/wp\/v2\/posts\/24528"}],"collection":[{"href":"https:\/\/stepienybarno.es\/blog\/wp-json\/wp\/v2\/posts"}],"about":[{"href":"https:\/\/stepienybarno.es\/blog\/wp-json\/wp\/v2\/types\/post"}],"author":[{"embeddable":true,"href":"https:\/\/stepienybarno.es\/blog\/wp-json\/wp\/v2\/users\/9"}],"replies":[{"embeddable":true,"href":"https:\/\/stepienybarno.es\/blog\/wp-json\/wp\/v2\/comments?post=24528"}],"version-history":[{"count":1,"href":"https:\/\/stepienybarno.es\/blog\/wp-json\/wp\/v2\/posts\/24528\/revisions"}],"predecessor-version":[{"id":24530,"href":"https:\/\/stepienybarno.es\/blog\/wp-json\/wp\/v2\/posts\/24528\/revisions\/24530"}],"wp:featuredmedia":[{"embeddable":true,"href":"https:\/\/stepienybarno.es\/blog\/wp-json\/wp\/v2\/media\/24529"}],"wp:attachment":[{"href":"https:\/\/stepienybarno.es\/blog\/wp-json\/wp\/v2\/media?parent=24528"}],"wp:term":[{"taxonomy":"category","embeddable":true,"href":"https:\/\/stepienybarno.es\/blog\/wp-json\/wp\/v2\/categories?post=24528"},{"taxonomy":"post_tag","embeddable":true,"href":"https:\/\/stepienybarno.es\/blog\/wp-json\/wp\/v2\/tags?post=24528"},{"taxonomy":"series","embeddable":true,"href":"https:\/\/stepienybarno.es\/blog\/wp-json\/wp\/v2\/series?post=24528"}],"curies":[{"name":"wp","href":"https:\/\/api.w.org\/{rel}","templated":true}]}}