{"id":24538,"date":"2016-10-24T08:58:38","date_gmt":"2016-10-24T06:58:38","guid":{"rendered":"https:\/\/www.stepienybarno.es\/blog\/?p=24538"},"modified":"2016-10-24T09:00:18","modified_gmt":"2016-10-24T07:00:18","slug":"charla-de-stepienybarno-en-la-escuela-de-arquitectura-de-la-universidad-de-navarra","status":"publish","type":"post","link":"https:\/\/stepienybarno.es\/blog\/2016\/10\/24\/charla-de-stepienybarno-en-la-escuela-de-arquitectura-de-la-universidad-de-navarra\/","title":{"rendered":"CHARLA DE STEPIENYBARNO EN LA \u00a0ESCUELA DE\u00a0ARQUITECTURA\u00a0DE LA UNIVERSIDAD DE\u00a0NAVARRA."},"content":{"rendered":"<p style=\"text-align: center;\"><img loading=\"lazy\" decoding=\"async\" class=\"alignnone size-full wp-image-24539\" src=\"https:\/\/stepienybarno.es\/blog\/wp-content\/uploads\/2016\/10\/1.-STEPIENYBARNO-ESCUELA-DE-ARQUITECTURA-DE-LA-UNIVERSIDAD-DE-NAVARRA..jpg\" alt=\"1-stepienybarno-escuela-de-arquitectura-de-la-universidad-de-navarra\" width=\"650\" height=\"520\" srcset=\"https:\/\/stepienybarno.es\/blog\/wp-content\/uploads\/2016\/10\/1.-STEPIENYBARNO-ESCUELA-DE-ARQUITECTURA-DE-LA-UNIVERSIDAD-DE-NAVARRA..jpg 650w, https:\/\/stepienybarno.es\/blog\/wp-content\/uploads\/2016\/10\/1.-STEPIENYBARNO-ESCUELA-DE-ARQUITECTURA-DE-LA-UNIVERSIDAD-DE-NAVARRA.-180x144.jpg 180w, https:\/\/stepienybarno.es\/blog\/wp-content\/uploads\/2016\/10\/1.-STEPIENYBARNO-ESCUELA-DE-ARQUITECTURA-DE-LA-UNIVERSIDAD-DE-NAVARRA.-550x440.jpg 550w, https:\/\/stepienybarno.es\/blog\/wp-content\/uploads\/2016\/10\/1.-STEPIENYBARNO-ESCUELA-DE-ARQUITECTURA-DE-LA-UNIVERSIDAD-DE-NAVARRA.-316x253.jpg 316w\" sizes=\"(max-width: 650px) 100vw, 650px\" \/><\/p>\n<p>Hace unos d\u00edas tuvimos la suerte de poder dar una charla en la Charla de Stepienybarno en la <a href=\"http:\/\/www.unav.edu\/web\/escuela-tecnica-superior-de-arquitectura\">\u00a0Escuela de\u00a0Arquitectura\u00a0de la Universidad de\u00a0Navarra.<\/a><\/p>\n<p>La experiencia fue estupenda y pudimos compartir con much\u00edsimos alumnos, este apasionante mundo de la Identidad Digital y la periferia de la arquitectura.<\/p>\n<p>La sesi\u00f3n se retransmiti\u00f3 en streaming y qued\u00f3 grabada por si te interesa echarle un ojo.<\/p>\n<p><!--more--><\/p>\n<p>&nbsp;<\/p>\n<h3 style=\"text-align: center;\"><a href=\"https:\/\/unav.cloud.panopto.eu\/Panopto\/Pages\/Viewer.aspx?id=38645a88-9a02-4c95-9a9f-0c435f0a4a57\" target=\"_blank\"><span style=\"color: #ff0000;\">Acceder al v\u00eddeo.<\/span><\/a><\/h3>\n<p>&nbsp;<\/p>\n<p>&nbsp;<\/p>\n<p style=\"text-align: center;\"><img loading=\"lazy\" decoding=\"async\" class=\"alignnone size-full wp-image-24540\" src=\"https:\/\/stepienybarno.es\/blog\/wp-content\/uploads\/2016\/10\/2.-STEPIENYBARNO-ESCUELA-DE-ARQUITECTURA-DE-LA-UNIVERSIDAD-DE-NAVARRA..png\" alt=\"2-stepienybarno-escuela-de-arquitectura-de-la-universidad-de-navarra\" width=\"650\" height=\"525\" srcset=\"https:\/\/stepienybarno.es\/blog\/wp-content\/uploads\/2016\/10\/2.-STEPIENYBARNO-ESCUELA-DE-ARQUITECTURA-DE-LA-UNIVERSIDAD-DE-NAVARRA..png 650w, https:\/\/stepienybarno.es\/blog\/wp-content\/uploads\/2016\/10\/2.-STEPIENYBARNO-ESCUELA-DE-ARQUITECTURA-DE-LA-UNIVERSIDAD-DE-NAVARRA.-180x145.png 180w, https:\/\/stepienybarno.es\/blog\/wp-content\/uploads\/2016\/10\/2.-STEPIENYBARNO-ESCUELA-DE-ARQUITECTURA-DE-LA-UNIVERSIDAD-DE-NAVARRA.-550x444.png 550w, https:\/\/stepienybarno.es\/blog\/wp-content\/uploads\/2016\/10\/2.-STEPIENYBARNO-ESCUELA-DE-ARQUITECTURA-DE-LA-UNIVERSIDAD-DE-NAVARRA.-316x255.png 316w\" sizes=\"(max-width: 650px) 100vw, 650px\" \/><\/p>\n<p style=\"text-align: center;\"><strong>Autores del post: <a href=\"https:\/\/stepienybarno.es\/blog\/2011\/09\/04\/las-fortalezas-del-arquitecto\/\">Stepienybarno<\/a> _ Agnieszka Stepien y Lorenzo Barn\u00f3<\/strong><\/p>\n<p>&nbsp;<\/p>\n<p>* <em><span style=\"color: #808080;\">Este art\u00edculo ha sido escrito con car\u00e1cter divulgativo y sin ning\u00fan tipo de \u00e1nimo de lucro. As\u00ed que, si te apetece compartirlo en cualquier otro medio, estaremos encantados de que lo hagas siempre y cuando cites el lugar donde lo has encontrado.<\/span><\/em><\/p>\n<p><em><span style=\"color: #808080;\"><a style=\"color: #808080;\" href=\"https:\/\/twitter.com\/stepienybarno\">STEPIENYBARNO EN TWITTER _ @stepienybarno<\/a><\/span><\/em><\/p>\n<p><em><span style=\"color: #808080;\"><a style=\"color: #808080;\" href=\"http:\/\/www.linkedin.com\/company\/stepienybarno\">STEPIENYBARNO EN LINKEDIN<\/a><\/span><\/em><\/p>\n<p><em><span style=\"color: #808080;\"><a style=\"color: #808080;\" href=\"https:\/\/www.facebook.com\/pages\/BLOG-DE-STEPIENYBARNO\/78001079029\">STEPIENYBARNO EN FACEBOOK<\/a><\/span><\/em><\/p>\n<p><em><span style=\"color: #808080;\">* <a style=\"color: #808080;\" href=\"https:\/\/stepienybarno.es\/blog\/2011\/09\/04\/las-fortalezas-del-arquitecto\/\">Stepienybarno<\/a> est\u00e1 formado por Agnieszka Stepien y Lorenzo Barn\u00f3 y desde mayo del 2009 estamos en la red con\u00a0 la presente publicaci\u00f3n digital (Blog) de arquitectura.<\/span><\/em><\/p>\n<p><em><span style=\"color: #808080;\">Nuestra actividad se sustenta en tres pilares b\u00e1sicos: la investigaci\u00f3n, la publicaci\u00f3n y la redacci\u00f3n de proyectos de arquitectura.<\/span><\/em><\/p>\n<p><em><span style=\"color: #808080;\">A su vez, somos socios cofundadores de <a style=\"color: #808080;\" href=\"http:\/\/sinergiasostenible.org\/\">SINERGIA SOSTENIBLE<\/a>, redactores de <a style=\"color: #808080;\" href=\"http:\/\/www.laciudadviva.org\/blogs\/?author=45\">LA CIUDAD VIVA<\/a> y directores del blog de FUNDACI\u00d3N ARQUIA.<\/span><\/em><\/p>\n<p><em><span style=\"color: #808080;\">* Los editores de esta publicaci\u00f3n digital no nos hacemos cargo de de los comentarios y\u00a0 conceptos vertidos en los textos firmados por otras personas, siendo \u00e9stos de responsabilidad exclusiva de sus autores.<\/span><\/em><\/p>\n<p><em><span style=\"color: #808080;\">* Tu comentario pudiera ser moderado, por lo tanto, aunque aparezca inmediatamente al ser publicado en la entrada, los editores de esta publicaci\u00f3n digital nos reservamos el derecho tanto de editarlo (si fuera necesario, para hacerlo m\u00e1s legible) como de eliminarlo en el caso de que se usen expresiones incorrectas (descalificaciones, palabras malsonantes\u2026). A su vez, si quieres comentar desde el anonimato puedes hacerlo, aunque, nosotros personalmente, agradecemos que tod@s nos podamos identificar.<\/span><\/em><\/p>\n","protected":false},"excerpt":{"rendered":"<p>Hace unos d\u00edas tuvimos la suerte de poder dar una<\/p>\n","protected":false},"author":2,"featured_media":24539,"comment_status":"open","ping_status":"closed","sticky":false,"template":"","format":"standard","meta":{"om_disable_all_campaigns":false,"_monsterinsights_skip_tracking":false,"_monsterinsights_sitenote_active":false,"_monsterinsights_sitenote_note":"","_monsterinsights_sitenote_category":0,"_uf_show_specific_survey":0,"_uf_disable_surveys":false,"episode_type":"","audio_file":"","cover_image":"","cover_image_id":"","duration":"","filesize":"","date_recorded":"","explicit":"","block":"","filesize_raw":"","footnotes":""},"categories":[34,22],"tags":[4273,3386],"series":[],"class_list":["post-24538","post","type-post","status-publish","format-standard","has-post-thumbnail","hentry","category-actualidad","category-identidad-digital-syb","tag-identidad-digital-syb","tag-la-periferia-de-la-arquitectura"],"aioseo_notices":[],"episode_featured_image":"https:\/\/stepienybarno.es\/blog\/wp-content\/uploads\/2016\/10\/1.-STEPIENYBARNO-ESCUELA-DE-ARQUITECTURA-DE-LA-UNIVERSIDAD-DE-NAVARRA..jpg","episode_player_image":"https:\/\/stepienybarno.es\/blog\/wp-content\/uploads\/2020\/11\/stepienybarno-podcast-scaled.jpg","download_link":"","player_link":"","audio_player":false,"episode_data":{"playerMode":"dark","subscribeUrls":[],"rssFeedUrl":"https:\/\/stepienybarno.es\/blog\/feed\/podcast\/podcast-de-stepienybarno","embedCode":"<blockquote class=\"wp-embedded-content\" data-secret=\"p6M5ZUmdQ8\"><a href=\"https:\/\/stepienybarno.es\/blog\/2016\/10\/24\/charla-de-stepienybarno-en-la-escuela-de-arquitectura-de-la-universidad-de-navarra\/\">CHARLA DE STEPIENYBARNO EN LA \u00a0ESCUELA DE\u00a0ARQUITECTURA\u00a0DE LA UNIVERSIDAD DE\u00a0NAVARRA.<\/a><\/blockquote><iframe sandbox=\"allow-scripts\" security=\"restricted\" src=\"https:\/\/stepienybarno.es\/blog\/2016\/10\/24\/charla-de-stepienybarno-en-la-escuela-de-arquitectura-de-la-universidad-de-navarra\/embed\/#?secret=p6M5ZUmdQ8\" width=\"500\" height=\"350\" title=\"\u00abCHARLA DE STEPIENYBARNO EN LA \u00a0ESCUELA DE\u00a0ARQUITECTURA\u00a0DE LA UNIVERSIDAD DE\u00a0NAVARRA.\u00bb \u2014 Blog de STEPIEN Y BARNO - publicaci\u00f3n digital sobre arquitectura\" data-secret=\"p6M5ZUmdQ8\" frameborder=\"0\" marginwidth=\"0\" marginheight=\"0\" scrolling=\"no\" class=\"wp-embedded-content\"><\/iframe><script type=\"text\/javascript\">\n\/* <![CDATA[ *\/\n\/*! This file is auto-generated *\/\n!function(d,l){\"use strict\";l.querySelector&&d.addEventListener&&\"undefined\"!=typeof URL&&(d.wp=d.wp||{},d.wp.receiveEmbedMessage||(d.wp.receiveEmbedMessage=function(e){var t=e.data;if((t||t.secret||t.message||t.value)&&!\/[^a-zA-Z0-9]\/.test(t.secret)){for(var s,r,n,a=l.querySelectorAll('iframe[data-secret=\"'+t.secret+'\"]'),o=l.querySelectorAll('blockquote[data-secret=\"'+t.secret+'\"]'),c=new RegExp(\"^https?:$\",\"i\"),i=0;i<o.length;i++)o[i].style.display=\"none\";for(i=0;i<a.length;i++)s=a[i],e.source===s.contentWindow&&(s.removeAttribute(\"style\"),\"height\"===t.message?(1e3<(r=parseInt(t.value,10))?r=1e3:~~r<200&&(r=200),s.height=r):\"link\"===t.message&&(r=new URL(s.getAttribute(\"src\")),n=new URL(t.value),c.test(n.protocol))&&n.host===r.host&&l.activeElement===s&&(d.top.location.href=t.value))}},d.addEventListener(\"message\",d.wp.receiveEmbedMessage,!1),l.addEventListener(\"DOMContentLoaded\",function(){for(var e,t,s=l.querySelectorAll(\"iframe.wp-embedded-content\"),r=0;r<s.length;r++)(t=(e=s[r]).getAttribute(\"data-secret\"))||(t=Math.random().toString(36).substring(2,12),e.src+=\"#?secret=\"+t,e.setAttribute(\"data-secret\",t)),e.contentWindow.postMessage({message:\"ready\",secret:t},\"*\")},!1)))}(window,document);\n\/* ]]> *\/\n<\/script>\n"},"_links":{"self":[{"href":"https:\/\/stepienybarno.es\/blog\/wp-json\/wp\/v2\/posts\/24538"}],"collection":[{"href":"https:\/\/stepienybarno.es\/blog\/wp-json\/wp\/v2\/posts"}],"about":[{"href":"https:\/\/stepienybarno.es\/blog\/wp-json\/wp\/v2\/types\/post"}],"author":[{"embeddable":true,"href":"https:\/\/stepienybarno.es\/blog\/wp-json\/wp\/v2\/users\/2"}],"replies":[{"embeddable":true,"href":"https:\/\/stepienybarno.es\/blog\/wp-json\/wp\/v2\/comments?post=24538"}],"version-history":[{"count":3,"href":"https:\/\/stepienybarno.es\/blog\/wp-json\/wp\/v2\/posts\/24538\/revisions"}],"predecessor-version":[{"id":24543,"href":"https:\/\/stepienybarno.es\/blog\/wp-json\/wp\/v2\/posts\/24538\/revisions\/24543"}],"wp:featuredmedia":[{"embeddable":true,"href":"https:\/\/stepienybarno.es\/blog\/wp-json\/wp\/v2\/media\/24539"}],"wp:attachment":[{"href":"https:\/\/stepienybarno.es\/blog\/wp-json\/wp\/v2\/media?parent=24538"}],"wp:term":[{"taxonomy":"category","embeddable":true,"href":"https:\/\/stepienybarno.es\/blog\/wp-json\/wp\/v2\/categories?post=24538"},{"taxonomy":"post_tag","embeddable":true,"href":"https:\/\/stepienybarno.es\/blog\/wp-json\/wp\/v2\/tags?post=24538"},{"taxonomy":"series","embeddable":true,"href":"https:\/\/stepienybarno.es\/blog\/wp-json\/wp\/v2\/series?post=24538"}],"curies":[{"name":"wp","href":"https:\/\/api.w.org\/{rel}","templated":true}]}}