{"id":24562,"date":"2016-10-25T08:50:30","date_gmt":"2016-10-25T06:50:30","guid":{"rendered":"https:\/\/www.stepienybarno.es\/blog\/?p=24562"},"modified":"2016-10-26T12:31:21","modified_gmt":"2016-10-26T10:31:21","slug":"unos-proxima-con-mucho-presente","status":"publish","type":"post","link":"https:\/\/stepienybarno.es\/blog\/2016\/10\/25\/unos-proxima-con-mucho-presente\/","title":{"rendered":"UNOS PR\u00d3XIMA CON MUCHO PRESENTE"},"content":{"rendered":"<p>&nbsp;<\/p>\n<p style=\"text-align: center;\"><img loading=\"lazy\" decoding=\"async\" class=\"size-full wp-image-24595 aligncenter\" src=\"https:\/\/stepienybarno.es\/blog\/wp-content\/uploads\/2016\/10\/15-Stepienybarno-blog-Fundaci\u00f3n-Arquia-foro-arquia-proxima-.jpg\" alt=\"15-stepienybarno-blog-fundacion-arquia-foro-arquia-proxima\" width=\"650\" height=\"433\" srcset=\"https:\/\/stepienybarno.es\/blog\/wp-content\/uploads\/2016\/10\/15-Stepienybarno-blog-Fundaci\u00f3n-Arquia-foro-arquia-proxima-.jpg 650w, https:\/\/stepienybarno.es\/blog\/wp-content\/uploads\/2016\/10\/15-Stepienybarno-blog-Fundaci\u00f3n-Arquia-foro-arquia-proxima--180x120.jpg 180w, https:\/\/stepienybarno.es\/blog\/wp-content\/uploads\/2016\/10\/15-Stepienybarno-blog-Fundaci\u00f3n-Arquia-foro-arquia-proxima--550x366.jpg 550w, https:\/\/stepienybarno.es\/blog\/wp-content\/uploads\/2016\/10\/15-Stepienybarno-blog-Fundaci\u00f3n-Arquia-foro-arquia-proxima--316x211.jpg 316w\" sizes=\"(max-width: 650px) 100vw, 650px\" \/><\/p>\n<p>Reci\u00e9n llegados de unos d\u00edas inolvidables en M\u00e1laga, disfrutando del V foro de arquia\/proxima nos animamos a compartir algunas impresiones y sensaciones que nos han ido quedando despu\u00e9s de tanta intensidad.<\/p>\n<p>Como os contaremos con detenimiento, quiz\u00e1s, lo que m\u00e1s nos ha impactado del foro es la madurez de las propuestas seleccionadas. En este sentido, cabe destacar que el nivel de lo que vimos en el evento, daba mucha m\u00e1s sensaci\u00f3n de un esperanzador presente que de un lejano futuro.<\/p>\n<p>\u00bfNos acompa\u00f1as?<\/p>\n<p><!--more--><\/p>\n<p>&nbsp;<\/p>\n<p style=\"text-align: center;\"><img loading=\"lazy\" decoding=\"async\" class=\"alignnone size-full wp-image-24564\" src=\"https:\/\/stepienybarno.es\/blog\/wp-content\/uploads\/2016\/10\/1.Stepienybarno-blog-Fundaci\u00f3n-Arquia-foro-arquia-proxima-.jpg\" alt=\"1-stepienybarno-blog-fundacion-arquia-foro-arquia-proxima\" width=\"650\" height=\"433\" srcset=\"https:\/\/stepienybarno.es\/blog\/wp-content\/uploads\/2016\/10\/1.Stepienybarno-blog-Fundaci\u00f3n-Arquia-foro-arquia-proxima-.jpg 650w, https:\/\/stepienybarno.es\/blog\/wp-content\/uploads\/2016\/10\/1.Stepienybarno-blog-Fundaci\u00f3n-Arquia-foro-arquia-proxima--180x120.jpg 180w, https:\/\/stepienybarno.es\/blog\/wp-content\/uploads\/2016\/10\/1.Stepienybarno-blog-Fundaci\u00f3n-Arquia-foro-arquia-proxima--550x366.jpg 550w, https:\/\/stepienybarno.es\/blog\/wp-content\/uploads\/2016\/10\/1.Stepienybarno-blog-Fundaci\u00f3n-Arquia-foro-arquia-proxima--316x211.jpg 316w\" sizes=\"(max-width: 650px) 100vw, 650px\" \/><\/p>\n<p class=\"blog\" style=\"text-align: center;\" align=\"center\"><span style=\"color: #7f7f7f;\"><a href=\"http:\/\/elfabricantedeespheras.com\/\" target=\"_blank\">El fabricante de esphera<\/a> en plena presentaci\u00f3n.<\/span><\/p>\n<h3><span style=\"color: #ff9900;\"><strong>1_ LA ACTITUD S\u00cd IMPORTA.<\/strong><\/span><\/h3>\n<p>\u00bfPara qu\u00e9 sirve celebrar un evento como arquia\/proxima? Para empezar, para dar oportunidad a muchas propuestas que hasta ahora permanec\u00edan en el<strong> anonimato <\/strong>de pasar a primer plano y, para continuar, para <strong>testar la actualidad\u00a0 arquitect\u00f3nica del futuro de la profesi\u00f3n<\/strong>. Recordamos que se trata de una selecci\u00f3n de obras cuyos autores, siempre arquitect@s, recibieron el t\u00edtulo <strong>hace menos de 10 a\u00f1os.<\/strong><\/p>\n<p>As\u00ed, durante ya cinco ediciones, desde Fundaci\u00f3n Arquia, se han empe\u00f1ado en ir trazando un <strong>mapa bianual<\/strong> de la flor y nata de nuestra arquitectura m\u00e1s joven. Evidentemente, <strong>no es cuesti\u00f3n ahora de confundir el mapa con el<\/strong> <strong>territorio<\/strong>; como bien apuntaba una de las componentes del jurado, <strong>Eva Morales<\/strong>, es c\u00f3mo un<strong> term\u00f3metro<\/strong> de la actualidad.<\/p>\n<p>En este sentido, es cierto que la <strong>objetividad <\/strong>de la selecci\u00f3n de las propuestas, nunca podr\u00e1 ser m\u00e1xima y estar\u00e1 te\u00f1ida, en gran parte, por la <strong>subjetividad <\/strong>del propio jurado.\u00a0 De esta forma, el anterior jurado, ten\u00eda una l\u00ednea marcada por un talante \u201c<strong>m\u00e1s alternativo<\/strong>\u201d y el jurado actual, en principio, parec\u00eda m\u00e1s <strong>cl\u00e1sico o disciplinar.<\/strong> Decimos, en principio, pues como intentaremos explicar a lo largo de este art\u00edculo el propio <strong>talante del jurado,<\/strong> hizo que esto no fuera as\u00ed.<\/p>\n<p>Con ello, en la anterior edici\u00f3n (IV) del foro, celebrada en Granada, los ganadores del premio respiraban bastante de las l\u00edneas de inter\u00e9s del jurado; de hecho, se podr\u00eda decir que, en cierta forma,\u00a0 muchos de los miembros del jurado podr\u00edan haber firmado muchas de las obras seleccionadas.<\/p>\n<p>&nbsp;<\/p>\n<p>Sin embargo, en esta ocasi\u00f3n la cosa no estaba tan clara y, como bien dijo <strong>Jos\u00e9 Mar\u00eda S\u00e1nchez<\/strong> (miembro del jurado seleccionado por el voto de los participantes de otras ediciones), muchas de las obras seleccionadas se alejaban en gran medida de lo que habitualmente proyectan los miembros del jurado. \u00c9l mismo habl\u00f3 de que aquello que \u00e9l no suele proyectar le atra\u00eda enormemente; lo cual, pensamos que es una <strong>actitud excelente<\/strong> para estar en un jurado.<\/p>\n<p style=\"text-align: center;\"><img loading=\"lazy\" decoding=\"async\" class=\"alignnone size-full wp-image-24565\" src=\"https:\/\/stepienybarno.es\/blog\/wp-content\/uploads\/2016\/10\/2-Stepienybarno-blog-Fundaci\u00f3n-Arquia-foro-arquia-proxima-pez-estudio-agronautas.jpg\" alt=\"2-stepienybarno-blog-fundacion-arquia-foro-arquia-proxima-pez-estudio-agronautas\" width=\"650\" height=\"433\" srcset=\"https:\/\/stepienybarno.es\/blog\/wp-content\/uploads\/2016\/10\/2-Stepienybarno-blog-Fundaci\u00f3n-Arquia-foro-arquia-proxima-pez-estudio-agronautas.jpg 650w, https:\/\/stepienybarno.es\/blog\/wp-content\/uploads\/2016\/10\/2-Stepienybarno-blog-Fundaci\u00f3n-Arquia-foro-arquia-proxima-pez-estudio-agronautas-180x120.jpg 180w, https:\/\/stepienybarno.es\/blog\/wp-content\/uploads\/2016\/10\/2-Stepienybarno-blog-Fundaci\u00f3n-Arquia-foro-arquia-proxima-pez-estudio-agronautas-550x366.jpg 550w, https:\/\/stepienybarno.es\/blog\/wp-content\/uploads\/2016\/10\/2-Stepienybarno-blog-Fundaci\u00f3n-Arquia-foro-arquia-proxima-pez-estudio-agronautas-316x211.jpg 316w\" sizes=\"(max-width: 650px) 100vw, 650px\" \/><\/p>\n<p style=\"text-align: center;\"><span style=\"color: #808080;\">La intervenci\u00f3n de Agronautas, capitaneada por <a style=\"color: #808080;\" href=\"http:\/\/www.pezestudio.org\/\">Pez Studio<\/a>, es en un buen ejemplo de lo que hemos comentado en el p\u00e1rrafo anterior.<\/span><\/p>\n<p style=\"text-align: center;\"><span style=\"color: #808080;\">*<\/span><\/p>\n<p>De igual manera, nos parece bonito ver c\u00f3mo los miembros del jurado con m\u00e1s juventud acumulada como\u00a0Carlos G\u00f3mez Agust\u00ed y Jes\u00fas Irisarri se integraron a la perfecci\u00f3n en el discurso m\u00e1s fresco de sus compa\u00f1eros. De hecho, seguramente este habr\u00e1 sido el jurado m\u00e1s joven de todas las ediciones.<\/p>\n<p>A su vez, <strong>Irisarri<\/strong>, rompi\u00f3 una lanza en favor de la <strong>arquitectura sostenible<\/strong>; dejando bien claro que no todo lo que entendemos como buena arquitectura es, a su vez, arquitectura sostenible. De hecho, como bien matiz\u00f3, muchos arquitectos de su generaci\u00f3n usan la frase de \u201csi es buena arquitectura ya es sostenible\u201d, porque no se han puesto las pilas en entender lo que es o puede ser la arquitectura sostenible.<\/p>\n<p>&nbsp;<\/p>\n<p style=\"text-align: center;\">*<\/p>\n<p>Por otro lado, nos sorprendi\u00f3\u00a0 <strong>ver en el jurado tan s\u00f3lo una mujer<\/strong>, <strong>Eva Morales<\/strong>, y que era quien a su vez, ten\u00eda una trayectoria profesional ligada a temas de <strong>car\u00e1cter m\u00e1s social.<\/strong> A cambio, se trataba de <strong>un jurado muy joven<\/strong>, que ha sabido <strong>pulsar bien la realidad del momento presente<\/strong>; es m\u00e1s, uno de los miembros del jurado, Victor Navarro, se puede decir que ha crecido como arquitecto a la par que el propio evento de Pr\u00f3xima (fue seleccionado en las cinco ediciones).<\/p>\n<p>En cualquier caso, pensamos que la elecci\u00f3n del\u00a0 jurado, seguramente, fue uno de los <strong>mayores aciertos<\/strong> de esta edici\u00f3n. Cada vez tenemos m\u00e1s claro que, <strong>adem\u00e1s de aptitud y talento, se necesita actitud y talante.<\/strong> En este sentido, el jurado era de lo m\u00e1s completo que se puede reunir.<\/p>\n<p>As\u00ed, se pudo comprobar, con claridad, que se hab\u00eda <strong>debatido<\/strong> largo y tendido sobre las propuestas presentadas y que la selecci\u00f3n final, fue resultado de un <strong>consenso.<\/strong> De esta forma,\u00a0 se evitan los t\u00edpicos enroques de jurados que quiere premiar, a toda costa, una obra determinada o lo que es peor: una forma de hacer arquitectura que excluye todo lo que no respira en la misma l\u00ednea.<\/p>\n<p>&nbsp;<\/p>\n<p style=\"text-align: center;\"><img loading=\"lazy\" decoding=\"async\" class=\"alignnone size-full wp-image-24566\" src=\"https:\/\/stepienybarno.es\/blog\/wp-content\/uploads\/2016\/10\/3.-Stepienybarno-blog-Fundaci\u00f3n-Arquia-foro-arquia-proxima-recolectores-urbanos-paisaje-transversal.png\" alt=\"3-stepienybarno-blog-fundacion-arquia-foro-arquia-proxima-recolectores-urbanos-paisaje-transversal\" width=\"650\" height=\"121\" srcset=\"https:\/\/stepienybarno.es\/blog\/wp-content\/uploads\/2016\/10\/3.-Stepienybarno-blog-Fundaci\u00f3n-Arquia-foro-arquia-proxima-recolectores-urbanos-paisaje-transversal.png 650w, https:\/\/stepienybarno.es\/blog\/wp-content\/uploads\/2016\/10\/3.-Stepienybarno-blog-Fundaci\u00f3n-Arquia-foro-arquia-proxima-recolectores-urbanos-paisaje-transversal-180x34.png 180w, https:\/\/stepienybarno.es\/blog\/wp-content\/uploads\/2016\/10\/3.-Stepienybarno-blog-Fundaci\u00f3n-Arquia-foro-arquia-proxima-recolectores-urbanos-paisaje-transversal-550x102.png 550w, https:\/\/stepienybarno.es\/blog\/wp-content\/uploads\/2016\/10\/3.-Stepienybarno-blog-Fundaci\u00f3n-Arquia-foro-arquia-proxima-recolectores-urbanos-paisaje-transversal-316x59.png 316w\" sizes=\"(max-width: 650px) 100vw, 650px\" \/><\/p>\n<p>Con ello, vimos sorpresas muy agradables como la selecci\u00f3n entre los 24 premiados, de <strong>dos editoriales<\/strong> (<strong>Ferr\u00e1n Ventura<\/strong> de <a href=\"http:\/\/editorial.recolectoresurbanos.com\/\">Recolectores Urbanos<\/a> recogi\u00f3 dos premios) o la presencia de <strong>un blog.<\/strong> Un blog, el de <strong>Paisaje Transversal,<\/strong> que, desde Stepienybarno, hemos visto nacer, crecer, madurar y ahora hacerse mayor, con una consistencia envidiable. Como el mismo <strong>Jon Aguirre Such<\/strong>, miembro fundador de PT, coment\u00f3: \u201cno es que un camino sea bueno o malo, es que <strong>hay muchos caminos<\/strong> en los que podemos aportar\u201d.<\/p>\n<p>As\u00ed que, como os pod\u00e9is imaginar que una publicaci\u00f3n digital este presente entre los 24 seleccionados ya era algo a celebrar; pero que, adem\u00e1s, se haya llevado el <strong>segundo premio<\/strong> m\u00e1s importante es para estar m\u00e1s que felices.<\/p>\n<p>&nbsp;<\/p>\n<p style=\"text-align: center;\"><img loading=\"lazy\" decoding=\"async\" class=\"alignnone size-full wp-image-24567\" src=\"https:\/\/stepienybarno.es\/blog\/wp-content\/uploads\/2016\/10\/4.-Stepienybarno-blog-Fundaci\u00f3n-Arquia-foro-arquia-proxima-Paisaje-transversal-blog.png\" alt=\"4-stepienybarno-blog-fundacion-arquia-foro-arquia-proxima-paisaje-transversal-blog\" width=\"650\" height=\"565\" srcset=\"https:\/\/stepienybarno.es\/blog\/wp-content\/uploads\/2016\/10\/4.-Stepienybarno-blog-Fundaci\u00f3n-Arquia-foro-arquia-proxima-Paisaje-transversal-blog.png 650w, https:\/\/stepienybarno.es\/blog\/wp-content\/uploads\/2016\/10\/4.-Stepienybarno-blog-Fundaci\u00f3n-Arquia-foro-arquia-proxima-Paisaje-transversal-blog-180x156.png 180w, https:\/\/stepienybarno.es\/blog\/wp-content\/uploads\/2016\/10\/4.-Stepienybarno-blog-Fundaci\u00f3n-Arquia-foro-arquia-proxima-Paisaje-transversal-blog-550x478.png 550w, https:\/\/stepienybarno.es\/blog\/wp-content\/uploads\/2016\/10\/4.-Stepienybarno-blog-Fundaci\u00f3n-Arquia-foro-arquia-proxima-Paisaje-transversal-blog-316x275.png 316w\" sizes=\"(max-width: 650px) 100vw, 650px\" \/><\/p>\n<p>&nbsp;<\/p>\n<h3><span style=\"color: #ff9900;\"><strong>2_ EL EVENTO<\/strong><\/span><\/h3>\n<p>El primer d\u00eda del foro, <strong>el mi\u00e9rcoles 19 de octubre<\/strong>,\u00a0 estuvo dedicado a los premiados con las becas de la Fundaci\u00f3n Arquia. Mucha gente jovenc\u00edsima, con la ilusi\u00f3n por bandera, que ir\u00e1n a hacer pr\u00e1cticas a un elenco de estudios de primera l\u00ednea. Para nosotros es importante ver que esta l\u00ednea se va consolidando, m\u00e1s aun cuando, por desgracia, en nuestra profesi\u00f3n se sigue tirando de becarios que terminan currando como el que m\u00e1s del estudio y, muchas veces, por amor al arte. As\u00ed pues, ver unas becas tan serias y consolidadas es algo muy bueno para la profesi\u00f3n.<\/p>\n<p>&nbsp;<\/p>\n<p style=\"text-align: center;\"><img loading=\"lazy\" decoding=\"async\" class=\"alignnone size-full wp-image-24568\" src=\"https:\/\/stepienybarno.es\/blog\/wp-content\/uploads\/2016\/10\/5-Stepienybarno-blog-Fundaci\u00f3n-Arquia-foro-arquia-proxima-becarios.jpg\" alt=\"5-stepienybarno-blog-fundacion-arquia-foro-arquia-proxima-becarios\" width=\"650\" height=\"487\" srcset=\"https:\/\/stepienybarno.es\/blog\/wp-content\/uploads\/2016\/10\/5-Stepienybarno-blog-Fundaci\u00f3n-Arquia-foro-arquia-proxima-becarios.jpg 650w, https:\/\/stepienybarno.es\/blog\/wp-content\/uploads\/2016\/10\/5-Stepienybarno-blog-Fundaci\u00f3n-Arquia-foro-arquia-proxima-becarios-180x135.jpg 180w, https:\/\/stepienybarno.es\/blog\/wp-content\/uploads\/2016\/10\/5-Stepienybarno-blog-Fundaci\u00f3n-Arquia-foro-arquia-proxima-becarios-550x412.jpg 550w, https:\/\/stepienybarno.es\/blog\/wp-content\/uploads\/2016\/10\/5-Stepienybarno-blog-Fundaci\u00f3n-Arquia-foro-arquia-proxima-becarios-316x237.jpg 316w\" sizes=\"(max-width: 650px) 100vw, 650px\" \/><\/p>\n<p style=\"text-align: center;\"><span style=\"color: #808080;\">Foto de familia de los becados<\/span><\/p>\n<p style=\"text-align: center;\"><span style=\"color: #808080;\">*<\/span><\/p>\n<p style=\"text-align: center;\"><span style=\"color: #808080;\">Ver todos los ganadores<a href=\"http:\/\/fundacion.arquia.es\/es\/concursos\/becas\/Convocatoria\/Ganadores?anyo=2016\" target=\"_blank\"> por aqu\u00ed.<\/a><\/span><\/p>\n<p>Este mismo d\u00eda, <strong>Manuel Aires Mateus<\/strong> (jurado concurso Arquia\/becas 2017) present\u00f3 el tema de la siguiente convocatoria \u201cHabitar un espacio dentro de otro espacio\u201d y <a href=\"http:\/\/www.baas.cat\/es\/jordi_badia.php\" target=\"_blank\"><strong>Jordi Badia<\/strong><\/a> (jurado concurso Arquia\/becas 2016) nos\u00a0ofreci\u00f3 una charla estupenda. En la misma, qued\u00f3 bien claro su\u00a0 inter\u00e9s por conservar la <strong>memoria del lugar<\/strong> y apostar por una arquitectura lejana a los fuegos de artificio de lo que se podr\u00eda llamar arquitectura de autor. Como \u00e9l mismo dijo, le interesa la arquitectura que capaz de posarse en el lugar como si llevase all\u00e1 toda la vida.<\/p>\n<p>&nbsp;<\/p>\n<p style=\"text-align: center;\"><img loading=\"lazy\" decoding=\"async\" class=\"alignnone size-full wp-image-24569\" src=\"https:\/\/stepienybarno.es\/blog\/wp-content\/uploads\/2016\/10\/6.1-Stepienybarno-blog-Fundaci\u00f3n-Arquia-foro-arquia-proxima-Jordi-Badia.jpg\" alt=\"6-1-stepienybarno-blog-fundacion-arquia-foro-arquia-proxima-jordi-badia\" width=\"650\" height=\"433\" srcset=\"https:\/\/stepienybarno.es\/blog\/wp-content\/uploads\/2016\/10\/6.1-Stepienybarno-blog-Fundaci\u00f3n-Arquia-foro-arquia-proxima-Jordi-Badia.jpg 650w, https:\/\/stepienybarno.es\/blog\/wp-content\/uploads\/2016\/10\/6.1-Stepienybarno-blog-Fundaci\u00f3n-Arquia-foro-arquia-proxima-Jordi-Badia-180x120.jpg 180w, https:\/\/stepienybarno.es\/blog\/wp-content\/uploads\/2016\/10\/6.1-Stepienybarno-blog-Fundaci\u00f3n-Arquia-foro-arquia-proxima-Jordi-Badia-550x366.jpg 550w, https:\/\/stepienybarno.es\/blog\/wp-content\/uploads\/2016\/10\/6.1-Stepienybarno-blog-Fundaci\u00f3n-Arquia-foro-arquia-proxima-Jordi-Badia-316x211.jpg 316w\" sizes=\"(max-width: 650px) 100vw, 650px\" \/><\/p>\n<p style=\"text-align: center;\">Jordi Badia<\/p>\n<p style=\"text-align: center;\">*<\/p>\n<p>As\u00ed, una vez terminada la jornada, nos dimos una vuelta para disfrutar de la exposici\u00f3n de los trabajos premiados en arquia\/becas bajo el tema \u00ab<strong>Una Capilla Laica<\/strong>\u00ab.<\/p>\n<p>&nbsp;<\/p>\n<p style=\"text-align: center;\"><img loading=\"lazy\" decoding=\"async\" class=\"alignnone size-full wp-image-24570\" src=\"https:\/\/stepienybarno.es\/blog\/wp-content\/uploads\/2016\/10\/6.2-Stepienybarno-blog-Fundaci\u00f3n-Arquia-foro-arquia-proxima-exposicion.jpg\" alt=\"6-2-stepienybarno-blog-fundacion-arquia-foro-arquia-proxima-exposicion\" width=\"650\" height=\"441\" srcset=\"https:\/\/stepienybarno.es\/blog\/wp-content\/uploads\/2016\/10\/6.2-Stepienybarno-blog-Fundaci\u00f3n-Arquia-foro-arquia-proxima-exposicion.jpg 650w, https:\/\/stepienybarno.es\/blog\/wp-content\/uploads\/2016\/10\/6.2-Stepienybarno-blog-Fundaci\u00f3n-Arquia-foro-arquia-proxima-exposicion-180x122.jpg 180w, https:\/\/stepienybarno.es\/blog\/wp-content\/uploads\/2016\/10\/6.2-Stepienybarno-blog-Fundaci\u00f3n-Arquia-foro-arquia-proxima-exposicion-550x373.jpg 550w, https:\/\/stepienybarno.es\/blog\/wp-content\/uploads\/2016\/10\/6.2-Stepienybarno-blog-Fundaci\u00f3n-Arquia-foro-arquia-proxima-exposicion-316x214.jpg 316w\" sizes=\"(max-width: 650px) 100vw, 650px\" \/><\/p>\n<p><strong>El jueves d\u00eda 20<\/strong>, por la ma\u00f1ana, se produjo la presentaci\u00f3n de los 24 seleccionados y, por la tarde, la mesa redonda.<\/p>\n<p>Como os pod\u00e9is imaginar el entusiasmo y la emoci\u00f3n flotaban en el aire, como ya aventuraba <strong>Jes\u00fas Irisarri<\/strong>, en su reflexi\u00f3n para el catalogo: \u201clo recogido en este foro est\u00e1 lleno de <strong>calidad e ilusi\u00f3n <\/strong>en los trabajos y en sus autores, y ello es una suerte para sociedad que los recibe.\u201d<\/p>\n<p>As\u00ed, con todas las ganas del mundo, bien prontito, poco despu\u00e9s de que se inaugurara el foro por la mesa presidida por <strong>Javier Navarro<\/strong>, abri\u00f3 fuego el proyecto de <strong>Esa\u00fa Acosta<\/strong> (ver proyecto <a href=\"http:\/\/www.plataformaarquitectura.cl\/cl\/766513\/casa-g-esau-acosta\">por aqu\u00ed<\/a>), y supuestamente cada 9 minutos se fueron sucediendo el resto de intervenciones. Y decimos supuestamente, porqu\u00e9 este es uno de los \u201cperos\u201d que podemos poner a la jornada. Nos cuesta entender c\u00f3mo <strong>la mayor\u00eda de los participantes no se ci\u00f1eron al tiempo previsto <\/strong>y, adem\u00e1s, se pasaron de largo. M\u00e1s de uno se fue de los 20 minutos; lo cual, cuando menos es una falta de respeto para sus compa\u00f1eros. De esta forma, todo se <strong>alarg\u00f3 demasiado<\/strong> y, eso, no ayud\u00f3 a que el p\u00fablico pudiera mantener la atenci\u00f3n en la ya de por s\u00ed maratoniana jornada.<\/p>\n<p>&nbsp;<\/p>\n<p>Dicho esto, tambi\u00e9n es cierto que, la mayor\u00eda de las intervenciones fueron m\u00e1s que correctas, y algunas tuvieron <strong>momentos brillantes.<\/strong><\/p>\n<p>Los participantes, no s\u00f3lo contaron sus proyectos desde un punto de vista formal, sino que se esforzaron en dar consistencia conceptual a sus propuestas, tal como ya adelantaba el miembro del jurado, <strong>Jos\u00e9 Mar\u00eda S\u00e1nchez;<\/strong> \u201cse ve una<strong> investigaci\u00f3n <\/strong>que, de alguna forma, sirve de marco\u00a0 a la propuesta arquitect\u00f3nica, encuadr\u00e1ndola dentro de un determinado <strong>planteamiento te\u00f3rico<\/strong> e incluso llegando a generar manifiestos propios con mucho inter\u00e9s\u201d.<\/p>\n<p>En general, se vio que los ponentes ten\u00edan tablas en esto de contar sus proyectos y era de agradecer <strong>la claridad <\/strong>de las propuestas. Por ello, si os apetece indagar sobre los proyectos seleccionados,\u00a0 lo pod\u00e9is hacer tanto en la <strong><a href=\"http:\/\/fundacion.arquia.es\/concursos\/proxima\">web de Pr\u00f3xima<\/a><\/strong>, como en el cuidado <strong>cat\u00e1logo del premio<\/strong> (recoge los 128 trabajos de arquitectura joven espa\u00f1ola seleccionados por el jurado) que en esta ocasi\u00f3n se ha realizado por <strong><a href=\"http:\/\/vibokworks.com\/es\">Paula V. \u00c1lvarez de Vibok Works.<\/a><\/strong><\/p>\n<p><strong>\u00a0<\/strong><\/p>\n<p style=\"text-align: center;\"><img loading=\"lazy\" decoding=\"async\" class=\"alignnone size-full wp-image-24571\" src=\"https:\/\/stepienybarno.es\/blog\/wp-content\/uploads\/2016\/10\/7-Stepienybarno-blog-Fundaci\u00f3n-Arquia-foro-arquia-proxima-Vibok-Works.png\" alt=\"7-stepienybarno-blog-fundacion-arquia-foro-arquia-proxima-vibok-works\" width=\"650\" height=\"504\" srcset=\"https:\/\/stepienybarno.es\/blog\/wp-content\/uploads\/2016\/10\/7-Stepienybarno-blog-Fundaci\u00f3n-Arquia-foro-arquia-proxima-Vibok-Works.png 650w, https:\/\/stepienybarno.es\/blog\/wp-content\/uploads\/2016\/10\/7-Stepienybarno-blog-Fundaci\u00f3n-Arquia-foro-arquia-proxima-Vibok-Works-180x140.png 180w, https:\/\/stepienybarno.es\/blog\/wp-content\/uploads\/2016\/10\/7-Stepienybarno-blog-Fundaci\u00f3n-Arquia-foro-arquia-proxima-Vibok-Works-550x426.png 550w, https:\/\/stepienybarno.es\/blog\/wp-content\/uploads\/2016\/10\/7-Stepienybarno-blog-Fundaci\u00f3n-Arquia-foro-arquia-proxima-Vibok-Works-316x245.png 316w\" sizes=\"(max-width: 650px) 100vw, 650px\" \/><\/p>\n<p style=\"text-align: center;\"><span style=\"color: #808080;\">Pantallazo del facebook de <a style=\"color: #808080;\" href=\"https:\/\/www.facebook.com\/profile.php?id=100000419815451\">Vibok Works<\/a><\/span><\/p>\n<p>Para quienes no pudisteis disfrutar del <strong>estupendo streaming<\/strong> que tuvo el evento, lo pod\u00e9is revisar en breve en la web de Fundaci\u00f3n Arquia.<\/p>\n<p>Y este fue el plantel ganador de esta V edici\u00f3n, comisariada por <strong>Alberto Veiga<\/strong> y que se celebr\u00f3 bajo el sugerente t\u00edtulo de \u201c<strong>Futuro imperfecto<\/strong>\u201d:<\/p>\n<p>&nbsp;<\/p>\n<h5 style=\"text-align: center;\"><strong>Premio Arquia\/pr\u00f3xima 2016:<\/strong> Persiana Barcelona de Pau Sarquella y Diana Us\u00f3n <a href=\"http:\/\/fundacion.arquia.es\/ca\/concursos\/proxima\/ProximaRealizacion\/FichaDetalleVotacion?votacion_id=3&amp;participacion_id=9653&amp;galeria_id=18689\" target=\"_blank\">(ver aqu\u00ed)<\/a><\/h5>\n<p style=\"text-align: center;\"><img loading=\"lazy\" decoding=\"async\" class=\"alignnone size-full wp-image-24572\" src=\"https:\/\/stepienybarno.es\/blog\/wp-content\/uploads\/2016\/10\/8.0-Stepienybarno-blog-Fundaci\u00f3n-Arquia-foro-arquia-proxima-persiana-barcelona.png\" alt=\"8-0-stepienybarno-blog-fundacion-arquia-foro-arquia-proxima-persiana-barcelona\" width=\"650\" height=\"433\" srcset=\"https:\/\/stepienybarno.es\/blog\/wp-content\/uploads\/2016\/10\/8.0-Stepienybarno-blog-Fundaci\u00f3n-Arquia-foro-arquia-proxima-persiana-barcelona.png 650w, https:\/\/stepienybarno.es\/blog\/wp-content\/uploads\/2016\/10\/8.0-Stepienybarno-blog-Fundaci\u00f3n-Arquia-foro-arquia-proxima-persiana-barcelona-180x120.png 180w, https:\/\/stepienybarno.es\/blog\/wp-content\/uploads\/2016\/10\/8.0-Stepienybarno-blog-Fundaci\u00f3n-Arquia-foro-arquia-proxima-persiana-barcelona-550x366.png 550w, https:\/\/stepienybarno.es\/blog\/wp-content\/uploads\/2016\/10\/8.0-Stepienybarno-blog-Fundaci\u00f3n-Arquia-foro-arquia-proxima-persiana-barcelona-316x211.png 316w\" sizes=\"(max-width: 650px) 100vw, 650px\" \/><\/p>\n<p style=\"text-align: center;\"><img loading=\"lazy\" decoding=\"async\" class=\"alignnone size-full wp-image-24573\" src=\"https:\/\/stepienybarno.es\/blog\/wp-content\/uploads\/2016\/10\/8.0-Stepienybarno-blog-Fundaci\u00f3n-Arquia-foro-arquia-proxima-persiana.png\" alt=\"8-0-stepienybarno-blog-fundacion-arquia-foro-arquia-proxima-persiana\" width=\"650\" height=\"494\" srcset=\"https:\/\/stepienybarno.es\/blog\/wp-content\/uploads\/2016\/10\/8.0-Stepienybarno-blog-Fundaci\u00f3n-Arquia-foro-arquia-proxima-persiana.png 650w, https:\/\/stepienybarno.es\/blog\/wp-content\/uploads\/2016\/10\/8.0-Stepienybarno-blog-Fundaci\u00f3n-Arquia-foro-arquia-proxima-persiana-180x137.png 180w, https:\/\/stepienybarno.es\/blog\/wp-content\/uploads\/2016\/10\/8.0-Stepienybarno-blog-Fundaci\u00f3n-Arquia-foro-arquia-proxima-persiana-550x418.png 550w, https:\/\/stepienybarno.es\/blog\/wp-content\/uploads\/2016\/10\/8.0-Stepienybarno-blog-Fundaci\u00f3n-Arquia-foro-arquia-proxima-persiana-316x240.png 316w\" sizes=\"(max-width: 650px) 100vw, 650px\" \/><\/p>\n<h5 style=\"text-align: center;\"><strong>Premio Arquia\/Innova 2016:<\/strong><a href=\"http:\/\/www.paisajetransversal.org\/\" target=\"_blank\"> El BLOG de Paisaje Transversal.<\/a><\/h5>\n<p style=\"text-align: center;\"><img loading=\"lazy\" decoding=\"async\" class=\"alignnone size-full wp-image-24574\" src=\"https:\/\/stepienybarno.es\/blog\/wp-content\/uploads\/2016\/10\/8.1-Stepienybarno-blog-Fundaci\u00f3n-Arquia-foro-arquia-proxima-Jon-Aguirre-de-Paisaje-Transversal..jpg\" alt=\"8-1-stepienybarno-blog-fundacion-arquia-foro-arquia-proxima-jon-aguirre-de-paisaje-transversal\" width=\"650\" height=\"433\" srcset=\"https:\/\/stepienybarno.es\/blog\/wp-content\/uploads\/2016\/10\/8.1-Stepienybarno-blog-Fundaci\u00f3n-Arquia-foro-arquia-proxima-Jon-Aguirre-de-Paisaje-Transversal..jpg 650w, https:\/\/stepienybarno.es\/blog\/wp-content\/uploads\/2016\/10\/8.1-Stepienybarno-blog-Fundaci\u00f3n-Arquia-foro-arquia-proxima-Jon-Aguirre-de-Paisaje-Transversal.-180x120.jpg 180w, https:\/\/stepienybarno.es\/blog\/wp-content\/uploads\/2016\/10\/8.1-Stepienybarno-blog-Fundaci\u00f3n-Arquia-foro-arquia-proxima-Jon-Aguirre-de-Paisaje-Transversal.-550x366.jpg 550w, https:\/\/stepienybarno.es\/blog\/wp-content\/uploads\/2016\/10\/8.1-Stepienybarno-blog-Fundaci\u00f3n-Arquia-foro-arquia-proxima-Jon-Aguirre-de-Paisaje-Transversal.-316x211.jpg 316w\" sizes=\"(max-width: 650px) 100vw, 650px\" \/><\/p>\n<p style=\"text-align: center;\"><span style=\"color: #808080;\">Jon Aguirre \u00a0Such de Paisaje Transversal.<\/span><\/p>\n<p style=\"text-align: center;\"><span style=\"color: #808080;\">*<\/span><\/p>\n<p style=\"text-align: center;\"><img loading=\"lazy\" decoding=\"async\" class=\"alignnone size-full wp-image-24575\" src=\"https:\/\/stepienybarno.es\/blog\/wp-content\/uploads\/2016\/10\/8.1-Stepienybarno-blog-Fundaci\u00f3n-Arquia-foro-arquia-proxima-paisaje-transversal.png\" alt=\"8-1-stepienybarno-blog-fundacion-arquia-foro-arquia-proxima-paisaje-transversal\" width=\"650\" height=\"586\" srcset=\"https:\/\/stepienybarno.es\/blog\/wp-content\/uploads\/2016\/10\/8.1-Stepienybarno-blog-Fundaci\u00f3n-Arquia-foro-arquia-proxima-paisaje-transversal.png 650w, https:\/\/stepienybarno.es\/blog\/wp-content\/uploads\/2016\/10\/8.1-Stepienybarno-blog-Fundaci\u00f3n-Arquia-foro-arquia-proxima-paisaje-transversal-180x162.png 180w, https:\/\/stepienybarno.es\/blog\/wp-content\/uploads\/2016\/10\/8.1-Stepienybarno-blog-Fundaci\u00f3n-Arquia-foro-arquia-proxima-paisaje-transversal-550x496.png 550w, https:\/\/stepienybarno.es\/blog\/wp-content\/uploads\/2016\/10\/8.1-Stepienybarno-blog-Fundaci\u00f3n-Arquia-foro-arquia-proxima-paisaje-transversal-316x285.png 316w\" sizes=\"(max-width: 650px) 100vw, 650px\" \/><\/p>\n<p style=\"text-align: center;\"><span style=\"color: #808080;\">Paisaje Transversal recogiendo el premio<\/span><\/p>\n<p class=\"blog\" style=\"text-align: center;\" align=\"center\"><span style=\"color: #7f7f7f;\">\u00a0<\/span><\/p>\n<p class=\"blog\" style=\"text-align: center;\" align=\"center\"><iframe loading=\"lazy\" src=\"https:\/\/www.youtube.com\/embed\/goKgplCAZdU\" width=\"640\" height=\"360\" frameborder=\"0\" allowfullscreen=\"allowfullscreen\"><\/iframe><\/p>\n<h5 style=\"text-align: center;\"><strong>Premio <a href=\"https:\/\/twitter.com\/hashtag\/ArquiaVotaci%C3%B3n?src=hash\">Arquia\/Votaci\u00f3n<\/a> y <a href=\"https:\/\/twitter.com\/hashtag\/ArquiaOpini%C3%B3n?src=hash\">Arquia\/Opini\u00f3n<\/a><\/strong> para Recolectores Urbanos.<\/h5>\n<p style=\"text-align: center;\"><img loading=\"lazy\" decoding=\"async\" class=\"alignnone size-full wp-image-24576\" src=\"https:\/\/stepienybarno.es\/blog\/wp-content\/uploads\/2016\/10\/8.2-Stepienybarno-blog-Fundaci\u00f3n-Arquia-foro-arquia-proxima-Recolectores-urbanos.png\" alt=\"8-2-stepienybarno-blog-fundacion-arquia-foro-arquia-proxima-recolectores-urbanos\" width=\"650\" height=\"550\" srcset=\"https:\/\/stepienybarno.es\/blog\/wp-content\/uploads\/2016\/10\/8.2-Stepienybarno-blog-Fundaci\u00f3n-Arquia-foro-arquia-proxima-Recolectores-urbanos.png 650w, https:\/\/stepienybarno.es\/blog\/wp-content\/uploads\/2016\/10\/8.2-Stepienybarno-blog-Fundaci\u00f3n-Arquia-foro-arquia-proxima-Recolectores-urbanos-180x152.png 180w, https:\/\/stepienybarno.es\/blog\/wp-content\/uploads\/2016\/10\/8.2-Stepienybarno-blog-Fundaci\u00f3n-Arquia-foro-arquia-proxima-Recolectores-urbanos-550x465.png 550w, https:\/\/stepienybarno.es\/blog\/wp-content\/uploads\/2016\/10\/8.2-Stepienybarno-blog-Fundaci\u00f3n-Arquia-foro-arquia-proxima-Recolectores-urbanos-316x267.png 316w\" sizes=\"(max-width: 650px) 100vw, 650px\" \/><\/p>\n<h5 style=\"text-align: center;\"><strong>Premio <a href=\"https:\/\/twitter.com\/hashtag\/ArquiaComunicaci%C3%B3n?src=hash\">Arquia\/Comunicaci\u00f3n<\/a><\/strong> para Carles Enrich con Plan Estrat\u00e9gico de recuperaci\u00f3n del Rec Comtal<\/h5>\n<p style=\"text-align: center;\"><img loading=\"lazy\" decoding=\"async\" class=\"alignnone size-full wp-image-24577\" src=\"https:\/\/stepienybarno.es\/blog\/wp-content\/uploads\/2016\/10\/8.2.2-Stepienybarno-blog-Fundaci\u00f3n-Arquia-foro-arquia-proxima-extramuros-voto.png\" alt=\"8-2-2-stepienybarno-blog-fundacion-arquia-foro-arquia-proxima-extramuros-voto\" width=\"649\" height=\"683\" srcset=\"https:\/\/stepienybarno.es\/blog\/wp-content\/uploads\/2016\/10\/8.2.2-Stepienybarno-blog-Fundaci\u00f3n-Arquia-foro-arquia-proxima-extramuros-voto.png 649w, https:\/\/stepienybarno.es\/blog\/wp-content\/uploads\/2016\/10\/8.2.2-Stepienybarno-blog-Fundaci\u00f3n-Arquia-foro-arquia-proxima-extramuros-voto-171x180.png 171w, https:\/\/stepienybarno.es\/blog\/wp-content\/uploads\/2016\/10\/8.2.2-Stepienybarno-blog-Fundaci\u00f3n-Arquia-foro-arquia-proxima-extramuros-voto-523x550.png 523w, https:\/\/stepienybarno.es\/blog\/wp-content\/uploads\/2016\/10\/8.2.2-Stepienybarno-blog-Fundaci\u00f3n-Arquia-foro-arquia-proxima-extramuros-voto-316x333.png 316w\" sizes=\"(max-width: 649px) 100vw, 649px\" \/><\/p>\n<h5 style=\"text-align: center;\"><strong>Menci\u00f3n especial<\/strong> para Apartamento Tibbaut de Ras Arquitectura<a href=\"https:\/\/stepienybarno.es\/blog\/2016\/05\/25\/apartamento-tibbaut-proyectodeldia\/\" target=\"_blank\"> (ver aqu\u00ed)<\/a><\/h5>\n<p>&nbsp;<\/p>\n<p style=\"text-align: center;\"><img loading=\"lazy\" decoding=\"async\" class=\"alignnone size-full wp-image-24578\" src=\"https:\/\/stepienybarno.es\/blog\/wp-content\/uploads\/2016\/10\/8.3.3-Stepienybarno-blog-Fundaci\u00f3n-Arquia-foro-arquia-proxima-ras-pedacicos.png\" alt=\"8-3-3-stepienybarno-blog-fundacion-arquia-foro-arquia-proxima-ras-pedacicos\" width=\"650\" height=\"266\" srcset=\"https:\/\/stepienybarno.es\/blog\/wp-content\/uploads\/2016\/10\/8.3.3-Stepienybarno-blog-Fundaci\u00f3n-Arquia-foro-arquia-proxima-ras-pedacicos.png 650w, https:\/\/stepienybarno.es\/blog\/wp-content\/uploads\/2016\/10\/8.3.3-Stepienybarno-blog-Fundaci\u00f3n-Arquia-foro-arquia-proxima-ras-pedacicos-180x74.png 180w, https:\/\/stepienybarno.es\/blog\/wp-content\/uploads\/2016\/10\/8.3.3-Stepienybarno-blog-Fundaci\u00f3n-Arquia-foro-arquia-proxima-ras-pedacicos-550x225.png 550w, https:\/\/stepienybarno.es\/blog\/wp-content\/uploads\/2016\/10\/8.3.3-Stepienybarno-blog-Fundaci\u00f3n-Arquia-foro-arquia-proxima-ras-pedacicos-316x129.png 316w\" sizes=\"(max-width: 650px) 100vw, 650px\" \/><\/p>\n<h5 style=\"text-align: center;\"><strong>\u00a0<\/strong><strong>Menci\u00f3n especial<\/strong> para el Ecobarrio UAC2 de Carles Oliver<a href=\"https:\/\/stepienybarno.es\/blog\/2016\/05\/31\/ecobarrio-uac2-en-campos-mallorca-proyectodeldia\/\" target=\"_blank\"> (ver aqu\u00ed)<\/a><\/h5>\n<p style=\"text-align: center;\"><img loading=\"lazy\" decoding=\"async\" class=\"alignnone size-full wp-image-24579\" src=\"https:\/\/stepienybarno.es\/blog\/wp-content\/uploads\/2016\/10\/8.3.4-.-Stepienybarno-blog-Fundaci\u00f3n-Arquia-foro-arquia-proxima-Carles-Oliver.jpg\" alt=\"8-3-4-stepienybarno-blog-fundacion-arquia-foro-arquia-proxima-carles-oliver\" width=\"650\" height=\"433\" srcset=\"https:\/\/stepienybarno.es\/blog\/wp-content\/uploads\/2016\/10\/8.3.4-.-Stepienybarno-blog-Fundaci\u00f3n-Arquia-foro-arquia-proxima-Carles-Oliver.jpg 650w, https:\/\/stepienybarno.es\/blog\/wp-content\/uploads\/2016\/10\/8.3.4-.-Stepienybarno-blog-Fundaci\u00f3n-Arquia-foro-arquia-proxima-Carles-Oliver-180x120.jpg 180w, https:\/\/stepienybarno.es\/blog\/wp-content\/uploads\/2016\/10\/8.3.4-.-Stepienybarno-blog-Fundaci\u00f3n-Arquia-foro-arquia-proxima-Carles-Oliver-550x366.jpg 550w, https:\/\/stepienybarno.es\/blog\/wp-content\/uploads\/2016\/10\/8.3.4-.-Stepienybarno-blog-Fundaci\u00f3n-Arquia-foro-arquia-proxima-Carles-Oliver-316x211.jpg 316w\" sizes=\"(max-width: 650px) 100vw, 650px\" \/><\/p>\n<p style=\"text-align: center;\"><span style=\"color: #808080;\">Carles Oliver<\/span><\/p>\n<p style=\"text-align: center;\"><span style=\"color: #808080;\">*<\/span><\/p>\n<p style=\"text-align: center;\"><img loading=\"lazy\" decoding=\"async\" class=\"alignnone size-full wp-image-24580\" src=\"https:\/\/stepienybarno.es\/blog\/wp-content\/uploads\/2016\/10\/8.3.4-Stepienybarno-blog-Fundaci\u00f3n-Arquia-foro-arquia-proxima-carles-olive.png\" alt=\"8-3-4-stepienybarno-blog-fundacion-arquia-foro-arquia-proxima-carles-olive\" width=\"650\" height=\"431\" srcset=\"https:\/\/stepienybarno.es\/blog\/wp-content\/uploads\/2016\/10\/8.3.4-Stepienybarno-blog-Fundaci\u00f3n-Arquia-foro-arquia-proxima-carles-olive.png 650w, https:\/\/stepienybarno.es\/blog\/wp-content\/uploads\/2016\/10\/8.3.4-Stepienybarno-blog-Fundaci\u00f3n-Arquia-foro-arquia-proxima-carles-olive-180x119.png 180w, https:\/\/stepienybarno.es\/blog\/wp-content\/uploads\/2016\/10\/8.3.4-Stepienybarno-blog-Fundaci\u00f3n-Arquia-foro-arquia-proxima-carles-olive-550x365.png 550w, https:\/\/stepienybarno.es\/blog\/wp-content\/uploads\/2016\/10\/8.3.4-Stepienybarno-blog-Fundaci\u00f3n-Arquia-foro-arquia-proxima-carles-olive-316x210.png 316w\" sizes=\"(max-width: 650px) 100vw, 650px\" \/><\/p>\n<h5 style=\"text-align: center;\"><strong>\u00a0<\/strong><strong>Menci\u00f3n especial<\/strong> para Bar Nou de MAIO <a href=\"https:\/\/stepienybarno.es\/blog\/2016\/05\/26\/bar-nou-en-barcelona-proyectodeldia\/\" target=\"_blank\">(ver aqu\u00ed)<\/a><\/h5>\n<p style=\"text-align: center;\"><img loading=\"lazy\" decoding=\"async\" class=\"alignnone size-full wp-image-24582\" src=\"https:\/\/stepienybarno.es\/blog\/wp-content\/uploads\/2016\/10\/8.3.5.-Stepienybarno-blog-Fundaci\u00f3n-Arquia-foro-arquia-proxima-Anna-Puigjaner-de-Maio.jpg\" alt=\"8-3-5-stepienybarno-blog-fundacion-arquia-foro-arquia-proxima-anna-puigjaner-de-maio\" width=\"650\" height=\"433\" srcset=\"https:\/\/stepienybarno.es\/blog\/wp-content\/uploads\/2016\/10\/8.3.5.-Stepienybarno-blog-Fundaci\u00f3n-Arquia-foro-arquia-proxima-Anna-Puigjaner-de-Maio.jpg 650w, https:\/\/stepienybarno.es\/blog\/wp-content\/uploads\/2016\/10\/8.3.5.-Stepienybarno-blog-Fundaci\u00f3n-Arquia-foro-arquia-proxima-Anna-Puigjaner-de-Maio-180x120.jpg 180w, https:\/\/stepienybarno.es\/blog\/wp-content\/uploads\/2016\/10\/8.3.5.-Stepienybarno-blog-Fundaci\u00f3n-Arquia-foro-arquia-proxima-Anna-Puigjaner-de-Maio-550x366.jpg 550w, https:\/\/stepienybarno.es\/blog\/wp-content\/uploads\/2016\/10\/8.3.5.-Stepienybarno-blog-Fundaci\u00f3n-Arquia-foro-arquia-proxima-Anna-Puigjaner-de-Maio-316x211.jpg 316w\" sizes=\"(max-width: 650px) 100vw, 650px\" \/><\/p>\n<p style=\"text-align: center;\"><span style=\"color: #808080;\">Anna Puigjaner de Maio<\/span><\/p>\n<p style=\"text-align: center;\"><span style=\"color: #808080;\">*<\/span><\/p>\n<p style=\"text-align: center;\"><img loading=\"lazy\" decoding=\"async\" class=\"alignnone size-full wp-image-24581\" src=\"https:\/\/stepienybarno.es\/blog\/wp-content\/uploads\/2016\/10\/8.3.5-Stepienybarno-blog-Fundaci\u00f3n-Arquia-foro-arquia-proxima-bar-nou-maio.png\" alt=\"8-3-5-stepienybarno-blog-fundacion-arquia-foro-arquia-proxima-bar-nou-maio\" width=\"650\" height=\"443\" srcset=\"https:\/\/stepienybarno.es\/blog\/wp-content\/uploads\/2016\/10\/8.3.5-Stepienybarno-blog-Fundaci\u00f3n-Arquia-foro-arquia-proxima-bar-nou-maio.png 650w, https:\/\/stepienybarno.es\/blog\/wp-content\/uploads\/2016\/10\/8.3.5-Stepienybarno-blog-Fundaci\u00f3n-Arquia-foro-arquia-proxima-bar-nou-maio-180x123.png 180w, https:\/\/stepienybarno.es\/blog\/wp-content\/uploads\/2016\/10\/8.3.5-Stepienybarno-blog-Fundaci\u00f3n-Arquia-foro-arquia-proxima-bar-nou-maio-550x375.png 550w, https:\/\/stepienybarno.es\/blog\/wp-content\/uploads\/2016\/10\/8.3.5-Stepienybarno-blog-Fundaci\u00f3n-Arquia-foro-arquia-proxima-bar-nou-maio-316x215.png 316w\" sizes=\"(max-width: 650px) 100vw, 650px\" \/><\/p>\n<p style=\"text-align: center;\"><img loading=\"lazy\" decoding=\"async\" class=\"alignnone size-full wp-image-24587\" src=\"https:\/\/stepienybarno.es\/blog\/wp-content\/uploads\/2016\/10\/9.1-Stepienybarno-blog-Fundaci\u00f3n-Arquia-foro-arquia-proxima-general-debate.png\" alt=\"9-1-stepienybarno-blog-fundacion-arquia-foro-arquia-proxima-general-debate\" width=\"650\" height=\"503\" srcset=\"https:\/\/stepienybarno.es\/blog\/wp-content\/uploads\/2016\/10\/9.1-Stepienybarno-blog-Fundaci\u00f3n-Arquia-foro-arquia-proxima-general-debate.png 650w, https:\/\/stepienybarno.es\/blog\/wp-content\/uploads\/2016\/10\/9.1-Stepienybarno-blog-Fundaci\u00f3n-Arquia-foro-arquia-proxima-general-debate-180x139.png 180w, https:\/\/stepienybarno.es\/blog\/wp-content\/uploads\/2016\/10\/9.1-Stepienybarno-blog-Fundaci\u00f3n-Arquia-foro-arquia-proxima-general-debate-550x426.png 550w, https:\/\/stepienybarno.es\/blog\/wp-content\/uploads\/2016\/10\/9.1-Stepienybarno-blog-Fundaci\u00f3n-Arquia-foro-arquia-proxima-general-debate-316x245.png 316w\" sizes=\"(max-width: 650px) 100vw, 650px\" \/><\/p>\n<p>La mesa redonda de la tarde transcurri\u00f3 a toda velocidad, pasando por varios temas interesantes. En nuestra opini\u00f3n, y en contraste con la edici\u00f3n anterior (acta del jurado <a href=\"http:\/\/fundacion.arquia.es\/es\/concursos\/proxima\/Noticias\/Detalle\/167\">por aqu\u00ed<\/a>), fue un gran acierto <strong>abrir el espacio al propio p\u00fablico asistente quien recogi\u00f3, de buen grado, el guante lanzado por el jurado.<\/strong><\/p>\n<p>&nbsp;<\/p>\n<p><img loading=\"lazy\" decoding=\"async\" class=\"alignnone size-full wp-image-24583 aligncenter\" src=\"https:\/\/stepienybarno.es\/blog\/wp-content\/uploads\/2016\/10\/9.0-Stepienybarno-blog-Fundaci\u00f3n-Arquia-foro-arquia-proxima-alberto-veiga-calle.png\" alt=\"9-0-stepienybarno-blog-fundacion-arquia-foro-arquia-proxima-alberto-veiga-calle\" width=\"650\" height=\"124\" srcset=\"https:\/\/stepienybarno.es\/blog\/wp-content\/uploads\/2016\/10\/9.0-Stepienybarno-blog-Fundaci\u00f3n-Arquia-foro-arquia-proxima-alberto-veiga-calle.png 650w, https:\/\/stepienybarno.es\/blog\/wp-content\/uploads\/2016\/10\/9.0-Stepienybarno-blog-Fundaci\u00f3n-Arquia-foro-arquia-proxima-alberto-veiga-calle-180x34.png 180w, https:\/\/stepienybarno.es\/blog\/wp-content\/uploads\/2016\/10\/9.0-Stepienybarno-blog-Fundaci\u00f3n-Arquia-foro-arquia-proxima-alberto-veiga-calle-550x105.png 550w, https:\/\/stepienybarno.es\/blog\/wp-content\/uploads\/2016\/10\/9.0-Stepienybarno-blog-Fundaci\u00f3n-Arquia-foro-arquia-proxima-alberto-veiga-calle-316x60.png 316w\" sizes=\"(max-width: 650px) 100vw, 650px\" \/><\/p>\n<p>El propio comisario, <strong><a href=\"http:\/\/barozziveiga.com\/\">Alberto Veiga<\/a><\/strong>, planteaba reflexionar sobre <strong>el sentido de lo que hacemos<\/strong> para no dejarnos llevar por las <strong>modas. <\/strong>Todo ello muy en la l\u00ednea de sus palabras en la como ya adelantaba en la <a href=\"http:\/\/fundacion.arquia.es\/FileHandler\/VEdicio%CC%81n_Pro%CC%81xima.pdf?path=common\/noticia\/id246&amp;profile=pdf\">presentaci\u00f3n del foro:<\/a><\/p>\n<p>\u201cDespu\u00e9s de a\u00f1os de an\u00e1lisis sobre las nuevas situaciones, de imaginar los nuevos caminos a los que se enfrenta la arquitectura, o de intentar establecer los nuevos m\u00e1rgenes en los que se desarrolla la profesi\u00f3n, esta convocatoria, no trata de desvelar un futuro cada vez m\u00e1s inescrutable, sino de <strong>reflexionar de un modo contempor\u00e1neo sobre aquellos elementos fundamentales que permitan construir la profesi\u00f3n dentro de unos l\u00edmites nuevos.\u201d<\/strong><\/p>\n<p style=\"text-align: center;\"><img loading=\"lazy\" decoding=\"async\" class=\"alignnone size-full wp-image-24584\" src=\"https:\/\/stepienybarno.es\/blog\/wp-content\/uploads\/2016\/10\/9.0-Stepienybarno-blog-Fundaci\u00f3n-Arquia-foro-arquia-proxima-veiga.png\" alt=\"9-0-stepienybarno-blog-fundacion-arquia-foro-arquia-proxima-veiga\" width=\"650\" height=\"78\" srcset=\"https:\/\/stepienybarno.es\/blog\/wp-content\/uploads\/2016\/10\/9.0-Stepienybarno-blog-Fundaci\u00f3n-Arquia-foro-arquia-proxima-veiga.png 650w, https:\/\/stepienybarno.es\/blog\/wp-content\/uploads\/2016\/10\/9.0-Stepienybarno-blog-Fundaci\u00f3n-Arquia-foro-arquia-proxima-veiga-180x22.png 180w, https:\/\/stepienybarno.es\/blog\/wp-content\/uploads\/2016\/10\/9.0-Stepienybarno-blog-Fundaci\u00f3n-Arquia-foro-arquia-proxima-veiga-550x66.png 550w, https:\/\/stepienybarno.es\/blog\/wp-content\/uploads\/2016\/10\/9.0-Stepienybarno-blog-Fundaci\u00f3n-Arquia-foro-arquia-proxima-veiga-316x38.png 316w\" sizes=\"(max-width: 650px) 100vw, 650px\" \/><\/p>\n<p>&nbsp;<\/p>\n<p>De esta forma, las intervenciones tanto desde el jurado como desde el p\u00fablico, fueron constantes y muchas nos llamaron la atenci\u00f3n; pero, por no alargar este post m\u00e1s de lo necesario, nos quedamos con una reflexi\u00f3n que creemos que podr\u00eda haber dado m\u00e1s juego todav\u00eda y que puede ser un buen punto de partida para la pr\u00f3xima edici\u00f3n. <strong>Jon Aguirre de Paisaje Transversal<\/strong>, habl\u00f3 de c\u00f3mo ellos hab\u00edan conseguido <strong>salir de la precariedad<\/strong> con que la mayor\u00eda de los arquitectos j\u00f3venes (y no tan j\u00f3venes) est\u00e1n trabajando en la actualidad. Habl\u00f3 de c\u00f3mo se hab\u00edan organizado y que para empezar se hab\u00edan formado en <strong>temas empresariales<\/strong> (algo, por desgracia, todav\u00eda poco habitual en nuestra profesi\u00f3n).<\/p>\n<p>En cualquier caso, este es un tema que no conviene esquivar. Al final, todas las malas pr\u00e1cticas habituales en nuestra profesi\u00f3n y la desidia por organizarnos a nivel empresarial, hacen que sigamos<strong> perpetuando <\/strong>una cada vez m\u00e1s preocupante precariedad laboral.<\/p>\n<p>Ya en la recta final del turno de debate, desde el p\u00fablico se plante\u00f3 que ser\u00eda interesante <strong>abrir el abanico m\u00e1s all\u00e1 de los propios arquitectos.<\/strong> Esta propuesta que pensamos que tiene su l\u00f3gica, fue rebatida por el propio jurado, alegando que entre las propias obras seleccionadas hab\u00eda propuestas que iban mucho m\u00e1s all\u00e1 de lo que un arquitecto se prev\u00e9 que puede hacer y, por lo tanto, de alguna manera, otras disciplinas ya estaban representadas.<\/p>\n<p>Suponemos que se refer\u00edan, por ejemplo, al caso de la estupenda contribuci\u00f3n de <strong>Pedro Hern\u00e1ndez<\/strong> y sus <strong><a href=\"http:\/\/fundacion.arquia.es\/es\/concursos\/proxima\/ProximaRealizacion\/FichaDetalle?idrealizacion=6020&amp;utm_content=buffer76bb0&amp;utm_medium=social&amp;utm_source=plus.google.com&amp;utm_campaign=buffer\">l\u00edmites de google<\/a><\/strong> o la presencia de nuestros admirados <strong>n\u00b4UNDO<\/strong> (en su equipo no s\u00f3lo trabajan arquitectos).<\/p>\n<p><img loading=\"lazy\" decoding=\"async\" class=\"size-full wp-image-24585 aligncenter\" src=\"https:\/\/stepienybarno.es\/blog\/wp-content\/uploads\/2016\/10\/9.1-Pedro-Hernandez-laperiferia-Stepienybarno-blog-Fundaci\u00f3n-Arquia-foro-arquia-proxima-.jpg\" alt=\"9-1-pedro-hernandez-laperiferia-stepienybarno-blog-fundacion-arquia-foro-arquia-proxima\" width=\"650\" height=\"433\" srcset=\"https:\/\/stepienybarno.es\/blog\/wp-content\/uploads\/2016\/10\/9.1-Pedro-Hernandez-laperiferia-Stepienybarno-blog-Fundaci\u00f3n-Arquia-foro-arquia-proxima-.jpg 650w, https:\/\/stepienybarno.es\/blog\/wp-content\/uploads\/2016\/10\/9.1-Pedro-Hernandez-laperiferia-Stepienybarno-blog-Fundaci\u00f3n-Arquia-foro-arquia-proxima--180x120.jpg 180w, https:\/\/stepienybarno.es\/blog\/wp-content\/uploads\/2016\/10\/9.1-Pedro-Hernandez-laperiferia-Stepienybarno-blog-Fundaci\u00f3n-Arquia-foro-arquia-proxima--550x366.jpg 550w, https:\/\/stepienybarno.es\/blog\/wp-content\/uploads\/2016\/10\/9.1-Pedro-Hernandez-laperiferia-Stepienybarno-blog-Fundaci\u00f3n-Arquia-foro-arquia-proxima--316x211.jpg 316w\" sizes=\"(max-width: 650px) 100vw, 650px\" \/><\/p>\n<p style=\"text-align: center;\"><span style=\"color: #808080;\">Pedro Hern\u00e1ndez<\/span><\/p>\n<p><img loading=\"lazy\" decoding=\"async\" class=\"size-full wp-image-24586 aligncenter\" src=\"https:\/\/stepienybarno.es\/blog\/wp-content\/uploads\/2016\/10\/9.1-Stepienybarno-blog-Fundaci\u00f3n-Arquia-foro-arquia-proxima-nundo-alejadro-veronica-.jpg\" alt=\"9-1-stepienybarno-blog-fundacion-arquia-foro-arquia-proxima-nundo-alejadro-veronica\" width=\"650\" height=\"433\" srcset=\"https:\/\/stepienybarno.es\/blog\/wp-content\/uploads\/2016\/10\/9.1-Stepienybarno-blog-Fundaci\u00f3n-Arquia-foro-arquia-proxima-nundo-alejadro-veronica-.jpg 650w, https:\/\/stepienybarno.es\/blog\/wp-content\/uploads\/2016\/10\/9.1-Stepienybarno-blog-Fundaci\u00f3n-Arquia-foro-arquia-proxima-nundo-alejadro-veronica--180x120.jpg 180w, https:\/\/stepienybarno.es\/blog\/wp-content\/uploads\/2016\/10\/9.1-Stepienybarno-blog-Fundaci\u00f3n-Arquia-foro-arquia-proxima-nundo-alejadro-veronica--550x366.jpg 550w, https:\/\/stepienybarno.es\/blog\/wp-content\/uploads\/2016\/10\/9.1-Stepienybarno-blog-Fundaci\u00f3n-Arquia-foro-arquia-proxima-nundo-alejadro-veronica--316x211.jpg 316w\" sizes=\"(max-width: 650px) 100vw, 650px\" \/><\/p>\n<p style=\"text-align: center;\"><span style=\"color: #808080;\">n\u00b4UNDO<\/span><\/p>\n<p>En nuestra opini\u00f3n, aunque es cierto que estos ejemplos y alg\u00fan otro, tienen mucho de otras disciplinas integrado en su propuesta, no es descabellado pensar en que, de alguna forma, se podr\u00eda comenzar a <strong>pluralizar<\/strong> este foro.<\/p>\n<p>De esta forma, a pesar de tener claro que el foro arquia\/pr\u00f3xima es una <strong>fiesta de la arquitectura<\/strong>, bien podr\u00eda dar cabida a otros agentes cercanos a nuestro quehacer diario.<\/p>\n<p>&nbsp;<\/p>\n<p>Tambi\u00e9n, destacar que<strong> <a href=\"https:\/\/annaeugenibach.com\/\">Eugeni Bach<\/a><\/strong>, uno de los miembros del jurado que m\u00e1s pr\u00f3ximo reconoc\u00eda estar de las actitudes de los todav\u00eda pr\u00f3ximos, matiz\u00f3 que no s\u00f3lo se trata de <strong>ampliar el campo a otros agentes<\/strong>; sino que, era muy interesante ver c\u00f3mo las <strong>referencias<\/strong> de los propios proyectos se estaba demostrando que estaban llegando, de forma clara, a otras disciplinas. A su vez el arquitecto catal\u00e1n, pon\u00eda encima de la mesa desde su reflexi\u00f3n para el cat\u00e1logo, las pocas propuestas seleccionadas que pertenecen a <strong>obra p\u00fablica<\/strong>, lo cual no deja de ser preocupante. En sus propias palabras:<\/p>\n<p>\u201c(&#8230;) En Espa\u00f1a s\u00ed se ha realizado obra p\u00fablica en los \u00faltimos a\u00f1os. Evidentemente, no tanta como querr\u00edamos, pero \u00e9sta, en general, no la han realizado los arquitectos j\u00f3venes. Y es que <strong>la administraci\u00f3n no acostumbra a confiar en aquello que se aleje tanto de la experiencia como de la \u00a0especializaci\u00f3n.<\/strong><\/p>\n<p>Y este, pensamos que es uno de los temas calientes que est\u00e1n encima de la mesa y que quiz\u00e1s no se profundiz\u00f3 demasiado en el foro: lo mal que nos trata la administraci\u00f3n, haci\u00e9ndonos participar en concursos con honorarios vergonzosos sin que esta tendencia tenga visos de mejorar.<\/p>\n<p>&nbsp;<\/p>\n<p>Con todo ello, se dio por finalizado el foro, gracias a las palabras finales de <strong>Carlos Rosa<\/strong>, director de la escuela de Arquitectura de M\u00e1laga, <strong>Francisco Sarabia<\/strong> (decano del\u00a0 <a href=\"https:\/\/twitter.com\/coamalaga\">Coa de M\u00e1laga<\/a>) y <strong>Javier Navarro<\/strong> <a href=\"https:\/\/twitter.com\/FundacionArquia\">(presidente del consejo rector de Fundaci\u00f3n Arquia<\/a>).<\/p>\n<p>&nbsp;<\/p>\n<p>As\u00ed, una vez terminado el intenso d\u00eda, pudimos comprobar que la repercusi\u00f3n en las <strong>redes sociales<\/strong> hab\u00eda sido muy alta y que, seg\u00fan la herramienta de <a href=\"https:\/\/www.tweetbinder.com\/\">Tweet Binder,<\/a> hubo un impacto de casi 5 millones de impresiones, lo cual es much\u00edsimo para un evento de arquitectura.<\/p>\n<p>Posteriormente, nos fuimos <a href=\"mailto:tod@s\">tod@s<\/a> a <strong>celebrarlo <\/strong>y damos fe que la noche se alarg\u00f3 mucho para alguno y much\u00edsimo para otros.<\/p>\n<p>&nbsp;<\/p>\n<p style=\"text-align: center;\"><img loading=\"lazy\" decoding=\"async\" class=\"alignnone size-full wp-image-24588\" src=\"https:\/\/stepienybarno.es\/blog\/wp-content\/uploads\/2016\/10\/10-Stepienybarno-blog-Fundaci\u00f3n-Arquia-foro-arquia-proxima-archica\u00f1as.png\" alt=\"10-stepienybarno-blog-fundacion-arquia-foro-arquia-proxima-archicanas\" width=\"650\" height=\"372\" srcset=\"https:\/\/stepienybarno.es\/blog\/wp-content\/uploads\/2016\/10\/10-Stepienybarno-blog-Fundaci\u00f3n-Arquia-foro-arquia-proxima-archica\u00f1as.png 650w, https:\/\/stepienybarno.es\/blog\/wp-content\/uploads\/2016\/10\/10-Stepienybarno-blog-Fundaci\u00f3n-Arquia-foro-arquia-proxima-archica\u00f1as-180x103.png 180w, https:\/\/stepienybarno.es\/blog\/wp-content\/uploads\/2016\/10\/10-Stepienybarno-blog-Fundaci\u00f3n-Arquia-foro-arquia-proxima-archica\u00f1as-550x315.png 550w, https:\/\/stepienybarno.es\/blog\/wp-content\/uploads\/2016\/10\/10-Stepienybarno-blog-Fundaci\u00f3n-Arquia-foro-arquia-proxima-archica\u00f1as-316x181.png 316w\" sizes=\"(max-width: 650px) 100vw, 650px\" \/><\/p>\n<p style=\"text-align: center;\"><span style=\"color: #808080;\">Foto de #archica\u00f1as con muchos de los participantes en el foro.<\/span><\/p>\n<p>Como siempre, el \u00faltimo d\u00eda del foro se dedic\u00f3 para poder disfrutar de un buen n\u00famero de visitas guiadas que fueron el colof\u00f3n perfecto para estos tres intensos d\u00edas.<\/p>\n<p>&nbsp;<\/p>\n<p style=\"text-align: center;\"><img loading=\"lazy\" decoding=\"async\" class=\"alignnone size-full wp-image-24589\" src=\"https:\/\/stepienybarno.es\/blog\/wp-content\/uploads\/2016\/10\/11.-Stepienybarno-blog-Fundaci\u00f3n-Arquia-foro-arquia-proxima-museo-Picasso.jpg\" alt=\"11-stepienybarno-blog-fundacion-arquia-foro-arquia-proxima-museo-picasso\" width=\"650\" height=\"486\" srcset=\"https:\/\/stepienybarno.es\/blog\/wp-content\/uploads\/2016\/10\/11.-Stepienybarno-blog-Fundaci\u00f3n-Arquia-foro-arquia-proxima-museo-Picasso.jpg 650w, https:\/\/stepienybarno.es\/blog\/wp-content\/uploads\/2016\/10\/11.-Stepienybarno-blog-Fundaci\u00f3n-Arquia-foro-arquia-proxima-museo-Picasso-180x135.jpg 180w, https:\/\/stepienybarno.es\/blog\/wp-content\/uploads\/2016\/10\/11.-Stepienybarno-blog-Fundaci\u00f3n-Arquia-foro-arquia-proxima-museo-Picasso-550x411.jpg 550w, https:\/\/stepienybarno.es\/blog\/wp-content\/uploads\/2016\/10\/11.-Stepienybarno-blog-Fundaci\u00f3n-Arquia-foro-arquia-proxima-museo-Picasso-316x236.jpg 316w\" sizes=\"(max-width: 650px) 100vw, 650px\" \/><\/p>\n<p style=\"text-align: center;\">Visitando el museo Picasso.<\/p>\n<h3><span style=\"color: #ff9900;\"><strong>3_ PR\u00d3XIMOS PR\u00d3XIMAS.<\/strong><\/span><\/h3>\n<p>En nuestra opini\u00f3n, el evento de Pr\u00f3xima se ha consolidado y est\u00e1 a punto de entrar en su madurez. As\u00ed, con estos <strong>10 a\u00f1os <\/strong>de andadura, parece interesante que haya alg\u00fan cambio significativo. De esta forma, fue el propio <strong>V\u00edctor Navarro<\/strong>, miembro del jurado, qui\u00e9n pens\u00f3 en voz alta\u00a0 que, diez a\u00f1os hoy no es lo mismo que diez a\u00f1os cuando naci\u00f3 el premio.<\/p>\n<p style=\"text-align: center;\"><img loading=\"lazy\" decoding=\"async\" class=\"alignnone size-full wp-image-24590\" src=\"https:\/\/stepienybarno.es\/blog\/wp-content\/uploads\/2016\/10\/12.1-Stepienybarno-blog-Fundaci\u00f3n-Arquia-foro-arquia-proxima-victor-navarro.png\" alt=\"12-1-stepienybarno-blog-fundacion-arquia-foro-arquia-proxima-victor-navarro\" width=\"650\" height=\"112\" srcset=\"https:\/\/stepienybarno.es\/blog\/wp-content\/uploads\/2016\/10\/12.1-Stepienybarno-blog-Fundaci\u00f3n-Arquia-foro-arquia-proxima-victor-navarro.png 650w, https:\/\/stepienybarno.es\/blog\/wp-content\/uploads\/2016\/10\/12.1-Stepienybarno-blog-Fundaci\u00f3n-Arquia-foro-arquia-proxima-victor-navarro-180x31.png 180w, https:\/\/stepienybarno.es\/blog\/wp-content\/uploads\/2016\/10\/12.1-Stepienybarno-blog-Fundaci\u00f3n-Arquia-foro-arquia-proxima-victor-navarro-550x95.png 550w, https:\/\/stepienybarno.es\/blog\/wp-content\/uploads\/2016\/10\/12.1-Stepienybarno-blog-Fundaci\u00f3n-Arquia-foro-arquia-proxima-victor-navarro-316x54.png 316w\" sizes=\"(max-width: 650px) 100vw, 650px\" \/><\/p>\n<p>&nbsp;<\/p>\n<p>La primera edici\u00f3n de Pr\u00f3xima se celebr\u00f3 con anterioridad a la llegada de la crisis, con un panorama en que era previsible que en los diez a\u00f1os siguientes\u00a0 a terminar la carrera se podr\u00eda hacer un volumen de obra considerable; sin embargo, esta realidad ha cambiado de manera radical. Desde el 2008, por desgracia,\u00a0 <strong>el acceso a encargos es muy limitado<\/strong>; por lo tanto, es complicado pensar que en s\u00f3lo diez a\u00f1os se puede echar los cimientos de una trayectoria profesional. De esta forma, a pesar de que el n\u00famero de propuestas presentadas es alto, lo normal es que contin\u00fae bajando por la escasez de encargos.<\/p>\n<p>Por ello, no parece descabellado pensar que, <strong>estos diez a\u00f1os se puedan ampliar a 15.<\/strong><\/p>\n<p>&nbsp;<\/p>\n<p style=\"text-align: center;\"><img loading=\"lazy\" decoding=\"async\" class=\"alignnone size-full wp-image-24591\" src=\"https:\/\/stepienybarno.es\/blog\/wp-content\/uploads\/2016\/10\/12.2-Stepienybarno-blog-Fundaci\u00f3n-Arquia-foro-arquia-proxima-arquitextonica.png\" alt=\"12-2-stepienybarno-blog-fundacion-arquia-foro-arquia-proxima-arquitextonica\" width=\"650\" height=\"137\" srcset=\"https:\/\/stepienybarno.es\/blog\/wp-content\/uploads\/2016\/10\/12.2-Stepienybarno-blog-Fundaci\u00f3n-Arquia-foro-arquia-proxima-arquitextonica.png 650w, https:\/\/stepienybarno.es\/blog\/wp-content\/uploads\/2016\/10\/12.2-Stepienybarno-blog-Fundaci\u00f3n-Arquia-foro-arquia-proxima-arquitextonica-180x38.png 180w, https:\/\/stepienybarno.es\/blog\/wp-content\/uploads\/2016\/10\/12.2-Stepienybarno-blog-Fundaci\u00f3n-Arquia-foro-arquia-proxima-arquitextonica-550x116.png 550w, https:\/\/stepienybarno.es\/blog\/wp-content\/uploads\/2016\/10\/12.2-Stepienybarno-blog-Fundaci\u00f3n-Arquia-foro-arquia-proxima-arquitextonica-316x67.png 316w\" sizes=\"(max-width: 650px) 100vw, 650px\" \/><\/p>\n<p>&nbsp;<\/p>\n<p>Tambi\u00e9n, conviene recordar que si son\u00a0\u00a0\u00a0 \u00a0s\u00f3lo 10 a\u00f1os podemos ver c\u00f3mo las mujeres y los hombres no compiten en igualdad de condiciones, por razones meramente reproductivas. De hecho, este es un tema que puso encima de la mesa <strong>Eva Morales<\/strong> (miembro del jurado), trayendo a primer plano la evidente desigualdad reinante en la sociedad y tambi\u00e9n en nuestro mundillo arquitect\u00f3nico. Ella habl\u00f3 de su propio caso: <strong>madre de un ni\u00f1o y una ni\u00f1a, arquitecta e investigadora (est\u00e1 a punto de entregar su tesis). <\/strong><\/p>\n<p><strong>\u00a0<\/strong><\/p>\n<p style=\"text-align: center;\"><img loading=\"lazy\" decoding=\"async\" class=\"alignnone size-full wp-image-24592\" src=\"https:\/\/stepienybarno.es\/blog\/wp-content\/uploads\/2016\/10\/13-Stepienybarno-blog-Fundaci\u00f3n-Arquia-foro-arquia-proxima-mujer.png\" alt=\"13-stepienybarno-blog-fundacion-arquia-foro-arquia-proxima-mujer\" width=\"650\" height=\"146\" srcset=\"https:\/\/stepienybarno.es\/blog\/wp-content\/uploads\/2016\/10\/13-Stepienybarno-blog-Fundaci\u00f3n-Arquia-foro-arquia-proxima-mujer.png 650w, https:\/\/stepienybarno.es\/blog\/wp-content\/uploads\/2016\/10\/13-Stepienybarno-blog-Fundaci\u00f3n-Arquia-foro-arquia-proxima-mujer-180x40.png 180w, https:\/\/stepienybarno.es\/blog\/wp-content\/uploads\/2016\/10\/13-Stepienybarno-blog-Fundaci\u00f3n-Arquia-foro-arquia-proxima-mujer-550x124.png 550w, https:\/\/stepienybarno.es\/blog\/wp-content\/uploads\/2016\/10\/13-Stepienybarno-blog-Fundaci\u00f3n-Arquia-foro-arquia-proxima-mujer-316x71.png 316w\" sizes=\"(max-width: 650px) 100vw, 650px\" \/><\/p>\n<p><strong>\u00a0<\/strong><\/p>\n<p>En cualquier caso, la propia Eva, en su reflexi\u00f3n para el cat\u00e1logo del foro, comentaba que,<\/p>\n<p>(\u2026) Habiendo una mayor\u00eda de mujeres estudiando en las escuelas de arquitectura, todav\u00eda son ellos los que prevalecen a la hora de realizar propuestas arquitect\u00f3nicas propias. Algo que se puede igualmente visibilizar en los autores que se han presentado en esta edici\u00f3n. Quiz\u00e1s por la precariedad de nuestras profesi\u00f3n; <strong>quiz\u00e1s por el ac\u00e9rrimo esfuerzo necesario para emprender una vida productiva sin seguridad de remuneraci\u00f3n (que todav\u00eda es a\u00fan m\u00e1s baja en las mujeres);<\/strong> quiz\u00e1s porque sean todav\u00eda, las mujeres, las protagonistas de la vida reproductiva de nuestra sociedad\u201d<\/p>\n<p>A su vez, fue el propio\u00a0 <strong><a href=\"http:\/\/fundacion.arquia.es\/media\/investigacion\/downloads\/2016\/cv_gerardo_garcia-ventosa.pdf\">Gerardo Garc\u00eda\u2013Ventosa L\u00f3pez<\/a><\/strong>, director de la Fundaci\u00f3n Arquia, quien respald\u00f3 las palabras de Eva, aludiendo a las<strong> encuestas<\/strong> que desde la propia Fundaci\u00f3n se han ido realizando.<\/p>\n<p>&nbsp;<\/p>\n<p style=\"text-align: center;\"><img loading=\"lazy\" decoding=\"async\" class=\"alignnone size-full wp-image-24593\" src=\"https:\/\/stepienybarno.es\/blog\/wp-content\/uploads\/2016\/10\/13.2-Stepienybarno-blog-Fundaci\u00f3n-Arquia-foro-arquia-proxima-Gerardo-Garc\u00eda\u2013Ventosa-L\u00f3pez-director-de-la-Fundaci\u00f3n-Arquia.jpg\" alt=\"13-2-stepienybarno-blog-fundacion-arquia-foro-arquia-proxima-gerardo-garcia-ventosa-lopez-director-de-la-fundacion-arquia\" width=\"650\" height=\"433\" srcset=\"https:\/\/stepienybarno.es\/blog\/wp-content\/uploads\/2016\/10\/13.2-Stepienybarno-blog-Fundaci\u00f3n-Arquia-foro-arquia-proxima-Gerardo-Garc\u00eda\u2013Ventosa-L\u00f3pez-director-de-la-Fundaci\u00f3n-Arquia.jpg 650w, https:\/\/stepienybarno.es\/blog\/wp-content\/uploads\/2016\/10\/13.2-Stepienybarno-blog-Fundaci\u00f3n-Arquia-foro-arquia-proxima-Gerardo-Garc\u00eda\u2013Ventosa-L\u00f3pez-director-de-la-Fundaci\u00f3n-Arquia-180x120.jpg 180w, https:\/\/stepienybarno.es\/blog\/wp-content\/uploads\/2016\/10\/13.2-Stepienybarno-blog-Fundaci\u00f3n-Arquia-foro-arquia-proxima-Gerardo-Garc\u00eda\u2013Ventosa-L\u00f3pez-director-de-la-Fundaci\u00f3n-Arquia-550x366.jpg 550w, https:\/\/stepienybarno.es\/blog\/wp-content\/uploads\/2016\/10\/13.2-Stepienybarno-blog-Fundaci\u00f3n-Arquia-foro-arquia-proxima-Gerardo-Garc\u00eda\u2013Ventosa-L\u00f3pez-director-de-la-Fundaci\u00f3n-Arquia-316x211.jpg 316w\" sizes=\"(max-width: 650px) 100vw, 650px\" \/><\/p>\n<p style=\"text-align: center;\"><span style=\"color: #808080;\"><a style=\"color: #808080;\" href=\"http:\/\/fundacion.arquia.es\/media\/investigacion\/downloads\/2016\/cv_gerardo_garcia-ventosa.pdf\">Gerardo Garc\u00eda\u2013Ventosa L\u00f3pez<\/a><\/span><\/p>\n<p style=\"text-align: center;\"><span style=\"color: #808080;\">*<\/span><\/p>\n<p>Por \u00faltimo comentar que, el que entre los premiados haya <strong>un blog<\/strong> (Paisaje Transversal), un <strong>arquitecto municipal<\/strong> (Carles Oliver) o una pareja de arquitectos que presentaban <strong>una patente<\/strong> de una persiana (Pau Sarquella y Diana Us\u00f3n), marca una l\u00ednea m\u00e1s que interesante para que apuestas arquitect\u00f3nicas, normalmente poco representadas en nuestros premios o bienales, puedan tener m\u00e1s opciones.<\/p>\n<p>Desde Stepienybarno, creemos firmemente que el futuro de la arquitectura pasa por <strong>dos caminos<\/strong> muy claros. Por un lado, conectar con la <strong>sociedad<\/strong> que tan poco nos comprende y, por otro, dar su lugar a la cada vez m\u00e1s interesante <strong>periferia de la arquitectura.<\/strong><\/p>\n<p><strong>\u00a0<\/strong><\/p>\n<p style=\"text-align: center;\"><img loading=\"lazy\" decoding=\"async\" class=\"alignnone size-full wp-image-24594\" src=\"https:\/\/stepienybarno.es\/blog\/wp-content\/uploads\/2016\/10\/14.-Stepienybarno-blog-Fundaci\u00f3n-Arquia-foro-arquia-proxima-nontropia.png\" alt=\"14-stepienybarno-blog-fundacion-arquia-foro-arquia-proxima-nontropia\" width=\"650\" height=\"171\" srcset=\"https:\/\/stepienybarno.es\/blog\/wp-content\/uploads\/2016\/10\/14.-Stepienybarno-blog-Fundaci\u00f3n-Arquia-foro-arquia-proxima-nontropia.png 650w, https:\/\/stepienybarno.es\/blog\/wp-content\/uploads\/2016\/10\/14.-Stepienybarno-blog-Fundaci\u00f3n-Arquia-foro-arquia-proxima-nontropia-180x47.png 180w, https:\/\/stepienybarno.es\/blog\/wp-content\/uploads\/2016\/10\/14.-Stepienybarno-blog-Fundaci\u00f3n-Arquia-foro-arquia-proxima-nontropia-550x145.png 550w, https:\/\/stepienybarno.es\/blog\/wp-content\/uploads\/2016\/10\/14.-Stepienybarno-blog-Fundaci\u00f3n-Arquia-foro-arquia-proxima-nontropia-316x83.png 316w\" sizes=\"(max-width: 650px) 100vw, 650px\" \/><\/p>\n<p>En esta edici\u00f3n se han presentado m\u00e1s de <strong>700 realizaciones<\/strong> y el nivel de todas las obras seleccionadas para este foro, supera las expectativas de partida. <strong>La calidad, compromiso y entusiasmo<\/strong> de todas ellas, era m\u00e1s que evidente.<\/p>\n<p>Aun as\u00ed, como bien apuntaba <strong>V\u00edctor Navarro<\/strong> en su texto del propio cat\u00e1logo del Foro,<\/p>\n<p>\u201cLo que es preocupante para el objetivo de registro de Arquia\/Pr\u00f3xima es <strong>la desconexi\u00f3n con los que deber\u00edan haberse presentado y no lo han hecho.<\/strong> (\u2026) quiz\u00e1 la plataforma no represente un espacio atractivo de visibilidad, ni las recompensas ofrecen un atractivo suficiente. \u00bfDemasiado institucional? La velocidad con la que las tendencias se suceden y la volatilidad de las preferencias invitar\u00edan a tomar esa posibilidad en serio. Se echan en falta propuestas y manifestaciones que, a trav\u00e9s de otros canales m\u00e1s alternativos, s\u00ed se han visto desfilar por las redes y a trav\u00e9s del boca a boca.\u201d<\/p>\n<p>&nbsp;<\/p>\n<p>A todo ello, hay que a\u00f1adir, seguramente, que muchos posibles participantes no valoran en la medida real la calidad de sus intervenciones, autocensur\u00e1ndose ellos mismos.<\/p>\n<p>Por todo ello, es importante que nos habituemos a asumir con naturalidad que <strong>las propuestas m\u00e1s disciplinares han de ir de la mano de propuestas m\u00e1s \u201cperif\u00e9ricas\u201d. <\/strong>\u00a0En este sentido, esta quinta edici\u00f3n de Arquia\/pr\u00f3xima ha dado un paso al frente y, a buen seguro que, dentro de dos a\u00f1os, se podr\u00e1 consolidar este m\u00e1s que interesante avance de conciliaci\u00f3n entre dos mundos que suelen navegar en paralelo mir\u00e1ndose con cierto recelo.<\/p>\n<p>As\u00ed, como veis, el evento result\u00f3 de lo m\u00e1s completo y no podemos cerrar esta reflexi\u00f3n sin <strong>felicitar a Fundaci\u00f3n Arquia, <\/strong>ya que desde su constituci\u00f3n en 1990 est\u00e1 ayudando a los arquitectos que inician su actividad profesional apoyando los valores de la arquitectura que realizan. Adem\u00e1s, pudimos ver, desde la primera l\u00ednea, el trabajo de las personas de la Fundaci\u00f3n que se encargaban del Foro y damos fe del cuidado, entrega y precisi\u00f3n con que trabajaron.<\/p>\n<p>Ya para terminar, nos apetece rescatar las palabras que aparecen en el cat\u00e1logo del foro de la mano de <strong>Alberto Veiga<\/strong>: \u201cReflexionar acerca de nuestro <strong>Futuro imperfecto<\/strong> permite descubrir c\u00f3mo las tensiones y situaciones, aparentemente nuevas de la profesi\u00f3n, resultan <strong>territorios comunes para generaciones anteriores<\/strong> y uno se plantea, si al final, parafraseando a J.G. Ballard, los arquitectos no debemos sentirnos nunca c\u00f3modos porque, al final, la mejor arquitectura necesita siempre, tensi\u00f3n, estr\u00e9s e incertidumbre\u201d. Y, precisamente saber navegar en esta<strong> incertidumbre<\/strong> es lo que tenemos que aprender. Hacerlo depende de cada uno@ de nosotr@s; pero, desde luego que, si somos capaces de hacerlo de la mano, a buen seguro que tendremos m\u00e1s posibilidades de que nos vaya mejor. Sin <strong>diferencia<\/strong> no hay<strong> sinergia<\/strong>, y sin sinergia no hay <strong>futuro, <\/strong>aunque, como bien se ha sellado en este Foro, \u00e9ste pueda ser imperfecto.<\/p>\n<p><strong>\u00a0<\/strong><\/p>\n<h3 style=\"text-align: center;\"><strong><span style=\"color: #ff9900;\">Autores del post: <a style=\"color: #ff9900;\" href=\"https:\/\/stepienybarno.es\/blog\/2011\/09\/04\/las-fortalezas-del-arquitecto\/\">Stepienybarno<\/a> <\/span>_ <span style=\"color: #ff9900;\">Agnieszka Stepien y Lorenzo Barn\u00f3<\/span><\/strong><\/h3>\n<p style=\"text-align: center;\"><span style=\"color: #808080;\">Las fotos con * han sido cedidas por Fundaci\u00f3n Arquia y realizadas por Equipo CTI de la UMA<\/span><\/p>\n<p>&nbsp;<\/p>\n<p>* <em><span style=\"color: #808080;\">Este art\u00edculo ha sido escrito con car\u00e1cter divulgativo y sin ning\u00fan tipo de \u00e1nimo de lucro. As\u00ed que, si te apetece compartirlo en cualquier otro medio, estaremos encantados de que lo hagas siempre y cuando cites el lugar donde lo has encontrado.<\/span><\/em><\/p>\n<p><em><span style=\"color: #808080;\"><a style=\"color: #808080;\" href=\"https:\/\/twitter.com\/stepienybarno\">STEPIENYBARNO EN TWITTER _ @stepienybarno<\/a><\/span><\/em><\/p>\n<p><em><span style=\"color: #808080;\"><a style=\"color: #808080;\" href=\"http:\/\/www.linkedin.com\/company\/stepienybarno\">STEPIENYBARNO EN LINKEDIN<\/a><\/span><\/em><\/p>\n<p><em><span style=\"color: #808080;\"><a style=\"color: #808080;\" href=\"https:\/\/www.facebook.com\/pages\/BLOG-DE-STEPIENYBARNO\/78001079029\">STEPIENYBARNO EN FACEBOOK<\/a><\/span><\/em><\/p>\n<p><em><span style=\"color: #808080;\">* <a style=\"color: #808080;\" href=\"https:\/\/stepienybarno.es\/blog\/2011\/09\/04\/las-fortalezas-del-arquitecto\/\">Stepienybarno<\/a> est\u00e1 formado por Agnieszka Stepien y Lorenzo Barn\u00f3 y desde mayo del 2009 estamos en la red con\u00a0 la presente publicaci\u00f3n digital (Blog) de arquitectura.<\/span><\/em><\/p>\n<p><em><span style=\"color: #808080;\">Nuestra actividad se sustenta en tres pilares b\u00e1sicos: la investigaci\u00f3n, la publicaci\u00f3n y la redacci\u00f3n de proyectos de arquitectura.<\/span><\/em><\/p>\n<p><em><span style=\"color: #808080;\">A su vez, somos socios cofundadores de <a style=\"color: #808080;\" href=\"http:\/\/sinergiasostenible.org\/\">SINERGIA SOSTENIBLE<\/a>, redactores de <a style=\"color: #808080;\" href=\"http:\/\/www.laciudadviva.org\/blogs\/?author=45\">LA CIUDAD VIVA<\/a> y directores del blog de FUNDACI\u00d3N ARQUIA.<\/span><\/em><\/p>\n<p><em><span style=\"color: #808080;\">* Los editores de esta publicaci\u00f3n digital no nos hacemos cargo de de los comentarios y\u00a0 conceptos vertidos en los textos firmados por otras personas, siendo \u00e9stos de responsabilidad exclusiva de sus autores.<\/span><\/em><\/p>\n<p><em><span style=\"color: #808080;\">* Tu comentario pudiera ser moderado, por lo tanto, aunque aparezca inmediatamente al ser publicado en la entrada, los editores de esta publicaci\u00f3n digital nos reservamos el derecho tanto de editarlo (si fuera necesario, para hacerlo m\u00e1s legible) como de eliminarlo en el caso de que se usen expresiones incorrectas (descalificaciones, palabras malsonantes\u2026). A su vez, si quieres comentar desde el anonimato puedes hacerlo, aunque, nosotros personalmente, agradecemos que tod@s nos podamos identificar.<\/span><\/em><\/p>\n","protected":false},"excerpt":{"rendered":"<p>&nbsp; Reci\u00e9n llegados de unos d\u00edas inolvidables en M\u00e1laga, disfrutando<\/p>\n","protected":false},"author":2,"featured_media":24563,"comment_status":"open","ping_status":"closed","sticky":false,"template":"","format":"standard","meta":{"om_disable_all_campaigns":false,"_monsterinsights_skip_tracking":false,"_monsterinsights_sitenote_active":false,"_monsterinsights_sitenote_note":"","_monsterinsights_sitenote_category":0,"_uf_show_specific_survey":0,"_uf_disable_surveys":false,"episode_type":"","audio_file":"","cover_image":"","cover_image_id":"","duration":"","filesize":"","date_recorded":"","explicit":"","block":"","filesize_raw":"","footnotes":""},"categories":[34,4],"tags":[4753,4651,2692,3040,4761,1392,4763,4760,4762,4701,4755,2427,2084,4754,4764,2886,4757,4765,3784,1888,242,687,1042,2454,1732,1582,243,4759,4061,1360,4758,4752,4285,1899,4756,822],"series":[],"class_list":["post-24562","post","type-post","status-publish","format-standard","has-post-thumbnail","hentry","category-actualidad","category-arquilectura","tag-agronautas","tag-alberto-veiga","tag-arquiaproxima","tag-carles-enrich","tag-carles-oliver","tag-carlos-gomez-agusti","tag-carlos-rosa","tag-diana-uson","tag-ecobarrio-uac2","tag-el-fabricante-de-esphera","tag-esau-acosta","tag-eugeni-bach","tag-eva-morales","tag-ferran-ventura","tag-francisco-sarabia","tag-fundacion-arquia","tag-futuro-imperfecto","tag-gerardo-garcia-ventosa-lopez","tag-javier-navarro","tag-jesus-irisarri","tag-jon-aguirre","tag-jordi-badia","tag-jose-maria-sanchez","tag-maio","tag-manuel-aires-mateus","tag-nundo","tag-paisaje-transversal","tag-pau-sarquella","tag-paula-v-alvarez","tag-pedro-hernandez","tag-persiana-barcelona","tag-pez-studio","tag-ras-arquitectura","tag-recolectores-urbanos","tag-vibok-works","tag-victor-navarro"],"aioseo_notices":[],"episode_featured_image":"https:\/\/stepienybarno.es\/blog\/wp-content\/uploads\/2016\/10\/0.-Stepienybarno-blog-Fundaci\u00f3n-Arquia-foro-arquia-proxima-Portada-auditorio.jpg","episode_player_image":"https:\/\/stepienybarno.es\/blog\/wp-content\/uploads\/2020\/11\/stepienybarno-podcast-scaled.jpg","download_link":"","player_link":"","audio_player":false,"episode_data":{"playerMode":"dark","subscribeUrls":[],"rssFeedUrl":"https:\/\/stepienybarno.es\/blog\/feed\/podcast\/podcast-de-stepienybarno","embedCode":"<blockquote class=\"wp-embedded-content\" data-secret=\"nTs9Ut8LQb\"><a href=\"https:\/\/stepienybarno.es\/blog\/2016\/10\/25\/unos-proxima-con-mucho-presente\/\">UNOS PR\u00d3XIMA CON MUCHO PRESENTE<\/a><\/blockquote><iframe sandbox=\"allow-scripts\" security=\"restricted\" src=\"https:\/\/stepienybarno.es\/blog\/2016\/10\/25\/unos-proxima-con-mucho-presente\/embed\/#?secret=nTs9Ut8LQb\" width=\"500\" height=\"350\" title=\"\u00abUNOS PR\u00d3XIMA CON MUCHO PRESENTE\u00bb \u2014 Blog de STEPIEN Y BARNO - publicaci\u00f3n digital sobre arquitectura\" data-secret=\"nTs9Ut8LQb\" frameborder=\"0\" marginwidth=\"0\" marginheight=\"0\" scrolling=\"no\" class=\"wp-embedded-content\"><\/iframe><script type=\"text\/javascript\">\n\/* <![CDATA[ *\/\n\/*! This file is auto-generated *\/\n!function(d,l){\"use strict\";l.querySelector&&d.addEventListener&&\"undefined\"!=typeof URL&&(d.wp=d.wp||{},d.wp.receiveEmbedMessage||(d.wp.receiveEmbedMessage=function(e){var t=e.data;if((t||t.secret||t.message||t.value)&&!\/[^a-zA-Z0-9]\/.test(t.secret)){for(var s,r,n,a=l.querySelectorAll('iframe[data-secret=\"'+t.secret+'\"]'),o=l.querySelectorAll('blockquote[data-secret=\"'+t.secret+'\"]'),c=new RegExp(\"^https?:$\",\"i\"),i=0;i<o.length;i++)o[i].style.display=\"none\";for(i=0;i<a.length;i++)s=a[i],e.source===s.contentWindow&&(s.removeAttribute(\"style\"),\"height\"===t.message?(1e3<(r=parseInt(t.value,10))?r=1e3:~~r<200&&(r=200),s.height=r):\"link\"===t.message&&(r=new URL(s.getAttribute(\"src\")),n=new URL(t.value),c.test(n.protocol))&&n.host===r.host&&l.activeElement===s&&(d.top.location.href=t.value))}},d.addEventListener(\"message\",d.wp.receiveEmbedMessage,!1),l.addEventListener(\"DOMContentLoaded\",function(){for(var e,t,s=l.querySelectorAll(\"iframe.wp-embedded-content\"),r=0;r<s.length;r++)(t=(e=s[r]).getAttribute(\"data-secret\"))||(t=Math.random().toString(36).substring(2,12),e.src+=\"#?secret=\"+t,e.setAttribute(\"data-secret\",t)),e.contentWindow.postMessage({message:\"ready\",secret:t},\"*\")},!1)))}(window,document);\n\/* ]]> *\/\n<\/script>\n"},"_links":{"self":[{"href":"https:\/\/stepienybarno.es\/blog\/wp-json\/wp\/v2\/posts\/24562"}],"collection":[{"href":"https:\/\/stepienybarno.es\/blog\/wp-json\/wp\/v2\/posts"}],"about":[{"href":"https:\/\/stepienybarno.es\/blog\/wp-json\/wp\/v2\/types\/post"}],"author":[{"embeddable":true,"href":"https:\/\/stepienybarno.es\/blog\/wp-json\/wp\/v2\/users\/2"}],"replies":[{"embeddable":true,"href":"https:\/\/stepienybarno.es\/blog\/wp-json\/wp\/v2\/comments?post=24562"}],"version-history":[{"count":13,"href":"https:\/\/stepienybarno.es\/blog\/wp-json\/wp\/v2\/posts\/24562\/revisions"}],"predecessor-version":[{"id":24641,"href":"https:\/\/stepienybarno.es\/blog\/wp-json\/wp\/v2\/posts\/24562\/revisions\/24641"}],"wp:featuredmedia":[{"embeddable":true,"href":"https:\/\/stepienybarno.es\/blog\/wp-json\/wp\/v2\/media\/24563"}],"wp:attachment":[{"href":"https:\/\/stepienybarno.es\/blog\/wp-json\/wp\/v2\/media?parent=24562"}],"wp:term":[{"taxonomy":"category","embeddable":true,"href":"https:\/\/stepienybarno.es\/blog\/wp-json\/wp\/v2\/categories?post=24562"},{"taxonomy":"post_tag","embeddable":true,"href":"https:\/\/stepienybarno.es\/blog\/wp-json\/wp\/v2\/tags?post=24562"},{"taxonomy":"series","embeddable":true,"href":"https:\/\/stepienybarno.es\/blog\/wp-json\/wp\/v2\/series?post=24562"}],"curies":[{"name":"wp","href":"https:\/\/api.w.org\/{rel}","templated":true}]}}