{"id":24686,"date":"2016-10-31T10:14:20","date_gmt":"2016-10-31T08:14:20","guid":{"rendered":"https:\/\/www.stepienybarno.es\/blog\/?p=24686"},"modified":"2016-11-01T21:53:54","modified_gmt":"2016-11-01T19:53:54","slug":"caminar-en-tiempos-revueltos","status":"publish","type":"post","link":"https:\/\/stepienybarno.es\/blog\/2016\/10\/31\/caminar-en-tiempos-revueltos\/","title":{"rendered":"CAMINAR EN TIEMPOS REVUELTOS"},"content":{"rendered":"<p><img loading=\"lazy\" decoding=\"async\" class=\"alignnone size-full wp-image-24687 aligncenter\" src=\"https:\/\/stepienybarno.es\/blog\/wp-content\/uploads\/2016\/10\/stepienybarno-blog-stepien-y-barno-arquitectura-arquine-ana-leon.jpg\" alt=\"stepienybarno-blog-stepien-y-barno-arquitectura-arquine-ana-leon\" width=\"500\" height=\"333\" srcset=\"https:\/\/stepienybarno.es\/blog\/wp-content\/uploads\/2016\/10\/stepienybarno-blog-stepien-y-barno-arquitectura-arquine-ana-leon.jpg 500w, https:\/\/stepienybarno.es\/blog\/wp-content\/uploads\/2016\/10\/stepienybarno-blog-stepien-y-barno-arquitectura-arquine-ana-leon-180x120.jpg 180w, https:\/\/stepienybarno.es\/blog\/wp-content\/uploads\/2016\/10\/stepienybarno-blog-stepien-y-barno-arquitectura-arquine-ana-leon-316x210.jpg 316w\" sizes=\"(max-width: 500px) 100vw, 500px\" \/><\/p>\n<p><strong>Por <a href=\"http:\/\/www.arquine.com\/author\/ana-leon\/\" target=\"_blank\">Ana Le\u00f3n<\/a><\/strong><\/p>\n<p><strong>Desde <a href=\"http:\/\/www.arquine.com\/\" target=\"_blank\">Arquine<\/a><\/strong><\/p>\n<p><!--more--><\/p>\n<p style=\"text-align: justify;\">\u201c<strong><em>Ciudades Paralelas<\/em>\u00a0es el inicio de una serie de entrevistas y reflexiones en torno a las formas marginalizadas de habitar la ciudad, formas que existen a pesar de los discursos unificadores que buscan volverla para una clase \u00fanica de urbanita: la ciudad de las mujeres, la ciudad de los peatones, la ciudad de los ni\u00f1os, la ciudad de los que no tienen un techo y la ciudad de los afectos distintos ser\u00e1n algunos de los segmentos que buscamos abordar.\u00a0<\/strong><\/p>\n<p style=\"text-align: justify;\">S\u00f3lo aqu\u00e9l que se va de la Ciudad de M\u00e9xico por un tiempo y regresa a ella, vuelve a contemplarla bella, a adorar su bullicio y su caos, a apreciar su arrogancia, o por lo menos eso me pas\u00f3 a m\u00ed cuando en 2012 hice el viaje de regreso de Canc\u00fan al entonces llamado DF despu\u00e9s de dos a\u00f1os de ser \u201cgente de la pen\u00ednsula\u201d. El olor a smog, el tono gris\u00e1ceo, la imagen de esa urbe que ha tenido que responder a la ambici\u00f3n de quienes la habitan me pareci\u00f3 m\u00e1s real y m\u00e1s bella que la promesa de para\u00edso de la que volv\u00eda. Recuerdo la abrumadora sensaci\u00f3n de que aqu\u00ed se puede hacer todo. Que la ciudad est\u00e1 llena de posibilidades y que si no tienes a d\u00f3nde ir o qu\u00e9 ver o qu\u00e9 hacer es simplemente porque no quieres. Era, en ese entonces, como un ciego que por primera vez ve, para el que todo es nuevo, para el que todo tiene que renombrarse porque el tacto y la vista hablan lenguas distintas. Empec\u00e9 entonces a hacer algo que antes de irme no hac\u00eda: empec\u00e9 a caminar la ciudad. No porque antes me moviera en auto \u2013nunca he necesitado poseer uno ni he tenido ese deseo, para mi incomprensible, de atesorarlo como un trofeo\u2013, simplemente porque antes de partir iba y ven\u00eda de forma autom\u00e1tica de y hacia cada uno de los sitios que formaban parte de mi rutina. Regres\u00e9 para caminar a los museos que est\u00e1n cerca de mi vecindario, a los cines, a los caf\u00e9s, al supermercado, a cualquier lugar aunque esto implicara m\u00e1s de una hora de trayecto a pie (y no, no vivo ni en la Condesa, ni en la Roma, ni en la Ju\u00e1rez, ni en la N\u00e1poles, ni en la San Rafael) y porque en esos d\u00edas, reci\u00e9n llegada, no ten\u00eda la prisa que un horario laboral demanda, a veces. Caminar se hizo entonces una costumbre (\u2026)\u201d<\/p>\n<p>&nbsp;<\/p>\n<p style=\"text-align: center;\">\n<strong>Accede al art\u00edculo, <a href=\"http:\/\/www.arquine.com\/caminar-en-tiempos-revueltos\/\" target=\"_blank\">AQU\u00cd<\/a><\/strong><\/p>\n<p style=\"text-align: center;\">\n<p>&nbsp;<\/p>\n<p style=\"text-align: justify;\"><span style=\"color: #999999;\"><em>Noticia seleccionada por el Canal de arquitectura STEPIENYBARNO.<\/em><\/span><\/p>\n<p style=\"text-align: justify;\"><em><u><a href=\"https:\/\/twitter.com\/stepienybarno\">STEPIENYBARNO EN TWITTER _ @stepienybarno<\/a><\/u><\/em><\/p>\n<p style=\"text-align: justify;\"><u><a href=\"http:\/\/www.linkedin.com\/company\/stepienybarno\"><em>STEPIENYBARNO EN LINKEDIN<\/em><\/a><\/u><\/p>\n<p style=\"text-align: justify;\"><em><u><a href=\"https:\/\/www.facebook.com\/StepienybarnoCANAL\">STEPIENYBARNO EN FACEBOOK<\/a><\/u><\/em><\/p>\n<p style=\"text-align: justify;\"><span style=\"color: #999999;\"><em>*Stepienybarno est\u00e1 formado por Agnieszka Stepien y Lorenzo Barn\u00f3 y desde mayo del 2009 estamos en la red con\u00a0 la presente publicaci\u00f3n digital (Blog) de arquitectura.<\/em><\/span><\/p>\n<p style=\"text-align: justify;\"><span style=\"color: #999999;\"><em>Nuestra actividad se sustenta en tres pilares b\u00e1sicos: la investigaci\u00f3n, la publicaci\u00f3n (comunicaci\u00f3n y difusi\u00f3n) y la redacci\u00f3n de proyectos de arquitectura.<\/em><\/span><\/p>\n<p style=\"text-align: justify;\"><span style=\"color: #999999;\"><em>A su vez, somos socios cofundadores de<\/em><\/span><em>\u00a0<\/em><em><a href=\"http:\/\/sinergiasostenible.org\/\">SINERGIA SOSTENIBLE<\/a><span style=\"color: #999999;\">, redactores de<\/span><\/em><span style=\"color: #999999;\"><em>\u00a0<\/em><\/span><em><a href=\"http:\/\/www.laciudadviva.org\/blogs\/?author=45\">LA CIUDAD VIVA<\/a><\/em><span style=\"color: #999999;\"><em>\u00a0<\/em><em>y directores del blog de<\/em><em>\u00a0<\/em><\/span><em><a href=\"http:\/\/blogfundacion.arquia.es\/\">FUNDACI\u00d3N ARQUIA<\/a><span style=\"color: #999999;\">.<\/span><\/em><\/p>\n<p style=\"text-align: justify;\"><span style=\"color: #999999;\"><em>* Los editores de esta publicaci\u00f3n digital no nos hacemos cargo de de los comentarios y\u00a0 conceptos vertidos en los textos firmados por otras personas, siendo \u00e9stos de responsabilidad exclusiva de sus autores.<\/em><\/span><\/p>\n<p style=\"text-align: justify;\"><span style=\"color: #999999;\"><em>* Tu comentario podr\u00e1 ser moderado, por lo tanto, aunque aparezca inmediatamente al ser publicado en la entrada, los editores de esta publicaci\u00f3n digital nos reservamos el derecho tanto de editarlo (si fuera necesario, para hacerlo m\u00e1s legible) como de eliminarlo en el caso de que se usen expresiones incorrectas (descalificaciones, palabras malsonantes\u2026). A su vez, si quieres comentar desde el anonimato puedes hacerlo, aunque, nosotros personalmente, agradecemos que tod@s nos podamos identificar.<\/em><\/span><\/p>\n","protected":false},"excerpt":{"rendered":"<p>Por Ana Le\u00f3n Desde Arquine<\/p>\n","protected":false},"author":9,"featured_media":24687,"comment_status":"open","ping_status":"closed","sticky":false,"template":"","format":"standard","meta":{"om_disable_all_campaigns":false,"_monsterinsights_skip_tracking":false,"_monsterinsights_sitenote_active":false,"_monsterinsights_sitenote_note":"","_monsterinsights_sitenote_category":0,"_uf_show_specific_survey":0,"_uf_disable_surveys":false,"episode_type":"","audio_file":"","cover_image":"","cover_image_id":"","duration":"","filesize":"","date_recorded":"","explicit":"","block":"","filesize_raw":"","footnotes":""},"categories":[244],"tags":[4793,3162],"series":[],"class_list":["post-24686","post","type-post","status-publish","format-standard","has-post-thumbnail","hentry","category-canal-de-arquitectura","tag-ana-leon","tag-arquine"],"aioseo_notices":[],"episode_featured_image":"https:\/\/stepienybarno.es\/blog\/wp-content\/uploads\/2016\/10\/stepienybarno-blog-stepien-y-barno-arquitectura-arquine-ana-leon.jpg","episode_player_image":"https:\/\/stepienybarno.es\/blog\/wp-content\/uploads\/2020\/11\/stepienybarno-podcast-scaled.jpg","download_link":"","player_link":"","audio_player":false,"episode_data":{"playerMode":"dark","subscribeUrls":[],"rssFeedUrl":"https:\/\/stepienybarno.es\/blog\/feed\/podcast\/podcast-de-stepienybarno","embedCode":"<blockquote class=\"wp-embedded-content\" data-secret=\"Ve6V61PHnD\"><a href=\"https:\/\/stepienybarno.es\/blog\/2016\/10\/31\/caminar-en-tiempos-revueltos\/\">CAMINAR EN TIEMPOS REVUELTOS<\/a><\/blockquote><iframe sandbox=\"allow-scripts\" security=\"restricted\" src=\"https:\/\/stepienybarno.es\/blog\/2016\/10\/31\/caminar-en-tiempos-revueltos\/embed\/#?secret=Ve6V61PHnD\" width=\"500\" height=\"350\" title=\"\u00abCAMINAR EN TIEMPOS REVUELTOS\u00bb \u2014 Blog de STEPIEN Y BARNO - publicaci\u00f3n digital sobre arquitectura\" data-secret=\"Ve6V61PHnD\" frameborder=\"0\" marginwidth=\"0\" marginheight=\"0\" scrolling=\"no\" class=\"wp-embedded-content\"><\/iframe><script type=\"text\/javascript\">\n\/* <![CDATA[ *\/\n\/*! This file is auto-generated *\/\n!function(d,l){\"use strict\";l.querySelector&&d.addEventListener&&\"undefined\"!=typeof URL&&(d.wp=d.wp||{},d.wp.receiveEmbedMessage||(d.wp.receiveEmbedMessage=function(e){var t=e.data;if((t||t.secret||t.message||t.value)&&!\/[^a-zA-Z0-9]\/.test(t.secret)){for(var s,r,n,a=l.querySelectorAll('iframe[data-secret=\"'+t.secret+'\"]'),o=l.querySelectorAll('blockquote[data-secret=\"'+t.secret+'\"]'),c=new RegExp(\"^https?:$\",\"i\"),i=0;i<o.length;i++)o[i].style.display=\"none\";for(i=0;i<a.length;i++)s=a[i],e.source===s.contentWindow&&(s.removeAttribute(\"style\"),\"height\"===t.message?(1e3<(r=parseInt(t.value,10))?r=1e3:~~r<200&&(r=200),s.height=r):\"link\"===t.message&&(r=new URL(s.getAttribute(\"src\")),n=new URL(t.value),c.test(n.protocol))&&n.host===r.host&&l.activeElement===s&&(d.top.location.href=t.value))}},d.addEventListener(\"message\",d.wp.receiveEmbedMessage,!1),l.addEventListener(\"DOMContentLoaded\",function(){for(var e,t,s=l.querySelectorAll(\"iframe.wp-embedded-content\"),r=0;r<s.length;r++)(t=(e=s[r]).getAttribute(\"data-secret\"))||(t=Math.random().toString(36).substring(2,12),e.src+=\"#?secret=\"+t,e.setAttribute(\"data-secret\",t)),e.contentWindow.postMessage({message:\"ready\",secret:t},\"*\")},!1)))}(window,document);\n\/* ]]> *\/\n<\/script>\n"},"_links":{"self":[{"href":"https:\/\/stepienybarno.es\/blog\/wp-json\/wp\/v2\/posts\/24686"}],"collection":[{"href":"https:\/\/stepienybarno.es\/blog\/wp-json\/wp\/v2\/posts"}],"about":[{"href":"https:\/\/stepienybarno.es\/blog\/wp-json\/wp\/v2\/types\/post"}],"author":[{"embeddable":true,"href":"https:\/\/stepienybarno.es\/blog\/wp-json\/wp\/v2\/users\/9"}],"replies":[{"embeddable":true,"href":"https:\/\/stepienybarno.es\/blog\/wp-json\/wp\/v2\/comments?post=24686"}],"version-history":[{"count":1,"href":"https:\/\/stepienybarno.es\/blog\/wp-json\/wp\/v2\/posts\/24686\/revisions"}],"predecessor-version":[{"id":24688,"href":"https:\/\/stepienybarno.es\/blog\/wp-json\/wp\/v2\/posts\/24686\/revisions\/24688"}],"wp:featuredmedia":[{"embeddable":true,"href":"https:\/\/stepienybarno.es\/blog\/wp-json\/wp\/v2\/media\/24687"}],"wp:attachment":[{"href":"https:\/\/stepienybarno.es\/blog\/wp-json\/wp\/v2\/media?parent=24686"}],"wp:term":[{"taxonomy":"category","embeddable":true,"href":"https:\/\/stepienybarno.es\/blog\/wp-json\/wp\/v2\/categories?post=24686"},{"taxonomy":"post_tag","embeddable":true,"href":"https:\/\/stepienybarno.es\/blog\/wp-json\/wp\/v2\/tags?post=24686"},{"taxonomy":"series","embeddable":true,"href":"https:\/\/stepienybarno.es\/blog\/wp-json\/wp\/v2\/series?post=24686"}],"curies":[{"name":"wp","href":"https:\/\/api.w.org\/{rel}","templated":true}]}}