{"id":24866,"date":"2016-11-08T20:15:40","date_gmt":"2016-11-08T18:15:40","guid":{"rendered":"https:\/\/www.stepienybarno.es\/blog\/?p=24866"},"modified":"2016-11-08T11:22:03","modified_gmt":"2016-11-08T09:22:03","slug":"asi-es-el-proyecto-de-vivienda-social-mas-antiguo-del-mundo-donde-alquilar-casa-cuesta-1-euro-al-ano","status":"publish","type":"post","link":"https:\/\/stepienybarno.es\/blog\/2016\/11\/08\/asi-es-el-proyecto-de-vivienda-social-mas-antiguo-del-mundo-donde-alquilar-casa-cuesta-1-euro-al-ano\/","title":{"rendered":"AS\u00cd ES EL PROYECTO DE VIVIENDA SOCIAL M\u00c1S ANTIGUO DEL MUNDO, DONDE ALQUILAR CASA CUESTA 1 EURO AL A\u00d1O"},"content":{"rendered":"<p><img loading=\"lazy\" decoding=\"async\" class=\"alignnone size-full wp-image-24867 aligncenter\" src=\"https:\/\/stepienybarno.es\/blog\/wp-content\/uploads\/2016\/11\/Stepienybarno-Blog-Stepien-y-barno-arquitectura-el-idealista.jpg\" alt=\"stepienybarno-blog-stepien-y-barno-arquitectura-el-idealista\" width=\"500\" height=\"331\" srcset=\"https:\/\/stepienybarno.es\/blog\/wp-content\/uploads\/2016\/11\/Stepienybarno-Blog-Stepien-y-barno-arquitectura-el-idealista.jpg 500w, https:\/\/stepienybarno.es\/blog\/wp-content\/uploads\/2016\/11\/Stepienybarno-Blog-Stepien-y-barno-arquitectura-el-idealista-180x119.jpg 180w, https:\/\/stepienybarno.es\/blog\/wp-content\/uploads\/2016\/11\/Stepienybarno-Blog-Stepien-y-barno-arquitectura-el-idealista-316x209.jpg 316w\" sizes=\"(max-width: 500px) 100vw, 500px\" \/><\/p>\n<p><strong>Desde <a href=\"https:\/\/www.idealista.com\/\" target=\"_blank\">Idealista<\/a><\/strong><\/p>\n<p><!--more--><\/p>\n<p style=\"text-align: justify;\">\u201cAlemania. Regi\u00f3n de Baviera. Ciudad de Augsburgo. En su interior, \u201cla ciudad dentro de la ciudad\u201d, rodeada de una muralla con siete puertas. Se trata del proyecto de\u00a0<a href=\"https:\/\/www.idealista.com\/pisos-vpo\" target=\"_blank\">vivienda social<\/a>\u00a0m\u00e1s antiguo del mundo, puesto en marcha en a principios del siglo XVI por el banquero<strong>\u00a0<\/strong><strong>Jakob Fugger<\/strong>\u00a0(Jacobo F\u00facar, en espa\u00f1ol),\u00a0<strong>uno de los primeros magnates de las finanzas globales<\/strong>, considerado por muchos el hombre m\u00e1s rico de todos los tiempos y sin duda uno de los m\u00e1s influyentes.<\/p>\n<p style=\"text-align: justify;\">Te damos la bienvenida\u00a0<a href=\"http:\/\/www.fugger.de\/home.html\" target=\"_blank\">al peque\u00f1o pueblo de Fuggerei<\/a>, nacido en 1516 como un refugio para los m\u00e1s necesitados. Casi cinco siglos despu\u00e9s, mantiene intacto su car\u00e1cter solidario.\u00a0<strong>Sus cerca de 150 habitantes pagan 0,88 euros de alquiler al a\u00f1o<\/strong>, el equivalente a un flor\u00edn renano de la \u00e9poca en que se fund\u00f3. Por aquel entonces, era lo que ganaba un artesano a la semana. Los salarios han cambiado, obviamente, pero el precio no se ha movido un \u00e1pice en quinientos a\u00f1os.<\/p>\n<p style=\"text-align: justify;\">Antes de que hagas la maleta atra\u00eddo por tales facilidades, hay algo que debes saber: el acceso a una vivienda en este enclave est\u00e1 restringido \u2013 como en sus or\u00edgenes \u2013 a los que cumplen ciertos requisitos:\u00a0<strong>ser cat\u00f3licos, indigentes que no han ca\u00eddo en la pobreza por culpa de las deudas y que han vivido al menos dos a\u00f1os en Augsburgo<\/strong>. La ascendencia familiar, la edad o el estado civil son irrelevantes (\u2026)\u201d<\/p>\n<p>&nbsp;<\/p>\n<p><strong>\u00a0<\/strong><\/p>\n<p style=\"text-align: center;\"><strong>Acceder al art\u00edculo, <a href=\"https:\/\/www.idealista.com\/news\/inmobiliario\/internacional\/2015\/12\/17\/740346-asi-es-fuggerei-el-poyecto-de-vivienda-social-mas-antiguo-del-mundo-donde\" target=\"_blank\">AQU\u00cd<\/a><\/strong><strong>\u00a0<\/strong><\/p>\n<p><strong>\u00a0<\/strong><\/p>\n<p><strong>\u00a0<\/strong><\/p>\n<p style=\"text-align: justify;\"><span style=\"color: #999999;\">Noticia seleccionada por el Canal de arquitectura STEPIENYBARNO.<\/span><\/p>\n<p style=\"text-align: justify;\">STEPIENYBARNO EN TWITTER _\u00a0<a href=\"https:\/\/twitter.com\/\">@stepienybarno<\/a><\/p>\n<p style=\"text-align: justify;\"><a href=\"http:\/\/www.linkedin.com\/company\/stepienybarno\">STEPIENYBARNO EN LINKEDIN<\/a><\/p>\n<p style=\"text-align: justify;\"><a href=\"https:\/\/www.facebook.com\/pages\/BLOG-DE-STEPIENYBARNO\/78001079029?fref=ts\">STEPIENYBARNO EN FACEBOOK<\/a><\/p>\n<p style=\"text-align: justify;\"><span style=\"color: #999999;\">*Stepienybarno est\u00e1 formado por Agnieszka Stepien y Lorenzo Barn\u00f3 y desde mayo del 2009 estamos en la red con\u00a0 la presente publicaci\u00f3n digital (Blog) de arquitectura.<\/span><\/p>\n<p style=\"text-align: justify;\"><span style=\"color: #999999;\">Nuestra actividad se sustenta en tres pilares b\u00e1sicos: la investigaci\u00f3n, la publicaci\u00f3n (comunicaci\u00f3n y difusi\u00f3n) y la redacci\u00f3n de proyectos de arquitectura.<\/span><\/p>\n<p style=\"text-align: justify;\"><span style=\"color: #999999;\">A su vez, somos socios cofundadores de<\/span>\u00a0<a href=\"http:\/\/sinergiasostenible.org\/\">SINERGIA SOSTENIBLE<\/a><span style=\"color: #999999;\">, redactores de<\/span>\u00a0<a href=\"http:\/\/www.laciudadviva.org\/blogs\/?author=45\">LA CIUDAD VIVA<\/a><span style=\"color: #999999;\">\u00a0y directores del blog de<\/span>\u00a0<a href=\"http:\/\/blogfundacion.arquia.es\/\">FUNDACI\u00d3N ARQUIA<\/a><span style=\"color: #999999;\">.<\/span><\/p>\n<p style=\"text-align: justify;\"><span style=\"color: #999999;\">* Los editores de esta publicaci\u00f3n digital no nos hacemos cargo de de los comentarios y\u00a0 conceptos vertidos en los textos firmados por otras personas, siendo \u00e9stos de responsabilidad exclusiva de sus autores.<\/span><\/p>\n<p style=\"text-align: justify;\"><span style=\"color: #999999;\">* Tu comentario podr\u00e1 ser moderado, por lo tanto, aunque aparezca inmediatamente al ser publicado en la entrada, los editores de esta publicaci\u00f3n digital nos reservamos el derecho tanto de editarlo (si fuera necesario, para hacerlo m\u00e1s legible) como de eliminarlo en el caso de que se usen expresiones incorrectas (descalificaciones, palabras malsonantes\u2026). A su vez, si quieres comentar desde el anonimato puedes hacerlo, aunque, nosotros personalmente, agradecemos que tod@s nos podamos identificar.<\/span><\/p>\n","protected":false},"excerpt":{"rendered":"<p>Desde Idealista<\/p>\n","protected":false},"author":9,"featured_media":24867,"comment_status":"open","ping_status":"closed","sticky":false,"template":"","format":"standard","meta":{"om_disable_all_campaigns":false,"_monsterinsights_skip_tracking":false,"_monsterinsights_sitenote_active":false,"_monsterinsights_sitenote_note":"","_monsterinsights_sitenote_category":0,"_uf_show_specific_survey":0,"_uf_disable_surveys":false,"episode_type":"","audio_file":"","cover_image":"","cover_image_id":"","duration":"","filesize":"","date_recorded":"","explicit":"","block":"","filesize_raw":"","footnotes":""},"categories":[244],"tags":[4829,4830,3663],"series":[],"class_list":["post-24866","post","type-post","status-publish","format-standard","has-post-thumbnail","hentry","category-canal-de-arquitectura","tag-augsburgo","tag-fuggerei","tag-idealista"],"aioseo_notices":[],"episode_featured_image":"https:\/\/stepienybarno.es\/blog\/wp-content\/uploads\/2016\/11\/Stepienybarno-Blog-Stepien-y-barno-arquitectura-el-idealista.jpg","episode_player_image":"https:\/\/stepienybarno.es\/blog\/wp-content\/uploads\/2020\/11\/stepienybarno-podcast-scaled.jpg","download_link":"","player_link":"","audio_player":false,"episode_data":{"playerMode":"dark","subscribeUrls":[],"rssFeedUrl":"https:\/\/stepienybarno.es\/blog\/feed\/podcast\/podcast-de-stepienybarno","embedCode":"<blockquote class=\"wp-embedded-content\" data-secret=\"vIIDg8fq5I\"><a href=\"https:\/\/stepienybarno.es\/blog\/2016\/11\/08\/asi-es-el-proyecto-de-vivienda-social-mas-antiguo-del-mundo-donde-alquilar-casa-cuesta-1-euro-al-ano\/\">AS\u00cd ES EL PROYECTO DE VIVIENDA SOCIAL M\u00c1S ANTIGUO DEL MUNDO, DONDE ALQUILAR CASA CUESTA 1 EURO AL A\u00d1O<\/a><\/blockquote><iframe sandbox=\"allow-scripts\" security=\"restricted\" src=\"https:\/\/stepienybarno.es\/blog\/2016\/11\/08\/asi-es-el-proyecto-de-vivienda-social-mas-antiguo-del-mundo-donde-alquilar-casa-cuesta-1-euro-al-ano\/embed\/#?secret=vIIDg8fq5I\" width=\"500\" height=\"350\" title=\"\u00abAS\u00cd ES EL PROYECTO DE VIVIENDA SOCIAL M\u00c1S ANTIGUO DEL MUNDO, DONDE ALQUILAR CASA CUESTA 1 EURO AL A\u00d1O\u00bb \u2014 Blog de STEPIEN Y BARNO - publicaci\u00f3n digital sobre arquitectura\" data-secret=\"vIIDg8fq5I\" frameborder=\"0\" marginwidth=\"0\" marginheight=\"0\" scrolling=\"no\" class=\"wp-embedded-content\"><\/iframe><script type=\"text\/javascript\">\n\/* <![CDATA[ *\/\n\/*! This file is auto-generated *\/\n!function(d,l){\"use strict\";l.querySelector&&d.addEventListener&&\"undefined\"!=typeof URL&&(d.wp=d.wp||{},d.wp.receiveEmbedMessage||(d.wp.receiveEmbedMessage=function(e){var t=e.data;if((t||t.secret||t.message||t.value)&&!\/[^a-zA-Z0-9]\/.test(t.secret)){for(var s,r,n,a=l.querySelectorAll('iframe[data-secret=\"'+t.secret+'\"]'),o=l.querySelectorAll('blockquote[data-secret=\"'+t.secret+'\"]'),c=new RegExp(\"^https?:$\",\"i\"),i=0;i<o.length;i++)o[i].style.display=\"none\";for(i=0;i<a.length;i++)s=a[i],e.source===s.contentWindow&&(s.removeAttribute(\"style\"),\"height\"===t.message?(1e3<(r=parseInt(t.value,10))?r=1e3:~~r<200&&(r=200),s.height=r):\"link\"===t.message&&(r=new URL(s.getAttribute(\"src\")),n=new URL(t.value),c.test(n.protocol))&&n.host===r.host&&l.activeElement===s&&(d.top.location.href=t.value))}},d.addEventListener(\"message\",d.wp.receiveEmbedMessage,!1),l.addEventListener(\"DOMContentLoaded\",function(){for(var e,t,s=l.querySelectorAll(\"iframe.wp-embedded-content\"),r=0;r<s.length;r++)(t=(e=s[r]).getAttribute(\"data-secret\"))||(t=Math.random().toString(36).substring(2,12),e.src+=\"#?secret=\"+t,e.setAttribute(\"data-secret\",t)),e.contentWindow.postMessage({message:\"ready\",secret:t},\"*\")},!1)))}(window,document);\n\/* ]]> *\/\n<\/script>\n"},"_links":{"self":[{"href":"https:\/\/stepienybarno.es\/blog\/wp-json\/wp\/v2\/posts\/24866"}],"collection":[{"href":"https:\/\/stepienybarno.es\/blog\/wp-json\/wp\/v2\/posts"}],"about":[{"href":"https:\/\/stepienybarno.es\/blog\/wp-json\/wp\/v2\/types\/post"}],"author":[{"embeddable":true,"href":"https:\/\/stepienybarno.es\/blog\/wp-json\/wp\/v2\/users\/9"}],"replies":[{"embeddable":true,"href":"https:\/\/stepienybarno.es\/blog\/wp-json\/wp\/v2\/comments?post=24866"}],"version-history":[{"count":1,"href":"https:\/\/stepienybarno.es\/blog\/wp-json\/wp\/v2\/posts\/24866\/revisions"}],"predecessor-version":[{"id":24868,"href":"https:\/\/stepienybarno.es\/blog\/wp-json\/wp\/v2\/posts\/24866\/revisions\/24868"}],"wp:featuredmedia":[{"embeddable":true,"href":"https:\/\/stepienybarno.es\/blog\/wp-json\/wp\/v2\/media\/24867"}],"wp:attachment":[{"href":"https:\/\/stepienybarno.es\/blog\/wp-json\/wp\/v2\/media?parent=24866"}],"wp:term":[{"taxonomy":"category","embeddable":true,"href":"https:\/\/stepienybarno.es\/blog\/wp-json\/wp\/v2\/categories?post=24866"},{"taxonomy":"post_tag","embeddable":true,"href":"https:\/\/stepienybarno.es\/blog\/wp-json\/wp\/v2\/tags?post=24866"},{"taxonomy":"series","embeddable":true,"href":"https:\/\/stepienybarno.es\/blog\/wp-json\/wp\/v2\/series?post=24866"}],"curies":[{"name":"wp","href":"https:\/\/api.w.org\/{rel}","templated":true}]}}