{"id":25095,"date":"2016-11-21T20:18:30","date_gmt":"2016-11-21T18:18:30","guid":{"rendered":"https:\/\/www.stepienybarno.es\/blog\/?p=25095"},"modified":"2016-11-21T11:21:30","modified_gmt":"2016-11-21T09:21:30","slug":"cuestionando-con-arquibloggers-elena-de-frutos-de-diario-de-una-arquitecta","status":"publish","type":"post","link":"https:\/\/stepienybarno.es\/blog\/2016\/11\/21\/cuestionando-con-arquibloggers-elena-de-frutos-de-diario-de-una-arquitecta\/","title":{"rendered":"CUESTIONANDO CON #ARQUIBLOGGERS: ELENA DE FRUTOS DE DIARIO DE UNA ARQUITECTA"},"content":{"rendered":"<p><img loading=\"lazy\" decoding=\"async\" class=\"alignnone size-full wp-image-25096 aligncenter\" src=\"https:\/\/stepienybarno.es\/blog\/wp-content\/uploads\/2016\/11\/Stepienybarno-Blog-Stepien-y-barno-arquitectura-sf23-arquitectos-elena-de-frutos.jpg\" alt=\"stepienybarno-blog-stepien-y-barno-arquitectura-sf23-arquitectos-elena-de-frutos\" width=\"500\" height=\"409\" srcset=\"https:\/\/stepienybarno.es\/blog\/wp-content\/uploads\/2016\/11\/Stepienybarno-Blog-Stepien-y-barno-arquitectura-sf23-arquitectos-elena-de-frutos.jpg 500w, https:\/\/stepienybarno.es\/blog\/wp-content\/uploads\/2016\/11\/Stepienybarno-Blog-Stepien-y-barno-arquitectura-sf23-arquitectos-elena-de-frutos-180x147.jpg 180w, https:\/\/stepienybarno.es\/blog\/wp-content\/uploads\/2016\/11\/Stepienybarno-Blog-Stepien-y-barno-arquitectura-sf23-arquitectos-elena-de-frutos-316x258.jpg 316w\" sizes=\"(max-width: 500px) 100vw, 500px\" \/><\/p>\n<p><strong>Desde <\/strong><strong><a href=\"http:\/\/www.sf23arquitectos.com\/\" target=\"_blank\">SF23 Arquitectos<\/a><\/strong><\/p>\n<p><!--more--><\/p>\n<p style=\"text-align: justify;\"><strong>\u201c<\/strong><strong>\u00bfPor qu\u00e9 un Blog sobre Arquitectura?<\/strong><\/p>\n<p>Cuando hace m\u00e1s de dos a\u00f1os decid\u00ed empezar en este mundo loco del blogging, lo hice con la idea de comenzar a\u00a0<strong><em>crear una marca personal<\/em><\/strong>\u00a0desde el extranjero como plan B para cuando se terminara mi trabajo como expatriada en \u00c1frica.<\/p>\n<p>Este primer blog de arquitectura estaba enfocado al p\u00fablico general.\u00a0<strong>El objetivo era acercar nuestra profesi\u00f3n a una sociedad que no conoce realmente el alcance de nuestras competencias y responsabilidades.\u00a0<\/strong><\/p>\n<p>Nunca pens\u00e9 escribir un blog para arquitectos, pero cuando llevaba casi un a\u00f1o con mi primer blog me di cuenta que el tema que hab\u00eda escogido no me interesaba tanto como para dedicar pr\u00e1cticamente todo mi tiempo libre, as\u00ed que decid\u00ed cambiar la tem\u00e1tica y enfocarme en\u00a0<strong><em>compartir con mis colegas de profesi\u00f3n todo lo que estaba aprendiendo sobre mi experiencia como arquitecta en \u00c1frica, mis conocimientos como emprendedora online e investigar posibles salidas en los que otros compa\u00f1eros ya est\u00e1n apostando.\u00a0<\/em><\/strong><\/p>\n<p><strong>\u00bfCu\u00e1nto cuesta hacer un blog?\u00a0<\/strong><\/p>\n<p>A m\u00ed personalmente me ha costado much\u00edsimo, tanto en dinero como en tiempo.<\/p>\n<p>Al ser un plan B he decidido hacerlo todo yo misma. Empez\u00f3 casi como hobbie, por lo que he tenido que aprender cosas que en principio puede parecer que no tienen nada que ver con escribir un blog, pero que en realidad est\u00e1n ah\u00ed.<\/p>\n<p>Y algo que he aprendido de toda esta experiencia es que tienes dos formas de hacer las cosas, gastando tiempo o dinero. Y en muchas ocasiones, o al (\u2026)\u201d<\/p>\n<p><strong>\u00a0<\/strong><\/p>\n<p style=\"text-align: center;\"><strong>Acceder a la entrevista, <\/strong><strong><a href=\"http:\/\/www.sf23arquitectos.com\/2016\/05\/cuestionando-con-arquibloggers-elena-de-frutos.html?m=1\" target=\"_blank\">AQU\u00cd<\/a><\/strong><\/p>\n","protected":false},"excerpt":{"rendered":"<p>Desde SF23 Arquitectos<\/p>\n","protected":false},"author":9,"featured_media":25096,"comment_status":"open","ping_status":"closed","sticky":false,"template":"","format":"standard","meta":{"om_disable_all_campaigns":false,"_monsterinsights_skip_tracking":false,"_monsterinsights_sitenote_active":false,"_monsterinsights_sitenote_note":"","_monsterinsights_sitenote_category":0,"_uf_show_specific_survey":0,"_uf_disable_surveys":false,"episode_type":"","audio_file":"","cover_image":"","cover_image_id":"","duration":"","filesize":"","date_recorded":"","explicit":"","block":"","filesize_raw":"","footnotes":""},"categories":[244],"tags":[3794,4048],"series":[],"class_list":["post-25095","post","type-post","status-publish","format-standard","has-post-thumbnail","hentry","category-canal-de-arquitectura","tag-elena-de-frutos","tag-sf23-arquitectos"],"aioseo_notices":[],"episode_featured_image":"https:\/\/stepienybarno.es\/blog\/wp-content\/uploads\/2016\/11\/Stepienybarno-Blog-Stepien-y-barno-arquitectura-sf23-arquitectos-elena-de-frutos.jpg","episode_player_image":"https:\/\/stepienybarno.es\/blog\/wp-content\/uploads\/2020\/11\/stepienybarno-podcast-scaled.jpg","download_link":"","player_link":"","audio_player":false,"episode_data":{"playerMode":"dark","subscribeUrls":[],"rssFeedUrl":"https:\/\/stepienybarno.es\/blog\/feed\/podcast\/podcast-de-stepienybarno","embedCode":"<blockquote class=\"wp-embedded-content\" data-secret=\"mOEFcJ294r\"><a href=\"https:\/\/stepienybarno.es\/blog\/2016\/11\/21\/cuestionando-con-arquibloggers-elena-de-frutos-de-diario-de-una-arquitecta\/\">CUESTIONANDO CON #ARQUIBLOGGERS: ELENA DE FRUTOS DE DIARIO DE UNA ARQUITECTA<\/a><\/blockquote><iframe sandbox=\"allow-scripts\" security=\"restricted\" src=\"https:\/\/stepienybarno.es\/blog\/2016\/11\/21\/cuestionando-con-arquibloggers-elena-de-frutos-de-diario-de-una-arquitecta\/embed\/#?secret=mOEFcJ294r\" width=\"500\" height=\"350\" title=\"\u00abCUESTIONANDO CON #ARQUIBLOGGERS: ELENA DE FRUTOS DE DIARIO DE UNA ARQUITECTA\u00bb \u2014 Blog de STEPIEN Y BARNO - publicaci\u00f3n digital sobre arquitectura\" data-secret=\"mOEFcJ294r\" frameborder=\"0\" marginwidth=\"0\" marginheight=\"0\" scrolling=\"no\" class=\"wp-embedded-content\"><\/iframe><script type=\"text\/javascript\">\n\/* <![CDATA[ *\/\n\/*! This file is auto-generated *\/\n!function(d,l){\"use strict\";l.querySelector&&d.addEventListener&&\"undefined\"!=typeof URL&&(d.wp=d.wp||{},d.wp.receiveEmbedMessage||(d.wp.receiveEmbedMessage=function(e){var t=e.data;if((t||t.secret||t.message||t.value)&&!\/[^a-zA-Z0-9]\/.test(t.secret)){for(var s,r,n,a=l.querySelectorAll('iframe[data-secret=\"'+t.secret+'\"]'),o=l.querySelectorAll('blockquote[data-secret=\"'+t.secret+'\"]'),c=new RegExp(\"^https?:$\",\"i\"),i=0;i<o.length;i++)o[i].style.display=\"none\";for(i=0;i<a.length;i++)s=a[i],e.source===s.contentWindow&&(s.removeAttribute(\"style\"),\"height\"===t.message?(1e3<(r=parseInt(t.value,10))?r=1e3:~~r<200&&(r=200),s.height=r):\"link\"===t.message&&(r=new URL(s.getAttribute(\"src\")),n=new URL(t.value),c.test(n.protocol))&&n.host===r.host&&l.activeElement===s&&(d.top.location.href=t.value))}},d.addEventListener(\"message\",d.wp.receiveEmbedMessage,!1),l.addEventListener(\"DOMContentLoaded\",function(){for(var e,t,s=l.querySelectorAll(\"iframe.wp-embedded-content\"),r=0;r<s.length;r++)(t=(e=s[r]).getAttribute(\"data-secret\"))||(t=Math.random().toString(36).substring(2,12),e.src+=\"#?secret=\"+t,e.setAttribute(\"data-secret\",t)),e.contentWindow.postMessage({message:\"ready\",secret:t},\"*\")},!1)))}(window,document);\n\/* ]]> *\/\n<\/script>\n"},"_links":{"self":[{"href":"https:\/\/stepienybarno.es\/blog\/wp-json\/wp\/v2\/posts\/25095"}],"collection":[{"href":"https:\/\/stepienybarno.es\/blog\/wp-json\/wp\/v2\/posts"}],"about":[{"href":"https:\/\/stepienybarno.es\/blog\/wp-json\/wp\/v2\/types\/post"}],"author":[{"embeddable":true,"href":"https:\/\/stepienybarno.es\/blog\/wp-json\/wp\/v2\/users\/9"}],"replies":[{"embeddable":true,"href":"https:\/\/stepienybarno.es\/blog\/wp-json\/wp\/v2\/comments?post=25095"}],"version-history":[{"count":1,"href":"https:\/\/stepienybarno.es\/blog\/wp-json\/wp\/v2\/posts\/25095\/revisions"}],"predecessor-version":[{"id":25097,"href":"https:\/\/stepienybarno.es\/blog\/wp-json\/wp\/v2\/posts\/25095\/revisions\/25097"}],"wp:featuredmedia":[{"embeddable":true,"href":"https:\/\/stepienybarno.es\/blog\/wp-json\/wp\/v2\/media\/25096"}],"wp:attachment":[{"href":"https:\/\/stepienybarno.es\/blog\/wp-json\/wp\/v2\/media?parent=25095"}],"wp:term":[{"taxonomy":"category","embeddable":true,"href":"https:\/\/stepienybarno.es\/blog\/wp-json\/wp\/v2\/categories?post=25095"},{"taxonomy":"post_tag","embeddable":true,"href":"https:\/\/stepienybarno.es\/blog\/wp-json\/wp\/v2\/tags?post=25095"},{"taxonomy":"series","embeddable":true,"href":"https:\/\/stepienybarno.es\/blog\/wp-json\/wp\/v2\/series?post=25095"}],"curies":[{"name":"wp","href":"https:\/\/api.w.org\/{rel}","templated":true}]}}