{"id":25145,"date":"2016-11-24T11:48:08","date_gmt":"2016-11-24T09:48:08","guid":{"rendered":"https:\/\/www.stepienybarno.es\/blog\/?p=25145"},"modified":"2016-11-25T13:03:44","modified_gmt":"2016-11-25T11:03:44","slug":"adecuacion-catedral-de-malaga-proyectodeldia","status":"publish","type":"post","link":"https:\/\/stepienybarno.es\/blog\/2016\/11\/24\/adecuacion-catedral-de-malaga-proyectodeldia\/","title":{"rendered":"ADECUACI\u00d3N CATEDRAL DE M\u00c1LAGA #ProyectodelD\u00eda"},"content":{"rendered":"<p><img loading=\"lazy\" decoding=\"async\" class=\"size-medium wp-image-25146 aligncenter\" src=\"https:\/\/stepienybarno.es\/blog\/wp-content\/uploads\/2016\/11\/catedral-malaga-07-550x366.jpg\" alt=\"catedral-malaga-07\" width=\"550\" height=\"366\" srcset=\"https:\/\/stepienybarno.es\/blog\/wp-content\/uploads\/2016\/11\/catedral-malaga-07-550x366.jpg 550w, https:\/\/stepienybarno.es\/blog\/wp-content\/uploads\/2016\/11\/catedral-malaga-07-180x120.jpg 180w, https:\/\/stepienybarno.es\/blog\/wp-content\/uploads\/2016\/11\/catedral-malaga-07-1024x682.jpg 1024w, https:\/\/stepienybarno.es\/blog\/wp-content\/uploads\/2016\/11\/catedral-malaga-07-316x210.jpg 316w, https:\/\/stepienybarno.es\/blog\/wp-content\/uploads\/2016\/11\/catedral-malaga-07.jpg 1072w\" sizes=\"(max-width: 550px) 100vw, 550px\" \/><\/p>\n<p>OBRAS DE ADECUACI\u00d3N PARA EL ACCESO TUR\u00cdSTICO A LAS CUBIERTAS<\/p>\n<p><span style=\"line-height: 1.5;\">Por: \u00a0<a href=\"http:\/\/bit.ly\/2faptqW\">Gabriel Ruiz Cabrero +\u00a0Juan Manuel S\u00e1nchez La Chica +\u00a0Adolfo de la Torre Prieto<\/a><\/span><\/p>\n<p>Fotograf\u00eda: <a href=\"http:\/\/bit.ly\/2gtex5n\">Lluis Casals<\/a><\/p>\n<p><!--more--><\/p>\n<p>La situaci\u00f3n inacabada de la catedral y la ausencia de tejado genera un espacio a modo de plaza elevada desde la que se puede contemplar una vista de trescientos sesenta grados sobre la ciudad. Sin embargo, esta visita no se reduce \u00fanicamente a la contemplaci\u00f3n de un paisaje desde el techo de M\u00e1laga, sino que gracias a la sucesi\u00f3n de sorpresas que acontecen a lo largo del ascenso, esta visita se convierte en un verdadero recorrido art\u00edstico.<\/p>\n<p><img loading=\"lazy\" decoding=\"async\" class=\"size-medium wp-image-25149 alignleft\" src=\"https:\/\/stepienybarno.es\/blog\/wp-content\/uploads\/2016\/11\/catedral-malaga-02-367x550.jpg\" alt=\"catedral-malaga-02\" width=\"367\" height=\"550\" srcset=\"https:\/\/stepienybarno.es\/blog\/wp-content\/uploads\/2016\/11\/catedral-malaga-02-367x550.jpg 367w, https:\/\/stepienybarno.es\/blog\/wp-content\/uploads\/2016\/11\/catedral-malaga-02-120x180.jpg 120w, https:\/\/stepienybarno.es\/blog\/wp-content\/uploads\/2016\/11\/catedral-malaga-02-467x700.jpg 467w, https:\/\/stepienybarno.es\/blog\/wp-content\/uploads\/2016\/11\/catedral-malaga-02-224x336.jpg 224w, https:\/\/stepienybarno.es\/blog\/wp-content\/uploads\/2016\/11\/catedral-malaga-02-267x400.jpg 267w, https:\/\/stepienybarno.es\/blog\/wp-content\/uploads\/2016\/11\/catedral-malaga-02.jpg 476w\" sizes=\"(max-width: 367px) 100vw, 367px\" \/><img loading=\"lazy\" decoding=\"async\" class=\"size-medium wp-image-25150 alignnone\" src=\"https:\/\/stepienybarno.es\/blog\/wp-content\/uploads\/2016\/11\/catedral-malaga-01-369x550.jpg\" alt=\"catedral-malaga-01\" width=\"369\" height=\"550\" srcset=\"https:\/\/stepienybarno.es\/blog\/wp-content\/uploads\/2016\/11\/catedral-malaga-01-369x550.jpg 369w, https:\/\/stepienybarno.es\/blog\/wp-content\/uploads\/2016\/11\/catedral-malaga-01-121x180.jpg 121w, https:\/\/stepienybarno.es\/blog\/wp-content\/uploads\/2016\/11\/catedral-malaga-01-470x700.jpg 470w, https:\/\/stepienybarno.es\/blog\/wp-content\/uploads\/2016\/11\/catedral-malaga-01-269x400.jpg 269w, https:\/\/stepienybarno.es\/blog\/wp-content\/uploads\/2016\/11\/catedral-malaga-01.jpg 714w\" sizes=\"(max-width: 369px) 100vw, 369px\" \/><\/p>\n<p>A lo largo del ascenso utilizaremos tanto amplias escaleras de trazas cuadrangulares como otras m\u00e1s angostas y con forma de helicoide. Durante el ascenso y gracias al contraste entre las rudas f\u00e1bricas del XVI y las sofisticadas labras del XVIII entenderemos qu\u00e9 partes son renacentistas y cuales son barrocas. Tocando la f\u00e1brica con nuestras propias manos podremos comprobar como los arquitectos del renacimiento construyeron el templo como una elevada fortaleza que se levantaba intimidante sobre la muralla de la ciudad. Tambi\u00e9n y gracias a esta visi\u00f3n cercana de capiteles y cornisas, podremos entender como montada sobre esta fortaleza los arquitectos barrocos dispusieron una arquitectura palaciega que quiso estar repleta de torres con grandes balcones, y cuya f\u00e1brica est\u00e1 labrada con alegres motivos ornamentales.<\/p>\n<p><img loading=\"lazy\" decoding=\"async\" class=\"size-medium wp-image-25148 aligncenter\" src=\"https:\/\/stepienybarno.es\/blog\/wp-content\/uploads\/2016\/11\/catedral-malaga-06-550x369.jpg\" alt=\"catedral-malaga-06\" width=\"550\" height=\"369\" srcset=\"https:\/\/stepienybarno.es\/blog\/wp-content\/uploads\/2016\/11\/catedral-malaga-06-550x369.jpg 550w, https:\/\/stepienybarno.es\/blog\/wp-content\/uploads\/2016\/11\/catedral-malaga-06-180x121.jpg 180w, https:\/\/stepienybarno.es\/blog\/wp-content\/uploads\/2016\/11\/catedral-malaga-06-1024x687.jpg 1024w, https:\/\/stepienybarno.es\/blog\/wp-content\/uploads\/2016\/11\/catedral-malaga-06-316x212.jpg 316w, https:\/\/stepienybarno.es\/blog\/wp-content\/uploads\/2016\/11\/catedral-malaga-06.jpg 1065w\" sizes=\"(max-width: 550px) 100vw, 550px\" \/><\/p>\n<p>Tras recorrer este mundo de escaleras y terrazas jalonadas por interesantes espacios abovedados, emergeremos sobre la cubierta, descubriendo la relaci\u00f3n entre el templo y el castillo de Gibralfaro, la Alcazaba, los montes de M\u00e1laga y el mar.<\/p>\n<p><img loading=\"lazy\" decoding=\"async\" class=\"size-medium wp-image-25152 aligncenter\" src=\"https:\/\/stepienybarno.es\/blog\/wp-content\/uploads\/2016\/11\/catedral-malaga-03-495x550.jpg\" alt=\"catedral-malaga-03\" width=\"495\" height=\"550\" srcset=\"https:\/\/stepienybarno.es\/blog\/wp-content\/uploads\/2016\/11\/catedral-malaga-03-495x550.jpg 495w, https:\/\/stepienybarno.es\/blog\/wp-content\/uploads\/2016\/11\/catedral-malaga-03-162x180.jpg 162w, https:\/\/stepienybarno.es\/blog\/wp-content\/uploads\/2016\/11\/catedral-malaga-03-630x700.jpg 630w, https:\/\/stepienybarno.es\/blog\/wp-content\/uploads\/2016\/11\/catedral-malaga-03-180x200.jpg 180w, https:\/\/stepienybarno.es\/blog\/wp-content\/uploads\/2016\/11\/catedral-malaga-03-316x351.jpg 316w, https:\/\/stepienybarno.es\/blog\/wp-content\/uploads\/2016\/11\/catedral-malaga-03.jpg 714w\" sizes=\"(max-width: 495px) 100vw, 495px\" \/><\/p>\n<p>Y estando presente ya la arquitectura y el paisaje nos encargaron que dise\u00f1\u00e1ramos un recorrido y que este fuera seguro al p\u00fablico. Como todo lo bueno ya estaba, el proyecto se redact\u00f3 cumpliendo una premisa principal, la obra deber\u00eda ser totalmente reversible, de modo que si en alg\u00fan momento futuro se hiciera necesario desmontarla, no quedara rastro de ella. Una segunda premisa fue que la obra resultara lo menos visible posible, de modo que el protagonista de la visita quedase en exclusiva para la f\u00e1brica p\u00e9trea. Para hacer posible y seguro este recorrido se ha construido un sistema de barandas y pasamanos. Tambi\u00e9n, y recibiendo al p\u00fablico a la salida de las escaleras a cubierta se han construido dos plataformas de madera a modo de pantalanes, que flotando sobre las b\u00f3vedas de la catedral sin tocarlas nos permiten descansar de la subida mientras disfrutamos del paisaje.<\/p>\n<p><img loading=\"lazy\" decoding=\"async\" class=\"size-medium wp-image-25153 aligncenter\" src=\"https:\/\/stepienybarno.es\/blog\/wp-content\/uploads\/2016\/11\/catedral-malaga-04-550x241.jpg\" alt=\"catedral-malaga-04\" width=\"550\" height=\"241\" srcset=\"https:\/\/stepienybarno.es\/blog\/wp-content\/uploads\/2016\/11\/catedral-malaga-04-550x241.jpg 550w, https:\/\/stepienybarno.es\/blog\/wp-content\/uploads\/2016\/11\/catedral-malaga-04-180x79.jpg 180w, https:\/\/stepienybarno.es\/blog\/wp-content\/uploads\/2016\/11\/catedral-malaga-04-1024x449.jpg 1024w, https:\/\/stepienybarno.es\/blog\/wp-content\/uploads\/2016\/11\/catedral-malaga-04-316x139.jpg 316w, https:\/\/stepienybarno.es\/blog\/wp-content\/uploads\/2016\/11\/catedral-malaga-04.jpg 1627w\" sizes=\"(max-width: 550px) 100vw, 550px\" \/><\/p>\n<p>Para este cometido se eligi\u00f3 una paleta de materiales entre los que est\u00e1n los tradicionales y ya presentes en la catedral, como el hierro y la madera, y otros absolutamente contempor\u00e1neos, como unas sofisticas y f\u00e1ciles de ocultar luminarias <em>led<\/em> y liger\u00edsimas mallas trenzadas de acero inoxidable, las cuales resultaban adecuadas por su invisibilidad. Precisamente la gran dificultad de la obra ha nacido de las exigentes premisas de las que part\u00edamos, conseguir elementos resistentes y seguros, invisibles y que en ning\u00fan caso perforaran la f\u00e1brica p\u00e9trea. Los m\u00e1s observadores podr\u00e1n advertir como haciendo en algunos casos peripecias, todos los elementos instalados se anclan a las juntas entre sillares.<\/p>\n<p>&nbsp;<\/p>\n<p style=\"text-align: center;\"><iframe loading=\"lazy\" src=\"https:\/\/www.youtube.com\/embed\/Lnmz9MJH1rE\" width=\"560\" height=\"315\" frameborder=\"0\" allowfullscreen=\"allowfullscreen\"><\/iframe><\/p>\n<p style=\"text-align: center;\"><strong>M\u00e1s sobre el proyecto, <a href=\"http:\/\/bit.ly\/2gDyxot\">AQUI<\/a><\/strong><\/p>\n<p style=\"text-align: justify;\"><span style=\"color: #999999;\"><em>Noticia seleccionada por el Canal de arquitectura STEPIENYBARNO.<\/em><\/span><\/p>\n<p style=\"text-align: justify;\"><em><u><a href=\"https:\/\/twitter.com\/stepienybarno\">STEPIENYBARNO EN TWITTER _ @stepienybarno<\/a><\/u><\/em><\/p>\n<p style=\"text-align: justify;\"><em><u><a href=\"http:\/\/www.linkedin.com\/company\/stepienybarno\">STEPIENYBARNO EN LINKEDIN<\/a><\/u><\/em><\/p>\n<p style=\"text-align: justify;\"><em><u><a href=\"https:\/\/www.facebook.com\/pages\/BLOG-DE-STEPIENYBARNO\/78001079029\">STEPIENYBARNO EN FACEBOOK<\/a><\/u><\/em><\/p>\n<p style=\"text-align: justify;\"><span style=\"color: #999999;\"><em>*Stepienybarno est\u00e1 formado por Agnieszka Stepien y Lorenzo Barn\u00f3 y desde mayo del 2009 estamos en la red con\u00a0 la presente publicaci\u00f3n digital (Blog) de arquitectura.<\/em><\/span><\/p>\n<p style=\"text-align: justify;\"><span style=\"color: #999999;\"><em>Nuestra actividad se sustenta en tres pilares b\u00e1sicos: la investigaci\u00f3n, la publicaci\u00f3n (comunicaci\u00f3n y difusi\u00f3n) y la redacci\u00f3n de proyectos de arquitectura.<\/em><\/span><\/p>\n<p style=\"text-align: justify;\"><span style=\"color: #999999;\"><em>A su vez, somos socios cofundadores de<\/em><em>\u00a0<\/em><\/span><em><a href=\"http:\/\/sinergiasostenible.org\/\">SINERGIA SOSTENIBLE<\/a><\/em><span style=\"color: #999999;\"><em>, redactores de<\/em><\/span><em>\u00a0<\/em><em><a href=\"http:\/\/www.laciudadviva.org\/blogs\/?author=45\">LA CIUDAD VIVA<\/a><\/em><span style=\"color: #999999;\"><em>\u00a0<\/em><em>y directores del blog de<\/em><em>\u00a0<\/em><\/span><em><a href=\"http:\/\/blogfundacion.arquia.es\/\">FUNDACI\u00d3N ARQUIA<span style=\"color: #999999;\">.<\/span><\/a><\/em><\/p>\n<p style=\"text-align: justify;\"><span style=\"color: #999999;\"><em>* Los editores de esta publicaci\u00f3n digital no nos hacemos cargo de de los comentarios y\u00a0 conceptos vertidos en los textos firmados por otras personas, siendo \u00e9stos de responsabilidad exclusiva de sus autores.<\/em><\/span><\/p>\n<p style=\"text-align: justify;\"><span style=\"color: #999999;\"><em>* Tu comentario podr\u00e1 ser moderado, por lo tanto, aunque aparezca inmediatamente al ser publicado en la entrada, los editores de esta publicaci\u00f3n digital nos reservamos el derecho tanto de editarlo (si fuera necesario, para hacerlo m\u00e1s legible) como de eliminarlo en el caso de que se usen expresiones incorrectas (descalificaciones, palabras malsonantes\u2026). A su vez, si quieres comentar desde el anonimato puedes hacerlo, aunque, nosotros personalmente, agradecemos que tod@s nos podamos identificar.<\/em><\/span><\/p>\n","protected":false},"excerpt":{"rendered":"<p>OBRAS DE ADECUACI\u00d3N PARA EL ACCESO TUR\u00cdSTICO A LAS CUBIERTAS<\/p>\n","protected":false},"author":10,"featured_media":25152,"comment_status":"open","ping_status":"closed","sticky":false,"template":"","format":"standard","meta":{"om_disable_all_campaigns":false,"_monsterinsights_skip_tracking":false,"_monsterinsights_sitenote_active":false,"_monsterinsights_sitenote_note":"","_monsterinsights_sitenote_category":0,"_uf_show_specific_survey":0,"_uf_disable_surveys":false,"episode_type":"","audio_file":"","cover_image":"","cover_image_id":"","duration":"","filesize":"","date_recorded":"","explicit":"","block":"","filesize_raw":"","footnotes":""},"categories":[3197,244],"tags":[4277,4878,4879],"series":[],"class_list":["post-25145","post","type-post","status-publish","format-standard","has-post-thumbnail","hentry","category-proyectodeldia","category-canal-de-arquitectura","tag-proyecto-de-arquitectura-del-dia","tag-catedral-malaga","tag-marinaunoarquitectos"],"aioseo_notices":[],"episode_featured_image":"https:\/\/stepienybarno.es\/blog\/wp-content\/uploads\/2016\/11\/catedral-malaga-03.jpg","episode_player_image":"https:\/\/stepienybarno.es\/blog\/wp-content\/uploads\/2020\/11\/stepienybarno-podcast-scaled.jpg","download_link":"","player_link":"","audio_player":false,"episode_data":{"playerMode":"dark","subscribeUrls":[],"rssFeedUrl":"https:\/\/stepienybarno.es\/blog\/feed\/podcast\/podcast-de-stepienybarno","embedCode":"<blockquote class=\"wp-embedded-content\" data-secret=\"4VGdHHTJq0\"><a href=\"https:\/\/stepienybarno.es\/blog\/2016\/11\/24\/adecuacion-catedral-de-malaga-proyectodeldia\/\">ADECUACI\u00d3N CATEDRAL DE M\u00c1LAGA #ProyectodelD\u00eda<\/a><\/blockquote><iframe sandbox=\"allow-scripts\" security=\"restricted\" src=\"https:\/\/stepienybarno.es\/blog\/2016\/11\/24\/adecuacion-catedral-de-malaga-proyectodeldia\/embed\/#?secret=4VGdHHTJq0\" width=\"500\" height=\"350\" title=\"\u00abADECUACI\u00d3N CATEDRAL DE M\u00c1LAGA #ProyectodelD\u00eda\u00bb \u2014 Blog de STEPIEN Y BARNO - publicaci\u00f3n digital sobre arquitectura\" data-secret=\"4VGdHHTJq0\" frameborder=\"0\" marginwidth=\"0\" marginheight=\"0\" scrolling=\"no\" class=\"wp-embedded-content\"><\/iframe><script type=\"text\/javascript\">\n\/* <![CDATA[ *\/\n\/*! This file is auto-generated *\/\n!function(d,l){\"use strict\";l.querySelector&&d.addEventListener&&\"undefined\"!=typeof URL&&(d.wp=d.wp||{},d.wp.receiveEmbedMessage||(d.wp.receiveEmbedMessage=function(e){var t=e.data;if((t||t.secret||t.message||t.value)&&!\/[^a-zA-Z0-9]\/.test(t.secret)){for(var s,r,n,a=l.querySelectorAll('iframe[data-secret=\"'+t.secret+'\"]'),o=l.querySelectorAll('blockquote[data-secret=\"'+t.secret+'\"]'),c=new RegExp(\"^https?:$\",\"i\"),i=0;i<o.length;i++)o[i].style.display=\"none\";for(i=0;i<a.length;i++)s=a[i],e.source===s.contentWindow&&(s.removeAttribute(\"style\"),\"height\"===t.message?(1e3<(r=parseInt(t.value,10))?r=1e3:~~r<200&&(r=200),s.height=r):\"link\"===t.message&&(r=new URL(s.getAttribute(\"src\")),n=new URL(t.value),c.test(n.protocol))&&n.host===r.host&&l.activeElement===s&&(d.top.location.href=t.value))}},d.addEventListener(\"message\",d.wp.receiveEmbedMessage,!1),l.addEventListener(\"DOMContentLoaded\",function(){for(var e,t,s=l.querySelectorAll(\"iframe.wp-embedded-content\"),r=0;r<s.length;r++)(t=(e=s[r]).getAttribute(\"data-secret\"))||(t=Math.random().toString(36).substring(2,12),e.src+=\"#?secret=\"+t,e.setAttribute(\"data-secret\",t)),e.contentWindow.postMessage({message:\"ready\",secret:t},\"*\")},!1)))}(window,document);\n\/* ]]> *\/\n<\/script>\n"},"_links":{"self":[{"href":"https:\/\/stepienybarno.es\/blog\/wp-json\/wp\/v2\/posts\/25145"}],"collection":[{"href":"https:\/\/stepienybarno.es\/blog\/wp-json\/wp\/v2\/posts"}],"about":[{"href":"https:\/\/stepienybarno.es\/blog\/wp-json\/wp\/v2\/types\/post"}],"author":[{"embeddable":true,"href":"https:\/\/stepienybarno.es\/blog\/wp-json\/wp\/v2\/users\/10"}],"replies":[{"embeddable":true,"href":"https:\/\/stepienybarno.es\/blog\/wp-json\/wp\/v2\/comments?post=25145"}],"version-history":[{"count":4,"href":"https:\/\/stepienybarno.es\/blog\/wp-json\/wp\/v2\/posts\/25145\/revisions"}],"predecessor-version":[{"id":25171,"href":"https:\/\/stepienybarno.es\/blog\/wp-json\/wp\/v2\/posts\/25145\/revisions\/25171"}],"wp:featuredmedia":[{"embeddable":true,"href":"https:\/\/stepienybarno.es\/blog\/wp-json\/wp\/v2\/media\/25152"}],"wp:attachment":[{"href":"https:\/\/stepienybarno.es\/blog\/wp-json\/wp\/v2\/media?parent=25145"}],"wp:term":[{"taxonomy":"category","embeddable":true,"href":"https:\/\/stepienybarno.es\/blog\/wp-json\/wp\/v2\/categories?post=25145"},{"taxonomy":"post_tag","embeddable":true,"href":"https:\/\/stepienybarno.es\/blog\/wp-json\/wp\/v2\/tags?post=25145"},{"taxonomy":"series","embeddable":true,"href":"https:\/\/stepienybarno.es\/blog\/wp-json\/wp\/v2\/series?post=25145"}],"curies":[{"name":"wp","href":"https:\/\/api.w.org\/{rel}","templated":true}]}}