{"id":2524,"date":"2010-12-01T14:55:01","date_gmt":"2010-12-01T12:55:01","guid":{"rendered":"https:\/\/www.stepienybarno.es\/blog\/?p=2524"},"modified":"2013-11-01T19:40:23","modified_gmt":"2013-11-01T17:40:23","slug":"heterotopias-urbanismo-y-participacion","status":"publish","type":"post","link":"https:\/\/stepienybarno.es\/blog\/2010\/12\/01\/heterotopias-urbanismo-y-participacion\/","title":{"rendered":"HETEROTOP\u00cdAS, URBANISMO Y PARTICIPACI\u00d3N"},"content":{"rendered":"<p align=\"left\">\u00a0<\/p>\n<p align=\"center\"><img loading=\"lazy\" decoding=\"async\" class=\"aligncenter size-full wp-image-2525\" title=\"HETEROTOP\u00cdAS, URBANISMO Y PARTICIPACI\u00d3N dosdemayo arquitextonica lorenzo rocha en Stepienybarno REC\" src=\"https:\/\/stepienybarno.es\/blog\/wp-content\/uploads\/2010\/12\/HETEROTOP\u00cdAS-URBANISMO-Y-PARTICIPACI\u00d3N-dosdemayo-arquitextonica-lorenzo-rocha-en-Stepienybarno-REC-.gif\" alt=\"HETEROTOP\u00cdAS, URBANISMO Y PARTICIPACI\u00d3N dosdemayo arquitextonica lorenzo rocha en Stepienybarno REC\" width=\"350\" height=\"271\" \/>\u00a0<\/p>\n<p align=\"left\">Con esta entrada os queremos presentar las jornadas que, durante los pr\u00f3ximos d\u00edas 2,3 y 4 de este mes, se celebrar\u00e1n en <a href=\"http:\/\/es.wikipedia.org\/wiki\/Bilbao_La_Vieja\">Bilbao La Vieja<\/a> bajo el t\u00edtulo de \u201c<a href=\"http:\/\/dosdemayo.files.wordpress.com\/2010\/11\/carab.pdf\">HETEROTOP\u00cdAS, URBANISMO Y PARTICIPACI\u00d3N<\/a>\u201d.<\/p>\n<p align=\"left\">El evento, organizado por la <a href=\"http:\/\/dosdemayo.files.wordpress.com\/2010\/11\/carab.pdf\">Asociaci\u00f3n cultural 2demayo<\/a>, contar\u00e1 con la presencia de distintos colectivos y profesionales que, a trav\u00e9s de diferentes acciones y actividades, intentar\u00e1n animar a \u00a0los ciudadanos para que se involucren en la transformaci\u00f3n de su entorno urbano m\u00e1s inmediato.<\/p>\n<p align=\"left\"><!--more--><\/p>\n<p align=\"left\">\u00a0<\/p>\n<p align=\"left\">Como bien sab\u00e9is, para nosotros es muy importante intentar <strong>tender puentes<\/strong> (reales) <strong>entre la arquitectura y la sociedad<\/strong>, por lo que, desde hace aproximadamente un a\u00f1o, hemos empezado a <a href=\"http:\/\/sinergiasostenible.org\/tag\/taller\/\">realizar talleres<\/a> con los m\u00e1s peque\u00f1os de la casa.<\/p>\n<p align=\"left\">As\u00ed que, hoy \u00a0quisi\u00e9ramos contaros que hemos tenido la suerte de ser\u00a0 invitados para participar en dichas jornadas, con la realizaci\u00f3n de <strong>tres talleres educativos infantiles<\/strong>.<\/p>\n<p align=\"left\">\u00a0<\/p>\n<p align=\"left\">Nuestra actividad, \u201c<a href=\"https:\/\/stepienybarno.es\/blog\/wp-admin\/TALLERES%20ECUATIVOS%20INFANTILES\">LA CIUDAD COMO ZONA DE JUEGO<\/a>\u201d, ser\u00e1 realizada desde la <a href=\"https:\/\/stepienybarno.es\/blog\/wp-admin\/ASOCIACION%20DE%20SINERGIA%20SOSTENIBLE\">Asociaci\u00f3n de <strong>SINERGIA SOSTENIBLE<\/strong><\/a>. Esta iniciativa no es otra cosa, que <strong>la uni\u00f3n (sin\u00e9rgica) de cuatro amigos<\/strong> arquitectos: Amaya, Arantxa, Agnieszka y Lorenzo. \u00a0Desde ah\u00ed, intentamos \u00a0<strong>investigar y difundir<\/strong> conceptos de la vilipendiada meditadamente idea de <strong>sostenibilidad<\/strong> (en especial su relaci\u00f3n con la arquitectura y la ciudad), entre todo tipo de p\u00fablico.<\/p>\n<p align=\"left\">\u00a0<\/p>\n<p align=\"left\">Por lo tanto, quisi\u00e9ramos transmitiros nuestra alegr\u00eda por participar en un acontecimiento tan bonito e interesante. \u00a0A ello, tenemos que unir el hecho ce que lo haremos de la mano de amigos tan cercanos como son los chicos de <a href=\"http:\/\/arquitextonica.net\/2010\/11\/04\/prototipando-bio-logicas\/\">Arquitextonica<\/a> (quienes presentar\u00e1n, ma\u00f1ana jueves, su impactante pieza de arquitectura ef\u00edmera: Bio-L\u00f3gicas).<\/p>\n<p align=\"left\">No quisi\u00e9ramos cerrar esta entrada sin volver a<strong> agradecer<\/strong> a la <a href=\"http:\/\/dosdemayo.wordpress.com\/\">organizaci\u00f3n<\/a> (en especial a <a href=\"http:\/\/www.officeforurbantransformation.org\/pages\/Bilbao.html\">Lorenzo Rocha<\/a>) la confianza que han depositado en nosotros. Ojal\u00e1 todo vaya por buen cauce y sean \u00a0tres intensos d\u00edas de aut\u00e9ntica participaci\u00f3n y debate ciudadano.<\/p>\n<p align=\"left\">\u00a0<\/p>\n<p align=\"left\">Con todo ello, para todos los que tengan inter\u00e9s (o curiosidad) por el evento, os animamos a participar como \u201c<strong>espectactores<\/strong>\u201d (no como espectadores) del mismo!<\/p>\n<p align=\"left\">\u00a0<\/p>\n<p align=\"left\">\u00a1Nos vemos ma\u00f1ana en Bilbo!<\/p>\n<p align=\"left\">\u00a0<\/p>\n<p align=\"left\">Para m\u00e1s informaci\u00f3n<\/p>\n<p align=\"left\">&#8211; <a href=\"http:\/\/dosdemayo.files.wordpress.com\/2010\/11\/carab.pdf\">ASOCIACI\u00d3N CULTURAL 2DEMAYO<\/a><\/p>\n<p align=\"left\">&#8211; <a href=\"http:\/\/dosdemayo.files.wordpress.com\/2010\/11\/carab.pdf\">PROGRAMA GENERAL<\/a><\/p>\n<p align=\"left\">&#8211; <a href=\"http:\/\/www.facebook.com\/event.php?eid=173301542694064\">EVENTO EN FACEBOOK<\/a><\/p>\n<p align=\"left\">&#8211; <a href=\"http:\/\/tubilbao.blogspot.com\/2010\/11\/taller-la-ciudad-como-zona-de-juego.html\">TALLERES ECUATIVOS INFANTILES<\/a><\/p>\n<p align=\"left\">&#8211; <a href=\"http:\/\/sinergiasostenible.org\/\">ASOCIACION DE SINERGIA SOSTENIBLE<\/a><\/p>\n<p align=\"left\">&#8211; <a href=\"http:\/\/arquitextonica.net\/2010\/11\/04\/prototipando-bio-logicas\/\">ARQUITEXTONICA<\/a><\/p>\n<p align=\"left\">&#8211; <a href=\"http:\/\/www.officeforurbantransformation.org\/pages\/Bilbao.html\">OUT (LORENZO ROCHA)<\/a><\/p>\n<p>\u00a0<\/p>\n<p><span style=\"color: #888888;\">Autores del art\u00edculo: <\/span><a href=\"http:\/\/www.facebook.com\/col.prudant#!\/StepienybarnoCANAL\"><span style=\"color: #888888;\">Stepienybarno<\/span><\/a><\/p>\n<p><span style=\"color: #888888;\">\u00a0<\/span><\/p>\n<p><span style=\"color: #888888;\">* Este art\u00edculo ha sido escrito con car\u00e1cter divulgativo y sin ning\u00fan tipo de \u00e1nimo de lucro. As\u00ed que si te apetece compartirlo en cualquier otro medio, estaremos encantados de que lo hagas siempre y cuando cites el lugar donde lo has encontrado.<\/span><\/p>\n<p><span style=\"color: #888888;\">\u00a0<\/span><\/p>\n<p><span style=\"color: #888888;\">*Stepienybarno est\u00e1 formado por Agnieszka Stepien y Lorenzo Barn\u00f3. Nuestra actividad se sustenta en tres pilares b\u00e1sicos: la investigaci\u00f3n, la publicaci\u00f3n y la redacci\u00f3n de proyectos de arquitectura.<\/span><\/p>\n<p><span style=\"color: #888888;\">A su vez, somos socios cofundadores de <\/span><a href=\"http:\/\/sinergiasostenible.org\/\"><span style=\"color: #888888;\">SINERGIA SOSTENIBLE<\/span><\/a><span style=\"color: #888888;\"> y redactores de <\/span><a href=\"http:\/\/www.laciudadviva.org\/blogs\/?author=45\"><span style=\"color: #888888;\">LA CIUDAD VIVA<\/span><\/a><span style=\"color: #888888;\">.<\/span><\/p>\n<p align=\"left\">\u00a0<\/p>\n","protected":false},"excerpt":{"rendered":"\n<p>Con esta entrada os queremos presentar las jornadas que, durante los pr\u00f3ximos d\u00edas 2,3 y 4 de este mes, se celebrar\u00e1n en Bilbao La Vieja bajo el t\u00edtulo de \u201cHETEROTOP\u00cdAS, URBANISMO Y PARTICIPACI\u00d3N\u201d.<\/p>\n<p>El evento, organizado por la Asociaci\u00f3n cultural 2demayo, contar\u00e1 con la presencia de distintos colectivos y profesionales que, a trav\u00e9s de diferentes acciones y actividades, intentar\u00e1n animar a  los ciudadanos para que se involucren en la transformaci\u00f3n de su entorno urbano m\u00e1s inmediato.<\/p>\n","protected":false},"author":2,"featured_media":0,"comment_status":"open","ping_status":"closed","sticky":false,"template":"","format":"standard","meta":{"om_disable_all_campaigns":false,"_monsterinsights_skip_tracking":false,"_monsterinsights_sitenote_active":false,"_monsterinsights_sitenote_note":"","_monsterinsights_sitenote_category":0,"_uf_show_specific_survey":0,"_uf_disable_surveys":false,"episode_type":"","audio_file":"","cover_image":"","cover_image_id":"","duration":"","filesize":"","date_recorded":"","explicit":"","block":"","filesize_raw":"","footnotes":""},"categories":[34,26,15,17],"tags":[411,4274,407,423,406,9,258,413,412,259,46,65,104,402,410,408,68,425,52,404,417,414,422,416,409,421,405,4271,415,419,420,418,424,54,403],"series":[],"class_list":["post-2524","post","type-post","status-publish","format-standard","hentry","category-actualidad","category-arquitectura-sin-arquitectos","category-sostenibilidad","category-urbanismo","tag-2demayo","tag-actualidad","tag-amaya-gonzalez","tag-ana-mendez-de-andes","tag-arantxa-diez","tag-arquitectura","tag-arquitextonica","tag-asier-santas","tag-asociacion-cultural-dosdemayo","tag-bio-logicas","tag-conferencias","tag-educacion","tag-ensenanza-de-arquitectura","tag-heterotopias","tag-hiria-kolektiboa","tag-inigo-segurola","tag-jovenes-arquitectos","tag-juan-sadaba","tag-la-profesion-de-arquitecto","tag-lorenzo-rocha","tag-lourdes-bueno","tag-luis-suarez","tag-maider-uriarte","tag-miguel-villegas","tag-ohiane-ruiz","tag-out","tag-sinergia-sostenible","tag-sostenibilidad","tag-suarez-y-santas-arquitectos","tag-taller-infantil-de-arquitectura","tag-taller-infantil-de-sostenibilidad","tag-tercer-paisaje","tag-urbanaccion","tag-urbanismo-sostenible","tag-urbanismo-y-participacion"],"aioseo_notices":[],"episode_featured_image":false,"episode_player_image":"https:\/\/stepienybarno.es\/blog\/wp-content\/uploads\/2020\/11\/stepienybarno-podcast-scaled.jpg","download_link":"","player_link":"","audio_player":false,"episode_data":{"playerMode":"dark","subscribeUrls":[],"rssFeedUrl":"https:\/\/stepienybarno.es\/blog\/feed\/podcast\/podcast-de-stepienybarno","embedCode":"<blockquote class=\"wp-embedded-content\" data-secret=\"qWwPwsvO6M\"><a href=\"https:\/\/stepienybarno.es\/blog\/2010\/12\/01\/heterotopias-urbanismo-y-participacion\/\">HETEROTOP\u00cdAS, URBANISMO Y PARTICIPACI\u00d3N<\/a><\/blockquote><iframe sandbox=\"allow-scripts\" security=\"restricted\" src=\"https:\/\/stepienybarno.es\/blog\/2010\/12\/01\/heterotopias-urbanismo-y-participacion\/embed\/#?secret=qWwPwsvO6M\" width=\"500\" height=\"350\" title=\"\u00abHETEROTOP\u00cdAS, URBANISMO Y PARTICIPACI\u00d3N\u00bb \u2014 Blog de STEPIEN Y BARNO - publicaci\u00f3n digital sobre arquitectura\" data-secret=\"qWwPwsvO6M\" frameborder=\"0\" marginwidth=\"0\" marginheight=\"0\" scrolling=\"no\" class=\"wp-embedded-content\"><\/iframe><script type=\"text\/javascript\">\n\/* <![CDATA[ *\/\n\/*! This file is auto-generated *\/\n!function(d,l){\"use strict\";l.querySelector&&d.addEventListener&&\"undefined\"!=typeof URL&&(d.wp=d.wp||{},d.wp.receiveEmbedMessage||(d.wp.receiveEmbedMessage=function(e){var t=e.data;if((t||t.secret||t.message||t.value)&&!\/[^a-zA-Z0-9]\/.test(t.secret)){for(var s,r,n,a=l.querySelectorAll('iframe[data-secret=\"'+t.secret+'\"]'),o=l.querySelectorAll('blockquote[data-secret=\"'+t.secret+'\"]'),c=new RegExp(\"^https?:$\",\"i\"),i=0;i<o.length;i++)o[i].style.display=\"none\";for(i=0;i<a.length;i++)s=a[i],e.source===s.contentWindow&&(s.removeAttribute(\"style\"),\"height\"===t.message?(1e3<(r=parseInt(t.value,10))?r=1e3:~~r<200&&(r=200),s.height=r):\"link\"===t.message&&(r=new URL(s.getAttribute(\"src\")),n=new URL(t.value),c.test(n.protocol))&&n.host===r.host&&l.activeElement===s&&(d.top.location.href=t.value))}},d.addEventListener(\"message\",d.wp.receiveEmbedMessage,!1),l.addEventListener(\"DOMContentLoaded\",function(){for(var e,t,s=l.querySelectorAll(\"iframe.wp-embedded-content\"),r=0;r<s.length;r++)(t=(e=s[r]).getAttribute(\"data-secret\"))||(t=Math.random().toString(36).substring(2,12),e.src+=\"#?secret=\"+t,e.setAttribute(\"data-secret\",t)),e.contentWindow.postMessage({message:\"ready\",secret:t},\"*\")},!1)))}(window,document);\n\/* ]]> *\/\n<\/script>\n"},"_links":{"self":[{"href":"https:\/\/stepienybarno.es\/blog\/wp-json\/wp\/v2\/posts\/2524"}],"collection":[{"href":"https:\/\/stepienybarno.es\/blog\/wp-json\/wp\/v2\/posts"}],"about":[{"href":"https:\/\/stepienybarno.es\/blog\/wp-json\/wp\/v2\/types\/post"}],"author":[{"embeddable":true,"href":"https:\/\/stepienybarno.es\/blog\/wp-json\/wp\/v2\/users\/2"}],"replies":[{"embeddable":true,"href":"https:\/\/stepienybarno.es\/blog\/wp-json\/wp\/v2\/comments?post=2524"}],"version-history":[{"count":4,"href":"https:\/\/stepienybarno.es\/blog\/wp-json\/wp\/v2\/posts\/2524\/revisions"}],"predecessor-version":[{"id":2527,"href":"https:\/\/stepienybarno.es\/blog\/wp-json\/wp\/v2\/posts\/2524\/revisions\/2527"}],"wp:attachment":[{"href":"https:\/\/stepienybarno.es\/blog\/wp-json\/wp\/v2\/media?parent=2524"}],"wp:term":[{"taxonomy":"category","embeddable":true,"href":"https:\/\/stepienybarno.es\/blog\/wp-json\/wp\/v2\/categories?post=2524"},{"taxonomy":"post_tag","embeddable":true,"href":"https:\/\/stepienybarno.es\/blog\/wp-json\/wp\/v2\/tags?post=2524"},{"taxonomy":"series","embeddable":true,"href":"https:\/\/stepienybarno.es\/blog\/wp-json\/wp\/v2\/series?post=2524"}],"curies":[{"name":"wp","href":"https:\/\/api.w.org\/{rel}","templated":true}]}}