{"id":25595,"date":"2016-12-22T10:02:58","date_gmt":"2016-12-22T08:02:58","guid":{"rendered":"https:\/\/www.stepienybarno.es\/blog\/?p=25595"},"modified":"2016-12-22T10:03:38","modified_gmt":"2016-12-22T08:03:38","slug":"asemas-ajusta-las-primas-para-el-2017","status":"publish","type":"post","link":"https:\/\/stepienybarno.es\/blog\/2016\/12\/22\/asemas-ajusta-las-primas-para-el-2017\/","title":{"rendered":"ASEMAS AJUSTA LAS PRIMAS PARA EL 2017"},"content":{"rendered":"<p style=\"text-align: center;\"><img loading=\"lazy\" decoding=\"async\" class=\"alignnone size-full wp-image-25596\" src=\"https:\/\/stepienybarno.es\/blog\/wp-content\/uploads\/2016\/12\/ASEMAS-PRIMAS-SEGURO-MUTUA-ARQUITECTOS-STEPIENYBARNO.png\" alt=\"asemas-primas-seguro-mutua-arquitectos-stepienybarno\" width=\"500\" height=\"282\" srcset=\"https:\/\/stepienybarno.es\/blog\/wp-content\/uploads\/2016\/12\/ASEMAS-PRIMAS-SEGURO-MUTUA-ARQUITECTOS-STEPIENYBARNO.png 500w, https:\/\/stepienybarno.es\/blog\/wp-content\/uploads\/2016\/12\/ASEMAS-PRIMAS-SEGURO-MUTUA-ARQUITECTOS-STEPIENYBARNO-180x102.png 180w, https:\/\/stepienybarno.es\/blog\/wp-content\/uploads\/2016\/12\/ASEMAS-PRIMAS-SEGURO-MUTUA-ARQUITECTOS-STEPIENYBARNO-316x178.png 316w\" sizes=\"(max-width: 500px) 100vw, 500px\" \/><\/p>\n<p>Desde que en el 2003 montamos el estudio de arquitectura y nos colegiamos, comenzamos a visar y asegurar nuestras obras con Asemas. Desde entonces, mucho ha cambiado el panorama laboral y parece que la mutua tambi\u00e9n se quiere adaptar a los nuevos tiempos.<\/p>\n<p><!--more--><\/p>\n<p>As\u00ed que, os dejamos con la informaci\u00f3n que nos hacen llegar desde la mutua:<\/p>\n<p>\u00bfEres Arquitecto?<\/p>\n<p>Muchos de los pocos arquitectos que se dejaron confundir por ofertas enga\u00f1osas reingresan en <a href=\"https:\/\/www.asemas.es\/portal\/inicio.asp\">ASEMAS<\/a> alegando que han tenido multitud de problemas.<\/p>\n<p>\u00bfImaginas una aseguradora que te oferta seguros de RC de arquitectos sin tener resultados que lo avalen?<\/p>\n<p>En\u00a0 vez de una Mutua que ha tramitado m\u00e1s de 88.000 expedientes y que ha conseguido el 60 % de absoluciones LOE.<\/p>\n<p>&nbsp;<\/p>\n<p><iframe loading=\"lazy\" width=\"854\" height=\"480\" src=\"https:\/\/www.youtube.com\/embed\/7rJRxXy5c90\" frameborder=\"0\" allowfullscreen><\/iframe><\/p>\n<p>&nbsp;<\/p>\n<p>\u00bfImaginas una compa\u00f1\u00eda que te oferta una cobertura total a un precio te\u00f3rico muy bajo, y despu\u00e9s descubres que hay letra peque\u00f1a con muchas exclusiones?<\/p>\n<p>\u00bfImaginas una compa\u00f1\u00eda que ante un problema estructural enviara a un perito no cualificado? \u00bfO en la que tus siniestros fueran defendidos por abogados del sector del autom\u00f3vil?<\/p>\n<p>Pudiendo tener m\u00e1s de 300 abogados altamente especializados en el sector de la construcci\u00f3n y, profesionales arquitectos especializados, que son compa\u00f1eros que entienden tus problemas y te comprenden, porque tus problemas son los suyos.<\/p>\n<p>ASEMAS dispone de m\u00e1s de 400 peritos Arquitectos, una red de 130 despachos de letrados, Tramitadores, Arquitectos, T\u00e9cnicos y gestores, a tu servicio.<\/p>\n<p>Los Arquitectos necesitan la protecci\u00f3n suficiente para garantizar su tranquilidad frente a sus responsabilidades civiles profesionales.<\/p>\n<p>&nbsp;<\/p>\n<p>\u00a1QUE NO TE CONFUNDAN! Evita estos y otros muchos problemas.<\/p>\n<p>&nbsp;<\/p>\n<p style=\"text-align: center;\">34.000 Mutualistas conf\u00edan en ASEMAS<\/p>\n<p style=\"text-align: center;\">GARANT\u00cdA DE PERMANENCIA, SOLVENCIA Y EXPERIENCIA<\/p>\n<p style=\"text-align: center;\">ASEMAS, La Mutua de los Arquitectos para los Arquitectos.<\/p>\n<p style=\"text-align: center;\">Marcando la diferencia.<\/p>\n<p style=\"text-align: center;\">Inf\u00f3rmate 94 424 01 98\u00a0 <a href=\"http:\/\/www.asemas.es\">www.asemas.es<\/a><\/p>\n<p>&nbsp;<\/p>\n<blockquote><p><strong>* Este art\u00edculo pertenece a nuestra secci\u00f3n de post patrocinados.<\/strong><\/p>\n<p><span style=\"color: #999999;\"><a style=\"color: #999999;\" href=\"https:\/\/twitter.com\/stepienybarno\">STEPIENYBARNO EN TWITTER _ @stepienybarno<\/a><\/span><\/p>\n<p><span style=\"color: #999999;\"><a style=\"color: #999999;\" href=\"http:\/\/www.linkedin.com\/company\/stepienybarno\">STEPIENYBARNO EN LINKEDIN<\/a><\/span><\/p>\n<p><span style=\"color: #999999;\"><a style=\"color: #999999;\" href=\"https:\/\/www.facebook.com\/pages\/BLOG-DE-STEPIENYBARNO\/78001079029\">STEPIENYBARNO EN FACEBOOK<\/a><\/span><\/p>\n<p><span style=\"color: #999999;\">* <a style=\"color: #999999;\" href=\"https:\/\/stepienybarno.es\/blog\/2011\/09\/04\/las-fortalezas-del-arquitecto\/\">Stepienybarno<\/a> est\u00e1 formado por Agnieszka Stepien y Lorenzo Barn\u00f3 y desde mayo del 2009 estamos en la red con\u00a0 la presente publicaci\u00f3n digital (Blog) de arquitectura.<\/span><\/p>\n<p><span style=\"color: #999999;\">Nuestra actividad se sustenta en tres pilares b\u00e1sicos: la investigaci\u00f3n, la publicaci\u00f3n y la redacci\u00f3n de proyectos de arquitectura.<\/span><\/p>\n<p><span style=\"color: #999999;\">A su vez, somos socios cofundadores de <a style=\"color: #999999;\" href=\"http:\/\/sinergiasostenible.org\/\">SINERGIA SOSTENIBLE<\/a>, redactores de <a style=\"color: #999999;\" href=\"http:\/\/www.laciudadviva.org\/blogs\/?author=45\">LA CIUDAD VIVA<\/a> y directores del blog de FUNDACI\u00d3N ARQUIA.<\/span><\/p>\n<p><span style=\"color: #999999;\">* Los editores de esta publicaci\u00f3n digital no nos hacemos cargo de de los comentarios y\u00a0 conceptos vertidos en los textos firmados por otras personas, siendo \u00e9stos de responsabilidad exclusiva de sus autores.<\/span><\/p>\n<p><span style=\"color: #999999;\">* Tu comentario pudiera ser moderado, por lo tanto, aunque aparezca inmediatamente al ser publicado en la entrada, los editores de esta publicaci\u00f3n digital nos reservamos el derecho tanto de editarlo (si fuera necesario, para hacerlo m\u00e1s legible) como de eliminarlo en el caso de que se usen expresiones incorrectas (descalificaciones, palabras malsonantes\u2026). A su vez, si quieres comentar desde el anonimato puedes hacerlo, aunque, nosotros personalmente, agradecemos que tod@s nos podamos identificar.<\/span><\/p><\/blockquote>\n","protected":false},"excerpt":{"rendered":"<p>Desde que en el 2003 montamos el estudio de arquitectura<\/p>\n","protected":false},"author":2,"featured_media":25596,"comment_status":"open","ping_status":"closed","sticky":false,"template":"","format":"standard","meta":{"om_disable_all_campaigns":false,"_monsterinsights_skip_tracking":false,"_monsterinsights_sitenote_active":false,"_monsterinsights_sitenote_note":"","_monsterinsights_sitenote_category":0,"_uf_show_specific_survey":0,"_uf_disable_surveys":false,"episode_type":"","audio_file":"","cover_image":"","cover_image_id":"","duration":"","filesize":"","date_recorded":"","explicit":"","block":"","filesize_raw":"","footnotes":""},"categories":[4],"tags":[4987,2688],"series":[],"class_list":["post-25595","post","type-post","status-publish","format-standard","has-post-thumbnail","hentry","category-arquilectura","tag-azsemas","tag-seguros"],"aioseo_notices":[],"episode_featured_image":"https:\/\/stepienybarno.es\/blog\/wp-content\/uploads\/2016\/12\/ASEMAS-PRIMAS-SEGURO-MUTUA-ARQUITECTOS-STEPIENYBARNO.png","episode_player_image":"https:\/\/stepienybarno.es\/blog\/wp-content\/uploads\/2020\/11\/stepienybarno-podcast-scaled.jpg","download_link":"","player_link":"","audio_player":false,"episode_data":{"playerMode":"dark","subscribeUrls":[],"rssFeedUrl":"https:\/\/stepienybarno.es\/blog\/feed\/podcast\/podcast-de-stepienybarno","embedCode":"<blockquote class=\"wp-embedded-content\" data-secret=\"EC9vkG1aXm\"><a href=\"https:\/\/stepienybarno.es\/blog\/2016\/12\/22\/asemas-ajusta-las-primas-para-el-2017\/\">ASEMAS AJUSTA LAS PRIMAS PARA EL 2017<\/a><\/blockquote><iframe sandbox=\"allow-scripts\" security=\"restricted\" src=\"https:\/\/stepienybarno.es\/blog\/2016\/12\/22\/asemas-ajusta-las-primas-para-el-2017\/embed\/#?secret=EC9vkG1aXm\" width=\"500\" height=\"350\" title=\"\u00abASEMAS AJUSTA LAS PRIMAS PARA EL 2017\u00bb \u2014 Blog de STEPIEN Y BARNO - publicaci\u00f3n digital sobre arquitectura\" data-secret=\"EC9vkG1aXm\" frameborder=\"0\" marginwidth=\"0\" marginheight=\"0\" scrolling=\"no\" class=\"wp-embedded-content\"><\/iframe><script type=\"text\/javascript\">\n\/* <![CDATA[ *\/\n\/*! This file is auto-generated *\/\n!function(d,l){\"use strict\";l.querySelector&&d.addEventListener&&\"undefined\"!=typeof URL&&(d.wp=d.wp||{},d.wp.receiveEmbedMessage||(d.wp.receiveEmbedMessage=function(e){var t=e.data;if((t||t.secret||t.message||t.value)&&!\/[^a-zA-Z0-9]\/.test(t.secret)){for(var s,r,n,a=l.querySelectorAll('iframe[data-secret=\"'+t.secret+'\"]'),o=l.querySelectorAll('blockquote[data-secret=\"'+t.secret+'\"]'),c=new RegExp(\"^https?:$\",\"i\"),i=0;i<o.length;i++)o[i].style.display=\"none\";for(i=0;i<a.length;i++)s=a[i],e.source===s.contentWindow&&(s.removeAttribute(\"style\"),\"height\"===t.message?(1e3<(r=parseInt(t.value,10))?r=1e3:~~r<200&&(r=200),s.height=r):\"link\"===t.message&&(r=new URL(s.getAttribute(\"src\")),n=new URL(t.value),c.test(n.protocol))&&n.host===r.host&&l.activeElement===s&&(d.top.location.href=t.value))}},d.addEventListener(\"message\",d.wp.receiveEmbedMessage,!1),l.addEventListener(\"DOMContentLoaded\",function(){for(var e,t,s=l.querySelectorAll(\"iframe.wp-embedded-content\"),r=0;r<s.length;r++)(t=(e=s[r]).getAttribute(\"data-secret\"))||(t=Math.random().toString(36).substring(2,12),e.src+=\"#?secret=\"+t,e.setAttribute(\"data-secret\",t)),e.contentWindow.postMessage({message:\"ready\",secret:t},\"*\")},!1)))}(window,document);\n\/* ]]> *\/\n<\/script>\n"},"_links":{"self":[{"href":"https:\/\/stepienybarno.es\/blog\/wp-json\/wp\/v2\/posts\/25595"}],"collection":[{"href":"https:\/\/stepienybarno.es\/blog\/wp-json\/wp\/v2\/posts"}],"about":[{"href":"https:\/\/stepienybarno.es\/blog\/wp-json\/wp\/v2\/types\/post"}],"author":[{"embeddable":true,"href":"https:\/\/stepienybarno.es\/blog\/wp-json\/wp\/v2\/users\/2"}],"replies":[{"embeddable":true,"href":"https:\/\/stepienybarno.es\/blog\/wp-json\/wp\/v2\/comments?post=25595"}],"version-history":[{"count":2,"href":"https:\/\/stepienybarno.es\/blog\/wp-json\/wp\/v2\/posts\/25595\/revisions"}],"predecessor-version":[{"id":25598,"href":"https:\/\/stepienybarno.es\/blog\/wp-json\/wp\/v2\/posts\/25595\/revisions\/25598"}],"wp:featuredmedia":[{"embeddable":true,"href":"https:\/\/stepienybarno.es\/blog\/wp-json\/wp\/v2\/media\/25596"}],"wp:attachment":[{"href":"https:\/\/stepienybarno.es\/blog\/wp-json\/wp\/v2\/media?parent=25595"}],"wp:term":[{"taxonomy":"category","embeddable":true,"href":"https:\/\/stepienybarno.es\/blog\/wp-json\/wp\/v2\/categories?post=25595"},{"taxonomy":"post_tag","embeddable":true,"href":"https:\/\/stepienybarno.es\/blog\/wp-json\/wp\/v2\/tags?post=25595"},{"taxonomy":"series","embeddable":true,"href":"https:\/\/stepienybarno.es\/blog\/wp-json\/wp\/v2\/series?post=25595"}],"curies":[{"name":"wp","href":"https:\/\/api.w.org\/{rel}","templated":true}]}}