{"id":25791,"date":"2016-12-27T19:21:49","date_gmt":"2016-12-27T17:21:49","guid":{"rendered":"https:\/\/www.stepienybarno.es\/blog\/?p=25791"},"modified":"2016-12-27T11:40:42","modified_gmt":"2016-12-27T09:40:42","slug":"algo-se-mueve-en-galicia","status":"publish","type":"post","link":"https:\/\/stepienybarno.es\/blog\/2016\/12\/27\/algo-se-mueve-en-galicia\/","title":{"rendered":"ALGO SE MUEVE EN GALICIA\u2026"},"content":{"rendered":"<p><img loading=\"lazy\" decoding=\"async\" class=\"aligncenter size-full wp-image-25792\" src=\"https:\/\/stepienybarno.es\/blog\/wp-content\/uploads\/2016\/12\/Stepienybarno-Blog-Stepien-y-barno-arquitectura-asesorarq-susana-rodr\u00edguez-galicia.jpg\" alt=\"stepienybarno-blog-stepien-y-barno-arquitectura-asesorarq-susana-rodriguez-galicia\" width=\"500\" height=\"257\" srcset=\"https:\/\/stepienybarno.es\/blog\/wp-content\/uploads\/2016\/12\/Stepienybarno-Blog-Stepien-y-barno-arquitectura-asesorarq-susana-rodr\u00edguez-galicia.jpg 500w, https:\/\/stepienybarno.es\/blog\/wp-content\/uploads\/2016\/12\/Stepienybarno-Blog-Stepien-y-barno-arquitectura-asesorarq-susana-rodr\u00edguez-galicia-180x93.jpg 180w, https:\/\/stepienybarno.es\/blog\/wp-content\/uploads\/2016\/12\/Stepienybarno-Blog-Stepien-y-barno-arquitectura-asesorarq-susana-rodr\u00edguez-galicia-316x162.jpg 316w\" sizes=\"(max-width: 500px) 100vw, 500px\" \/><\/p>\n<p><strong>Desde <a href=\"http:\/\/www.asesorarq.es\/\" target=\"_blank\">AsesorArq<\/a><\/strong><\/p>\n<p><!--more--><\/p>\n<p style=\"text-align: justify;\">\u201cLos que tenemos la suerte de vivir y trabajar en Galicia somos conscientes de la<strong>\u00a0<\/strong><strong>calidad de la arquitectura gallega\u00a0y\u00a0del valor de nuestro entorno natural, patrimonio y tradiciones\u2026<\/strong><\/p>\n<p style=\"text-align: justify;\">Es cierto que, adem\u00e1s\u00a0de las consecuencias econ\u00f3micas que trajo la\u00a0desaforada construcci\u00f3n\u00a0<strong>en\u00a0d\u00e9cadas pasadas, el impacto sobre el territorio fue brutal<\/strong>.<\/p>\n<p style=\"text-align: justify;\"><strong>Ahora<\/strong>, adem\u00e1s de lamentarnos y llamar la atenci\u00f3n sobre los errores cometidos con la intenci\u00f3n de que no se vuelvan a repetir, muchos estamos dispuestos a\u00a0poner todo nuestro conocimiento y tes\u00f3n, a aportar nuestro granito de arena, en\u00a0<strong>la tarea de reparar y regenerar el territorio<\/strong>.<\/p>\n<p style=\"text-align: justify;\">Son muchas las obras realizadas los \u00faltimos a\u00f1os, desde las intervenciones m\u00e1s peque\u00f1as hasta las m\u00e1s ambiciosas, que respiran cuidado y cari\u00f1o no s\u00f3lo por aquello que se construye, sino por el entorno en el que se sit\u00faa. En muchas ocasiones se opta por\u00a0<strong>una arquitectura m\u00e1s silenciosa, que trabaja poniendo en valor lo que tiene alrededor<\/strong>.<\/p>\n<p style=\"text-align: justify;\">Resulta muy estimulante comprobar que\u00a0<strong>\u2026\u00a0algo se mueve en Galicia!<\/strong> (\u2026)\u201d<\/p>\n<p>&nbsp;<\/p>\n<p style=\"text-align: center;\"><strong>\u00a0<\/strong><\/p>\n<p style=\"text-align: center;\"><strong>Accede al art\u00edculo, <a href=\"http:\/\/www.asesorarq.es\/algo-se-mueve-en-galicia\/\" target=\"_blank\">AQU\u00cd<\/a>\u00a0<\/strong><\/p>\n<p><strong>\u00a0<\/strong><\/p>\n<p><strong>\u00a0<\/strong><\/p>\n<p style=\"text-align: justify;\"><span style=\"color: #999999;\">Noticia seleccionada por el Canal de arquitectura STEPIENYBARNO.<\/span><\/p>\n<p style=\"text-align: justify;\">STEPIENYBARNO EN TWITTER _\u00a0<a href=\"https:\/\/twitter.com\/\">@stepienybarno<\/a><\/p>\n<p style=\"text-align: justify;\"><a href=\"http:\/\/www.linkedin.com\/company\/stepienybarno\">STEPIENYBARNO EN LINKEDIN<\/a><\/p>\n<p style=\"text-align: justify;\"><a href=\"https:\/\/www.facebook.com\/pages\/BLOG-DE-STEPIENYBARNO\/78001079029?fref=ts\">STEPIENYBARNO EN FACEBOOK<\/a><\/p>\n<p style=\"text-align: justify;\"><span style=\"color: #999999;\">*Stepienybarno est\u00e1 formado por Agnieszka Stepien y Lorenzo Barn\u00f3 y desde mayo del 2009 estamos en la red con\u00a0 la presente publicaci\u00f3n digital (Blog) de arquitectura.<\/span><\/p>\n<p style=\"text-align: justify;\"><span style=\"color: #999999;\">Nuestra actividad se sustenta en tres pilares b\u00e1sicos: la investigaci\u00f3n, la publicaci\u00f3n (comunicaci\u00f3n y difusi\u00f3n) y la redacci\u00f3n de proyectos de arquitectura.<\/span><\/p>\n<p style=\"text-align: justify;\"><span style=\"color: #999999;\">A su vez, somos socios cofundadores de\u00a0<\/span><a href=\"http:\/\/sinergiasostenible.org\/\">SINERGIA SOSTENIBLE<\/a><span style=\"color: #999999;\">, redactores de<\/span>\u00a0<a href=\"http:\/\/www.laciudadviva.org\/blogs\/?author=45\">LA CIUDAD VIVA<\/a><span style=\"color: #999999;\">\u00a0y directores del blog de<\/span>\u00a0<a href=\"http:\/\/blogfundacion.arquia.es\/\">FUNDACI\u00d3N ARQUIA<\/a><span style=\"color: #999999;\">.<\/span><\/p>\n<p style=\"text-align: justify;\"><span style=\"color: #999999;\">* Los editores de esta publicaci\u00f3n digital no nos hacemos cargo de de los comentarios y\u00a0 conceptos vertidos en los textos firmados por otras personas, siendo \u00e9stos de responsabilidad exclusiva de sus autores.<\/span><\/p>\n<p style=\"text-align: justify;\"><span style=\"color: #999999;\">* Tu comentario podr\u00e1 ser moderado, por lo tanto, aunque aparezca inmediatamente al ser publicado en la entrada, los editores de esta publicaci\u00f3n digital nos reservamos el derecho tanto de editarlo (si fuera necesario, para hacerlo m\u00e1s legible) como de eliminarlo en el caso de que se usen expresiones incorrectas (descalificaciones, palabras malsonantes\u2026). A su vez, si quieres comentar desde el anonimato puedes hacerlo, aunque, nosotros personalmente, agradecemos que tod@s nos podamos identificar.<\/span><\/p>\n","protected":false},"excerpt":{"rendered":"<p>Desde AsesorArq<\/p>\n","protected":false},"author":9,"featured_media":25792,"comment_status":"open","ping_status":"closed","sticky":false,"template":"","format":"standard","meta":{"om_disable_all_campaigns":false,"_monsterinsights_skip_tracking":false,"_monsterinsights_sitenote_active":false,"_monsterinsights_sitenote_note":"","_monsterinsights_sitenote_category":0,"_uf_show_specific_survey":0,"_uf_disable_surveys":false,"episode_type":"","audio_file":"","cover_image":"","cover_image_id":"","duration":"","filesize":"","date_recorded":"","explicit":"","block":"","filesize_raw":"","footnotes":""},"categories":[244],"tags":[3989],"series":[],"class_list":["post-25791","post","type-post","status-publish","format-standard","has-post-thumbnail","hentry","category-canal-de-arquitectura","tag-asesorarq"],"aioseo_notices":[],"episode_featured_image":"https:\/\/stepienybarno.es\/blog\/wp-content\/uploads\/2016\/12\/Stepienybarno-Blog-Stepien-y-barno-arquitectura-asesorarq-susana-rodr\u00edguez-galicia.jpg","episode_player_image":"https:\/\/stepienybarno.es\/blog\/wp-content\/uploads\/2020\/11\/stepienybarno-podcast-scaled.jpg","download_link":"","player_link":"","audio_player":false,"episode_data":{"playerMode":"dark","subscribeUrls":[],"rssFeedUrl":"https:\/\/stepienybarno.es\/blog\/feed\/podcast\/podcast-de-stepienybarno","embedCode":"<blockquote class=\"wp-embedded-content\" data-secret=\"4loTphn9Kh\"><a href=\"https:\/\/stepienybarno.es\/blog\/2016\/12\/27\/algo-se-mueve-en-galicia\/\">ALGO SE MUEVE EN GALICIA\u2026<\/a><\/blockquote><iframe sandbox=\"allow-scripts\" security=\"restricted\" src=\"https:\/\/stepienybarno.es\/blog\/2016\/12\/27\/algo-se-mueve-en-galicia\/embed\/#?secret=4loTphn9Kh\" width=\"500\" height=\"350\" title=\"\u00abALGO SE MUEVE EN GALICIA\u2026\u00bb \u2014 Blog de STEPIEN Y BARNO - publicaci\u00f3n digital sobre arquitectura\" data-secret=\"4loTphn9Kh\" frameborder=\"0\" marginwidth=\"0\" marginheight=\"0\" scrolling=\"no\" class=\"wp-embedded-content\"><\/iframe><script type=\"text\/javascript\">\n\/* <![CDATA[ *\/\n\/*! This file is auto-generated *\/\n!function(d,l){\"use strict\";l.querySelector&&d.addEventListener&&\"undefined\"!=typeof URL&&(d.wp=d.wp||{},d.wp.receiveEmbedMessage||(d.wp.receiveEmbedMessage=function(e){var t=e.data;if((t||t.secret||t.message||t.value)&&!\/[^a-zA-Z0-9]\/.test(t.secret)){for(var s,r,n,a=l.querySelectorAll('iframe[data-secret=\"'+t.secret+'\"]'),o=l.querySelectorAll('blockquote[data-secret=\"'+t.secret+'\"]'),c=new RegExp(\"^https?:$\",\"i\"),i=0;i<o.length;i++)o[i].style.display=\"none\";for(i=0;i<a.length;i++)s=a[i],e.source===s.contentWindow&&(s.removeAttribute(\"style\"),\"height\"===t.message?(1e3<(r=parseInt(t.value,10))?r=1e3:~~r<200&&(r=200),s.height=r):\"link\"===t.message&&(r=new URL(s.getAttribute(\"src\")),n=new URL(t.value),c.test(n.protocol))&&n.host===r.host&&l.activeElement===s&&(d.top.location.href=t.value))}},d.addEventListener(\"message\",d.wp.receiveEmbedMessage,!1),l.addEventListener(\"DOMContentLoaded\",function(){for(var e,t,s=l.querySelectorAll(\"iframe.wp-embedded-content\"),r=0;r<s.length;r++)(t=(e=s[r]).getAttribute(\"data-secret\"))||(t=Math.random().toString(36).substring(2,12),e.src+=\"#?secret=\"+t,e.setAttribute(\"data-secret\",t)),e.contentWindow.postMessage({message:\"ready\",secret:t},\"*\")},!1)))}(window,document);\n\/* ]]> *\/\n<\/script>\n"},"_links":{"self":[{"href":"https:\/\/stepienybarno.es\/blog\/wp-json\/wp\/v2\/posts\/25791"}],"collection":[{"href":"https:\/\/stepienybarno.es\/blog\/wp-json\/wp\/v2\/posts"}],"about":[{"href":"https:\/\/stepienybarno.es\/blog\/wp-json\/wp\/v2\/types\/post"}],"author":[{"embeddable":true,"href":"https:\/\/stepienybarno.es\/blog\/wp-json\/wp\/v2\/users\/9"}],"replies":[{"embeddable":true,"href":"https:\/\/stepienybarno.es\/blog\/wp-json\/wp\/v2\/comments?post=25791"}],"version-history":[{"count":1,"href":"https:\/\/stepienybarno.es\/blog\/wp-json\/wp\/v2\/posts\/25791\/revisions"}],"predecessor-version":[{"id":25793,"href":"https:\/\/stepienybarno.es\/blog\/wp-json\/wp\/v2\/posts\/25791\/revisions\/25793"}],"wp:featuredmedia":[{"embeddable":true,"href":"https:\/\/stepienybarno.es\/blog\/wp-json\/wp\/v2\/media\/25792"}],"wp:attachment":[{"href":"https:\/\/stepienybarno.es\/blog\/wp-json\/wp\/v2\/media?parent=25791"}],"wp:term":[{"taxonomy":"category","embeddable":true,"href":"https:\/\/stepienybarno.es\/blog\/wp-json\/wp\/v2\/categories?post=25791"},{"taxonomy":"post_tag","embeddable":true,"href":"https:\/\/stepienybarno.es\/blog\/wp-json\/wp\/v2\/tags?post=25791"},{"taxonomy":"series","embeddable":true,"href":"https:\/\/stepienybarno.es\/blog\/wp-json\/wp\/v2\/series?post=25791"}],"curies":[{"name":"wp","href":"https:\/\/api.w.org\/{rel}","templated":true}]}}