{"id":25926,"date":"2017-01-03T19:27:21","date_gmt":"2017-01-03T17:27:21","guid":{"rendered":"https:\/\/www.stepienybarno.es\/blog\/?p=25926"},"modified":"2017-01-03T11:29:32","modified_gmt":"2017-01-03T09:29:32","slug":"cubiertas-verdes-obligatorias-en-copenhague","status":"publish","type":"post","link":"https:\/\/stepienybarno.es\/blog\/2017\/01\/03\/cubiertas-verdes-obligatorias-en-copenhague\/","title":{"rendered":"CUBIERTAS VERDES OBLIGATORIAS EN COPENHAGUE"},"content":{"rendered":"<p><img loading=\"lazy\" decoding=\"async\" class=\"size-medium wp-image-25927 aligncenter\" src=\"https:\/\/stepienybarno.es\/blog\/wp-content\/uploads\/2017\/01\/stepienybarno-stepien-y-barno-arquitectura-arquitasa-cubiertas-verdes-copenhague-550x412.jpg\" alt=\"stepienybarno-stepien-y-barno-arquitectura-arquitasa-cubiertas-verdes-copenhague\" width=\"550\" height=\"412\" srcset=\"https:\/\/stepienybarno.es\/blog\/wp-content\/uploads\/2017\/01\/stepienybarno-stepien-y-barno-arquitectura-arquitasa-cubiertas-verdes-copenhague-550x412.jpg 550w, https:\/\/stepienybarno.es\/blog\/wp-content\/uploads\/2017\/01\/stepienybarno-stepien-y-barno-arquitectura-arquitasa-cubiertas-verdes-copenhague-180x135.jpg 180w, https:\/\/stepienybarno.es\/blog\/wp-content\/uploads\/2017\/01\/stepienybarno-stepien-y-barno-arquitectura-arquitasa-cubiertas-verdes-copenhague-316x237.jpg 316w, https:\/\/stepienybarno.es\/blog\/wp-content\/uploads\/2017\/01\/stepienybarno-stepien-y-barno-arquitectura-arquitasa-cubiertas-verdes-copenhague.jpg 635w\" sizes=\"(max-width: 550px) 100vw, 550px\" \/><\/p>\n<p><strong>Desde<a href=\"http:\/\/www.arquitasa.com\/\" target=\"_blank\"> Arquitasa<\/a><\/strong><\/p>\n<p><!--more--><\/p>\n<p style=\"text-align: justify;\">\u201cLas\u00a0<strong>cubiertas verdes<\/strong>\u00a0en los edificios son necesarias por diversas\u00a0<strong>razones medio ambientales,<\/strong>\u00a0pero tambi\u00e9n econ\u00f3micas y de mejora de la calidad de vida de las personas. En primer lugar, la existencia de vegetaci\u00f3n en las cubiertas ayuda a aislar mejor los edificios, tanto t\u00e9rmica como ac\u00fasticamente, contribuyendo a reducir el consumo energ\u00e9tico y las emisiones nocivas, adem\u00e1s de mejorar la climatizaci\u00f3n general del edificio. Las\u00a0<a href=\"http:\/\/www.ecohabitar.org\/tag\/techos-verdes\/\" target=\"_blank\"><strong>cubiertas verdes<\/strong><\/a>\u00a0prolongan la vida del inmuebles, reducen el riesgo de inundaciones, filtran contaminantes y producen ox\u00edgeno. Pero tambi\u00e9n pueden contribuir a crear agradables espacios o a cultivar frutas, verduras y flores.<\/p>\n<p style=\"text-align: justify;\">Los municipios m\u00e1s avanzados en materia medio ambiental y m\u00e1s preocupados por la salud de sus habitantes han ido cambiando sus legislaciones para fomentar la creaci\u00f3n de estos\u00a0<strong>espacios verdes<\/strong>, llegando alguno de ellos a hacer obligatorio la implantaci\u00f3n de las referidas cubiertas verdes. Como cab\u00eda esperar\u00a0<a href=\"http:\/\/elpais.com\/elpais\/2016\/06\/24\/planeta_futuro\/1466778403_054754.html\" target=\"_blank\"><strong>Copenhague<\/strong>,<\/a>\u00a0la saludable capital danesa es una de estas ciudades(\u2026)\u201d<\/p>\n<p>&nbsp;<\/p>\n<p>&nbsp;<\/p>\n<p style=\"text-align: center;\"><strong>Accede al art\u00edculo,\u00a0<a href=\"http:\/\/www.arquitasa.com\/cubiertas-verdes-obligatorias-en-copenhague\/\">AQU\u00cd<\/a><\/strong><\/p>\n<p><strong>\u00a0<\/strong><\/p>\n<p>&nbsp;<\/p>\n<p style=\"text-align: justify;\"><span style=\"color: #999999;\"><em>Noticia seleccionada por el Canal de arquitectura STEPIENYBARNO.\u00a0<\/em><\/span><\/p>\n<p style=\"text-align: justify;\"><a href=\"https:\/\/twitter.com\/stepienybarno\"><em>STEPIENYBARNO EN TWITTER _ @stepienybarno<\/em><\/a><\/p>\n<p style=\"text-align: justify;\"><a href=\"http:\/\/www.linkedin.com\/company\/stepienybarno\"><em>STEPIENYBARNO EN LINKEDIN<\/em><\/a><\/p>\n<p style=\"text-align: justify;\"><a href=\"https:\/\/www.facebook.com\/StepienybarnoCANAL\"><em>STEPIENYBARNO EN FACEBOOK<\/em><\/a><\/p>\n<p style=\"text-align: justify;\"><span style=\"color: #999999;\"><em>*Stepienybarno est\u00e1 formado por Agnieszka Stepien y Lorenzo Barn\u00f3 y desde mayo del 2009 estamos en la red con\u00a0 la presente publicaci\u00f3n digital (Blog) de arquitectura.<\/em><\/span><\/p>\n<p style=\"text-align: justify;\"><span style=\"color: #999999;\"><em>Nuestra actividad se sustenta en tres pilares b\u00e1sicos: la investigaci\u00f3n, la publicaci\u00f3n (comunicaci\u00f3n y difusi\u00f3n) y la redacci\u00f3n de proyectos de arquitectura.<\/em><\/span><\/p>\n<p style=\"text-align: justify;\"><span style=\"color: #999999;\"><em>A su vez, somos socios cofundadores de<\/em><\/span><em>\u00a0<\/em><a href=\"http:\/\/sinergiasostenible.org\/\"><em>SINERGIA SOSTENIBLE<\/em><\/a><span style=\"color: #999999;\"><em>, redactores de<\/em><\/span><em>\u00a0<\/em><a href=\"http:\/\/www.laciudadviva.org\/blogs\/?author=45\"><em>LA CIUDAD VIVA<\/em><\/a><em>\u00a0<\/em><span style=\"color: #999999;\"><em>y directores del blog de<\/em><em>\u00a0<\/em><\/span><a href=\"http:\/\/blogfundacion.arquia.es\/\"><em>FUNDACI\u00d3N ARQUIA<\/em><\/a><span style=\"color: #999999;\"><em>.<\/em><\/span><\/p>\n<p style=\"text-align: justify;\"><span style=\"color: #999999;\"><em>* Los editores de esta publicaci\u00f3n digital no nos hacemos cargo de de los comentarios y\u00a0 conceptos vertidos en los textos firmados por otras personas, siendo \u00e9stos de responsabilidad exclusiva de sus autores.<\/em><\/span><\/p>\n<p style=\"text-align: justify;\"><span style=\"color: #999999;\"><em>* Tu comentario podr\u00e1 ser moderado, por lo tanto, aunque aparezca inmediatamente al ser publicado en la entrada, los editores de esta publicaci\u00f3n digital nos reservamos el derecho tanto de editarlo (si fuera necesario, para hacerlo m\u00e1s legible) como de eliminarlo en el caso de que se usen expresiones incorrectas (descalificaciones, palabras malsonantes\u2026). A su vez, si quieres comentar desde el anonimato puedes hacerlo, aunque, nosotros personalmente, agradecemos que tod@s nos podamos identificar.<\/em><\/span><\/p>\n","protected":false},"excerpt":{"rendered":"<p>Desde Arquitasa<\/p>\n","protected":false},"author":9,"featured_media":25927,"comment_status":"open","ping_status":"closed","sticky":false,"template":"","format":"standard","meta":{"om_disable_all_campaigns":false,"_monsterinsights_skip_tracking":false,"_monsterinsights_sitenote_active":false,"_monsterinsights_sitenote_note":"","_monsterinsights_sitenote_category":0,"_uf_show_specific_survey":0,"_uf_disable_surveys":false,"episode_type":"","audio_file":"","cover_image":"","cover_image_id":"","duration":"","filesize":"","date_recorded":"","explicit":"","block":"","filesize_raw":"","footnotes":""},"categories":[244],"tags":[3541],"series":[],"class_list":["post-25926","post","type-post","status-publish","format-standard","has-post-thumbnail","hentry","category-canal-de-arquitectura","tag-arquitasa"],"aioseo_notices":[],"episode_featured_image":"https:\/\/stepienybarno.es\/blog\/wp-content\/uploads\/2017\/01\/stepienybarno-stepien-y-barno-arquitectura-arquitasa-cubiertas-verdes-copenhague.jpg","episode_player_image":"https:\/\/stepienybarno.es\/blog\/wp-content\/uploads\/2020\/11\/stepienybarno-podcast-scaled.jpg","download_link":"","player_link":"","audio_player":false,"episode_data":{"playerMode":"dark","subscribeUrls":[],"rssFeedUrl":"https:\/\/stepienybarno.es\/blog\/feed\/podcast\/podcast-de-stepienybarno","embedCode":"<blockquote class=\"wp-embedded-content\" data-secret=\"bjI3J7DKfH\"><a href=\"https:\/\/stepienybarno.es\/blog\/2017\/01\/03\/cubiertas-verdes-obligatorias-en-copenhague\/\">CUBIERTAS VERDES OBLIGATORIAS EN COPENHAGUE<\/a><\/blockquote><iframe sandbox=\"allow-scripts\" security=\"restricted\" src=\"https:\/\/stepienybarno.es\/blog\/2017\/01\/03\/cubiertas-verdes-obligatorias-en-copenhague\/embed\/#?secret=bjI3J7DKfH\" width=\"500\" height=\"350\" title=\"\u00abCUBIERTAS VERDES OBLIGATORIAS EN COPENHAGUE\u00bb \u2014 Blog de STEPIEN Y BARNO - publicaci\u00f3n digital sobre arquitectura\" data-secret=\"bjI3J7DKfH\" frameborder=\"0\" marginwidth=\"0\" marginheight=\"0\" scrolling=\"no\" class=\"wp-embedded-content\"><\/iframe><script type=\"text\/javascript\">\n\/* <![CDATA[ *\/\n\/*! This file is auto-generated *\/\n!function(d,l){\"use strict\";l.querySelector&&d.addEventListener&&\"undefined\"!=typeof URL&&(d.wp=d.wp||{},d.wp.receiveEmbedMessage||(d.wp.receiveEmbedMessage=function(e){var t=e.data;if((t||t.secret||t.message||t.value)&&!\/[^a-zA-Z0-9]\/.test(t.secret)){for(var s,r,n,a=l.querySelectorAll('iframe[data-secret=\"'+t.secret+'\"]'),o=l.querySelectorAll('blockquote[data-secret=\"'+t.secret+'\"]'),c=new RegExp(\"^https?:$\",\"i\"),i=0;i<o.length;i++)o[i].style.display=\"none\";for(i=0;i<a.length;i++)s=a[i],e.source===s.contentWindow&&(s.removeAttribute(\"style\"),\"height\"===t.message?(1e3<(r=parseInt(t.value,10))?r=1e3:~~r<200&&(r=200),s.height=r):\"link\"===t.message&&(r=new URL(s.getAttribute(\"src\")),n=new URL(t.value),c.test(n.protocol))&&n.host===r.host&&l.activeElement===s&&(d.top.location.href=t.value))}},d.addEventListener(\"message\",d.wp.receiveEmbedMessage,!1),l.addEventListener(\"DOMContentLoaded\",function(){for(var e,t,s=l.querySelectorAll(\"iframe.wp-embedded-content\"),r=0;r<s.length;r++)(t=(e=s[r]).getAttribute(\"data-secret\"))||(t=Math.random().toString(36).substring(2,12),e.src+=\"#?secret=\"+t,e.setAttribute(\"data-secret\",t)),e.contentWindow.postMessage({message:\"ready\",secret:t},\"*\")},!1)))}(window,document);\n\/* ]]> *\/\n<\/script>\n"},"_links":{"self":[{"href":"https:\/\/stepienybarno.es\/blog\/wp-json\/wp\/v2\/posts\/25926"}],"collection":[{"href":"https:\/\/stepienybarno.es\/blog\/wp-json\/wp\/v2\/posts"}],"about":[{"href":"https:\/\/stepienybarno.es\/blog\/wp-json\/wp\/v2\/types\/post"}],"author":[{"embeddable":true,"href":"https:\/\/stepienybarno.es\/blog\/wp-json\/wp\/v2\/users\/9"}],"replies":[{"embeddable":true,"href":"https:\/\/stepienybarno.es\/blog\/wp-json\/wp\/v2\/comments?post=25926"}],"version-history":[{"count":1,"href":"https:\/\/stepienybarno.es\/blog\/wp-json\/wp\/v2\/posts\/25926\/revisions"}],"predecessor-version":[{"id":25928,"href":"https:\/\/stepienybarno.es\/blog\/wp-json\/wp\/v2\/posts\/25926\/revisions\/25928"}],"wp:featuredmedia":[{"embeddable":true,"href":"https:\/\/stepienybarno.es\/blog\/wp-json\/wp\/v2\/media\/25927"}],"wp:attachment":[{"href":"https:\/\/stepienybarno.es\/blog\/wp-json\/wp\/v2\/media?parent=25926"}],"wp:term":[{"taxonomy":"category","embeddable":true,"href":"https:\/\/stepienybarno.es\/blog\/wp-json\/wp\/v2\/categories?post=25926"},{"taxonomy":"post_tag","embeddable":true,"href":"https:\/\/stepienybarno.es\/blog\/wp-json\/wp\/v2\/tags?post=25926"},{"taxonomy":"series","embeddable":true,"href":"https:\/\/stepienybarno.es\/blog\/wp-json\/wp\/v2\/series?post=25926"}],"curies":[{"name":"wp","href":"https:\/\/api.w.org\/{rel}","templated":true}]}}