{"id":25929,"date":"2017-01-04T09:31:55","date_gmt":"2017-01-04T07:31:55","guid":{"rendered":"https:\/\/www.stepienybarno.es\/blog\/?p=25929"},"modified":"2017-01-04T00:36:39","modified_gmt":"2017-01-03T22:36:39","slug":"quiero-estudiar-arquitectura","status":"publish","type":"post","link":"https:\/\/stepienybarno.es\/blog\/2017\/01\/04\/quiero-estudiar-arquitectura\/","title":{"rendered":"\u00bfQUIERO ESTUDIAR ARQUITECTURA?"},"content":{"rendered":"<p><img loading=\"lazy\" decoding=\"async\" class=\"aligncenter size-full wp-image-25930\" src=\"https:\/\/stepienybarno.es\/blog\/wp-content\/uploads\/2017\/01\/stepienybarno-stepien-y-barno-blog-arquitectura-y-educaci\u00f3n-Berta-Bard\u00ed-i-Mil\u00e0-Daniel-Garc\u00eda-Escudero.jpg\" alt=\"stepienybarno-stepien-y-barno-blog-arquitectura-y-educacion-berta-bardi-i-mila-daniel-garcia-escudero\" width=\"500\" height=\"262\" srcset=\"https:\/\/stepienybarno.es\/blog\/wp-content\/uploads\/2017\/01\/stepienybarno-stepien-y-barno-blog-arquitectura-y-educaci\u00f3n-Berta-Bard\u00ed-i-Mil\u00e0-Daniel-Garc\u00eda-Escudero.jpg 500w, https:\/\/stepienybarno.es\/blog\/wp-content\/uploads\/2017\/01\/stepienybarno-stepien-y-barno-blog-arquitectura-y-educaci\u00f3n-Berta-Bard\u00ed-i-Mil\u00e0-Daniel-Garc\u00eda-Escudero-180x94.jpg 180w, https:\/\/stepienybarno.es\/blog\/wp-content\/uploads\/2017\/01\/stepienybarno-stepien-y-barno-blog-arquitectura-y-educaci\u00f3n-Berta-Bard\u00ed-i-Mil\u00e0-Daniel-Garc\u00eda-Escudero-316x166.jpg 316w\" sizes=\"(max-width: 500px) 100vw, 500px\" \/><\/p>\n<p><strong>Por Berta Bard\u00ed i Mil\u00e0 y Daniel Garc\u00eda-Escudero<\/strong><\/p>\n<p><strong>Desde\u00a0<a href=\"https:\/\/arquitecturayeducacion.wordpress.com\/\" target=\"_blank\">Arquitectura y Educaci\u00f3n<\/a><\/strong><\/p>\n<p><!--more--><\/p>\n<p><strong>\u201c<\/strong><strong>ANTECEDENTES: sobre el aprendizaje de la arquitectura<\/strong><\/p>\n<p style=\"text-align: justify;\">Habitualmente se establece el nacimiento de la arquitectura desde la combinaci\u00f3n de dos procedimientos: el de la concepci\u00f3n o reflexi\u00f3n, y el de la construcci\u00f3n o materializaci\u00f3n. Estos procedimientos o acciones implican dos tipos complementarios de conocimientos. Por un lado, el conocimiento racional, fruto del an\u00e1lisis de las necesidades -programa y lugar- que dan lugar a un proyecto y de los ejemplos que hist\u00f3ricamente las han resuelto. Por otro, el conocimiento intuitivo, adquirido mediante las impresiones personales cuando materializamos un elemento o espacio. As\u00ed, el estudiante puede aprender las normas y principios operativos que forman parte de la disciplina arquitect\u00f3nica a trav\u00e9s de las obras pret\u00e9ritas y contempor\u00e1neas, que ofrecen herramientas y referencias, y tambi\u00e9n mediante su propia experiencia vital y visi\u00f3n cr\u00edtica sobre las referencias. Lo que no se puede ense\u00f1ar es el acto mismo de proyectar (concebir un objeto complejo que responde a una estructura formal concreta). Aprender a proyectar requiere de la participaci\u00f3n e implicaci\u00f3n directa del estudiante, y del acompa\u00f1amiento del docente.<\/p>\n<p style=\"text-align: justify;\">Estos aspectos generales de la arquitectura han tenido una repercusi\u00f3n directa sobre las maneras de abordar su ense\u00f1anza y aprendizaje. Para simplificar, se podr\u00eda hablar de la v\u00eda disciplinar y de la v\u00eda experimental, finalmente complementarias pero a veces absolutamente disociadas. Un ejemplo paradigm\u00e1tico de la v\u00eda experimental es la Bauhaus. En clara sinton\u00eda con el fil\u00f3sofo norteamericano John Dewey y su famoso \u201clearning by doing\u201d, la escuela planteaba un aprendizaje basado en la acci\u00f3n y la experimentaci\u00f3n formal sin un prop\u00f3sito \u00fatil a priori. Especialmente interesante resultaba esa metodolog\u00eda en su curso preparatorio de seis meses (<em style=\"font-weight: inherit;\">Vorkurs<\/em>), dividido inicialmente en una parte t\u00e9cnica (<em style=\"font-weight: inherit;\">Werklehre<\/em>) y otra art\u00edstica (<em style=\"font-weight: inherit;\">Formlehre<\/em>) (\u2026)\u201d<\/p>\n<p>&nbsp;<\/p>\n<p style=\"text-align: center;\">\n<p style=\"text-align: center;\"><strong>Accede al art\u00edculo,\u00a0<a href=\"https:\/\/arquitecturayeducacion.wordpress.com\/2016\/12\/30\/quiero-estudiar-arquitectura-curso-de-orientacion-universitaria-taller-0-0-de-arquitectura\/\" target=\"_blank\">AQU\u00cd<\/a><\/strong><\/p>\n<p><strong>\u00a0<\/strong><\/p>\n<p>&nbsp;<\/p>\n<p><span style=\"color: #999999;\"><em>Noticia seleccionada por el Canal de arquitectura STEPIENYBARNO.\u00a0<\/em><\/span><\/p>\n<p><a href=\"https:\/\/twitter.com\/stepienybarno\"><em>STEPIENYBARNO EN TWITTER _ @stepienybarno<\/em><\/a><\/p>\n<p><a href=\"http:\/\/www.linkedin.com\/company\/stepienybarno\"><em>STEPIENYBARNO EN LINKEDIN<\/em><\/a><\/p>\n<p><a href=\"https:\/\/www.facebook.com\/StepienybarnoCANAL\"><em>STEPIENYBARNO EN FACEBOOK<\/em><\/a><\/p>\n<p style=\"text-align: justify;\"><span style=\"color: #999999;\"><em>*Stepienybarno est\u00e1 formado por Agnieszka Stepien y Lorenzo Barn\u00f3 y desde mayo del 2009 estamos en la red con\u00a0 la presente publicaci\u00f3n digital (Blog) de arquitectura.<\/em><\/span><\/p>\n<p style=\"text-align: justify;\"><span style=\"color: #999999;\"><em>Nuestra actividad se sustenta en tres pilares b\u00e1sicos: la investigaci\u00f3n, la publicaci\u00f3n (comunicaci\u00f3n y difusi\u00f3n) y la redacci\u00f3n de proyectos de arquitectura.<\/em><\/span><\/p>\n<p style=\"text-align: justify;\"><span style=\"color: #999999;\"><em>A su vez, somos socios cofundadores de<\/em><\/span><em>\u00a0<\/em><a href=\"http:\/\/sinergiasostenible.org\/\"><em>SINERGIA SOSTENIBLE<\/em><\/a><span style=\"color: #999999;\"><em>, redactores de<\/em><\/span><em>\u00a0<\/em><a href=\"http:\/\/www.laciudadviva.org\/blogs\/?author=45\"><em>LA CIUDAD VIVA<\/em><\/a><em>\u00a0<\/em><span style=\"color: #999999;\"><em>y directores del blog de<\/em><\/span><em>\u00a0<\/em><a href=\"http:\/\/blogfundacion.arquia.es\/\"><em>FUNDACI\u00d3N ARQUIA<\/em><\/a><span style=\"color: #999999;\"><em>.<\/em><\/span><\/p>\n<p style=\"text-align: justify;\"><span style=\"color: #999999;\"><em>* Los editores de esta publicaci\u00f3n digital no nos hacemos cargo de de los comentarios y\u00a0 conceptos vertidos en los textos firmados por otras personas, siendo \u00e9stos de responsabilidad exclusiva de sus autores.<\/em><\/span><\/p>\n<p style=\"text-align: justify;\"><span style=\"color: #999999;\"><em>* Tu comentario podr\u00e1 ser moderado, por lo tanto, aunque aparezca inmediatamente al ser publicado en la entrada, los editores de esta publicaci\u00f3n digital nos reservamos el derecho tanto de editarlo (si fuera necesario, para hacerlo m\u00e1s legible) como de eliminarlo en el caso de que se usen expresiones incorrectas (descalificaciones, palabras malsonantes\u2026). A su vez, si quieres comentar desde el anonimato puedes hacerlo, aunque, nosotros personalmente, agradecemos que tod@s nos podamos identificar.<\/em><\/span><\/p>\n","protected":false},"excerpt":{"rendered":"<p>Por Berta Bard\u00ed i Mil\u00e0 y Daniel Garc\u00eda-Escudero Desde\u00a0Arquitectura y<\/p>\n","protected":false},"author":9,"featured_media":25930,"comment_status":"open","ping_status":"closed","sticky":false,"template":"","format":"standard","meta":{"om_disable_all_campaigns":false,"_monsterinsights_skip_tracking":false,"_monsterinsights_sitenote_active":false,"_monsterinsights_sitenote_note":"","_monsterinsights_sitenote_category":0,"_uf_show_specific_survey":0,"_uf_disable_surveys":false,"episode_type":"","audio_file":"","cover_image":"","cover_image_id":"","duration":"","filesize":"","date_recorded":"","explicit":"","block":"","filesize_raw":"","footnotes":""},"categories":[244],"tags":[2902,5029,5030],"series":[],"class_list":["post-25929","post","type-post","status-publish","format-standard","has-post-thumbnail","hentry","category-canal-de-arquitectura","tag-arquitectura-y-educacion","tag-berta-bardi-i-mila","tag-daniel-garcia-escudero"],"aioseo_notices":[],"episode_featured_image":"https:\/\/stepienybarno.es\/blog\/wp-content\/uploads\/2017\/01\/stepienybarno-stepien-y-barno-blog-arquitectura-y-educaci\u00f3n-Berta-Bard\u00ed-i-Mil\u00e0-Daniel-Garc\u00eda-Escudero.jpg","episode_player_image":"https:\/\/stepienybarno.es\/blog\/wp-content\/uploads\/2020\/11\/stepienybarno-podcast-scaled.jpg","download_link":"","player_link":"","audio_player":false,"episode_data":{"playerMode":"dark","subscribeUrls":[],"rssFeedUrl":"https:\/\/stepienybarno.es\/blog\/feed\/podcast\/podcast-de-stepienybarno","embedCode":"<blockquote class=\"wp-embedded-content\" data-secret=\"I1fyH4nJDo\"><a href=\"https:\/\/stepienybarno.es\/blog\/2017\/01\/04\/quiero-estudiar-arquitectura\/\">\u00bfQUIERO ESTUDIAR ARQUITECTURA?<\/a><\/blockquote><iframe sandbox=\"allow-scripts\" security=\"restricted\" src=\"https:\/\/stepienybarno.es\/blog\/2017\/01\/04\/quiero-estudiar-arquitectura\/embed\/#?secret=I1fyH4nJDo\" width=\"500\" height=\"350\" title=\"\u00ab\u00bfQUIERO ESTUDIAR ARQUITECTURA?\u00bb \u2014 Blog de STEPIEN Y BARNO - publicaci\u00f3n digital sobre arquitectura\" data-secret=\"I1fyH4nJDo\" frameborder=\"0\" marginwidth=\"0\" marginheight=\"0\" scrolling=\"no\" class=\"wp-embedded-content\"><\/iframe><script type=\"text\/javascript\">\n\/* <![CDATA[ *\/\n\/*! This file is auto-generated *\/\n!function(d,l){\"use strict\";l.querySelector&&d.addEventListener&&\"undefined\"!=typeof URL&&(d.wp=d.wp||{},d.wp.receiveEmbedMessage||(d.wp.receiveEmbedMessage=function(e){var t=e.data;if((t||t.secret||t.message||t.value)&&!\/[^a-zA-Z0-9]\/.test(t.secret)){for(var s,r,n,a=l.querySelectorAll('iframe[data-secret=\"'+t.secret+'\"]'),o=l.querySelectorAll('blockquote[data-secret=\"'+t.secret+'\"]'),c=new RegExp(\"^https?:$\",\"i\"),i=0;i<o.length;i++)o[i].style.display=\"none\";for(i=0;i<a.length;i++)s=a[i],e.source===s.contentWindow&&(s.removeAttribute(\"style\"),\"height\"===t.message?(1e3<(r=parseInt(t.value,10))?r=1e3:~~r<200&&(r=200),s.height=r):\"link\"===t.message&&(r=new URL(s.getAttribute(\"src\")),n=new URL(t.value),c.test(n.protocol))&&n.host===r.host&&l.activeElement===s&&(d.top.location.href=t.value))}},d.addEventListener(\"message\",d.wp.receiveEmbedMessage,!1),l.addEventListener(\"DOMContentLoaded\",function(){for(var e,t,s=l.querySelectorAll(\"iframe.wp-embedded-content\"),r=0;r<s.length;r++)(t=(e=s[r]).getAttribute(\"data-secret\"))||(t=Math.random().toString(36).substring(2,12),e.src+=\"#?secret=\"+t,e.setAttribute(\"data-secret\",t)),e.contentWindow.postMessage({message:\"ready\",secret:t},\"*\")},!1)))}(window,document);\n\/* ]]> *\/\n<\/script>\n"},"_links":{"self":[{"href":"https:\/\/stepienybarno.es\/blog\/wp-json\/wp\/v2\/posts\/25929"}],"collection":[{"href":"https:\/\/stepienybarno.es\/blog\/wp-json\/wp\/v2\/posts"}],"about":[{"href":"https:\/\/stepienybarno.es\/blog\/wp-json\/wp\/v2\/types\/post"}],"author":[{"embeddable":true,"href":"https:\/\/stepienybarno.es\/blog\/wp-json\/wp\/v2\/users\/9"}],"replies":[{"embeddable":true,"href":"https:\/\/stepienybarno.es\/blog\/wp-json\/wp\/v2\/comments?post=25929"}],"version-history":[{"count":2,"href":"https:\/\/stepienybarno.es\/blog\/wp-json\/wp\/v2\/posts\/25929\/revisions"}],"predecessor-version":[{"id":46151,"href":"https:\/\/stepienybarno.es\/blog\/wp-json\/wp\/v2\/posts\/25929\/revisions\/46151"}],"wp:featuredmedia":[{"embeddable":true,"href":"https:\/\/stepienybarno.es\/blog\/wp-json\/wp\/v2\/media\/25930"}],"wp:attachment":[{"href":"https:\/\/stepienybarno.es\/blog\/wp-json\/wp\/v2\/media?parent=25929"}],"wp:term":[{"taxonomy":"category","embeddable":true,"href":"https:\/\/stepienybarno.es\/blog\/wp-json\/wp\/v2\/categories?post=25929"},{"taxonomy":"post_tag","embeddable":true,"href":"https:\/\/stepienybarno.es\/blog\/wp-json\/wp\/v2\/tags?post=25929"},{"taxonomy":"series","embeddable":true,"href":"https:\/\/stepienybarno.es\/blog\/wp-json\/wp\/v2\/series?post=25929"}],"curies":[{"name":"wp","href":"https:\/\/api.w.org\/{rel}","templated":true}]}}