{"id":25940,"date":"2017-01-04T19:21:32","date_gmt":"2017-01-04T17:21:32","guid":{"rendered":"https:\/\/www.stepienybarno.es\/blog\/?p=25940"},"modified":"2017-01-04T15:04:12","modified_gmt":"2017-01-04T13:04:12","slug":"el-dilema-del-arquitecto","status":"publish","type":"post","link":"https:\/\/stepienybarno.es\/blog\/2017\/01\/04\/el-dilema-del-arquitecto\/","title":{"rendered":"EL DILEMA DEL ARQUITECTO"},"content":{"rendered":"<p><img loading=\"lazy\" decoding=\"async\" class=\"aligncenter wp-image-25941\" src=\"https:\/\/stepienybarno.es\/blog\/wp-content\/uploads\/2017\/01\/stepienybarno-stepien-y-barno-arquitectura-oficina-malaga.jpg\" alt=\"stepienybarno-stepien-y-barno-arquitectura-oficina-malaga\" width=\"400\" height=\"401\" srcset=\"https:\/\/stepienybarno.es\/blog\/wp-content\/uploads\/2017\/01\/stepienybarno-stepien-y-barno-arquitectura-oficina-malaga.jpg 319w, https:\/\/stepienybarno.es\/blog\/wp-content\/uploads\/2017\/01\/stepienybarno-stepien-y-barno-arquitectura-oficina-malaga-180x180.jpg 180w, https:\/\/stepienybarno.es\/blog\/wp-content\/uploads\/2017\/01\/stepienybarno-stepien-y-barno-arquitectura-oficina-malaga-224x224.jpg 224w, https:\/\/stepienybarno.es\/blog\/wp-content\/uploads\/2017\/01\/stepienybarno-stepien-y-barno-arquitectura-oficina-malaga-316x317.jpg 316w\" sizes=\"(max-width: 400px) 100vw, 400px\" \/><\/p>\n<p><strong>Desde <a href=\"http:\/\/oficinarquitecturamalaga.blogspot.com.es\/\" target=\"_blank\">Oficina Arquitectura M\u00e1laga<\/a><\/strong><\/p>\n<p><!--more--><\/p>\n<p style=\"text-align: justify;\">\u201cCualquier instante visto desde dentro se convierte en una eternidad envolvente, hasta el punto de que periodos breves de tiempo suelen convertirse en patr\u00f3n de medida, en referencia para entender las realidades precedentes y subsiguientes. Solemos querer entender la realidad desde los hitos m\u00e1s significados que preservamos como f\u00f3rmulas, o enunciados identificativos de un lugar y un tiempo. La explosi\u00f3n biol\u00f3gica del C\u00e1mbrico no explica por s\u00ed solo la evoluci\u00f3n viviente; tampoco lo hace la extinci\u00f3n masiva del Cret\u00e1cico hace sesenta y cinco millones de a\u00f1os cuando cerca del 50% de los g\u00e9neros biol\u00f3gicos desaparecieron. En ambos casos, circunstancias extraordinarias tuvieron consecuencias extraordinarias.<\/p>\n<p style=\"text-align: justify;\">Los procesos de globalizaci\u00f3n de finales de siglo XX y principios del XXI propiciaron el encuentro a gran escala de ciudades y poblaciones, de tecnolog\u00edas y econom\u00edas, que por primera vez formaban un tejido internacional continuo y altamente interdependiente. En este escenario, la arquitectura desarroll\u00f3, como en el C\u00e1mbrico un universo de formas nuevas, a la b\u00fasqueda de nuevos lenguajes arquitect\u00f3nicos que distinguiesen a las nuevas sociedades. La invenci\u00f3n continua con sus luces y sombras nos ha legado nuevas especies arquitect\u00f3nicas. De ellas, algunas l\u00edneas continuar\u00e1n su desarrollo en tiempos adversos; otras desaparecer\u00e1n, en una extinci\u00f3n masiva de arquitecturas de dif\u00edcil encaje en el actual Cret\u00e1cico Urbano. Vuelven los peque\u00f1os mam\u00edferos (\u2026)\u201d<\/p>\n<p style=\"text-align: justify;\">\n<p style=\"text-align: center;\">\n<p style=\"text-align: center;\"><strong>Accede al art\u00edculo,\u00a0<a href=\"http:\/\/oficinarquitecturamalaga.blogspot.com.es\/2012\/11\/el-dilema-del-arquitecto.html\" target=\"_blank\">AQU\u00cd<\/a><\/strong><\/p>\n<p style=\"text-align: justify;\"><strong>\u00a0<\/strong><\/p>\n<p style=\"text-align: justify;\">\n<p style=\"text-align: justify;\"><span style=\"color: #999999;\"><em>Noticia seleccionada por el Canal de arquitectura STEPIENYBARNO.\u00a0<\/em><\/span><\/p>\n<p style=\"text-align: justify;\"><a href=\"https:\/\/twitter.com\/stepienybarno\"><em>STEPIENYBARNO EN TWITTER _ @stepienybarno<\/em><\/a><\/p>\n<p style=\"text-align: justify;\"><a href=\"http:\/\/www.linkedin.com\/company\/stepienybarno\"><em>STEPIENYBARNO EN LINKEDIN<\/em><\/a><\/p>\n<p style=\"text-align: justify;\"><a href=\"https:\/\/www.facebook.com\/StepienybarnoCANAL\"><em>STEPIENYBARNO EN FACEBOOK<\/em><\/a><\/p>\n<p style=\"text-align: justify;\"><span style=\"color: #999999;\"><em>*Stepienybarno est\u00e1 formado por Agnieszka Stepien y Lorenzo Barn\u00f3 y desde mayo del 2009 estamos en la red con\u00a0 la presente publicaci\u00f3n digital (Blog) de arquitectura.<\/em><\/span><\/p>\n<p style=\"text-align: justify;\"><span style=\"color: #999999;\"><em>Nuestra actividad se sustenta en tres pilares b\u00e1sicos: la investigaci\u00f3n, la publicaci\u00f3n (comunicaci\u00f3n y difusi\u00f3n) y la redacci\u00f3n de proyectos de arquitectura.<\/em><\/span><\/p>\n<p style=\"text-align: justify;\"><span style=\"color: #999999;\"><em>A su vez, somos socios cofundadores de<\/em><\/span><em>\u00a0<\/em><a href=\"http:\/\/sinergiasostenible.org\/\"><em>SINERGIA SOSTENIBLE<\/em><\/a><span style=\"color: #999999;\"><em>, redactores de<\/em><\/span><em>\u00a0<\/em><a href=\"http:\/\/www.laciudadviva.org\/blogs\/?author=45\"><em>LA CIUDAD VIVA<\/em><\/a><span style=\"color: #999999;\"><em>\u00a0<\/em><em>y directores del blog de<\/em><em>\u00a0<\/em><\/span><a href=\"http:\/\/blogfundacion.arquia.es\/\"><em>FUNDACI\u00d3N ARQUIA<\/em><\/a><span style=\"color: #999999;\"><em>.<\/em><\/span><\/p>\n<p style=\"text-align: justify;\"><span style=\"color: #999999;\"><em>* Los editores de esta publicaci\u00f3n digital no nos hacemos cargo de de los comentarios y\u00a0 conceptos vertidos en los textos firmados por otras personas, siendo \u00e9stos de responsabilidad exclusiva de sus autores.<\/em><\/span><\/p>\n<p style=\"text-align: justify;\"><span style=\"color: #999999;\"><em>* Tu comentario podr\u00e1 ser moderado, por lo tanto, aunque aparezca inmediatamente al ser publicado en la entrada, los editores de esta publicaci\u00f3n digital nos reservamos el derecho tanto de editarlo (si fuera necesario, para hacerlo m\u00e1s legible) como de eliminarlo en el caso de que se usen expresiones incorrectas (descalificaciones, palabras malsonantes\u2026). A su vez, si quieres comentar desde el anonimato puedes hacerlo, aunque, nosotros personalmente, agradecemos que tod@s nos podamos identificar.<\/em><\/span><\/p>\n","protected":false},"excerpt":{"rendered":"<p>Desde Oficina Arquitectura M\u00e1laga<\/p>\n","protected":false},"author":9,"featured_media":25941,"comment_status":"open","ping_status":"closed","sticky":false,"template":"","format":"standard","meta":{"om_disable_all_campaigns":false,"_monsterinsights_skip_tracking":false,"_monsterinsights_sitenote_active":false,"_monsterinsights_sitenote_note":"","_monsterinsights_sitenote_category":0,"_uf_show_specific_survey":0,"_uf_disable_surveys":false,"episode_type":"","audio_file":"","cover_image":"","cover_image_id":"","duration":"","filesize":"","date_recorded":"","explicit":"","block":"","filesize_raw":"","footnotes":""},"categories":[244],"tags":[5032],"series":[],"class_list":["post-25940","post","type-post","status-publish","format-standard","has-post-thumbnail","hentry","category-canal-de-arquitectura","tag-oficina-arquitectura-malaga"],"aioseo_notices":[],"episode_featured_image":"https:\/\/stepienybarno.es\/blog\/wp-content\/uploads\/2017\/01\/stepienybarno-stepien-y-barno-arquitectura-oficina-malaga.jpg","episode_player_image":"https:\/\/stepienybarno.es\/blog\/wp-content\/uploads\/2020\/11\/stepienybarno-podcast-scaled.jpg","download_link":"","player_link":"","audio_player":false,"episode_data":{"playerMode":"dark","subscribeUrls":[],"rssFeedUrl":"https:\/\/stepienybarno.es\/blog\/feed\/podcast\/podcast-de-stepienybarno","embedCode":"<blockquote class=\"wp-embedded-content\" data-secret=\"fGbV0mdmcN\"><a href=\"https:\/\/stepienybarno.es\/blog\/2017\/01\/04\/el-dilema-del-arquitecto\/\">EL DILEMA DEL ARQUITECTO<\/a><\/blockquote><iframe sandbox=\"allow-scripts\" security=\"restricted\" src=\"https:\/\/stepienybarno.es\/blog\/2017\/01\/04\/el-dilema-del-arquitecto\/embed\/#?secret=fGbV0mdmcN\" width=\"500\" height=\"350\" title=\"\u00abEL DILEMA DEL ARQUITECTO\u00bb \u2014 Blog de STEPIEN Y BARNO - publicaci\u00f3n digital sobre arquitectura\" data-secret=\"fGbV0mdmcN\" frameborder=\"0\" marginwidth=\"0\" marginheight=\"0\" scrolling=\"no\" class=\"wp-embedded-content\"><\/iframe><script type=\"text\/javascript\">\n\/* <![CDATA[ *\/\n\/*! This file is auto-generated *\/\n!function(d,l){\"use strict\";l.querySelector&&d.addEventListener&&\"undefined\"!=typeof URL&&(d.wp=d.wp||{},d.wp.receiveEmbedMessage||(d.wp.receiveEmbedMessage=function(e){var t=e.data;if((t||t.secret||t.message||t.value)&&!\/[^a-zA-Z0-9]\/.test(t.secret)){for(var s,r,n,a=l.querySelectorAll('iframe[data-secret=\"'+t.secret+'\"]'),o=l.querySelectorAll('blockquote[data-secret=\"'+t.secret+'\"]'),c=new RegExp(\"^https?:$\",\"i\"),i=0;i<o.length;i++)o[i].style.display=\"none\";for(i=0;i<a.length;i++)s=a[i],e.source===s.contentWindow&&(s.removeAttribute(\"style\"),\"height\"===t.message?(1e3<(r=parseInt(t.value,10))?r=1e3:~~r<200&&(r=200),s.height=r):\"link\"===t.message&&(r=new URL(s.getAttribute(\"src\")),n=new URL(t.value),c.test(n.protocol))&&n.host===r.host&&l.activeElement===s&&(d.top.location.href=t.value))}},d.addEventListener(\"message\",d.wp.receiveEmbedMessage,!1),l.addEventListener(\"DOMContentLoaded\",function(){for(var e,t,s=l.querySelectorAll(\"iframe.wp-embedded-content\"),r=0;r<s.length;r++)(t=(e=s[r]).getAttribute(\"data-secret\"))||(t=Math.random().toString(36).substring(2,12),e.src+=\"#?secret=\"+t,e.setAttribute(\"data-secret\",t)),e.contentWindow.postMessage({message:\"ready\",secret:t},\"*\")},!1)))}(window,document);\n\/* ]]> *\/\n<\/script>\n"},"_links":{"self":[{"href":"https:\/\/stepienybarno.es\/blog\/wp-json\/wp\/v2\/posts\/25940"}],"collection":[{"href":"https:\/\/stepienybarno.es\/blog\/wp-json\/wp\/v2\/posts"}],"about":[{"href":"https:\/\/stepienybarno.es\/blog\/wp-json\/wp\/v2\/types\/post"}],"author":[{"embeddable":true,"href":"https:\/\/stepienybarno.es\/blog\/wp-json\/wp\/v2\/users\/9"}],"replies":[{"embeddable":true,"href":"https:\/\/stepienybarno.es\/blog\/wp-json\/wp\/v2\/comments?post=25940"}],"version-history":[{"count":1,"href":"https:\/\/stepienybarno.es\/blog\/wp-json\/wp\/v2\/posts\/25940\/revisions"}],"predecessor-version":[{"id":25942,"href":"https:\/\/stepienybarno.es\/blog\/wp-json\/wp\/v2\/posts\/25940\/revisions\/25942"}],"wp:featuredmedia":[{"embeddable":true,"href":"https:\/\/stepienybarno.es\/blog\/wp-json\/wp\/v2\/media\/25941"}],"wp:attachment":[{"href":"https:\/\/stepienybarno.es\/blog\/wp-json\/wp\/v2\/media?parent=25940"}],"wp:term":[{"taxonomy":"category","embeddable":true,"href":"https:\/\/stepienybarno.es\/blog\/wp-json\/wp\/v2\/categories?post=25940"},{"taxonomy":"post_tag","embeddable":true,"href":"https:\/\/stepienybarno.es\/blog\/wp-json\/wp\/v2\/tags?post=25940"},{"taxonomy":"series","embeddable":true,"href":"https:\/\/stepienybarno.es\/blog\/wp-json\/wp\/v2\/series?post=25940"}],"curies":[{"name":"wp","href":"https:\/\/api.w.org\/{rel}","templated":true}]}}