{"id":26053,"date":"2017-01-12T19:21:38","date_gmt":"2017-01-12T17:21:38","guid":{"rendered":"https:\/\/www.stepienybarno.es\/blog\/?p=26053"},"modified":"2017-01-12T18:47:42","modified_gmt":"2017-01-12T16:47:42","slug":"ludantia-ninas-y-ninos-arquitectos-de-sus-espacios","status":"publish","type":"post","link":"https:\/\/stepienybarno.es\/blog\/2017\/01\/12\/ludantia-ninas-y-ninos-arquitectos-de-sus-espacios\/","title":{"rendered":"LUDANTIA: NI\u00d1AS Y NI\u00d1OS ARQUITECTOS DE SUS ESPACIOS"},"content":{"rendered":"<p><img loading=\"lazy\" decoding=\"async\" class=\"size-medium wp-image-26054 aligncenter\" src=\"https:\/\/stepienybarno.es\/blog\/wp-content\/uploads\/2017\/01\/stepienybarno-stepien-y-barno-arquitectura-cosas-de-arquitectos-juan-ortiz-delgado-381x550.jpg\" alt=\"stepienybarno-stepien-y-barno-arquitectura-cosas-de-arquitectos-juan-ortiz-delgado\" width=\"381\" height=\"550\" srcset=\"https:\/\/stepienybarno.es\/blog\/wp-content\/uploads\/2017\/01\/stepienybarno-stepien-y-barno-arquitectura-cosas-de-arquitectos-juan-ortiz-delgado-381x550.jpg 381w, https:\/\/stepienybarno.es\/blog\/wp-content\/uploads\/2017\/01\/stepienybarno-stepien-y-barno-arquitectura-cosas-de-arquitectos-juan-ortiz-delgado-125x180.jpg 125w, https:\/\/stepienybarno.es\/blog\/wp-content\/uploads\/2017\/01\/stepienybarno-stepien-y-barno-arquitectura-cosas-de-arquitectos-juan-ortiz-delgado-485x700.jpg 485w, https:\/\/stepienybarno.es\/blog\/wp-content\/uploads\/2017\/01\/stepienybarno-stepien-y-barno-arquitectura-cosas-de-arquitectos-juan-ortiz-delgado-277x400.jpg 277w, https:\/\/stepienybarno.es\/blog\/wp-content\/uploads\/2017\/01\/stepienybarno-stepien-y-barno-arquitectura-cosas-de-arquitectos-juan-ortiz-delgado.jpg 500w\" sizes=\"(max-width: 381px) 100vw, 381px\" \/><\/p>\n<p><strong>Por <a href=\"http:\/\/www.cosasdearquitectos.com\/author\/jortdel\/\" target=\"_blank\">Juan Ortiz Delgado<\/a><\/strong><\/p>\n<p><strong>Desde <a href=\"http:\/\/www.cosasdearquitectos.com\/\" target=\"_blank\">Cosas de Arquitectos<\/a><\/strong><\/p>\n<p><!--more--><\/p>\n<p style=\"text-align: justify;\"><em>\u201c<\/em>No quer\u00eda dejar pasar estos d\u00edas sin dedicar una entrada a la infancia, verdadera protagonista en fechas tan se\u00f1aladas. Ludantia ser\u00e1 la I Bienal Internacional de Educaci\u00f3n en Arquitectura para la Infancia y la Juventud. Se celebrar\u00e1 en Pontevedra en 2018, pero ya est\u00e1 en marcha. El tema elegido, Habitar desde lo l\u00fadico: del patio escolar a la ciudad como tablero de juego. Como protagonistas, ni\u00f1as y ni\u00f1os arquitectos de los espacios que habitan.<\/p>\n<p style=\"text-align: justify;\">Ludantia nace con vocaci\u00f3n de convertirse en\u00a0<strong>plataforma donde\u00a0compartir y difundir experiencias educativas<\/strong>\u00a0relacionadas con la arquitectura. Lo innovador de su planteamiento radica en invertir el sentido de experiencias precedentes,\u00a0<strong>conviertiendo el proceso educativo en el fin en s\u00ed mismo, y los procesos arquitect\u00f3nicos y art\u00edsticos en el medio de llegar a \u00e9l<\/strong><strong> (\u2026)<\/strong>\u201d.<\/p>\n<p style=\"text-align: center;\"><strong>Accede al art\u00edculo,<\/strong><strong><a href=\"http:\/\/www.cosasdearquitectos.com\/2017\/01\/ludantia-ninos-arquitectos-espacios\/\" target=\"_blank\">\u00a0AQU\u00cd<\/a><\/strong><\/p>\n<p><strong>\u00a0<\/strong><\/p>\n<p>&nbsp;<\/p>\n<p style=\"text-align: justify;\"><span style=\"color: #999999;\"><em>Noticia seleccionada por el Canal de arquitectura STEPIENYBARNO.\u00a0<\/em><\/span><\/p>\n<p style=\"text-align: justify;\"><a href=\"https:\/\/twitter.com\/stepienybarno\"><em>STEPIENYBARNO EN TWITTER _ @stepienybarno<\/em><\/a><\/p>\n<p style=\"text-align: justify;\"><a href=\"http:\/\/www.linkedin.com\/company\/stepienybarno\"><em>STEPIENYBARNO EN LINKEDIN<\/em><\/a><\/p>\n<p style=\"text-align: justify;\"><a href=\"https:\/\/www.facebook.com\/StepienybarnoCANAL\"><em>STEPIENYBARNO EN FACEBOOK<\/em><\/a><\/p>\n<p style=\"text-align: justify;\"><span style=\"color: #999999;\"><em>*Stepienybarno est\u00e1 formado por Agnieszka Stepien y Lorenzo Barn\u00f3 y desde mayo del 2009 estamos en la red con\u00a0 la presente publicaci\u00f3n digital (Blog) de arquitectura.<\/em><\/span><\/p>\n<p style=\"text-align: justify;\"><span style=\"color: #999999;\"><em>Nuestra actividad se sustenta en tres pilares b\u00e1sicos: la investigaci\u00f3n, la publicaci\u00f3n (comunicaci\u00f3n y difusi\u00f3n) y la redacci\u00f3n de proyectos de arquitectura.<\/em><\/span><\/p>\n<p style=\"text-align: justify;\"><span style=\"color: #999999;\"><em>A su vez, somos socios cofundadores de<\/em><\/span><em>\u00a0<\/em><a href=\"http:\/\/sinergiasostenible.org\/\"><em>SINERGIA SOSTENIBLE<\/em><\/a><em><span style=\"color: #999999;\">, redactores de<\/span><\/em><em>\u00a0<\/em><a href=\"http:\/\/www.laciudadviva.org\/blogs\/?author=45\"><em>LA CIUDAD VIVA<\/em><\/a><em>\u00a0<\/em><span style=\"color: #999999;\"><em>y directores del blog de<\/em><\/span><em>\u00a0<\/em><a href=\"http:\/\/blogfundacion.arquia.es\/\"><em>FUNDACI\u00d3N ARQUIA<\/em><\/a><span style=\"color: #999999;\"><em>.<\/em><\/span><\/p>\n<p style=\"text-align: justify;\"><span style=\"color: #999999;\"><em>* Los editores de esta publicaci\u00f3n digital no nos hacemos cargo de de los comentarios y\u00a0 conceptos vertidos en los textos firmados por otras personas, siendo \u00e9stos de responsabilidad exclusiva de sus autores.<\/em><\/span><\/p>\n<p style=\"text-align: justify;\"><span style=\"color: #999999;\"><em>* Tu comentario podr\u00e1 ser moderado, por lo tanto, aunque aparezca inmediatamente al ser publicado en la entrada, los editores de esta publicaci\u00f3n digital nos reservamos el derecho tanto de editarlo (si fuera necesario, para hacerlo m\u00e1s legible) como de eliminarlo en el caso de que se usen expresiones incorrectas (descalificaciones, palabras malsonantes\u2026). A su vez, si quieres comentar desde el anonimato puedes hacerlo, aunque, nosotros personalmente, agradecemos que tod@s nos podamos identificar.<\/em><\/span><\/p>\n","protected":false},"excerpt":{"rendered":"<p>Por Juan Ortiz Delgado Desde Cosas de Arquitectos<\/p>\n","protected":false},"author":9,"featured_media":26054,"comment_status":"open","ping_status":"closed","sticky":false,"template":"","format":"standard","meta":{"om_disable_all_campaigns":false,"_monsterinsights_skip_tracking":false,"_monsterinsights_sitenote_active":false,"_monsterinsights_sitenote_note":"","_monsterinsights_sitenote_category":0,"_uf_show_specific_survey":0,"_uf_disable_surveys":false,"episode_type":"","audio_file":"","cover_image":"","cover_image_id":"","duration":"","filesize":"","date_recorded":"","explicit":"","block":"","filesize_raw":"","footnotes":""},"categories":[244],"tags":[1693,4166,5052],"series":[],"class_list":["post-26053","post","type-post","status-publish","format-standard","has-post-thumbnail","hentry","category-canal-de-arquitectura","tag-cosas-de-arquitectos","tag-juan-ortiz-delgado","tag-ludantia"],"aioseo_notices":[],"episode_featured_image":"https:\/\/stepienybarno.es\/blog\/wp-content\/uploads\/2017\/01\/stepienybarno-stepien-y-barno-arquitectura-cosas-de-arquitectos-juan-ortiz-delgado.jpg","episode_player_image":"https:\/\/stepienybarno.es\/blog\/wp-content\/uploads\/2020\/11\/stepienybarno-podcast-scaled.jpg","download_link":"","player_link":"","audio_player":false,"episode_data":{"playerMode":"dark","subscribeUrls":[],"rssFeedUrl":"https:\/\/stepienybarno.es\/blog\/feed\/podcast\/podcast-de-stepienybarno","embedCode":"<blockquote class=\"wp-embedded-content\" data-secret=\"3Gycqa6T0J\"><a href=\"https:\/\/stepienybarno.es\/blog\/2017\/01\/12\/ludantia-ninas-y-ninos-arquitectos-de-sus-espacios\/\">LUDANTIA: NI\u00d1AS Y NI\u00d1OS ARQUITECTOS DE SUS ESPACIOS<\/a><\/blockquote><iframe sandbox=\"allow-scripts\" security=\"restricted\" src=\"https:\/\/stepienybarno.es\/blog\/2017\/01\/12\/ludantia-ninas-y-ninos-arquitectos-de-sus-espacios\/embed\/#?secret=3Gycqa6T0J\" width=\"500\" height=\"350\" title=\"\u00abLUDANTIA: NI\u00d1AS Y NI\u00d1OS ARQUITECTOS DE SUS ESPACIOS\u00bb \u2014 Blog de STEPIEN Y BARNO - publicaci\u00f3n digital sobre arquitectura\" data-secret=\"3Gycqa6T0J\" frameborder=\"0\" marginwidth=\"0\" marginheight=\"0\" scrolling=\"no\" class=\"wp-embedded-content\"><\/iframe><script type=\"text\/javascript\">\n\/* <![CDATA[ *\/\n\/*! This file is auto-generated *\/\n!function(d,l){\"use strict\";l.querySelector&&d.addEventListener&&\"undefined\"!=typeof URL&&(d.wp=d.wp||{},d.wp.receiveEmbedMessage||(d.wp.receiveEmbedMessage=function(e){var t=e.data;if((t||t.secret||t.message||t.value)&&!\/[^a-zA-Z0-9]\/.test(t.secret)){for(var s,r,n,a=l.querySelectorAll('iframe[data-secret=\"'+t.secret+'\"]'),o=l.querySelectorAll('blockquote[data-secret=\"'+t.secret+'\"]'),c=new RegExp(\"^https?:$\",\"i\"),i=0;i<o.length;i++)o[i].style.display=\"none\";for(i=0;i<a.length;i++)s=a[i],e.source===s.contentWindow&&(s.removeAttribute(\"style\"),\"height\"===t.message?(1e3<(r=parseInt(t.value,10))?r=1e3:~~r<200&&(r=200),s.height=r):\"link\"===t.message&&(r=new URL(s.getAttribute(\"src\")),n=new URL(t.value),c.test(n.protocol))&&n.host===r.host&&l.activeElement===s&&(d.top.location.href=t.value))}},d.addEventListener(\"message\",d.wp.receiveEmbedMessage,!1),l.addEventListener(\"DOMContentLoaded\",function(){for(var e,t,s=l.querySelectorAll(\"iframe.wp-embedded-content\"),r=0;r<s.length;r++)(t=(e=s[r]).getAttribute(\"data-secret\"))||(t=Math.random().toString(36).substring(2,12),e.src+=\"#?secret=\"+t,e.setAttribute(\"data-secret\",t)),e.contentWindow.postMessage({message:\"ready\",secret:t},\"*\")},!1)))}(window,document);\n\/* ]]> *\/\n<\/script>\n"},"_links":{"self":[{"href":"https:\/\/stepienybarno.es\/blog\/wp-json\/wp\/v2\/posts\/26053"}],"collection":[{"href":"https:\/\/stepienybarno.es\/blog\/wp-json\/wp\/v2\/posts"}],"about":[{"href":"https:\/\/stepienybarno.es\/blog\/wp-json\/wp\/v2\/types\/post"}],"author":[{"embeddable":true,"href":"https:\/\/stepienybarno.es\/blog\/wp-json\/wp\/v2\/users\/9"}],"replies":[{"embeddable":true,"href":"https:\/\/stepienybarno.es\/blog\/wp-json\/wp\/v2\/comments?post=26053"}],"version-history":[{"count":2,"href":"https:\/\/stepienybarno.es\/blog\/wp-json\/wp\/v2\/posts\/26053\/revisions"}],"predecessor-version":[{"id":26056,"href":"https:\/\/stepienybarno.es\/blog\/wp-json\/wp\/v2\/posts\/26053\/revisions\/26056"}],"wp:featuredmedia":[{"embeddable":true,"href":"https:\/\/stepienybarno.es\/blog\/wp-json\/wp\/v2\/media\/26054"}],"wp:attachment":[{"href":"https:\/\/stepienybarno.es\/blog\/wp-json\/wp\/v2\/media?parent=26053"}],"wp:term":[{"taxonomy":"category","embeddable":true,"href":"https:\/\/stepienybarno.es\/blog\/wp-json\/wp\/v2\/categories?post=26053"},{"taxonomy":"post_tag","embeddable":true,"href":"https:\/\/stepienybarno.es\/blog\/wp-json\/wp\/v2\/tags?post=26053"},{"taxonomy":"series","embeddable":true,"href":"https:\/\/stepienybarno.es\/blog\/wp-json\/wp\/v2\/series?post=26053"}],"curies":[{"name":"wp","href":"https:\/\/api.w.org\/{rel}","templated":true}]}}