{"id":26088,"date":"2017-01-17T13:21:28","date_gmt":"2017-01-17T11:21:28","guid":{"rendered":"https:\/\/www.stepienybarno.es\/blog\/?p=26088"},"modified":"2017-01-17T11:34:54","modified_gmt":"2017-01-17T09:34:54","slug":"de-krook-proyectodeldia","status":"publish","type":"post","link":"https:\/\/stepienybarno.es\/blog\/2017\/01\/17\/de-krook-proyectodeldia\/","title":{"rendered":"DE KROOK #ProyectoDelD\u00eda"},"content":{"rendered":"<p><img loading=\"lazy\" decoding=\"async\" class=\"aligncenter size-full wp-image-26093\" src=\"https:\/\/stepienybarno.es\/blog\/wp-content\/uploads\/2017\/01\/stepienybarno-stepien-y-barno-arquitectura-afasia-archzine-rcr-arquitectes.jpg\" alt=\"stepienybarno-stepien-y-barno-arquitectura-afasia-archzine-rcr-arquitectes\" width=\"500\" height=\"333\" srcset=\"https:\/\/stepienybarno.es\/blog\/wp-content\/uploads\/2017\/01\/stepienybarno-stepien-y-barno-arquitectura-afasia-archzine-rcr-arquitectes.jpg 500w, https:\/\/stepienybarno.es\/blog\/wp-content\/uploads\/2017\/01\/stepienybarno-stepien-y-barno-arquitectura-afasia-archzine-rcr-arquitectes-180x120.jpg 180w, https:\/\/stepienybarno.es\/blog\/wp-content\/uploads\/2017\/01\/stepienybarno-stepien-y-barno-arquitectura-afasia-archzine-rcr-arquitectes-316x210.jpg 316w\" sizes=\"(max-width: 500px) 100vw, 500px\" \/><\/p>\n<p><strong>Por <a href=\"http:\/\/www.rcrarquitectes.es\/\" target=\"_blank\">RCR Arquitectes\u00a0\u00a0<\/a><\/strong><\/p>\n<p><strong>Fotograf\u00eda <a href=\"http:\/\/www.amauryhenderick.be\/\" target=\"_blank\">Amaury Henderick<\/a>\u00a0<a href=\"http:\/\/www.michieldevijver.be\/\" target=\"_blank\">Michiel Devijver<\/a>\u00a0 <a href=\"http:\/\/www.gentcement.be\/2016\/09\/in-de-krook\" target=\"_blank\">Gentcement<\/a><\/strong><\/p>\n<p><strong>Desde <a href=\"http:\/\/afasiaarchzine.com\/\" target=\"_blank\">Afasia Archzine<\/a><\/strong><\/p>\n<p><!--more--><\/p>\n<p style=\"text-align: center;\"><img loading=\"lazy\" decoding=\"async\" class=\"aligncenter wp-image-26089 size-full\" src=\"https:\/\/stepienybarno.es\/blog\/wp-content\/uploads\/2017\/01\/stepienybarno-stepien-y-barno-arquitectura-afasia-archzine-rcr-arquitectes-2.jpg\" alt=\"stepienybarno-stepien-y-barno-arquitectura-afasia-archzine-rcr-arquitectes-2\" width=\"500\" height=\"757\" srcset=\"https:\/\/stepienybarno.es\/blog\/wp-content\/uploads\/2017\/01\/stepienybarno-stepien-y-barno-arquitectura-afasia-archzine-rcr-arquitectes-2.jpg 500w, https:\/\/stepienybarno.es\/blog\/wp-content\/uploads\/2017\/01\/stepienybarno-stepien-y-barno-arquitectura-afasia-archzine-rcr-arquitectes-2-119x180.jpg 119w, https:\/\/stepienybarno.es\/blog\/wp-content\/uploads\/2017\/01\/stepienybarno-stepien-y-barno-arquitectura-afasia-archzine-rcr-arquitectes-2-363x550.jpg 363w, https:\/\/stepienybarno.es\/blog\/wp-content\/uploads\/2017\/01\/stepienybarno-stepien-y-barno-arquitectura-afasia-archzine-rcr-arquitectes-2-462x700.jpg 462w, https:\/\/stepienybarno.es\/blog\/wp-content\/uploads\/2017\/01\/stepienybarno-stepien-y-barno-arquitectura-afasia-archzine-rcr-arquitectes-2-264x400.jpg 264w\" sizes=\"(max-width: 500px) 100vw, 500px\" \/><\/p>\n<p style=\"text-align: center;\"><img loading=\"lazy\" decoding=\"async\" class=\"aligncenter size-medium wp-image-26090\" src=\"https:\/\/stepienybarno.es\/blog\/wp-content\/uploads\/2017\/01\/stepienybarno-stepien-y-barno-arquitectura-afasia-archzine-rcr-arquitectes-3.jpg\" alt=\"stepienybarno-stepien-y-barno-arquitectura-afasia-archzine-rcr-arquitectes-3\" width=\"500\" height=\"281\" srcset=\"https:\/\/stepienybarno.es\/blog\/wp-content\/uploads\/2017\/01\/stepienybarno-stepien-y-barno-arquitectura-afasia-archzine-rcr-arquitectes-3.jpg 500w, https:\/\/stepienybarno.es\/blog\/wp-content\/uploads\/2017\/01\/stepienybarno-stepien-y-barno-arquitectura-afasia-archzine-rcr-arquitectes-3-180x101.jpg 180w, https:\/\/stepienybarno.es\/blog\/wp-content\/uploads\/2017\/01\/stepienybarno-stepien-y-barno-arquitectura-afasia-archzine-rcr-arquitectes-3-316x178.jpg 316w\" sizes=\"(max-width: 500px) 100vw, 500px\" \/><\/p>\n<p style=\"text-align: center;\"><img loading=\"lazy\" decoding=\"async\" class=\"aligncenter wp-image-26091 size-full\" src=\"https:\/\/stepienybarno.es\/blog\/wp-content\/uploads\/2017\/01\/stepienybarno-stepien-y-barno-arquitectura-afasia-archzine-rcr-arquitectes-4.jpg\" alt=\"stepienybarno-stepien-y-barno-arquitectura-afasia-archzine-rcr-arquitectes-4\" width=\"500\" height=\"754\" srcset=\"https:\/\/stepienybarno.es\/blog\/wp-content\/uploads\/2017\/01\/stepienybarno-stepien-y-barno-arquitectura-afasia-archzine-rcr-arquitectes-4.jpg 500w, https:\/\/stepienybarno.es\/blog\/wp-content\/uploads\/2017\/01\/stepienybarno-stepien-y-barno-arquitectura-afasia-archzine-rcr-arquitectes-4-119x180.jpg 119w, https:\/\/stepienybarno.es\/blog\/wp-content\/uploads\/2017\/01\/stepienybarno-stepien-y-barno-arquitectura-afasia-archzine-rcr-arquitectes-4-365x550.jpg 365w, https:\/\/stepienybarno.es\/blog\/wp-content\/uploads\/2017\/01\/stepienybarno-stepien-y-barno-arquitectura-afasia-archzine-rcr-arquitectes-4-464x700.jpg 464w, https:\/\/stepienybarno.es\/blog\/wp-content\/uploads\/2017\/01\/stepienybarno-stepien-y-barno-arquitectura-afasia-archzine-rcr-arquitectes-4-265x400.jpg 265w\" sizes=\"(max-width: 500px) 100vw, 500px\" \/><\/p>\n<p style=\"text-align: center;\"><img loading=\"lazy\" decoding=\"async\" class=\"aligncenter wp-image-26092 size-full\" src=\"https:\/\/stepienybarno.es\/blog\/wp-content\/uploads\/2017\/01\/stepienybarno-stepien-y-barno-arquitectura-afasia-archzine-rcr-arquitectes-5.jpg\" alt=\"stepienybarno-stepien-y-barno-arquitectura-afasia-archzine-rcr-arquitectes-5\" width=\"500\" height=\"756\" srcset=\"https:\/\/stepienybarno.es\/blog\/wp-content\/uploads\/2017\/01\/stepienybarno-stepien-y-barno-arquitectura-afasia-archzine-rcr-arquitectes-5.jpg 500w, https:\/\/stepienybarno.es\/blog\/wp-content\/uploads\/2017\/01\/stepienybarno-stepien-y-barno-arquitectura-afasia-archzine-rcr-arquitectes-5-119x180.jpg 119w, https:\/\/stepienybarno.es\/blog\/wp-content\/uploads\/2017\/01\/stepienybarno-stepien-y-barno-arquitectura-afasia-archzine-rcr-arquitectes-5-364x550.jpg 364w, https:\/\/stepienybarno.es\/blog\/wp-content\/uploads\/2017\/01\/stepienybarno-stepien-y-barno-arquitectura-afasia-archzine-rcr-arquitectes-5-463x700.jpg 463w, https:\/\/stepienybarno.es\/blog\/wp-content\/uploads\/2017\/01\/stepienybarno-stepien-y-barno-arquitectura-afasia-archzine-rcr-arquitectes-5-265x400.jpg 265w\" sizes=\"(max-width: 500px) 100vw, 500px\" \/><\/p>\n<p style=\"text-align: center;\">\n<p style=\"text-align: center;\"><strong>Accede al proyecto,\u00a0<a href=\"http:\/\/afasiaarchzine.com\/2017\/01\/rcr-21\/\" target=\"_blank\">AQU\u00cd<\/a><\/strong><\/p>\n<p><strong>\u00a0<\/strong><\/p>\n<p>&nbsp;<\/p>\n<p style=\"text-align: justify;\"><span style=\"color: #999999;\"><em>Noticia seleccionada por el Canal de arquitectura STEPIENYBARNO.\u00a0<\/em><\/span><\/p>\n<p style=\"text-align: justify;\"><a href=\"https:\/\/twitter.com\/stepienybarno\"><em>STEPIENYBARNO EN TWITTER _ @stepienybarno<\/em><\/a><\/p>\n<p style=\"text-align: justify;\"><a href=\"http:\/\/www.linkedin.com\/company\/stepienybarno\"><em>STEPIENYBARNO EN LINKEDIN<\/em><\/a><\/p>\n<p style=\"text-align: justify;\"><a href=\"https:\/\/www.facebook.com\/StepienybarnoCANAL\"><em>STEPIENYBARNO EN FACEBOOK<\/em><\/a><\/p>\n<p style=\"text-align: justify;\"><span style=\"color: #999999;\"><em>*Stepienybarno est\u00e1 formado por Agnieszka Stepien y Lorenzo Barn\u00f3 y desde mayo del 2009 estamos en la red con\u00a0 la presente publicaci\u00f3n digital (Blog) de arquitectura.<\/em><\/span><\/p>\n<p style=\"text-align: justify;\"><span style=\"color: #999999;\"><em>Nuestra actividad se sustenta en tres pilares b\u00e1sicos: la investigaci\u00f3n, la publicaci\u00f3n (comunicaci\u00f3n y difusi\u00f3n) y la redacci\u00f3n de proyectos de arquitectura.<\/em><\/span><\/p>\n<p style=\"text-align: justify;\"><span style=\"color: #999999;\"><em>A su vez, somos socios cofundadores de<\/em><\/span><em>\u00a0<\/em><a href=\"http:\/\/sinergiasostenible.org\/\"><em>SINERGIA SOSTENIBLE<\/em><\/a><span style=\"color: #999999;\"><em>, redactores de<\/em><\/span><em>\u00a0<\/em><a href=\"http:\/\/www.laciudadviva.org\/blogs\/?author=45\"><em>LA CIUDAD VIVA<\/em><\/a><em>\u00a0<\/em><span style=\"color: #999999;\"><em>y directores del blog de<\/em><\/span><em>\u00a0<\/em><a href=\"http:\/\/blogfundacion.arquia.es\/\"><em>FUNDACI\u00d3N ARQUIA<\/em><\/a><span style=\"color: #999999;\"><em>.<\/em><\/span><\/p>\n<p style=\"text-align: justify;\"><span style=\"color: #999999;\"><em>* Los editores de esta publicaci\u00f3n digital no nos hacemos cargo de de los comentarios y\u00a0 conceptos vertidos en los textos firmados por otras personas, siendo \u00e9stos de responsabilidad exclusiva de sus autores.<\/em><\/span><\/p>\n<p style=\"text-align: justify;\"><span style=\"color: #999999;\"><em>* Tu comentario podr\u00e1 ser moderado, por lo tanto, aunque aparezca inmediatamente al ser publicado en la entrada, los editores de esta publicaci\u00f3n digital nos reservamos el derecho tanto de editarlo (si fuera necesario, para hacerlo m\u00e1s legible) como de eliminarlo en el caso de que se usen expresiones incorrectas (descalificaciones, palabras malsonantes\u2026). A su vez, si quieres comentar desde el anonimato puedes hacerlo, aunque, nosotros personalmente, agradecemos que tod@s nos podamos identificar.<\/em><\/span><\/p>\n","protected":false},"excerpt":{"rendered":"<p>Por RCR Arquitectes\u00a0\u00a0 Fotograf\u00eda Amaury Henderick\u00a0Michiel Devijver\u00a0 Gentcement Desde Afasia<\/p>\n","protected":false},"author":9,"featured_media":26093,"comment_status":"open","ping_status":"closed","sticky":false,"template":"","format":"standard","meta":{"om_disable_all_campaigns":false,"_monsterinsights_skip_tracking":false,"_monsterinsights_sitenote_active":false,"_monsterinsights_sitenote_note":"","_monsterinsights_sitenote_category":0,"_uf_show_specific_survey":0,"_uf_disable_surveys":false,"episode_type":"","audio_file":"","cover_image":"","cover_image_id":"","duration":"","filesize":"","date_recorded":"","explicit":"","block":"","filesize_raw":"","footnotes":""},"categories":[3197,244],"tags":[4277,3505,5063,5065,5064,5062],"series":[],"class_list":["post-26088","post","type-post","status-publish","format-standard","has-post-thumbnail","hentry","category-proyectodeldia","category-canal-de-arquitectura","tag-proyecto-de-arquitectura-del-dia","tag-afasia-archzine","tag-amaury-henderick","tag-gentcement","tag-michiel-devijver","tag-rcr-arquitectes"],"aioseo_notices":[],"episode_featured_image":"https:\/\/stepienybarno.es\/blog\/wp-content\/uploads\/2017\/01\/stepienybarno-stepien-y-barno-arquitectura-afasia-archzine-rcr-arquitectes.jpg","episode_player_image":"https:\/\/stepienybarno.es\/blog\/wp-content\/uploads\/2020\/11\/stepienybarno-podcast-scaled.jpg","download_link":"","player_link":"","audio_player":false,"episode_data":{"playerMode":"dark","subscribeUrls":[],"rssFeedUrl":"https:\/\/stepienybarno.es\/blog\/feed\/podcast\/podcast-de-stepienybarno","embedCode":"<blockquote class=\"wp-embedded-content\" data-secret=\"AdQwTY6IXX\"><a href=\"https:\/\/stepienybarno.es\/blog\/2017\/01\/17\/de-krook-proyectodeldia\/\">DE KROOK #ProyectoDelD\u00eda<\/a><\/blockquote><iframe sandbox=\"allow-scripts\" security=\"restricted\" src=\"https:\/\/stepienybarno.es\/blog\/2017\/01\/17\/de-krook-proyectodeldia\/embed\/#?secret=AdQwTY6IXX\" width=\"500\" height=\"350\" title=\"\u00abDE KROOK #ProyectoDelD\u00eda\u00bb \u2014 Blog de STEPIEN Y BARNO - publicaci\u00f3n digital sobre arquitectura\" data-secret=\"AdQwTY6IXX\" frameborder=\"0\" marginwidth=\"0\" marginheight=\"0\" scrolling=\"no\" class=\"wp-embedded-content\"><\/iframe><script type=\"text\/javascript\">\n\/* <![CDATA[ *\/\n\/*! This file is auto-generated *\/\n!function(d,l){\"use strict\";l.querySelector&&d.addEventListener&&\"undefined\"!=typeof URL&&(d.wp=d.wp||{},d.wp.receiveEmbedMessage||(d.wp.receiveEmbedMessage=function(e){var t=e.data;if((t||t.secret||t.message||t.value)&&!\/[^a-zA-Z0-9]\/.test(t.secret)){for(var s,r,n,a=l.querySelectorAll('iframe[data-secret=\"'+t.secret+'\"]'),o=l.querySelectorAll('blockquote[data-secret=\"'+t.secret+'\"]'),c=new RegExp(\"^https?:$\",\"i\"),i=0;i<o.length;i++)o[i].style.display=\"none\";for(i=0;i<a.length;i++)s=a[i],e.source===s.contentWindow&&(s.removeAttribute(\"style\"),\"height\"===t.message?(1e3<(r=parseInt(t.value,10))?r=1e3:~~r<200&&(r=200),s.height=r):\"link\"===t.message&&(r=new URL(s.getAttribute(\"src\")),n=new URL(t.value),c.test(n.protocol))&&n.host===r.host&&l.activeElement===s&&(d.top.location.href=t.value))}},d.addEventListener(\"message\",d.wp.receiveEmbedMessage,!1),l.addEventListener(\"DOMContentLoaded\",function(){for(var e,t,s=l.querySelectorAll(\"iframe.wp-embedded-content\"),r=0;r<s.length;r++)(t=(e=s[r]).getAttribute(\"data-secret\"))||(t=Math.random().toString(36).substring(2,12),e.src+=\"#?secret=\"+t,e.setAttribute(\"data-secret\",t)),e.contentWindow.postMessage({message:\"ready\",secret:t},\"*\")},!1)))}(window,document);\n\/* ]]> *\/\n<\/script>\n"},"_links":{"self":[{"href":"https:\/\/stepienybarno.es\/blog\/wp-json\/wp\/v2\/posts\/26088"}],"collection":[{"href":"https:\/\/stepienybarno.es\/blog\/wp-json\/wp\/v2\/posts"}],"about":[{"href":"https:\/\/stepienybarno.es\/blog\/wp-json\/wp\/v2\/types\/post"}],"author":[{"embeddable":true,"href":"https:\/\/stepienybarno.es\/blog\/wp-json\/wp\/v2\/users\/9"}],"replies":[{"embeddable":true,"href":"https:\/\/stepienybarno.es\/blog\/wp-json\/wp\/v2\/comments?post=26088"}],"version-history":[{"count":1,"href":"https:\/\/stepienybarno.es\/blog\/wp-json\/wp\/v2\/posts\/26088\/revisions"}],"predecessor-version":[{"id":26094,"href":"https:\/\/stepienybarno.es\/blog\/wp-json\/wp\/v2\/posts\/26088\/revisions\/26094"}],"wp:featuredmedia":[{"embeddable":true,"href":"https:\/\/stepienybarno.es\/blog\/wp-json\/wp\/v2\/media\/26093"}],"wp:attachment":[{"href":"https:\/\/stepienybarno.es\/blog\/wp-json\/wp\/v2\/media?parent=26088"}],"wp:term":[{"taxonomy":"category","embeddable":true,"href":"https:\/\/stepienybarno.es\/blog\/wp-json\/wp\/v2\/categories?post=26088"},{"taxonomy":"post_tag","embeddable":true,"href":"https:\/\/stepienybarno.es\/blog\/wp-json\/wp\/v2\/tags?post=26088"},{"taxonomy":"series","embeddable":true,"href":"https:\/\/stepienybarno.es\/blog\/wp-json\/wp\/v2\/series?post=26088"}],"curies":[{"name":"wp","href":"https:\/\/api.w.org\/{rel}","templated":true}]}}