{"id":26131,"date":"2017-01-18T19:21:23","date_gmt":"2017-01-18T17:21:23","guid":{"rendered":"https:\/\/www.stepienybarno.es\/blog\/?p=26131"},"modified":"2017-01-18T19:02:39","modified_gmt":"2017-01-18T17:02:39","slug":"el-sentido-de-las-cosas-una-conversacion-con-alvaro-siza","status":"publish","type":"post","link":"https:\/\/stepienybarno.es\/blog\/2017\/01\/18\/el-sentido-de-las-cosas-una-conversacion-con-alvaro-siza\/","title":{"rendered":"EL SENTIDO DE LAS COSAS. UNA CONVERSACI\u00d3N CON \u00c1LVARO SIZA"},"content":{"rendered":"<p><img loading=\"lazy\" decoding=\"async\" class=\"aligncenter size-full wp-image-26132\" src=\"https:\/\/stepienybarno.es\/blog\/wp-content\/uploads\/2017\/01\/stepienybarno-stepien-y-barno-arquitectura-juan-domingo-santos-alvaro-siza-cuatrocuadernos-cuatro-cuadernos.jpg\" alt=\"stepienybarno-stepien-y-barno-arquitectura-juan-domingo-santos-alvaro-siza-cuatrocuadernos-cuatro-cuadernos\" width=\"500\" height=\"457\" srcset=\"https:\/\/stepienybarno.es\/blog\/wp-content\/uploads\/2017\/01\/stepienybarno-stepien-y-barno-arquitectura-juan-domingo-santos-alvaro-siza-cuatrocuadernos-cuatro-cuadernos.jpg 500w, https:\/\/stepienybarno.es\/blog\/wp-content\/uploads\/2017\/01\/stepienybarno-stepien-y-barno-arquitectura-juan-domingo-santos-alvaro-siza-cuatrocuadernos-cuatro-cuadernos-180x165.jpg 180w, https:\/\/stepienybarno.es\/blog\/wp-content\/uploads\/2017\/01\/stepienybarno-stepien-y-barno-arquitectura-juan-domingo-santos-alvaro-siza-cuatrocuadernos-cuatro-cuadernos-316x289.jpg 316w\" sizes=\"(max-width: 500px) 100vw, 500px\" \/><\/p>\n<p><strong>Por Juan Domingo Santos<\/strong><\/p>\n<p><strong>Desde <a href=\"https:\/\/cuatrocuadernos.wordpress.com\/\" target=\"_blank\">Cuatro Cuadernos<\/a><\/strong><\/p>\n<p><!--more--><\/p>\n<p style=\"text-align: justify;\">\u201cConoc\u00ed la obra de \u00c1lvaro Siza ojeando al azar un libro que casualmente cay\u00f3 en mis manos en la biblioteca de la escuela de arquitectura cuando a\u00fan era estudiante. De aquel encuentro recuerdo especialmente la fascinaci\u00f3n que me produjo la imagen de unas piscinas de agua excavadas en la roca, inundadas con agua de mar al subir la marea. Han pasado veinticinco a\u00f1os y hoy a\u00fan permanece viva aquella extra\u00f1a sensaci\u00f3n de un lugar sin l\u00edmites, un territorio difuso invadido por el agua, donde la tierra y el mar adquieren formas diferentes. No he podido evitar este recuerdo al preparar esta entrevista, ni las muchas veces que le he escuchado hablarme de lo presente que est\u00e1n sus primeras ideas en sus \u00faltimos trabajos.<\/p>\n<p style=\"text-align: justify;\">Siempre he pensado que la principal inquietud de \u00c1lvaro Siza ha sido aventurarse a descubrir los fr\u00e1giles encuentros donde las cosas se lanzan se\u00f1ales unas a otras, inducidas a vivir en permanente relaci\u00f3n parecen hallar as\u00ed con naturalidad su sentido. Viendo la obra de \u00c1lvaro Siza se tiene la sensaci\u00f3n de que un proyecto nace de una necesidad, de un desequilibrio, o de un vac\u00edo por explorar. Seguramente construir sea investigar de manera desinhibida en el campo de las relaciones, de ah\u00ed que su obra surja del encuentro y siempre con alguna sorpresa o descubrimiento.<\/p>\n<p style=\"text-align: justify;\">He colaborado con \u00c1lvaro Siza y he podido comprobar que cada uno de sus trabajos es una mirada introspectiva que nace desde el interior, una mirada inquieta que saca a la luz relaciones insospechadas, invisibles a simple vista. Sus proyectos son lecturas creativas donde la inventiva procede de la transformaci\u00f3n. Me atrae especialmente la manera en que hace suyas las cosas hasta volverlas otras. Con un \u00e1nimo muy activo, incansable, vuela mentalmente por ellas, las interpreta, las transforma y las orienta en m\u00faltiples direcciones. Con la imaginaci\u00f3n las reescribe haci\u00e9ndonos creer que su historia est\u00e1 tejida de casualidades (\u2026)\u201d<\/p>\n<p>&nbsp;<\/p>\n<p style=\"text-align: center;\"><strong>Accede al art\u00edculo,\u00a0<a href=\"https:\/\/cuatrocuadernos.wordpress.com\/2016\/12\/29\/sentido-cosas-alvaro-siza\/\" target=\"_blank\">AQU\u00cd<\/a><\/strong><\/p>\n<p><strong>\u00a0<\/strong><\/p>\n<p>&nbsp;<\/p>\n<p style=\"text-align: justify;\"><span style=\"color: #999999;\"><em>Noticia seleccionada por el Canal de arquitectura STEPIENYBARNO.\u00a0<\/em><\/span><\/p>\n<p style=\"text-align: justify;\"><a href=\"https:\/\/twitter.com\/stepienybarno\">STEPIENYBARNO EN TWITTER _ @stepienybarno<\/a><\/p>\n<p style=\"text-align: justify;\"><a href=\"http:\/\/www.linkedin.com\/company\/stepienybarno\"><em>STEPIENYBARNO EN LINKEDIN<\/em><\/a><\/p>\n<p style=\"text-align: justify;\"><a href=\"https:\/\/www.facebook.com\/StepienybarnoCANAL\">STEPIENYBARNO EN FACEBOOK<\/a><\/p>\n<p style=\"text-align: justify;\"><span style=\"color: #999999;\"><em>*Stepienybarno est\u00e1 formado por Agnieszka Stepien y Lorenzo Barn\u00f3 y desde mayo del 2009 estamos en la red con\u00a0 la presente publicaci\u00f3n digital (Blog) de arquitectura.<\/em><\/span><\/p>\n<p style=\"text-align: justify;\"><span style=\"color: #999999;\"><em>Nuestra actividad se sustenta en tres pilares b\u00e1sicos: la investigaci\u00f3n, la publicaci\u00f3n (comunicaci\u00f3n y difusi\u00f3n) y la redacci\u00f3n de proyectos de arquitectura.<\/em><\/span><\/p>\n<p style=\"text-align: justify;\"><span style=\"color: #999999;\"><em>A su vez, somos socios cofundadores de<\/em><\/span><em>\u00a0<\/em><a href=\"http:\/\/sinergiasostenible.org\/\">SINERGIA SOSTENIBLE<\/a><span style=\"color: #999999;\"><em>, redactores de<\/em><em>\u00a0<\/em><\/span><a href=\"http:\/\/www.laciudadviva.org\/blogs\/?author=45\">LA CIUDAD VIVA<\/a><span style=\"color: #999999;\"><em>\u00a0<\/em><em>y directores del blog de<\/em><em>\u00a0<\/em><\/span><a href=\"http:\/\/blogfundacion.arquia.es\/\">FUNDACI\u00d3N ARQUIA<\/a><span style=\"color: #999999;\"><em>.<\/em><\/span><\/p>\n<p style=\"text-align: justify;\"><span style=\"color: #999999;\"><em>* Los editores de esta publicaci\u00f3n digital no nos hacemos cargo de de los comentarios y\u00a0 conceptos vertidos en los textos firmados por otras personas, siendo \u00e9stos de responsabilidad exclusiva de sus autores.<\/em><\/span><\/p>\n<p style=\"text-align: justify;\"><span style=\"color: #999999;\"><em>* Tu comentario podr\u00e1 ser moderado, por lo tanto, aunque aparezca inmediatamente al ser publicado en la entrada, los editores de esta publicaci\u00f3n digital nos reservamos el derecho tanto de editarlo (si fuera necesario, para hacerlo m\u00e1s legible) como de eliminarlo en el caso de que se usen expresiones incorrectas (descalificaciones, palabras malsonantes\u2026). A su vez, si quieres comentar desde el anonimato puedes hacerlo, aunque, nosotros personalmente, agradecemos que tod@s nos podamos identificar.<\/em><\/span><\/p>\n","protected":false},"excerpt":{"rendered":"<p>Por Juan Domingo Santos Desde Cuatro Cuadernos<\/p>\n","protected":false},"author":9,"featured_media":26132,"comment_status":"open","ping_status":"closed","sticky":false,"template":"","format":"standard","meta":{"om_disable_all_campaigns":false,"_monsterinsights_skip_tracking":false,"_monsterinsights_sitenote_active":false,"_monsterinsights_sitenote_note":"","_monsterinsights_sitenote_category":0,"_uf_show_specific_survey":0,"_uf_disable_surveys":false,"episode_type":"","audio_file":"","cover_image":"","cover_image_id":"","duration":"","filesize":"","date_recorded":"","explicit":"","block":"","filesize_raw":"","footnotes":""},"categories":[244],"tags":[121,3590,648],"series":[],"class_list":["post-26131","post","type-post","status-publish","format-standard","has-post-thumbnail","hentry","category-canal-de-arquitectura","tag-alvaro-siza","tag-cuatro-cuadernos","tag-juan-domingo-santos"],"aioseo_notices":[],"episode_featured_image":"https:\/\/stepienybarno.es\/blog\/wp-content\/uploads\/2017\/01\/stepienybarno-stepien-y-barno-arquitectura-juan-domingo-santos-alvaro-siza-cuatrocuadernos-cuatro-cuadernos.jpg","episode_player_image":"https:\/\/stepienybarno.es\/blog\/wp-content\/uploads\/2020\/11\/stepienybarno-podcast-scaled.jpg","download_link":"","player_link":"","audio_player":false,"episode_data":{"playerMode":"dark","subscribeUrls":[],"rssFeedUrl":"https:\/\/stepienybarno.es\/blog\/feed\/podcast\/podcast-de-stepienybarno","embedCode":"<blockquote class=\"wp-embedded-content\" data-secret=\"olmDWaMlnp\"><a href=\"https:\/\/stepienybarno.es\/blog\/2017\/01\/18\/el-sentido-de-las-cosas-una-conversacion-con-alvaro-siza\/\">EL SENTIDO DE LAS COSAS. UNA CONVERSACI\u00d3N CON \u00c1LVARO SIZA<\/a><\/blockquote><iframe sandbox=\"allow-scripts\" security=\"restricted\" src=\"https:\/\/stepienybarno.es\/blog\/2017\/01\/18\/el-sentido-de-las-cosas-una-conversacion-con-alvaro-siza\/embed\/#?secret=olmDWaMlnp\" width=\"500\" height=\"350\" title=\"\u00abEL SENTIDO DE LAS COSAS. UNA CONVERSACI\u00d3N CON \u00c1LVARO SIZA\u00bb \u2014 Blog de STEPIEN Y BARNO - publicaci\u00f3n digital sobre arquitectura\" data-secret=\"olmDWaMlnp\" frameborder=\"0\" marginwidth=\"0\" marginheight=\"0\" scrolling=\"no\" class=\"wp-embedded-content\"><\/iframe><script type=\"text\/javascript\">\n\/* <![CDATA[ *\/\n\/*! This file is auto-generated *\/\n!function(d,l){\"use strict\";l.querySelector&&d.addEventListener&&\"undefined\"!=typeof URL&&(d.wp=d.wp||{},d.wp.receiveEmbedMessage||(d.wp.receiveEmbedMessage=function(e){var t=e.data;if((t||t.secret||t.message||t.value)&&!\/[^a-zA-Z0-9]\/.test(t.secret)){for(var s,r,n,a=l.querySelectorAll('iframe[data-secret=\"'+t.secret+'\"]'),o=l.querySelectorAll('blockquote[data-secret=\"'+t.secret+'\"]'),c=new RegExp(\"^https?:$\",\"i\"),i=0;i<o.length;i++)o[i].style.display=\"none\";for(i=0;i<a.length;i++)s=a[i],e.source===s.contentWindow&&(s.removeAttribute(\"style\"),\"height\"===t.message?(1e3<(r=parseInt(t.value,10))?r=1e3:~~r<200&&(r=200),s.height=r):\"link\"===t.message&&(r=new URL(s.getAttribute(\"src\")),n=new URL(t.value),c.test(n.protocol))&&n.host===r.host&&l.activeElement===s&&(d.top.location.href=t.value))}},d.addEventListener(\"message\",d.wp.receiveEmbedMessage,!1),l.addEventListener(\"DOMContentLoaded\",function(){for(var e,t,s=l.querySelectorAll(\"iframe.wp-embedded-content\"),r=0;r<s.length;r++)(t=(e=s[r]).getAttribute(\"data-secret\"))||(t=Math.random().toString(36).substring(2,12),e.src+=\"#?secret=\"+t,e.setAttribute(\"data-secret\",t)),e.contentWindow.postMessage({message:\"ready\",secret:t},\"*\")},!1)))}(window,document);\n\/* ]]> *\/\n<\/script>\n"},"_links":{"self":[{"href":"https:\/\/stepienybarno.es\/blog\/wp-json\/wp\/v2\/posts\/26131"}],"collection":[{"href":"https:\/\/stepienybarno.es\/blog\/wp-json\/wp\/v2\/posts"}],"about":[{"href":"https:\/\/stepienybarno.es\/blog\/wp-json\/wp\/v2\/types\/post"}],"author":[{"embeddable":true,"href":"https:\/\/stepienybarno.es\/blog\/wp-json\/wp\/v2\/users\/9"}],"replies":[{"embeddable":true,"href":"https:\/\/stepienybarno.es\/blog\/wp-json\/wp\/v2\/comments?post=26131"}],"version-history":[{"count":1,"href":"https:\/\/stepienybarno.es\/blog\/wp-json\/wp\/v2\/posts\/26131\/revisions"}],"predecessor-version":[{"id":26133,"href":"https:\/\/stepienybarno.es\/blog\/wp-json\/wp\/v2\/posts\/26131\/revisions\/26133"}],"wp:featuredmedia":[{"embeddable":true,"href":"https:\/\/stepienybarno.es\/blog\/wp-json\/wp\/v2\/media\/26132"}],"wp:attachment":[{"href":"https:\/\/stepienybarno.es\/blog\/wp-json\/wp\/v2\/media?parent=26131"}],"wp:term":[{"taxonomy":"category","embeddable":true,"href":"https:\/\/stepienybarno.es\/blog\/wp-json\/wp\/v2\/categories?post=26131"},{"taxonomy":"post_tag","embeddable":true,"href":"https:\/\/stepienybarno.es\/blog\/wp-json\/wp\/v2\/tags?post=26131"},{"taxonomy":"series","embeddable":true,"href":"https:\/\/stepienybarno.es\/blog\/wp-json\/wp\/v2\/series?post=26131"}],"curies":[{"name":"wp","href":"https:\/\/api.w.org\/{rel}","templated":true}]}}