{"id":26313,"date":"2017-02-01T09:21:30","date_gmt":"2017-02-01T07:21:30","guid":{"rendered":"https:\/\/www.stepienybarno.es\/blog\/?p=26313"},"modified":"2017-01-31T14:00:42","modified_gmt":"2017-01-31T12:00:42","slug":"villa-stein-le-corbusier","status":"publish","type":"post","link":"https:\/\/stepienybarno.es\/blog\/2017\/02\/01\/villa-stein-le-corbusier\/","title":{"rendered":"VILLA STEIN"},"content":{"rendered":"<p><img loading=\"lazy\" decoding=\"async\" class=\"aligncenter size-full wp-image-26314\" src=\"https:\/\/stepienybarno.es\/blog\/wp-content\/uploads\/2017\/01\/Stepienybarno-stepien-y-barno-blog-arquitectura-issuu-villa-stein-lecorbusier-le-corbusier.jpg\" alt=\"Stepienybarno-stepien-y-barno-blog-arquitectura-issuu-villa-stein-lecorbusier-le-corbusier\" width=\"500\" height=\"318\" srcset=\"https:\/\/stepienybarno.es\/blog\/wp-content\/uploads\/2017\/01\/Stepienybarno-stepien-y-barno-blog-arquitectura-issuu-villa-stein-lecorbusier-le-corbusier.jpg 500w, https:\/\/stepienybarno.es\/blog\/wp-content\/uploads\/2017\/01\/Stepienybarno-stepien-y-barno-blog-arquitectura-issuu-villa-stein-lecorbusier-le-corbusier-180x114.jpg 180w, https:\/\/stepienybarno.es\/blog\/wp-content\/uploads\/2017\/01\/Stepienybarno-stepien-y-barno-blog-arquitectura-issuu-villa-stein-lecorbusier-le-corbusier-316x201.jpg 316w\" sizes=\"(max-width: 500px) 100vw, 500px\" \/><\/p>\n<p><strong>Por Mariona Marqu\u00e9s, Laura Vilarrasa, J\u00falia Barberan<\/strong><\/p>\n<p><!--more--><\/p>\n<p>\u201cA\u00f1os 20, Francia.<\/p>\n<p>Hab\u00eda terminado la Primera Guerra Mundial y se desat\u00f3 la imaginaci\u00f3n de los artistas que escogieron Par\u00eds por sus econ\u00f3micas condiciones de vida y las facilidades que se ofrec\u00edan a la expansi\u00f3n cultural. Muchos norteamericanos acudieron al foco cegados por la vieja Europa liberal que lo aceptaba todo, lejos de los Estados Unidos de la prohibici\u00f3n, el puritanismo, &#8230;<\/p>\n<p>Fue una era donde se enfatiz\u00f3 la importancia del subconsciente y la irracionalidad, se manifest\u00f3 una realidad diversa a lo evidente. Fue un tiempo de ruptura de tradiciones y de invenci\u00f3n sin medida. Ello conincidi\u00f3 con los avances cient\u00edficos y tecnol\u00f3gicos que permitieron considerar otros puntos de vista e la expresi\u00f3n art\u00edstica.<\/p>\n<p>La masacre de la Segunda Guerra Mundial termin\u00f3 con aquella era feliz y despreocupada, con la fiesta perpetua de la imaginaci\u00f3n.<\/p>\n<p>Por las fechas, Le Corbusier empez\u00f3 a trabajar en la casa en la primavera de 1926 y la familia Stein ya pudo mudarse a la casa finalizada e 1928.<\/p>\n<p>Es en esta \u00e9poca, concretamente en 1926 cuando el arquitecto formula los 5 puntos de la arquitectura moderna.<\/p>\n<p>Unas 5 propuestas muy innovadoras para la \u00e9poca, que fueron posibles gracias a las nuevas tecnolog\u00edas constructivas del momento, como el uso del hormig\u00f3n armado para viviendas. Podr\u00edamos decir que estos cinco puntos se convirtieron en el credo de la arquitectura moderna (\u2026)\u201d<\/p>\n<p>&nbsp;<\/p>\n<p><strong>\u00a0<\/strong><\/p>\n<p style=\"text-align: center;\"><strong>Accede al issu, <\/strong><strong><a href=\"https:\/\/issuu.com\/juliabarberanalmirall\/docs\/villastein?reader3=1\" target=\"_blank\">AQU\u00cd<\/a><\/strong><\/p>\n<p>&nbsp;<\/p>\n<p>&nbsp;<\/p>\n<p style=\"text-align: justify;\"><span style=\"color: #999999;\"><em>Noticia seleccionada por el Canal de arquitectura STEPIENYBARNO.\u00a0<\/em><\/span><\/p>\n<p style=\"text-align: justify;\"><a href=\"https:\/\/twitter.com\/stepienybarno\"><em>STEPIENYBARNO EN TWITTER _ @stepienybarno<\/em><\/a><\/p>\n<p style=\"text-align: justify;\"><a href=\"http:\/\/www.linkedin.com\/company\/stepienybarno\"><em>STEPIENYBARNO EN LINKEDIN<\/em><\/a><\/p>\n<p style=\"text-align: justify;\"><a href=\"https:\/\/www.facebook.com\/StepienybarnoCANAL\"><em>STEPIENYBARNO EN FACEBOOK<\/em><\/a><\/p>\n<p style=\"text-align: justify;\"><span style=\"color: #999999;\"><em>*Stepienybarno est\u00e1 formado por Agnieszka Stepien y Lorenzo Barn\u00f3 y desde mayo del 2009 estamos en la red con\u00a0 la presente publicaci\u00f3n digital (Blog) de arquitectura.<\/em><\/span><\/p>\n<p style=\"text-align: justify;\"><span style=\"color: #999999;\"><em>Nuestra actividad se sustenta en tres pilares b\u00e1sicos: la investigaci\u00f3n, la publicaci\u00f3n (comunicaci\u00f3n y difusi\u00f3n) y la redacci\u00f3n de proyectos de arquitectura.<\/em><\/span><\/p>\n<p style=\"text-align: justify;\"><span style=\"color: #999999;\"><em>A su vez, somos socios cofundadores de<\/em><\/span><em>\u00a0<\/em><a href=\"http:\/\/sinergiasostenible.org\/\"><em>SINERGIA SOSTENIBLE<\/em><\/a><span style=\"color: #999999;\"><em>, redactores de<\/em><em>\u00a0<\/em><\/span><a href=\"http:\/\/www.laciudadviva.org\/blogs\/?author=45\"><em>LA CIUDAD VIVA<\/em><\/a><em>\u00a0<\/em><span style=\"color: #999999;\"><em>y directores del blog de<\/em><\/span><em>\u00a0<\/em><a href=\"http:\/\/blogfundacion.arquia.es\/\"><em>FUNDACI\u00d3N ARQUIA<\/em><\/a><span style=\"color: #999999;\"><em>.<\/em><\/span><\/p>\n<p style=\"text-align: justify;\"><span style=\"color: #999999;\"><em>* Los editores de esta publicaci\u00f3n digital no nos hacemos cargo de de los comentarios y\u00a0 conceptos vertidos en los textos firmados por otras personas, siendo \u00e9stos de responsabilidad exclusiva de sus autores.<\/em><\/span><\/p>\n<p style=\"text-align: justify;\"><span style=\"color: #999999;\"><em>* Tu comentario podr\u00e1 ser moderado, por lo tanto, aunque aparezca inmediatamente al ser publicado en la entrada, los editores de esta publicaci\u00f3n digital nos reservamos el derecho tanto de editarlo (si fuera necesario, para hacerlo m\u00e1s legible) como de eliminarlo en el caso de que se usen expresiones incorrectas (descalificaciones, palabras malsonantes\u2026). A su vez, si quieres comentar desde el anonimato puedes hacerlo, aunque, nosotros personalmente, agradecemos que tod@s nos podamos identificar.<\/em><\/span><em>\u00a0<\/em><\/p>\n","protected":false},"excerpt":{"rendered":"<p>Por Mariona Marqu\u00e9s, Laura Vilarrasa, J\u00falia Barberan<\/p>\n","protected":false},"author":9,"featured_media":26314,"comment_status":"open","ping_status":"closed","sticky":false,"template":"","format":"standard","meta":{"om_disable_all_campaigns":false,"_monsterinsights_skip_tracking":false,"_monsterinsights_sitenote_active":false,"_monsterinsights_sitenote_note":"","_monsterinsights_sitenote_category":0,"_uf_show_specific_survey":0,"_uf_disable_surveys":false,"episode_type":"","audio_file":"","cover_image":"","cover_image_id":"","duration":"","filesize":"","date_recorded":"","explicit":"","block":"","filesize_raw":"","footnotes":""},"categories":[244],"tags":[5105,5104,503,5103,5106],"series":[],"class_list":["post-26313","post","type-post","status-publish","format-standard","has-post-thumbnail","hentry","category-canal-de-arquitectura","tag-julia-barberan","tag-laura-vilarrasa","tag-le-corbusier","tag-mariona-marques","tag-villa-stein"],"aioseo_notices":[],"episode_featured_image":"https:\/\/stepienybarno.es\/blog\/wp-content\/uploads\/2017\/01\/Stepienybarno-stepien-y-barno-blog-arquitectura-issuu-villa-stein-lecorbusier-le-corbusier.jpg","episode_player_image":"https:\/\/stepienybarno.es\/blog\/wp-content\/uploads\/2020\/11\/stepienybarno-podcast-scaled.jpg","download_link":"","player_link":"","audio_player":false,"episode_data":{"playerMode":"dark","subscribeUrls":[],"rssFeedUrl":"https:\/\/stepienybarno.es\/blog\/feed\/podcast\/podcast-de-stepienybarno","embedCode":"<blockquote class=\"wp-embedded-content\" data-secret=\"yktlrn1S5o\"><a href=\"https:\/\/stepienybarno.es\/blog\/2017\/02\/01\/villa-stein-le-corbusier\/\">VILLA STEIN<\/a><\/blockquote><iframe sandbox=\"allow-scripts\" security=\"restricted\" src=\"https:\/\/stepienybarno.es\/blog\/2017\/02\/01\/villa-stein-le-corbusier\/embed\/#?secret=yktlrn1S5o\" width=\"500\" height=\"350\" title=\"\u00abVILLA STEIN\u00bb \u2014 Blog de STEPIEN Y BARNO - publicaci\u00f3n digital sobre arquitectura\" data-secret=\"yktlrn1S5o\" frameborder=\"0\" marginwidth=\"0\" marginheight=\"0\" scrolling=\"no\" class=\"wp-embedded-content\"><\/iframe><script type=\"text\/javascript\">\n\/* <![CDATA[ *\/\n\/*! This file is auto-generated *\/\n!function(d,l){\"use strict\";l.querySelector&&d.addEventListener&&\"undefined\"!=typeof URL&&(d.wp=d.wp||{},d.wp.receiveEmbedMessage||(d.wp.receiveEmbedMessage=function(e){var t=e.data;if((t||t.secret||t.message||t.value)&&!\/[^a-zA-Z0-9]\/.test(t.secret)){for(var s,r,n,a=l.querySelectorAll('iframe[data-secret=\"'+t.secret+'\"]'),o=l.querySelectorAll('blockquote[data-secret=\"'+t.secret+'\"]'),c=new RegExp(\"^https?:$\",\"i\"),i=0;i<o.length;i++)o[i].style.display=\"none\";for(i=0;i<a.length;i++)s=a[i],e.source===s.contentWindow&&(s.removeAttribute(\"style\"),\"height\"===t.message?(1e3<(r=parseInt(t.value,10))?r=1e3:~~r<200&&(r=200),s.height=r):\"link\"===t.message&&(r=new URL(s.getAttribute(\"src\")),n=new URL(t.value),c.test(n.protocol))&&n.host===r.host&&l.activeElement===s&&(d.top.location.href=t.value))}},d.addEventListener(\"message\",d.wp.receiveEmbedMessage,!1),l.addEventListener(\"DOMContentLoaded\",function(){for(var e,t,s=l.querySelectorAll(\"iframe.wp-embedded-content\"),r=0;r<s.length;r++)(t=(e=s[r]).getAttribute(\"data-secret\"))||(t=Math.random().toString(36).substring(2,12),e.src+=\"#?secret=\"+t,e.setAttribute(\"data-secret\",t)),e.contentWindow.postMessage({message:\"ready\",secret:t},\"*\")},!1)))}(window,document);\n\/* ]]> *\/\n<\/script>\n"},"_links":{"self":[{"href":"https:\/\/stepienybarno.es\/blog\/wp-json\/wp\/v2\/posts\/26313"}],"collection":[{"href":"https:\/\/stepienybarno.es\/blog\/wp-json\/wp\/v2\/posts"}],"about":[{"href":"https:\/\/stepienybarno.es\/blog\/wp-json\/wp\/v2\/types\/post"}],"author":[{"embeddable":true,"href":"https:\/\/stepienybarno.es\/blog\/wp-json\/wp\/v2\/users\/9"}],"replies":[{"embeddable":true,"href":"https:\/\/stepienybarno.es\/blog\/wp-json\/wp\/v2\/comments?post=26313"}],"version-history":[{"count":1,"href":"https:\/\/stepienybarno.es\/blog\/wp-json\/wp\/v2\/posts\/26313\/revisions"}],"predecessor-version":[{"id":26315,"href":"https:\/\/stepienybarno.es\/blog\/wp-json\/wp\/v2\/posts\/26313\/revisions\/26315"}],"wp:featuredmedia":[{"embeddable":true,"href":"https:\/\/stepienybarno.es\/blog\/wp-json\/wp\/v2\/media\/26314"}],"wp:attachment":[{"href":"https:\/\/stepienybarno.es\/blog\/wp-json\/wp\/v2\/media?parent=26313"}],"wp:term":[{"taxonomy":"category","embeddable":true,"href":"https:\/\/stepienybarno.es\/blog\/wp-json\/wp\/v2\/categories?post=26313"},{"taxonomy":"post_tag","embeddable":true,"href":"https:\/\/stepienybarno.es\/blog\/wp-json\/wp\/v2\/tags?post=26313"},{"taxonomy":"series","embeddable":true,"href":"https:\/\/stepienybarno.es\/blog\/wp-json\/wp\/v2\/series?post=26313"}],"curies":[{"name":"wp","href":"https:\/\/api.w.org\/{rel}","templated":true}]}}