{"id":26407,"date":"2017-02-06T09:39:14","date_gmt":"2017-02-06T07:39:14","guid":{"rendered":"https:\/\/www.stepienybarno.es\/blog\/?p=26407"},"modified":"2017-02-06T09:39:14","modified_gmt":"2017-02-06T07:39:14","slug":"que-queda-de-la-casa-guzman","status":"publish","type":"post","link":"https:\/\/stepienybarno.es\/blog\/2017\/02\/06\/que-queda-de-la-casa-guzman\/","title":{"rendered":"\u00bfQU\u00c9 QUEDA DE LA CASA GUZM\u00c1N?"},"content":{"rendered":"<p style=\"text-align: center;\"><img loading=\"lazy\" decoding=\"async\" class=\"alignnone size-full wp-image-26408\" src=\"https:\/\/stepienybarno.es\/blog\/wp-content\/uploads\/2017\/02\/Stepienybarno-blog-Casa-Guzm\u00e1n-por-Diego-Palomares-650.jpg\" alt=\"Stepienybarno-blog- Casa Guzm\u00e1n -por Diego Palomares 650\" width=\"650\" height=\"505\" srcset=\"https:\/\/stepienybarno.es\/blog\/wp-content\/uploads\/2017\/02\/Stepienybarno-blog-Casa-Guzm\u00e1n-por-Diego-Palomares-650.jpg 650w, https:\/\/stepienybarno.es\/blog\/wp-content\/uploads\/2017\/02\/Stepienybarno-blog-Casa-Guzm\u00e1n-por-Diego-Palomares-650-180x140.jpg 180w, https:\/\/stepienybarno.es\/blog\/wp-content\/uploads\/2017\/02\/Stepienybarno-blog-Casa-Guzm\u00e1n-por-Diego-Palomares-650-550x427.jpg 550w, https:\/\/stepienybarno.es\/blog\/wp-content\/uploads\/2017\/02\/Stepienybarno-blog-Casa-Guzm\u00e1n-por-Diego-Palomares-650-316x246.jpg 316w\" sizes=\"(max-width: 650px) 100vw, 650px\" \/><\/p>\n<p>Uno de los alumnos de la \u00faltima edici\u00f3n de nuestro curso de Identidad Digital para arquitectos, Diego Palomares, nos hace llegar este texto que puede ser de vuestro inter\u00e9s.<\/p>\n<p><!--more--><\/p>\n<p style=\"text-align: center;\">&#8230;&#8230;&#8230;&#8230;&#8230;&#8230;&#8230;&#8230;&#8230;&#8230;&#8230;&#8230;&#8230;&#8230;&#8230;&#8230;&#8230;&#8230;&#8230;&#8230;&#8230;&#8230;&#8230;&#8230;&#8230;&#8230;&#8230;&#8230;.<\/p>\n<p>Nos despertamos una ma\u00f1ana y la casa Guzm\u00e1n<a href=\"http:\/\/archivo.alejandrodelasota.org\/es\/original\/project\/141\">[1]<\/a> ya no estaba all\u00ed. La noticia nos sacudi\u00f3 a todos porque parec\u00eda que la casa hab\u00eda encontrado su sitio para siempre, que estaba anclada al mundo y que nada se la llevar\u00eda. Pero nos equivocamos. <strong>El hombre, hay que reconocer, es animal de equivocarse.<\/strong><\/p>\n<p>Cualquiera que nos viera podr\u00eda haberse preguntado que a cuento de qu\u00e9 ven\u00eda tanto revuelo. Que qu\u00e9 es esto de lamentarse por que suceda algo as\u00ed. Y puede que tuvieran raz\u00f3n. \u00bfSe habr\u00eda sorprendido tambi\u00e9n Alejandro de la Sota de la desaparici\u00f3n de la casa?<\/p>\n<p>Posiblemente no, o no tanto. O mucho m\u00e1s que nosotros. Aunque solo sea porque <strong>acostumbraba a adelantarse a lo extra\u00f1o y a superarlo<\/strong>. Pero sobre todo porque pensaba que la casa ten\u00eda que estar \u00edntimamente ligada a la vida, al tiempo, y luego a todo lo dem\u00e1s. Y en ese juego de fil\u00f3sofos[<a href=\"..\/..\/..\/..\/..\/..\/4.%20ID_%20aiddia\/2.%20CURSOS%20de%20ID\/2.%20ONLINE\/6.%20Curso%20online%20de%20Identidad%20Digital%20_%20diciembre%202016\/TRABAJOS%20_%20Curso%206\/TRABAJOS%20INDIVIDUALES\/Diego%20Palomares\/bit.ly\/WBW_EG\">2<\/a>], la primera ley es que <strong>lo material se va y la idea queda.\u00a0 <\/strong><\/p>\n<p>Sota quiso que la casa estuviera viva<a href=\"..\/..\/..\/..\/..\/..\/4.%20ID_%20aiddia\/2.%20CURSOS%20de%20ID\/2.%20ONLINE\/6.%20Curso%20online%20de%20Identidad%20Digital%20_%20diciembre%202016\/TRABAJOS%20_%20Curso%206\/TRABAJOS%20INDIVIDUALES\/Diego%20Palomares\/bit.ly\/ArchivoFundacionAS_CG_Tx\">[3]<\/a>. La dej\u00f3 siempre en un temblor. En un vaiv\u00e9n, un subibaja. En <strong>un equilibrio poco estable y complejo.<\/strong> M\u00e1s parecido al equilibrio de un m\u00f3vil de Calder que al de una balanza romana de un solo brazo.<\/p>\n<p><strong>Jos\u00e9 Manuel L\u00f3pez-Pel\u00e1ez<\/strong><a href=\"https:\/\/www.youtube.com\/watch?v=QBIQ-CTJSRA\">[4]<\/a>, en una conferencia reciente, contaba c\u00f3mo para Alejandro de la Sota este equilibrio fr\u00e1gil es un rasgo propio de la arquitectura moderna, que no es arquitectura para perdurar f\u00edsicamente en el tiempo, aunque la <strong>sobrevivan las ideas<\/strong> que la generaron.<\/p>\n<p>&nbsp;<\/p>\n<p>Entonces, \u00bfde la casa Guzm\u00e1n qu\u00e9 queda? \u00bfSu idea? Pues s\u00ed y no. O no s\u00f3lo eso. De la casa Guzm\u00e1n quedan sus ideas y cientos de huellas del proceso: planos, escritos, fotos que se conservan en su Fundaci\u00f3n [1] y en varias publicaciones.<\/p>\n<p>Afortunadamente queda tambi\u00e9n la casa Dom\u00ednguez<a href=\"..\/..\/..\/..\/..\/..\/4.%20ID_%20aiddia\/2.%20CURSOS%20de%20ID\/2.%20ONLINE\/6.%20Curso%20online%20de%20Identidad%20Digital%20_%20diciembre%202016\/TRABAJOS%20_%20Curso%206\/TRABAJOS%20INDIVIDUALES\/Diego%20Palomares\/bit.ly\/ArchivoFundacionAS_CD\">[5]<\/a>, La Caeyra, en Poio, como huella muy aproximada del primero de los tres proyectos que Sota propone para la casa de Algete. Los Guzm\u00e1n-Sagarminaga lo rechazaron con delicadeza y Sota lo guard\u00f3 en un caj\u00f3n hasta que se dieron las condiciones.<\/p>\n<p>Queda <strong>la casa del rector del Colegio Mayor C\u00e9sar Carlos<\/strong>, que es la vivienda que sirvi\u00f3, despu\u00e9s de varias aproximaciones fallidas y de una visita, como modelo para la casa que finalmente se construy\u00f3.<\/p>\n<p>Quedan recuerdos de quienes vivieron la casa, oyeron sus historias o de quienes pudimos visitarla y sal\u00edamos de all\u00ed sin saber qu\u00e9 era m\u00e1s extraordinario, la casa o sus habitantes.<\/p>\n<p>&nbsp;<\/p>\n<p>Podr\u00eda ser peor. Podr\u00eda no quedar nada.<strong> Pero los restos del desastre nos hacen preguntarnos si no existe alguna manera de\u00a0 encontrar un acuerdo entre la condici\u00f3n caduca de la arquitectura moderna y nuestra necesidad de su preservaci\u00f3n f\u00edsica en el tiempo<\/strong>. Querr\u00edamos encontrarla.<\/p>\n<p>Cuenta <strong>Ricardo Aroca<\/strong><a href=\"..\/..\/..\/..\/..\/..\/4.%20ID_%20aiddia\/2.%20CURSOS%20de%20ID\/2.%20ONLINE\/6.%20Curso%20online%20de%20Identidad%20Digital%20_%20diciembre%202016\/TRABAJOS%20_%20Curso%206\/TRABAJOS%20INDIVIDUALES\/Diego%20Palomares\/bit.ly\/arquitecturayestructura_raroca\">[6]<\/a> c\u00f3mo Ram\u00f3n V\u00e1zquez Molez\u00fan, amigo de Alejandro de la Sota, ten\u00eda una barquita en su casa de Bueu, en Pontevedra: La Roiba. No lejos de la casa Dom\u00ednguez. Cada a\u00f1o, el temporal da\u00f1aba la barquita y Molez\u00fan, muy ma\u00f1oso, la reparaba sustituyendo las tablillas peor tratadas por el mar.\u00a0 \u201cYo creo \u2013dec\u00eda con los a\u00f1os- que ya no queda ni una madera original, pero es la misma barca\u201d.<\/p>\n<p>Tal vez sea un camino. Advirtiendo que para que algo as\u00ed ocurra tiene que producirse antes lo extraordinario: que se establezca <strong>una relaci\u00f3n de afecto,<\/strong> un compromiso, un acuerdo muy \u00edntimo, entre quien quiere conservar y lo preservado.<\/p>\n<p><span style=\"color: #999999;\">\u00a0[o] Croquis de la Casa Guzm\u00e1n. Fuente: Fundaci\u00f3n Alejandro de la Sota<\/span><\/p>\n<p><span style=\"color: #999999;\">[1][bit.ly\/ArchivoFundacionAS_CG] Casa Guzm\u00e1n. Archivo original. Fundaci\u00f3n Alejandro de la Sota<\/span><\/p>\n<p><span style=\"color: #999999;\">[2] En una entrevista al Sr.Guzm\u00e1n, publicada en una revista suiza con motivo del fallecimiento del arquitecto, dec\u00eda de su amigo Alejandro que era un \u201cfil\u00f3sofo de la arquitectura\u201d. A lo mejor se refer\u00eda a cosas como estas.<\/span><\/p>\n<p><span style=\"color: #999999;\">[bit.ly\/WBW_EG] Werk, Bauen+Wohnen. Z\u00fcrich, Verlegergemeinschaft Werk, Bauen+Wohnen, Mayo 1997, n\u00famero 5<\/span><\/p>\n<p><span style=\"color: #999999;\">[3][bit.ly\/ArchivoFundacionAS_CG_Tx] Casa Guzm\u00e1n. Memoria. Archivo original. Fundaci\u00f3n Alejandro de la Sota<\/span><\/p>\n<p><span style=\"color: #999999;\">[4][bit.ly\/presencias_intensas_jmlp] Conferencia. \u201cPresencias Intensas.Tenacidad po\u00e9tica en la obra de Alejandro de la Sota\u201d. Jos\u00e9 Manuel L\u00f3pez-Pel\u00e1ez en la ETSA da Coru\u00f1a. Enero de 2017<\/span><\/p>\n<p><span style=\"color: #999999;\">[5][bit.ly\/ArchivoFundacionAS_CD] Casa Dom\u00ednguez. La Caeyra. Archivo original. Fundaci\u00f3n Alejandro de la Sota<\/span><\/p>\n<p><span style=\"color: #999999;\">[6][ bit.ly\/arquitecturayestructura_raroca] Conferencia. \u201cArquitectura y estructura\u201d. Ricardo Aroca en la ETSA de Madrid. Septiembre de 2015<\/span><\/p>\n<p><strong>\u00a0<\/strong><\/p>\n<h3 style=\"text-align: center;\"><strong>Autor del texto: Diego Palomares<\/strong><\/h3>\n<blockquote>\n<h5 style=\"text-align: center;\"><strong>Edici\u00f3n del post: <a href=\"https:\/\/stepienybarno.es\/blog\/2011\/09\/04\/las-fortalezas-del-arquitecto\/\">Stepienybarno<\/a> _ Agnieszka Stepien y Lorenzo Barn\u00f3<\/strong><\/h5>\n<p style=\"text-align: center;\">Y como siempre, si te gust\u00f3 el post,\u00a0estar\u00eda genial que lo compartas\u00a0en tus redes sociales.<\/p>\n<p style=\"text-align: center;\">A su vez, si todav\u00eda no est\u00e1s suscrito a nuestra Newsletter, te animamos a hacerlo en la casilla que tienes al terminar este art\u00edculo.<\/p>\n<\/blockquote>\n<p>&nbsp;<\/p>\n<p>* <em><span style=\"color: #999999;\">Este art\u00edculo ha sido escrito con car\u00e1cter divulgativo y sin ning\u00fan tipo de \u00e1nimo de lucro.<\/span><\/em><\/p>\n<p><em><span style=\"color: #999999;\"><a style=\"color: #999999;\" href=\"https:\/\/twitter.com\/stepienybarno\">STEPIENYBARNO EN TWITTER _ @stepienybarno<\/a><\/span><\/em><\/p>\n<p><em><span style=\"color: #999999;\"><a style=\"color: #999999;\" href=\"http:\/\/www.linkedin.com\/company\/stepienybarno\">STEPIENYBARNO EN LINKEDIN<\/a><\/span><\/em><\/p>\n<p><em><span style=\"color: #999999;\"><a style=\"color: #999999;\" href=\"https:\/\/www.facebook.com\/pages\/BLOG-DE-STEPIENYBARNO\/78001079029\">STEPIENYBARNO EN FACEBOOK<\/a><\/span><\/em><\/p>\n<p><em><span style=\"color: #999999;\">* <a style=\"color: #999999;\" href=\"https:\/\/stepienybarno.es\/blog\/2011\/09\/04\/las-fortalezas-del-arquitecto\/\">Stepienybarno<\/a> est\u00e1 formado por Agnieszka Stepien y Lorenzo Barn\u00f3 y desde mayo del 2009 estamos en la red con\u00a0 la presente publicaci\u00f3n digital (Blog) de arquitectura.<\/span><\/em><\/p>\n<p><em><span style=\"color: #999999;\">Nuestra actividad se sustenta en tres pilares b\u00e1sicos: la investigaci\u00f3n, la publicaci\u00f3n y la redacci\u00f3n de proyectos de arquitectura.<\/span><\/em><\/p>\n<p><em><span style=\"color: #999999;\">A su vez, somos socios cofundadores de <a style=\"color: #999999;\" href=\"http:\/\/sinergiasostenible.org\/\">SINERGIA SOSTENIBLE<\/a>, redactores de <a style=\"color: #999999;\" href=\"http:\/\/www.laciudadviva.org\/blogs\/?author=45\">LA CIUDAD VIVA<\/a> y directores del blog de FUNDACI\u00d3N ARQUIA.<\/span><\/em><\/p>\n<p><em><span style=\"color: #999999;\">* Los editores de esta publicaci\u00f3n digital no nos hacemos cargo de de los comentarios y\u00a0 conceptos vertidos en los textos firmados por otras personas, siendo \u00e9stos de responsabilidad exclusiva de sus autores.<\/span><\/em><\/p>\n<p><em><span style=\"color: #999999;\">* Tu comentario pudiera ser moderado, por lo tanto, aunque aparezca inmediatamente al ser publicado en la entrada, los editores de esta publicaci\u00f3n digital nos reservamos el derecho tanto de editarlo (si fuera necesario, para hacerlo m\u00e1s legible) como de eliminarlo en el caso de que se usen expresiones incorrectas (descalificaciones, palabras malsonantes\u2026). A su vez, si quieres comentar desde el anonimato puedes hacerlo, aunque, nosotros personalmente, agradecemos que tod@s nos podamos identificar.<\/span><\/em><\/p>\n","protected":false},"excerpt":{"rendered":"<p>Uno de los alumnos de la \u00faltima edici\u00f3n de nuestro<\/p>\n","protected":false},"author":2,"featured_media":26408,"comment_status":"open","ping_status":"closed","sticky":false,"template":"","format":"standard","meta":{"om_disable_all_campaigns":false,"_monsterinsights_skip_tracking":false,"_monsterinsights_sitenote_active":false,"_monsterinsights_sitenote_note":"","_monsterinsights_sitenote_category":0,"_uf_show_specific_survey":0,"_uf_disable_surveys":false,"episode_type":"","audio_file":"","cover_image":"","cover_image_id":"","duration":"","filesize":"","date_recorded":"","explicit":"","block":"","filesize_raw":"","footnotes":""},"categories":[244],"tags":[598,5061,5123],"series":[],"class_list":["post-26407","post","type-post","status-publish","format-standard","has-post-thumbnail","hentry","category-canal-de-arquitectura","tag-alejandro-de-la-sota","tag-casa-guzman","tag-diego-palomares"],"aioseo_notices":[],"episode_featured_image":"https:\/\/stepienybarno.es\/blog\/wp-content\/uploads\/2017\/02\/Stepienybarno-blog-Casa-Guzm\u00e1n-por-Diego-Palomares-650.jpg","episode_player_image":"https:\/\/stepienybarno.es\/blog\/wp-content\/uploads\/2020\/11\/stepienybarno-podcast-scaled.jpg","download_link":"","player_link":"","audio_player":false,"episode_data":{"playerMode":"dark","subscribeUrls":[],"rssFeedUrl":"https:\/\/stepienybarno.es\/blog\/feed\/podcast\/podcast-de-stepienybarno","embedCode":"<blockquote class=\"wp-embedded-content\" data-secret=\"F2CxOuDjEu\"><a href=\"https:\/\/stepienybarno.es\/blog\/2017\/02\/06\/que-queda-de-la-casa-guzman\/\">\u00bfQU\u00c9 QUEDA DE LA CASA GUZM\u00c1N?<\/a><\/blockquote><iframe sandbox=\"allow-scripts\" security=\"restricted\" src=\"https:\/\/stepienybarno.es\/blog\/2017\/02\/06\/que-queda-de-la-casa-guzman\/embed\/#?secret=F2CxOuDjEu\" width=\"500\" height=\"350\" title=\"\u00ab\u00bfQU\u00c9 QUEDA DE LA CASA GUZM\u00c1N?\u00bb \u2014 Blog de STEPIEN Y BARNO - publicaci\u00f3n digital sobre arquitectura\" data-secret=\"F2CxOuDjEu\" frameborder=\"0\" marginwidth=\"0\" marginheight=\"0\" scrolling=\"no\" class=\"wp-embedded-content\"><\/iframe><script type=\"text\/javascript\">\n\/* <![CDATA[ *\/\n\/*! This file is auto-generated *\/\n!function(d,l){\"use strict\";l.querySelector&&d.addEventListener&&\"undefined\"!=typeof URL&&(d.wp=d.wp||{},d.wp.receiveEmbedMessage||(d.wp.receiveEmbedMessage=function(e){var t=e.data;if((t||t.secret||t.message||t.value)&&!\/[^a-zA-Z0-9]\/.test(t.secret)){for(var s,r,n,a=l.querySelectorAll('iframe[data-secret=\"'+t.secret+'\"]'),o=l.querySelectorAll('blockquote[data-secret=\"'+t.secret+'\"]'),c=new RegExp(\"^https?:$\",\"i\"),i=0;i<o.length;i++)o[i].style.display=\"none\";for(i=0;i<a.length;i++)s=a[i],e.source===s.contentWindow&&(s.removeAttribute(\"style\"),\"height\"===t.message?(1e3<(r=parseInt(t.value,10))?r=1e3:~~r<200&&(r=200),s.height=r):\"link\"===t.message&&(r=new URL(s.getAttribute(\"src\")),n=new URL(t.value),c.test(n.protocol))&&n.host===r.host&&l.activeElement===s&&(d.top.location.href=t.value))}},d.addEventListener(\"message\",d.wp.receiveEmbedMessage,!1),l.addEventListener(\"DOMContentLoaded\",function(){for(var e,t,s=l.querySelectorAll(\"iframe.wp-embedded-content\"),r=0;r<s.length;r++)(t=(e=s[r]).getAttribute(\"data-secret\"))||(t=Math.random().toString(36).substring(2,12),e.src+=\"#?secret=\"+t,e.setAttribute(\"data-secret\",t)),e.contentWindow.postMessage({message:\"ready\",secret:t},\"*\")},!1)))}(window,document);\n\/* ]]> *\/\n<\/script>\n"},"_links":{"self":[{"href":"https:\/\/stepienybarno.es\/blog\/wp-json\/wp\/v2\/posts\/26407"}],"collection":[{"href":"https:\/\/stepienybarno.es\/blog\/wp-json\/wp\/v2\/posts"}],"about":[{"href":"https:\/\/stepienybarno.es\/blog\/wp-json\/wp\/v2\/types\/post"}],"author":[{"embeddable":true,"href":"https:\/\/stepienybarno.es\/blog\/wp-json\/wp\/v2\/users\/2"}],"replies":[{"embeddable":true,"href":"https:\/\/stepienybarno.es\/blog\/wp-json\/wp\/v2\/comments?post=26407"}],"version-history":[{"count":1,"href":"https:\/\/stepienybarno.es\/blog\/wp-json\/wp\/v2\/posts\/26407\/revisions"}],"predecessor-version":[{"id":26409,"href":"https:\/\/stepienybarno.es\/blog\/wp-json\/wp\/v2\/posts\/26407\/revisions\/26409"}],"wp:featuredmedia":[{"embeddable":true,"href":"https:\/\/stepienybarno.es\/blog\/wp-json\/wp\/v2\/media\/26408"}],"wp:attachment":[{"href":"https:\/\/stepienybarno.es\/blog\/wp-json\/wp\/v2\/media?parent=26407"}],"wp:term":[{"taxonomy":"category","embeddable":true,"href":"https:\/\/stepienybarno.es\/blog\/wp-json\/wp\/v2\/categories?post=26407"},{"taxonomy":"post_tag","embeddable":true,"href":"https:\/\/stepienybarno.es\/blog\/wp-json\/wp\/v2\/tags?post=26407"},{"taxonomy":"series","embeddable":true,"href":"https:\/\/stepienybarno.es\/blog\/wp-json\/wp\/v2\/series?post=26407"}],"curies":[{"name":"wp","href":"https:\/\/api.w.org\/{rel}","templated":true}]}}