{"id":265,"date":"2009-05-05T15:18:16","date_gmt":"2009-05-05T13:18:16","guid":{"rendered":"https:\/\/www.stepienybarno.es\/blog\/?p=265"},"modified":"2013-11-01T19:44:45","modified_gmt":"2013-11-01T17:44:45","slug":"conferencia-de-javier-puldain-sobre-paisaje","status":"publish","type":"post","link":"https:\/\/stepienybarno.es\/blog\/2009\/05\/05\/conferencia-de-javier-puldain-sobre-paisaje\/","title":{"rendered":"CONFERENCIA DE JAVIER PULDAIN SOBRE PAISAJE"},"content":{"rendered":"<p><img loading=\"lazy\" decoding=\"async\" class=\"aligncenter size-full wp-image-269\" title=\"img_3858-int\" src=\"https:\/\/stepienybarno.es\/blog\/wp-content\/uploads\/2009\/05\/img_3858-int.jpg\" alt=\"img_3858-int\" width=\"500\" height=\"234\" srcset=\"https:\/\/stepienybarno.es\/blog\/wp-content\/uploads\/2009\/05\/img_3858-int.jpg 500w, https:\/\/stepienybarno.es\/blog\/wp-content\/uploads\/2009\/05\/img_3858-int-180x84.jpg 180w, https:\/\/stepienybarno.es\/blog\/wp-content\/uploads\/2009\/05\/img_3858-int-316x148.jpg 316w\" sizes=\"(max-width: 500px) 100vw, 500px\" \/><\/p>\n<p>Javier Puldain, arquitecto y profesor en la universidad de arquitectura del Pa\u00eds Vasco, dio el pasado viernes 24 de abril, una charla\u00a0 titulada \u00abGu\u00eda r\u00e1pida de interpretaci\u00f3n del paisaje rural para arquitectos\u00bb, dentro de las jornadas de paisaje que coment\u00e1bamos en la entrada anterior.<!--more--><\/p>\n<p>La ponencia consinti\u00f3 en una reflexi\u00f3n personal sobre c\u00f3mo se puede entender el concepto de paisaje. Desde el primer momento capt\u00f3 la atenci\u00f3n del p\u00fablico asistente con un discurso muy estructurado y mostrando en todo momento una gran capacidad did\u00e1ctica.<\/p>\n<p>Incidi\u00f3 en la importancia de entender el paisaje rural como algo no dise\u00f1ado y que es la visi\u00f3n humana la que lo convierte en obra de arte. La explicaci\u00f3n ven\u00eda acompa\u00f1ada de una bater\u00eda de im\u00e1genes que complementaban perfectamente el hilo conceptual que mantuvo durante toda la ponencia, en la cual fue mostrando diferentes paisajes y explicaba su grado de antropizaci\u00f3n, mientras insist\u00eda en la importancia de unir la parte m\u00e1s est\u00e9tica del territorio con su concepto \u00a0m\u00e1s productivo.<\/p>\n<p><img loading=\"lazy\" decoding=\"async\" class=\"aligncenter size-full wp-image-271\" title=\"img_5771-int\" src=\"https:\/\/stepienybarno.es\/blog\/wp-content\/uploads\/2009\/05\/img_5771-int.jpg\" alt=\"img_5771-int\" width=\"500\" height=\"102\" srcset=\"https:\/\/stepienybarno.es\/blog\/wp-content\/uploads\/2009\/05\/img_5771-int.jpg 500w, https:\/\/stepienybarno.es\/blog\/wp-content\/uploads\/2009\/05\/img_5771-int-180x37.jpg 180w, https:\/\/stepienybarno.es\/blog\/wp-content\/uploads\/2009\/05\/img_5771-int-316x64.jpg 316w\" sizes=\"(max-width: 500px) 100vw, 500px\" \/><\/p>\n<p>Por otro lado coment\u00f3 la dificultad que tiene el paisaje por no tener un pasado hist\u00f3rico desde el punto de vista de historia del paisaje, como puedan tenerlo otras disciplinas paralelas como son \u00a0la arquitectura o el urbanismo, lo cual resultaba un problema a la hora de situarla como asignatura en la universidad. Record\u00f3 que quiz\u00e1s el jard\u00edn ingl\u00e9s sea uno de los que mas referencias hist\u00f3ricas pueda tener. Por ello esta materia acaba siendo siempre una parte del temario de profesores de proyectos o urbanismo, sin tener una ubicaci\u00f3n clara.<\/p>\n<p>Las explicaciones sobre todos estos temas las fue planteando en clave de duda, dando m\u00e1s importancia a las preguntas que a las respuestas, lo cual le llev\u00f3 a dejar en el aire varias cuestiones, para que el p\u00fablico asistente se fuese a casa con tarea sobre la que reflexionar.<\/p>\n<p><img loading=\"lazy\" decoding=\"async\" class=\"aligncenter size-full wp-image-275\" title=\"erroztik2-int\" src=\"https:\/\/stepienybarno.es\/blog\/wp-content\/uploads\/2009\/05\/erroztik2-int.jpg\" alt=\"erroztik2-int\" width=\"556\" height=\"159\" srcset=\"https:\/\/stepienybarno.es\/blog\/wp-content\/uploads\/2009\/05\/erroztik2-int.jpg 556w, https:\/\/stepienybarno.es\/blog\/wp-content\/uploads\/2009\/05\/erroztik2-int-180x51.jpg 180w, https:\/\/stepienybarno.es\/blog\/wp-content\/uploads\/2009\/05\/erroztik2-int-550x157.jpg 550w, https:\/\/stepienybarno.es\/blog\/wp-content\/uploads\/2009\/05\/erroztik2-int-316x90.jpg 316w\" sizes=\"(max-width: 556px) 100vw, 556px\" \/><\/p>\n<p>A su vez se plate\u00f3 c\u00f3mo la representaci\u00f3n del paisaje nos planteaba serios problemas a los arquitectos ya que en general queremos llevar las mismas t\u00e9cnicas de representaci\u00f3n que usamos para la planta de arquitectura \u00a0para abordar planos de paisaje. Por ello resulta complicado que la representaci\u00f3n de las cotas de la topograf\u00eda, los matices de la orograf\u00eda o la definici\u00f3n del arbolado a utilizar, se pueda entender con claridad en planta y secci\u00f3n. \u00bfC\u00f3mo se representa si un \u00e1rbol se le debe cortar las ramas de una determinada manera u otra?<\/p>\n<p>Tambi\u00e9n se cuestion\u00f3 c\u00f3mo se representa\u00a0 el tiempo en el paisaje, ya que en una escala de territorio es clave para entender la vinculaci\u00f3n de las distintas partes del mismo.<\/p>\n<p>La terminaci\u00f3n de la charla de Puldain se produjo \u00a0con una pregunta llena de \u00a0tono jocoso y admiraci\u00f3n; \u00bftendr\u00eda Asplund alg\u00fan manual secreto de c\u00f3mo se representa el paisaje para definir su intervenci\u00f3n en el proyecto del Cementerio del Bosque?<\/p>\n<p>*todas las fotograf\u00edas han sido gentilmente cedidas para este art\u00edculo por el propio Javier Pulda\u00edn.<\/p>\n","protected":false},"excerpt":{"rendered":"<p>Javier Puldain, arquitecto y profesor en la universidad de arquitectura del Pa\u00eds Vasco, dio el pasado viernes 24 de abril, una charla  titulada \u00abGu\u00eda r\u00e1pida de interpretaci\u00f3n del paisaje rural para arquitectos\u00bb, dentro de las jornadas de paisaje que coment\u00e1bamos en la entrada anterior.<\/p>\n","protected":false},"author":2,"featured_media":0,"comment_status":"open","ping_status":"closed","sticky":false,"template":"","format":"standard","meta":{"om_disable_all_campaigns":false,"_monsterinsights_skip_tracking":false,"_monsterinsights_sitenote_active":false,"_monsterinsights_sitenote_note":"","_monsterinsights_sitenote_category":0,"_uf_show_specific_survey":0,"_uf_disable_surveys":false,"episode_type":"","audio_file":"","cover_image":"","cover_image_id":"","duration":"","filesize":"","date_recorded":"","explicit":"","block":"","filesize_raw":"","footnotes":""},"categories":[34,17],"tags":[48,46,4273],"series":[],"class_list":["post-265","post","type-post","status-publish","format-standard","hentry","category-actualidad","category-urbanismo","tag-arquitectura-del-paisaje","tag-conferencias","tag-identidad-digital-syb"],"aioseo_notices":[],"episode_featured_image":false,"episode_player_image":"https:\/\/stepienybarno.es\/blog\/wp-content\/uploads\/2020\/11\/stepienybarno-podcast-scaled.jpg","download_link":"","player_link":"","audio_player":false,"episode_data":{"playerMode":"dark","subscribeUrls":[],"rssFeedUrl":"https:\/\/stepienybarno.es\/blog\/feed\/podcast\/podcast-de-stepienybarno","embedCode":"<blockquote class=\"wp-embedded-content\" data-secret=\"I0fttBuBWX\"><a href=\"https:\/\/stepienybarno.es\/blog\/2009\/05\/05\/conferencia-de-javier-puldain-sobre-paisaje\/\">CONFERENCIA DE JAVIER PULDAIN SOBRE PAISAJE<\/a><\/blockquote><iframe sandbox=\"allow-scripts\" security=\"restricted\" src=\"https:\/\/stepienybarno.es\/blog\/2009\/05\/05\/conferencia-de-javier-puldain-sobre-paisaje\/embed\/#?secret=I0fttBuBWX\" width=\"500\" height=\"350\" title=\"\u00abCONFERENCIA DE JAVIER PULDAIN SOBRE PAISAJE\u00bb \u2014 Blog de STEPIEN Y BARNO - publicaci\u00f3n digital sobre arquitectura\" data-secret=\"I0fttBuBWX\" frameborder=\"0\" marginwidth=\"0\" marginheight=\"0\" scrolling=\"no\" class=\"wp-embedded-content\"><\/iframe><script type=\"text\/javascript\">\n\/* <![CDATA[ *\/\n\/*! This file is auto-generated *\/\n!function(d,l){\"use strict\";l.querySelector&&d.addEventListener&&\"undefined\"!=typeof URL&&(d.wp=d.wp||{},d.wp.receiveEmbedMessage||(d.wp.receiveEmbedMessage=function(e){var t=e.data;if((t||t.secret||t.message||t.value)&&!\/[^a-zA-Z0-9]\/.test(t.secret)){for(var s,r,n,a=l.querySelectorAll('iframe[data-secret=\"'+t.secret+'\"]'),o=l.querySelectorAll('blockquote[data-secret=\"'+t.secret+'\"]'),c=new RegExp(\"^https?:$\",\"i\"),i=0;i<o.length;i++)o[i].style.display=\"none\";for(i=0;i<a.length;i++)s=a[i],e.source===s.contentWindow&&(s.removeAttribute(\"style\"),\"height\"===t.message?(1e3<(r=parseInt(t.value,10))?r=1e3:~~r<200&&(r=200),s.height=r):\"link\"===t.message&&(r=new URL(s.getAttribute(\"src\")),n=new URL(t.value),c.test(n.protocol))&&n.host===r.host&&l.activeElement===s&&(d.top.location.href=t.value))}},d.addEventListener(\"message\",d.wp.receiveEmbedMessage,!1),l.addEventListener(\"DOMContentLoaded\",function(){for(var e,t,s=l.querySelectorAll(\"iframe.wp-embedded-content\"),r=0;r<s.length;r++)(t=(e=s[r]).getAttribute(\"data-secret\"))||(t=Math.random().toString(36).substring(2,12),e.src+=\"#?secret=\"+t,e.setAttribute(\"data-secret\",t)),e.contentWindow.postMessage({message:\"ready\",secret:t},\"*\")},!1)))}(window,document);\n\/* ]]> *\/\n<\/script>\n"},"_links":{"self":[{"href":"https:\/\/stepienybarno.es\/blog\/wp-json\/wp\/v2\/posts\/265"}],"collection":[{"href":"https:\/\/stepienybarno.es\/blog\/wp-json\/wp\/v2\/posts"}],"about":[{"href":"https:\/\/stepienybarno.es\/blog\/wp-json\/wp\/v2\/types\/post"}],"author":[{"embeddable":true,"href":"https:\/\/stepienybarno.es\/blog\/wp-json\/wp\/v2\/users\/2"}],"replies":[{"embeddable":true,"href":"https:\/\/stepienybarno.es\/blog\/wp-json\/wp\/v2\/comments?post=265"}],"version-history":[{"count":5,"href":"https:\/\/stepienybarno.es\/blog\/wp-json\/wp\/v2\/posts\/265\/revisions"}],"predecessor-version":[{"id":280,"href":"https:\/\/stepienybarno.es\/blog\/wp-json\/wp\/v2\/posts\/265\/revisions\/280"}],"wp:attachment":[{"href":"https:\/\/stepienybarno.es\/blog\/wp-json\/wp\/v2\/media?parent=265"}],"wp:term":[{"taxonomy":"category","embeddable":true,"href":"https:\/\/stepienybarno.es\/blog\/wp-json\/wp\/v2\/categories?post=265"},{"taxonomy":"post_tag","embeddable":true,"href":"https:\/\/stepienybarno.es\/blog\/wp-json\/wp\/v2\/tags?post=265"},{"taxonomy":"series","embeddable":true,"href":"https:\/\/stepienybarno.es\/blog\/wp-json\/wp\/v2\/series?post=265"}],"curies":[{"name":"wp","href":"https:\/\/api.w.org\/{rel}","templated":true}]}}