{"id":26500,"date":"2017-02-14T18:04:39","date_gmt":"2017-02-14T16:04:39","guid":{"rendered":"https:\/\/www.stepienybarno.es\/blog\/?p=26500"},"modified":"2017-02-16T09:52:49","modified_gmt":"2017-02-16T07:52:49","slug":"el-artesano-digital-frente-a-la-maquina-tecnico-profesional","status":"publish","type":"post","link":"https:\/\/stepienybarno.es\/blog\/2017\/02\/14\/el-artesano-digital-frente-a-la-maquina-tecnico-profesional\/","title":{"rendered":"EL ARTESANO DIGITAL FRENTE A LA M\u00c1QUINA T\u00c9CNICO-PROFESIONAL"},"content":{"rendered":"<p style=\"text-align: center;\"><img loading=\"lazy\" decoding=\"async\" class=\"alignnone size-full wp-image-26501\" src=\"https:\/\/stepienybarno.es\/blog\/wp-content\/uploads\/2017\/02\/vidrio-Susana-Garc\u00eda-Bujalance-stepienybarno.jpg\" alt=\"vidrio-Susana Garc\u00eda Bujalance- stepienybarno\" width=\"468\" height=\"441\" srcset=\"https:\/\/stepienybarno.es\/blog\/wp-content\/uploads\/2017\/02\/vidrio-Susana-Garc\u00eda-Bujalance-stepienybarno.jpg 468w, https:\/\/stepienybarno.es\/blog\/wp-content\/uploads\/2017\/02\/vidrio-Susana-Garc\u00eda-Bujalance-stepienybarno-180x170.jpg 180w, https:\/\/stepienybarno.es\/blog\/wp-content\/uploads\/2017\/02\/vidrio-Susana-Garc\u00eda-Bujalance-stepienybarno-316x298.jpg 316w\" sizes=\"(max-width: 468px) 100vw, 468px\" \/><\/p>\n<p>Susana Garc\u00eda Bujalance, una de las alumnas de la \u00faltima edici\u00f3n de nuestro\u00a0<a href=\"http:\/\/cursoidentidaddigital.stepienybarno.es\/\">curso de Identidad Digital<\/a>\u00a0para arquitectos, nos hace llegar esta excelente reflexi\u00f3n. A buen seguro que \u00a1ser\u00e1 de vuestro inter\u00e9s!!<\/p>\n<p><!--more--><\/p>\n<p style=\"text-align: center;\">&#8230;&#8230;&#8230;&#8230;&#8230;&#8230;&#8230;&#8230;&#8230;&#8230;&#8230;&#8230;&#8230;&#8230;&#8230;&#8230;&#8230;&#8230;&#8230;&#8230;&#8230;&#8230;&#8230;&#8230;&#8230;&#8230;&#8230;&#8230;<\/p>\n<p>En su libro \u201cEl artesano\u201d de Richard Sennett (marido de la soci\u00f3loga y economista Saskia Sassen, y con el que, por cierto, comparte un com\u00fan estilo de investigaci\u00f3n), el autor trata sobre la condici\u00f3n del <strong>artesano <\/strong>a lo largo de la historia. Esa figura que parece propia de tiempos pret\u00e9ritos, emerge en este momento hist\u00f3rico como una nueva categor\u00eda en la que muchos profesionales podemos encontrar <strong>claves para entendernos en el mundo.<\/strong><\/p>\n<p>Entre sus reflexiones, Sennett habla de la propuesta ilustrada de <strong>Jean-Jacques Rousseau<\/strong> en su libro \u201cJulia, o la nueva Elo\u00edsa\u201d, respecto a la manera en la que se deb\u00edan \u201cfabricar\u201d ni\u00f1os ilustrados. Mientras la madre deb\u00eda estimularlos a utilizar sus sentimientos, el padre deb\u00eda incitar a los ni\u00f1os y ni\u00f1as a pensar racionalmente. Y en ambos casos, padre y madre deb\u00edan convertirse en los modelos a seguir.<\/p>\n<p>Louise d`\u00c9pinay, amiga de Diderot, <strong>aconsejaba en \u201cConversaciones con Emilia\u201d, no seguir este modelo,<\/strong> desafiando as\u00ed a Rousseau. Para la escritora ilustrada, <strong>padre y madre deb\u00edan convertirse m\u00e1s bien en una propuesta sobre c\u00f3mo las personas pueden ser, ayudando a los hijos a razonar, c\u00f3mo deber\u00edan ser ellos. <\/strong><\/p>\n<p>Sennett traslada esta reflexi\u00f3n al \u00e1mbito de la relaci\u00f3n m\u00e1quina-artesano durante la <strong>primera industrializaci\u00f3n,<\/strong> momento en el que muchos artesanos <strong>ve\u00edan en la m\u00e1quina una amenaza<\/strong> al modo en que hab\u00edan venido trabajando durante siglos. Tomando como ejemplo la t\u00e9cnica de la producci\u00f3n de vidrio de los artesanos, Sennett muestra c\u00f3mo la planeidad y transparencia que hab\u00edan conseguido fabricar las nuevas m\u00e1quinas que produjeron el vidrio para el <strong>Palacio de Cristal de la Exposici\u00f3n Universal de Londres de 1851<\/strong>, convirti\u00f3 al vidrio soplado de los talleres artesanales en un producto incapaz de competir.<\/p>\n<p>Sin embargo, <strong>la t\u00e9cnica de soplado<\/strong> no ha desaparecido, sino que se ha convertido ya desde entonces, en una manera \u00fanica de producir un <strong>vidrio especial,<\/strong> precisamente <strong>valorado por la imperfecci\u00f3n<\/strong>, el color y la calidez que aporta a piezas espec\u00edficas que no est\u00e1n destinadas a la producci\u00f3n de ventanas normalizadas.<\/p>\n<p>Seg\u00fan Sennett, la clave de este cambio estuvo en <strong>reconocer y aceptar los l\u00edmites.<\/strong> Seg\u00fan indica en su libro, fue <strong>Voltaire <\/strong>quien en su obra \u201cC\u00e1ndido\u201d aconsej\u00f3 <strong>preferir lo que uno es capaz de hacer por s\u00ed mismo,<\/strong> pues la persecuci\u00f3n de la \u201cperfecci\u00f3n\u201d puede llevar al ser humano a la amargura antes que al progreso.<\/p>\n<p>Llevado al tiempo contempor\u00e1neo y a nuestra condici\u00f3n de arquitectos y arquitectas, creo que somos muchos los profesionales que hemos visto como los cambios ocasionados por la globalizaci\u00f3n en todas sus formas (culturales, normativas y, por supuesto, econ\u00f3micas), han desmontado un modelo de trabajo en el que toda la producci\u00f3n arquitect\u00f3nica se hac\u00eda en <strong>\u201ctalleres\u201d m\u00e1s o menos grandes, pero con estructura de taller<\/strong>. Las continuas exigencias de complejidad hacen inviable competir con la forma de producci\u00f3n de las grandes industrias de producci\u00f3n de arquitectura en cualquiera de sus escalas: arquitectura, paisaje, ingenier\u00eda, urbanismo, dise\u00f1o. La \u201cm\u00e1quina t\u00e9cnico-profesional\u201d ha irrumpido en nuestro modo de fabricar proyectos, transformando radicalmente la manera en que se conciben los concursos, obras y proyectos. Tratar de competir en un concurso para la fabricaci\u00f3n de vidrios para el Palacio de Cristal con las herramientas propias de un taller de vidrio soplado, s\u00f3lo trae confusi\u00f3n y amargura (en muchos casos tambi\u00e9n envidia por falta de comprensi\u00f3n del fen\u00f3meno) a muchas personas.<\/p>\n<p>Personas de distintas \u00e1reas, ya han entendido esta met\u00e1fora y por eso cada vez es m\u00e1s usual ver como algunos profesionales se autodenominan <strong>\u201cartesano\u201d o \u201cartesana\u201d de la comunicaci\u00f3n o el dise\u00f1o, <\/strong>por ejemplo en las presentaciones de sus webs, creando as\u00ed una nueva tendencia en lo que a identidad digital se refiere.<\/p>\n<p>Dise\u00f1ar nuestra <strong>estrategia profesional<\/strong>, tanto en el \u00e1mbito digital como en el anal\u00f3gico, pasa por <strong>entendernos en el tiempo que nos ha tocado vivir.<\/strong> Y como indicaba <strong>John Ruskin<\/strong> en su libro \u201cLas siete l\u00e1mparas de la arquitectura\u201d, en un claro canto a la figura del artesano y la artesan\u00eda, la l\u00e1mpara de la memoria debe proporcionarnos luz sobre los tiempos anteriores al dominio de la \u201cm\u00e1quina t\u00e9cnico-profesional\u201d, para aprender y adaptar estrategias v\u00e1lidas. Y volviendo al inicio del art\u00edculo, no como forma de imitaci\u00f3n, sino como est\u00edmulo sobre una forma de hacer\u2026tal y como propon\u00eda Louise d\u2019\u00c9pinay.<\/p>\n<p>&nbsp;<\/p>\n<h3><strong>Autora del post: Susana Garc\u00eda Bujalance. Artesana Arquitecta.<\/strong><\/h3>\n<p>Soy arquitecta. Me dedico profesionalmente al planeamiento\u2026cuando me lo permiten. Me atraen las escalas borrosas y los conceptos a\u00fan por definir. Tengo el privilegio de intentar ayudar a los futuros arquitectos y arquitectas que pasan por mis clases a situarse en el mundo.<\/p>\n<p><a href=\"http:\/\/www.laboratoriodeurbanismo.wordpress.com\">www.laboratoriodeurbanismo.wordpress.com<\/a><\/p>\n<p>&nbsp;<\/p>\n<p>&nbsp;<\/p>\n<blockquote>\n<p style=\"text-align: center;\"><strong>Editores del post: <a href=\"https:\/\/stepienybarno.es\/blog\/2011\/09\/04\/las-fortalezas-del-arquitecto\/\">Stepienybarno<\/a> _ Agnieszka Stepien y Lorenzo Barn\u00f3<\/strong><\/p>\n<p style=\"text-align: center;\">Y como siempre, si te gust\u00f3 el post,\u00a0estar\u00eda genial que lo compartas\u00a0en tus redes sociales.<\/p>\n<p style=\"text-align: center;\">A su vez, si todav\u00eda no est\u00e1s suscrito a nuestra Newsletter, te animamos a hacerlo en la casilla que tienes al terminar este art\u00edculo.<\/p>\n<\/blockquote>\n<p>&nbsp;<\/p>\n<p>* <span style=\"color: #808080;\"><em>Este art\u00edculo ha sido escrito con car\u00e1cter divulgativo y sin ning\u00fan tipo de \u00e1nimo de lucro.<\/em><\/span><\/p>\n<p><span style=\"color: #808080;\"><em><a style=\"color: #808080;\" href=\"https:\/\/twitter.com\/stepienybarno\">STEPIENYBARNO EN TWITTER _ @stepienybarno<\/a><\/em><\/span><\/p>\n<p><span style=\"color: #808080;\"><em><a style=\"color: #808080;\" href=\"http:\/\/www.linkedin.com\/company\/stepienybarno\">STEPIENYBARNO EN LINKEDIN<\/a><\/em><\/span><\/p>\n<p><span style=\"color: #808080;\"><em><a style=\"color: #808080;\" href=\"https:\/\/www.facebook.com\/pages\/BLOG-DE-STEPIENYBARNO\/78001079029\">STEPIENYBARNO EN FACEBOOK<\/a><\/em><\/span><\/p>\n<p><span style=\"color: #808080;\"><em>* <a style=\"color: #808080;\" href=\"https:\/\/stepienybarno.es\/blog\/2011\/09\/04\/las-fortalezas-del-arquitecto\/\">Stepienybarno<\/a> est\u00e1 formado por Agnieszka Stepien y Lorenzo Barn\u00f3 y desde mayo del 2009 estamos en la red con\u00a0 la presente publicaci\u00f3n digital (Blog) de arquitectura.<\/em><\/span><\/p>\n<p><span style=\"color: #808080;\"><em>Nuestra actividad se sustenta en tres pilares b\u00e1sicos: la investigaci\u00f3n, la publicaci\u00f3n y la redacci\u00f3n de proyectos de arquitectura.<\/em><\/span><\/p>\n<p><span style=\"color: #808080;\"><em>A su vez, somos socios cofundadores de <a style=\"color: #808080;\" href=\"http:\/\/sinergiasostenible.org\/\">SINERGIA SOSTENIBLE<\/a>, redactores de <a style=\"color: #808080;\" href=\"http:\/\/www.laciudadviva.org\/blogs\/?author=45\">LA CIUDAD VIVA<\/a> y directores del blog de FUNDACI\u00d3N ARQUIA.<\/em><\/span><\/p>\n<p><span style=\"color: #808080;\"><em>* Los editores de esta publicaci\u00f3n digital no nos hacemos cargo de de los comentarios y\u00a0 conceptos vertidos en los textos firmados por otras personas, siendo \u00e9stos de responsabilidad exclusiva de sus autores.<\/em><\/span><\/p>\n<p><span style=\"color: #808080;\"><em>* Tu comentario pudiera ser moderado, por lo tanto, aunque aparezca inmediatamente al ser publicado en la entrada, los editores de esta publicaci\u00f3n digital nos reservamos el derecho tanto de editarlo (si fuera necesario, para hacerlo m\u00e1s legible) como de eliminarlo en el caso de que se usen expresiones incorrectas (descalificaciones, palabras malsonantes\u2026). A su vez, si quieres comentar desde el anonimato puedes hacerlo, aunque, nosotros personalmente, agradecemos que tod@s nos podamos identificar.<\/em><\/span><\/p>\n","protected":false},"excerpt":{"rendered":"<p>Susana Garc\u00eda Bujalance, una de las alumnas de la \u00faltima<\/p>\n","protected":false},"author":2,"featured_media":26501,"comment_status":"open","ping_status":"closed","sticky":false,"template":"","format":"standard","meta":{"om_disable_all_campaigns":false,"_monsterinsights_skip_tracking":false,"_monsterinsights_sitenote_active":false,"_monsterinsights_sitenote_note":"","_monsterinsights_sitenote_category":0,"_uf_show_specific_survey":0,"_uf_disable_surveys":false,"episode_type":"","audio_file":"","cover_image":"","cover_image_id":"","duration":"","filesize":"","date_recorded":"","explicit":"","block":"","filesize_raw":"","footnotes":""},"categories":[244],"tags":[4274,1084],"series":[],"class_list":["post-26500","post","type-post","status-publish","format-standard","has-post-thumbnail","hentry","category-canal-de-arquitectura","tag-actualidad","tag-susana-garcia-bujalance"],"aioseo_notices":[],"episode_featured_image":"https:\/\/stepienybarno.es\/blog\/wp-content\/uploads\/2017\/02\/vidrio-Susana-Garc\u00eda-Bujalance-stepienybarno.jpg","episode_player_image":"https:\/\/stepienybarno.es\/blog\/wp-content\/uploads\/2020\/11\/stepienybarno-podcast-scaled.jpg","download_link":"","player_link":"","audio_player":false,"episode_data":{"playerMode":"dark","subscribeUrls":[],"rssFeedUrl":"https:\/\/stepienybarno.es\/blog\/feed\/podcast\/podcast-de-stepienybarno","embedCode":"<blockquote class=\"wp-embedded-content\" data-secret=\"81z4KLdrYp\"><a href=\"https:\/\/stepienybarno.es\/blog\/2017\/02\/14\/el-artesano-digital-frente-a-la-maquina-tecnico-profesional\/\">EL ARTESANO DIGITAL FRENTE A LA M\u00c1QUINA T\u00c9CNICO-PROFESIONAL<\/a><\/blockquote><iframe sandbox=\"allow-scripts\" security=\"restricted\" src=\"https:\/\/stepienybarno.es\/blog\/2017\/02\/14\/el-artesano-digital-frente-a-la-maquina-tecnico-profesional\/embed\/#?secret=81z4KLdrYp\" width=\"500\" height=\"350\" title=\"\u00abEL ARTESANO DIGITAL FRENTE A LA M\u00c1QUINA T\u00c9CNICO-PROFESIONAL\u00bb \u2014 Blog de STEPIEN Y BARNO - publicaci\u00f3n digital sobre arquitectura\" data-secret=\"81z4KLdrYp\" frameborder=\"0\" marginwidth=\"0\" marginheight=\"0\" scrolling=\"no\" class=\"wp-embedded-content\"><\/iframe><script type=\"text\/javascript\">\n\/* <![CDATA[ *\/\n\/*! This file is auto-generated *\/\n!function(d,l){\"use strict\";l.querySelector&&d.addEventListener&&\"undefined\"!=typeof URL&&(d.wp=d.wp||{},d.wp.receiveEmbedMessage||(d.wp.receiveEmbedMessage=function(e){var t=e.data;if((t||t.secret||t.message||t.value)&&!\/[^a-zA-Z0-9]\/.test(t.secret)){for(var s,r,n,a=l.querySelectorAll('iframe[data-secret=\"'+t.secret+'\"]'),o=l.querySelectorAll('blockquote[data-secret=\"'+t.secret+'\"]'),c=new RegExp(\"^https?:$\",\"i\"),i=0;i<o.length;i++)o[i].style.display=\"none\";for(i=0;i<a.length;i++)s=a[i],e.source===s.contentWindow&&(s.removeAttribute(\"style\"),\"height\"===t.message?(1e3<(r=parseInt(t.value,10))?r=1e3:~~r<200&&(r=200),s.height=r):\"link\"===t.message&&(r=new URL(s.getAttribute(\"src\")),n=new URL(t.value),c.test(n.protocol))&&n.host===r.host&&l.activeElement===s&&(d.top.location.href=t.value))}},d.addEventListener(\"message\",d.wp.receiveEmbedMessage,!1),l.addEventListener(\"DOMContentLoaded\",function(){for(var e,t,s=l.querySelectorAll(\"iframe.wp-embedded-content\"),r=0;r<s.length;r++)(t=(e=s[r]).getAttribute(\"data-secret\"))||(t=Math.random().toString(36).substring(2,12),e.src+=\"#?secret=\"+t,e.setAttribute(\"data-secret\",t)),e.contentWindow.postMessage({message:\"ready\",secret:t},\"*\")},!1)))}(window,document);\n\/* ]]> *\/\n<\/script>\n"},"_links":{"self":[{"href":"https:\/\/stepienybarno.es\/blog\/wp-json\/wp\/v2\/posts\/26500"}],"collection":[{"href":"https:\/\/stepienybarno.es\/blog\/wp-json\/wp\/v2\/posts"}],"about":[{"href":"https:\/\/stepienybarno.es\/blog\/wp-json\/wp\/v2\/types\/post"}],"author":[{"embeddable":true,"href":"https:\/\/stepienybarno.es\/blog\/wp-json\/wp\/v2\/users\/2"}],"replies":[{"embeddable":true,"href":"https:\/\/stepienybarno.es\/blog\/wp-json\/wp\/v2\/comments?post=26500"}],"version-history":[{"count":1,"href":"https:\/\/stepienybarno.es\/blog\/wp-json\/wp\/v2\/posts\/26500\/revisions"}],"predecessor-version":[{"id":26502,"href":"https:\/\/stepienybarno.es\/blog\/wp-json\/wp\/v2\/posts\/26500\/revisions\/26502"}],"wp:featuredmedia":[{"embeddable":true,"href":"https:\/\/stepienybarno.es\/blog\/wp-json\/wp\/v2\/media\/26501"}],"wp:attachment":[{"href":"https:\/\/stepienybarno.es\/blog\/wp-json\/wp\/v2\/media?parent=26500"}],"wp:term":[{"taxonomy":"category","embeddable":true,"href":"https:\/\/stepienybarno.es\/blog\/wp-json\/wp\/v2\/categories?post=26500"},{"taxonomy":"post_tag","embeddable":true,"href":"https:\/\/stepienybarno.es\/blog\/wp-json\/wp\/v2\/tags?post=26500"},{"taxonomy":"series","embeddable":true,"href":"https:\/\/stepienybarno.es\/blog\/wp-json\/wp\/v2\/series?post=26500"}],"curies":[{"name":"wp","href":"https:\/\/api.w.org\/{rel}","templated":true}]}}