{"id":26611,"date":"2017-02-23T20:36:25","date_gmt":"2017-02-23T18:36:25","guid":{"rendered":"https:\/\/www.stepienybarno.es\/blog\/?p=26611"},"modified":"2020-05-04T11:30:29","modified_gmt":"2020-05-04T09:30:29","slug":"kahn-y-barragan-convergencias-en-la-plaza-del-instituto-salk","status":"publish","type":"post","link":"https:\/\/stepienybarno.es\/blog\/2017\/02\/23\/kahn-y-barragan-convergencias-en-la-plaza-del-instituto-salk\/","title":{"rendered":"Kahn y Barrag\u00e1n. Convergencias en la plaza del Instituto Salk"},"content":{"rendered":"<p><img loading=\"lazy\" decoding=\"async\" class=\"aligncenter size-full wp-image-26612\" src=\"https:\/\/stepienybarno.es\/blog\/wp-content\/uploads\/2017\/02\/stepienybarno-stepien-y-barno-arquitectura-riunet-salk-institute-Antonio-Amado-Lorenzo-barragan-kahn.jpg\" alt=\"stepienybarno-stepien-y-barno-arquitectura-riunet-salk-institute-Antonio Amado Lorenzo-barragan-kahn\" width=\"500\" height=\"297\" srcset=\"https:\/\/stepienybarno.es\/blog\/wp-content\/uploads\/2017\/02\/stepienybarno-stepien-y-barno-arquitectura-riunet-salk-institute-Antonio-Amado-Lorenzo-barragan-kahn.jpg 500w, https:\/\/stepienybarno.es\/blog\/wp-content\/uploads\/2017\/02\/stepienybarno-stepien-y-barno-arquitectura-riunet-salk-institute-Antonio-Amado-Lorenzo-barragan-kahn-180x107.jpg 180w, https:\/\/stepienybarno.es\/blog\/wp-content\/uploads\/2017\/02\/stepienybarno-stepien-y-barno-arquitectura-riunet-salk-institute-Antonio-Amado-Lorenzo-barragan-kahn-316x188.jpg 316w\" sizes=\"(max-width: 500px) 100vw, 500px\" \/><\/p>\n<h1><strong>Por Antonio Amado Lorenzo<\/strong><\/h1>\n<h2><strong>Desde \u00a0<a href=\"https:\/\/riunet.upv.es\/\" target=\"_blank\" rel=\"noopener noreferrer\">RiuNet<\/a><\/strong><\/h2>\n<p><!--more--><\/p>\n<p style=\"text-align: justify;\">\u201cConsideraciones sobre la aportaci\u00f3n de Luis Barrag\u00e1n a la plaza del Instituto Salk de Louis I. Kahn. Se relacionan diversos textos y testimonios, analizando los bocetos de ambos arquitectos y sus puntos de convergencia en la materializaci\u00f3n de este espacio. Se plantea la influencia del concepto \u201ccorbuseriano\u201d de la percepci\u00f3n arquitect\u00f3nica del paisaje en la obra de Barrag\u00e1n. Palabras clave: Kahn, Barrag\u00e1n, Instituto Salk.<\/p>\n<p style=\"text-align: justify;\">Introducci\u00f3n En el conjunto de la obra construida de Louis Isadore Kahn (1901-74), el Jonas Salk Institute for Biological Studies de La Jolla, California (1959-65), destaca como una de sus obras m\u00e1s representativas. En su plaza abierta, el pavimento de m\u00e1rmol travertino apenas se distingue crom\u00e1ticamente de los edificios de hormig\u00f3n armado visto que la delimitan y que enmarcan una sugestiva vista hacia el horizonte del Oc\u00e9ano (fig.1). Sin embargo, esta plaza habr\u00eda sido muy diferente si se hubiese llevado a cabo seg\u00fan las intenciones iniciales de Kahn. As\u00ed, la aportaci\u00f3n puntual de otro importante arquitecto de su generaci\u00f3n, Luis Barrag\u00e1n Morf\u00edn (1902- 1988), fue decisiva. Tal y como se puede observar en uno de los bocetos preliminares datado en 1962 (fig. 3), e incluso en otro anterior a diciembre de 1965 (fig. 4), Kahn hab\u00eda imaginado un espacio ajardinado a modo de oasis relajante, una zona de descanso al aire libre para esparcimiento o reuniones informales de los investigadores. Buscaba sin duda un espacio con vegetaci\u00f3n exuberante, en contraste con la imagen dura y fr\u00eda de las fachadas de los bloques de laboratorios. El arquitecto lleg\u00f3 a experimentar directamente sobre el terreno, buscando las especies vegetales m\u00e1s adecuadas, pero a medida que avanzaba el resto de la obra, segu\u00eda sin estar totalmente convencido de la soluci\u00f3n definitiva. Un tercer boceto, tambi\u00e9n de 1962, avanzaba el remate final y escalonado de una plaza arbolada con varias filas de \u00e1lamos (fig. 5) (\u2026)\u201d<\/p>\n<p>&nbsp;<\/p>\n<p style=\"text-align: center;\"><strong>Accede al art\u00edculo,\u00a0<a href=\"https:\/\/riunet.upv.es\/bitstream\/handle\/10251\/19055\/1364-3693-1-SM.pdf?sequence=1\" target=\"_blank\" rel=\"noopener noreferrer\">AQU\u00cd<\/a><\/strong><\/p>\n<p><strong>\u00a0<\/strong><\/p>\n<p>&nbsp;<\/p>\n<p><span style=\"color: #999999;\"><em>Noticia seleccionada por el Canal de arquitectura STEPIENYBARNO.\u00a0<\/em><\/span><\/p>\n<p><a href=\"https:\/\/twitter.com\/stepienybarno\"><em>STEPIENYBARNO EN TWITTER _ @stepienybarno<\/em><\/a><\/p>\n<p><a href=\"http:\/\/www.linkedin.com\/company\/stepienybarno\"><em>STEPIENYBARNO EN LINKEDIN<\/em><\/a><\/p>\n<p><a href=\"https:\/\/www.facebook.com\/StepienybarnoCANAL\"><em>STEPIENYBARNO EN FACEBOOK<\/em><\/a><\/p>\n<p><span style=\"color: #999999;\"><em>*Stepienybarno est\u00e1 formado por Agnieszka Stepien y Lorenzo Barn\u00f3 y desde mayo del 2009 estamos en la red con\u00a0 la presente publicaci\u00f3n digital (Blog) de arquitectura.<\/em><\/span><\/p>\n<p><span style=\"color: #999999;\"><em>Nuestra actividad se sustenta en tres pilares b\u00e1sicos: la investigaci\u00f3n, la publicaci\u00f3n (comunicaci\u00f3n y difusi\u00f3n) y la redacci\u00f3n de proyectos de arquitectura.<\/em><\/span><\/p>\n<p><span style=\"color: #999999;\"><em>A su vez, somos socios cofundadores de<\/em><\/span><em>\u00a0<\/em><a href=\"http:\/\/sinergiasostenible.org\/\"><em>SINERGIA SOSTENIBLE<\/em><\/a><span style=\"color: #999999;\"><em>, redactores de<\/em><\/span><em>\u00a0<\/em><a href=\"http:\/\/www.laciudadviva.org\/blogs\/?author=45\"><em>LA CIUDAD VIVA<\/em><\/a><em>\u00a0<\/em><span style=\"color: #999999;\"><em>y directores del blog de<\/em><\/span><em>\u00a0<\/em><a href=\"http:\/\/blogfundacion.arquia.es\/\"><em>FUNDACI\u00d3N ARQUIA<\/em><\/a><span style=\"color: #999999;\"><em>.<\/em><\/span><\/p>\n<p><span style=\"color: #999999;\"><em>* Los editores de esta publicaci\u00f3n digital no nos hacemos cargo de de los comentarios y\u00a0 conceptos vertidos en los textos firmados por otras personas, siendo \u00e9stos de responsabilidad exclusiva de sus autores.<\/em><\/span><\/p>\n<p><span style=\"color: #999999;\"><em>* Tu comentario podr\u00e1 ser moderado, por lo tanto, aunque aparezca inmediatamente al ser publicado en la entrada, los editores de esta publicaci\u00f3n digital nos reservamos el derecho tanto de editarlo (si fuera necesario, para hacerlo m\u00e1s legible) como de eliminarlo en el caso de que se usen expresiones incorrectas (descalificaciones, palabras malsonantes\u2026). A su vez, si quieres comentar desde el anonimato puedes hacerlo, aunque, nosotros personalmente, agradecemos que tod@s nos podamos identificar.<\/em><\/span><\/p>\n","protected":false},"excerpt":{"rendered":"<p>Por Antonio Amado Lorenzo Desde \u00a0RiuNet<\/p>\n","protected":false},"author":9,"featured_media":26612,"comment_status":"open","ping_status":"closed","sticky":false,"template":"","format":"standard","meta":{"om_disable_all_campaigns":false,"_monsterinsights_skip_tracking":false,"_monsterinsights_sitenote_active":false,"_monsterinsights_sitenote_note":"","_monsterinsights_sitenote_category":0,"_uf_show_specific_survey":0,"_uf_disable_surveys":false,"episode_type":"audio","audio_file":"","cover_image":"","cover_image_id":"","duration":"","filesize":"","date_recorded":"","explicit":"","block":"","filesize_raw":"","footnotes":""},"categories":[244],"tags":[3098,5172,530,5173,305,5171],"series":[],"class_list":["post-26611","post","type-post","status-publish","format-standard","has-post-thumbnail","hentry","category-canal-de-arquitectura","tag-antonio-amado-lorenzo","tag-instituto-salk","tag-louis-i-kahn","tag-louis-isadore-kahn","tag-luis-barragan","tag-riunet"],"aioseo_notices":[],"episode_featured_image":"https:\/\/stepienybarno.es\/blog\/wp-content\/uploads\/2017\/02\/stepienybarno-stepien-y-barno-arquitectura-riunet-salk-institute-Antonio-Amado-Lorenzo-barragan-kahn.jpg","episode_player_image":"https:\/\/stepienybarno.es\/blog\/wp-content\/uploads\/2020\/11\/stepienybarno-podcast-scaled.jpg","download_link":"","player_link":"","audio_player":false,"episode_data":{"playerMode":"dark","subscribeUrls":[],"rssFeedUrl":"https:\/\/stepienybarno.es\/blog\/feed\/podcast\/podcast-de-stepienybarno","embedCode":"<blockquote class=\"wp-embedded-content\" data-secret=\"ue3aLyH22C\"><a href=\"https:\/\/stepienybarno.es\/blog\/2017\/02\/23\/kahn-y-barragan-convergencias-en-la-plaza-del-instituto-salk\/\">Kahn y Barrag\u00e1n. Convergencias en la plaza del Instituto Salk<\/a><\/blockquote><iframe sandbox=\"allow-scripts\" security=\"restricted\" src=\"https:\/\/stepienybarno.es\/blog\/2017\/02\/23\/kahn-y-barragan-convergencias-en-la-plaza-del-instituto-salk\/embed\/#?secret=ue3aLyH22C\" width=\"500\" height=\"350\" title=\"\u00abKahn y Barrag\u00e1n. Convergencias en la plaza del Instituto Salk\u00bb \u2014 Blog de STEPIEN Y BARNO - publicaci\u00f3n digital sobre arquitectura\" data-secret=\"ue3aLyH22C\" frameborder=\"0\" marginwidth=\"0\" marginheight=\"0\" scrolling=\"no\" class=\"wp-embedded-content\"><\/iframe><script type=\"text\/javascript\">\n\/* <![CDATA[ *\/\n\/*! This file is auto-generated *\/\n!function(d,l){\"use strict\";l.querySelector&&d.addEventListener&&\"undefined\"!=typeof URL&&(d.wp=d.wp||{},d.wp.receiveEmbedMessage||(d.wp.receiveEmbedMessage=function(e){var t=e.data;if((t||t.secret||t.message||t.value)&&!\/[^a-zA-Z0-9]\/.test(t.secret)){for(var s,r,n,a=l.querySelectorAll('iframe[data-secret=\"'+t.secret+'\"]'),o=l.querySelectorAll('blockquote[data-secret=\"'+t.secret+'\"]'),c=new RegExp(\"^https?:$\",\"i\"),i=0;i<o.length;i++)o[i].style.display=\"none\";for(i=0;i<a.length;i++)s=a[i],e.source===s.contentWindow&&(s.removeAttribute(\"style\"),\"height\"===t.message?(1e3<(r=parseInt(t.value,10))?r=1e3:~~r<200&&(r=200),s.height=r):\"link\"===t.message&&(r=new URL(s.getAttribute(\"src\")),n=new URL(t.value),c.test(n.protocol))&&n.host===r.host&&l.activeElement===s&&(d.top.location.href=t.value))}},d.addEventListener(\"message\",d.wp.receiveEmbedMessage,!1),l.addEventListener(\"DOMContentLoaded\",function(){for(var e,t,s=l.querySelectorAll(\"iframe.wp-embedded-content\"),r=0;r<s.length;r++)(t=(e=s[r]).getAttribute(\"data-secret\"))||(t=Math.random().toString(36).substring(2,12),e.src+=\"#?secret=\"+t,e.setAttribute(\"data-secret\",t)),e.contentWindow.postMessage({message:\"ready\",secret:t},\"*\")},!1)))}(window,document);\n\/* ]]> *\/\n<\/script>\n"},"_links":{"self":[{"href":"https:\/\/stepienybarno.es\/blog\/wp-json\/wp\/v2\/posts\/26611"}],"collection":[{"href":"https:\/\/stepienybarno.es\/blog\/wp-json\/wp\/v2\/posts"}],"about":[{"href":"https:\/\/stepienybarno.es\/blog\/wp-json\/wp\/v2\/types\/post"}],"author":[{"embeddable":true,"href":"https:\/\/stepienybarno.es\/blog\/wp-json\/wp\/v2\/users\/9"}],"replies":[{"embeddable":true,"href":"https:\/\/stepienybarno.es\/blog\/wp-json\/wp\/v2\/comments?post=26611"}],"version-history":[{"count":4,"href":"https:\/\/stepienybarno.es\/blog\/wp-json\/wp\/v2\/posts\/26611\/revisions"}],"predecessor-version":[{"id":41585,"href":"https:\/\/stepienybarno.es\/blog\/wp-json\/wp\/v2\/posts\/26611\/revisions\/41585"}],"wp:featuredmedia":[{"embeddable":true,"href":"https:\/\/stepienybarno.es\/blog\/wp-json\/wp\/v2\/media\/26612"}],"wp:attachment":[{"href":"https:\/\/stepienybarno.es\/blog\/wp-json\/wp\/v2\/media?parent=26611"}],"wp:term":[{"taxonomy":"category","embeddable":true,"href":"https:\/\/stepienybarno.es\/blog\/wp-json\/wp\/v2\/categories?post=26611"},{"taxonomy":"post_tag","embeddable":true,"href":"https:\/\/stepienybarno.es\/blog\/wp-json\/wp\/v2\/tags?post=26611"},{"taxonomy":"series","embeddable":true,"href":"https:\/\/stepienybarno.es\/blog\/wp-json\/wp\/v2\/series?post=26611"}],"curies":[{"name":"wp","href":"https:\/\/api.w.org\/{rel}","templated":true}]}}