{"id":26626,"date":"2017-02-27T09:21:13","date_gmt":"2017-02-27T07:21:13","guid":{"rendered":"https:\/\/www.stepienybarno.es\/blog\/?p=26626"},"modified":"2017-02-26T23:56:31","modified_gmt":"2017-02-26T21:56:31","slug":"winners-of-the-2017-building-of-the-year-awards","status":"publish","type":"post","link":"https:\/\/stepienybarno.es\/blog\/2017\/02\/27\/winners-of-the-2017-building-of-the-year-awards\/","title":{"rendered":"WINNERS OF THE 2017 BUILDING OF THE YEAR AWARDS"},"content":{"rendered":"<p><img loading=\"lazy\" decoding=\"async\" class=\"aligncenter size-full wp-image-26627\" src=\"https:\/\/stepienybarno.es\/blog\/wp-content\/uploads\/2017\/02\/Stepienybarno-stepien-y-barno-blog-arquitectura-archdaily-buiding-of-the-year.jpg\" alt=\"Stepienybarno-stepien-y-barno-blog-arquitectura-archdaily-buiding-of-the-year\" width=\"500\" height=\"313\" srcset=\"https:\/\/stepienybarno.es\/blog\/wp-content\/uploads\/2017\/02\/Stepienybarno-stepien-y-barno-blog-arquitectura-archdaily-buiding-of-the-year.jpg 500w, https:\/\/stepienybarno.es\/blog\/wp-content\/uploads\/2017\/02\/Stepienybarno-stepien-y-barno-blog-arquitectura-archdaily-buiding-of-the-year-180x113.jpg 180w, https:\/\/stepienybarno.es\/blog\/wp-content\/uploads\/2017\/02\/Stepienybarno-stepien-y-barno-blog-arquitectura-archdaily-buiding-of-the-year-316x198.jpg 316w\" sizes=\"(max-width: 500px) 100vw, 500px\" \/><\/p>\n<p><strong>Desde <a href=\"http:\/\/www.archdaily.com\/\" target=\"_blank\">Archdaily<\/a><\/strong><\/p>\n<p><!--more--><\/p>\n<p style=\"text-align: justify;\">\u201cWith two weeks of nominations and voting now complete, we are happy to present the winners of the\u00a0<a style=\"font-style: inherit; font-weight: inherit;\" href=\"http:\/\/boty.archdaily.com\/us\/2017\" target=\"_blank\">2017 ArchDaily Building of the Year Awards<\/a>. As a peer-based, crowdsourced architecture award, these winners were chosen by the collective intelligence of over 75,000 votes from ArchDaily readers around the world, filtering over 3,000 projects down to the 16 best works featured on\u00a0<em style=\"font-weight: inherit;\">ArchDaily<\/em>\u00a0in 2016.<\/p>\n<p style=\"text-align: justify;\">The winners, as always, include a diversity of architectural output from around the globe. Alongside high-profile, perhaps even predictable winners\u2014who would have bet against\u00a0<a style=\"font-style: inherit; font-weight: inherit;\" href=\"http:\/\/www.archdaily.com\/794950\/via-57-west-big\" target=\"_blank\">BIG&#8217;s first completed project in New York<\/a>\u00a0or\u00a0<a style=\"font-style: inherit; font-weight: inherit;\" href=\"http:\/\/www.archdaily.com\/802093\/elbphilharmonie-hamburg-herzog-and-de-meuron\" target=\"_blank\">Herzog &amp; de Meuron&#8217;s long-awaited philharmonic hall in Hamburg<\/a>?\u2014are more niche and surprise winners, from\u00a0<a style=\"font-style: inherit; font-weight: inherit;\" href=\"http:\/\/www.archdaily.com\/787710\/capilla-san-bernardo-nicolas-campodonico\" target=\"_blank\">Nicol\u00e1s Campodonico&#8217;s off-grid chapel in Argentina<\/a>\u00a0to\u00a0<a style=\"font-style: inherit; font-weight: inherit;\" href=\"http:\/\/www.archdaily.com\/798694\/tangshan-organic-farm-archstudio\" target=\"_blank\">ARCHSTUDIO&#8217;s organic food factory in China<\/a>. The list also features some returning favorites such as spaceworkers, whose\u00a0<a style=\"font-style: inherit; font-weight: inherit;\" href=\"http:\/\/www.archdaily.com\/801492\/casa-cabo-de-vila-spaceworkers\" target=\"_blank\">Casa Cabo de Vila<\/a>\u00a0brings them their second\u00a0win in the housing category, repeating their success from 2015 (\u2026)\u201d<\/p>\n<p><strong>\u00a0<\/strong><\/p>\n<p style=\"text-align: center;\"><strong>Accede al art\u00edculo, <\/strong><strong><a href=\"http:\/\/www.archdaily.com\/804859\/winners-of-the-2017-building-of-the-year-awards?platform=hootsuite\" target=\"_blank\">AQU\u00cd<\/a><\/strong><\/p>\n<p>&nbsp;<\/p>\n<p>&nbsp;<\/p>\n<p><span style=\"color: #999999;\"><em>Noticia seleccionada por el Canal de arquitectura STEPIENYBARNO.\u00a0<\/em><\/span><\/p>\n<p><a href=\"https:\/\/twitter.com\/stepienybarno\">STEPIENYBARNO EN TWITTER _ @stepienybarno<\/a><\/p>\n<p><a href=\"http:\/\/www.linkedin.com\/company\/stepienybarno\"><em>STEPIENYBARNO EN LINKEDIN<\/em><\/a><\/p>\n<p><a href=\"https:\/\/www.facebook.com\/StepienybarnoCANAL\">STEPIENYBARNO EN FACEBOOK<\/a><\/p>\n<p><span style=\"color: #999999;\"><em>*Stepienybarno est\u00e1 formado por Agnieszka Stepien y Lorenzo Barn\u00f3 y desde mayo del 2009 estamos en la red con\u00a0 la presente publicaci\u00f3n digital (Blog) de arquitectura.<\/em><\/span><\/p>\n<p><span style=\"color: #999999;\"><em>Nuestra actividad se sustenta en tres pilares b\u00e1sicos: la investigaci\u00f3n, la publicaci\u00f3n (comunicaci\u00f3n y difusi\u00f3n) y la redacci\u00f3n de proyectos de arquitectura.<\/em><\/span><\/p>\n<p><span style=\"color: #999999;\"><em>A su vez, somos socios cofundadores de<\/em><\/span><em>\u00a0<\/em><a href=\"http:\/\/sinergiasostenible.org\/\">SINERGIA SOSTENIBLE<\/a><span style=\"color: #999999;\"><em>, redactores de<\/em><\/span><em>\u00a0<\/em><a href=\"http:\/\/www.laciudadviva.org\/blogs\/?author=45\">LA CIUDAD VIVA<\/a><em>\u00a0<\/em><span style=\"color: #999999;\"><em>y directores del blog de<\/em><\/span><em>\u00a0<\/em><a href=\"http:\/\/blogfundacion.arquia.es\/\">FUNDACI\u00d3N ARQUIA<\/a><span style=\"color: #999999;\"><em>.<\/em><\/span><\/p>\n<p><span style=\"color: #999999;\"><em>* Los editores de esta publicaci\u00f3n digital no nos hacemos cargo de de los comentarios y\u00a0 conceptos vertidos en los textos firmados por otras personas, siendo \u00e9stos de responsabilidad exclusiva de sus autores.<\/em><\/span><\/p>\n<p><span style=\"color: #999999;\"><em>* Tu comentario podr\u00e1 ser moderado, por lo tanto, aunque aparezca inmediatamente al ser publicado en la entrada, los editores de esta publicaci\u00f3n digital nos reservamos el derecho tanto de editarlo (si fuera necesario, para hacerlo m\u00e1s legible) como de eliminarlo en el caso de que se usen expresiones incorrectas (descalificaciones, palabras malsonantes\u2026). A su vez, si quieres comentar desde el anonimato puedes hacerlo, aunque, nosotros personalmente, agradecemos que tod@s nos podamos identificar.<\/em><\/span><\/p>\n","protected":false},"excerpt":{"rendered":"<p>Desde Archdaily<\/p>\n","protected":false},"author":9,"featured_media":26627,"comment_status":"open","ping_status":"closed","sticky":false,"template":"","format":"standard","meta":{"om_disable_all_campaigns":false,"_monsterinsights_skip_tracking":false,"_monsterinsights_sitenote_active":false,"_monsterinsights_sitenote_note":"","_monsterinsights_sitenote_category":0,"_uf_show_specific_survey":0,"_uf_disable_surveys":false,"episode_type":"","audio_file":"","cover_image":"","cover_image_id":"","duration":"","filesize":"","date_recorded":"","explicit":"","block":"","filesize_raw":"","footnotes":""},"categories":[244],"tags":[2143],"series":[],"class_list":["post-26626","post","type-post","status-publish","format-standard","has-post-thumbnail","hentry","category-canal-de-arquitectura","tag-archdaily"],"aioseo_notices":[],"episode_featured_image":"https:\/\/stepienybarno.es\/blog\/wp-content\/uploads\/2017\/02\/Stepienybarno-stepien-y-barno-blog-arquitectura-archdaily-buiding-of-the-year.jpg","episode_player_image":"https:\/\/stepienybarno.es\/blog\/wp-content\/uploads\/2020\/11\/stepienybarno-podcast-scaled.jpg","download_link":"","player_link":"","audio_player":false,"episode_data":{"playerMode":"dark","subscribeUrls":[],"rssFeedUrl":"https:\/\/stepienybarno.es\/blog\/feed\/podcast\/podcast-de-stepienybarno","embedCode":"<blockquote class=\"wp-embedded-content\" data-secret=\"oNdMh4XLMs\"><a href=\"https:\/\/stepienybarno.es\/blog\/2017\/02\/27\/winners-of-the-2017-building-of-the-year-awards\/\">WINNERS OF THE 2017 BUILDING OF THE YEAR AWARDS<\/a><\/blockquote><iframe sandbox=\"allow-scripts\" security=\"restricted\" src=\"https:\/\/stepienybarno.es\/blog\/2017\/02\/27\/winners-of-the-2017-building-of-the-year-awards\/embed\/#?secret=oNdMh4XLMs\" width=\"500\" height=\"350\" title=\"\u00abWINNERS OF THE 2017 BUILDING OF THE YEAR AWARDS\u00bb \u2014 Blog de STEPIEN Y BARNO - publicaci\u00f3n digital sobre arquitectura\" data-secret=\"oNdMh4XLMs\" frameborder=\"0\" marginwidth=\"0\" marginheight=\"0\" scrolling=\"no\" class=\"wp-embedded-content\"><\/iframe><script type=\"text\/javascript\">\n\/* <![CDATA[ *\/\n\/*! This file is auto-generated *\/\n!function(d,l){\"use strict\";l.querySelector&&d.addEventListener&&\"undefined\"!=typeof URL&&(d.wp=d.wp||{},d.wp.receiveEmbedMessage||(d.wp.receiveEmbedMessage=function(e){var t=e.data;if((t||t.secret||t.message||t.value)&&!\/[^a-zA-Z0-9]\/.test(t.secret)){for(var s,r,n,a=l.querySelectorAll('iframe[data-secret=\"'+t.secret+'\"]'),o=l.querySelectorAll('blockquote[data-secret=\"'+t.secret+'\"]'),c=new RegExp(\"^https?:$\",\"i\"),i=0;i<o.length;i++)o[i].style.display=\"none\";for(i=0;i<a.length;i++)s=a[i],e.source===s.contentWindow&&(s.removeAttribute(\"style\"),\"height\"===t.message?(1e3<(r=parseInt(t.value,10))?r=1e3:~~r<200&&(r=200),s.height=r):\"link\"===t.message&&(r=new URL(s.getAttribute(\"src\")),n=new URL(t.value),c.test(n.protocol))&&n.host===r.host&&l.activeElement===s&&(d.top.location.href=t.value))}},d.addEventListener(\"message\",d.wp.receiveEmbedMessage,!1),l.addEventListener(\"DOMContentLoaded\",function(){for(var e,t,s=l.querySelectorAll(\"iframe.wp-embedded-content\"),r=0;r<s.length;r++)(t=(e=s[r]).getAttribute(\"data-secret\"))||(t=Math.random().toString(36).substring(2,12),e.src+=\"#?secret=\"+t,e.setAttribute(\"data-secret\",t)),e.contentWindow.postMessage({message:\"ready\",secret:t},\"*\")},!1)))}(window,document);\n\/* ]]> *\/\n<\/script>\n"},"_links":{"self":[{"href":"https:\/\/stepienybarno.es\/blog\/wp-json\/wp\/v2\/posts\/26626"}],"collection":[{"href":"https:\/\/stepienybarno.es\/blog\/wp-json\/wp\/v2\/posts"}],"about":[{"href":"https:\/\/stepienybarno.es\/blog\/wp-json\/wp\/v2\/types\/post"}],"author":[{"embeddable":true,"href":"https:\/\/stepienybarno.es\/blog\/wp-json\/wp\/v2\/users\/9"}],"replies":[{"embeddable":true,"href":"https:\/\/stepienybarno.es\/blog\/wp-json\/wp\/v2\/comments?post=26626"}],"version-history":[{"count":1,"href":"https:\/\/stepienybarno.es\/blog\/wp-json\/wp\/v2\/posts\/26626\/revisions"}],"predecessor-version":[{"id":26628,"href":"https:\/\/stepienybarno.es\/blog\/wp-json\/wp\/v2\/posts\/26626\/revisions\/26628"}],"wp:featuredmedia":[{"embeddable":true,"href":"https:\/\/stepienybarno.es\/blog\/wp-json\/wp\/v2\/media\/26627"}],"wp:attachment":[{"href":"https:\/\/stepienybarno.es\/blog\/wp-json\/wp\/v2\/media?parent=26626"}],"wp:term":[{"taxonomy":"category","embeddable":true,"href":"https:\/\/stepienybarno.es\/blog\/wp-json\/wp\/v2\/categories?post=26626"},{"taxonomy":"post_tag","embeddable":true,"href":"https:\/\/stepienybarno.es\/blog\/wp-json\/wp\/v2\/tags?post=26626"},{"taxonomy":"series","embeddable":true,"href":"https:\/\/stepienybarno.es\/blog\/wp-json\/wp\/v2\/series?post=26626"}],"curies":[{"name":"wp","href":"https:\/\/api.w.org\/{rel}","templated":true}]}}