{"id":26646,"date":"2017-02-28T10:53:10","date_gmt":"2017-02-28T08:53:10","guid":{"rendered":"https:\/\/www.stepienybarno.es\/blog\/?p=26646"},"modified":"2017-02-28T10:53:10","modified_gmt":"2017-02-28T08:53:10","slug":"casas-sonadas-el-hogar-ideal-de-miguel-barahona","status":"publish","type":"post","link":"https:\/\/stepienybarno.es\/blog\/2017\/02\/28\/casas-sonadas-el-hogar-ideal-de-miguel-barahona\/","title":{"rendered":"CASAS SO\u00d1ADAS: EL HOGAR IDEAL DE MIGUEL BARAHONA"},"content":{"rendered":"<p><img loading=\"lazy\" decoding=\"async\" class=\"aligncenter size-full wp-image-26647\" src=\"https:\/\/stepienybarno.es\/blog\/wp-content\/uploads\/2017\/02\/Stepienybarno-stepien-y-barno-blog-arquitectura-miguel-baraona-houzz.jpg\" alt=\"Stepienybarno-stepien-y-barno-blog-arquitectura-miguel-baraona-houzz\" width=\"500\" height=\"370\" srcset=\"https:\/\/stepienybarno.es\/blog\/wp-content\/uploads\/2017\/02\/Stepienybarno-stepien-y-barno-blog-arquitectura-miguel-baraona-houzz.jpg 500w, https:\/\/stepienybarno.es\/blog\/wp-content\/uploads\/2017\/02\/Stepienybarno-stepien-y-barno-blog-arquitectura-miguel-baraona-houzz-180x133.jpg 180w, https:\/\/stepienybarno.es\/blog\/wp-content\/uploads\/2017\/02\/Stepienybarno-stepien-y-barno-blog-arquitectura-miguel-baraona-houzz-316x234.jpg 316w\" sizes=\"(max-width: 500px) 100vw, 500px\" \/><\/p>\n<p><strong>Desde <a href=\"https:\/\/www.houzz.es\/\" target=\"_blank\">houzz<\/a><\/strong><\/p>\n<p><!--more--><\/p>\n<p style=\"text-align: justify;\">\u201cLa casa de este arquitecto es un compendio de 10+1 t\u00e9rminos, fruto de sus a\u00f1os de pr\u00e1ctica profesional y de las relaciones con sus clientes.<\/p>\n<p style=\"text-align: justify;\"><em>Esta casa forma parte de una serie en la que reconocidos arquitectos e interioristas han aceptado el reto de dise\u00f1ar la vivienda de sus sue\u00f1os con im\u00e1genes de Houzz. La \u00fanica regla es que no hay reglas. El \u00fanico l\u00edmite: su capacidad para encontrar lo que m\u00e1s les guste en un oc\u00e9ano de im\u00e1genes de interiores de medio mundo.<\/em><\/p>\n<p>Durante mucho tiempo he buscado la casa de los sue\u00f1os. No de los m\u00edos, sino la casa de los sue\u00f1os de otros.\u00a0Aquella en la que no solo puedan vivir, realizar sus actividades cotidianas, sino con la que se puedan identificar, que muestre su forma de estar en el mundo, de \u201chabitar po\u00e9ticamente<em>\u201d<\/em>.<br \/>\nParece ser que Kazuyo Sejima no pudo o no quiso dise\u00f1ar su propia casa. Le dej\u00f3 a Ryue Nishizawa el trabajo de imaginar ese espacio. Para ella la arquitectura no\u00a0<em>es porque s\u00ed.\u00a0<\/em>Parte siempre del di\u00e1logo. Necesita de un cliente con el que conversar, alguien en cuyos sue\u00f1os poder escudri\u00f1ar, para el que idear nuevos mundos. Sin ese contrario no le ve\u00eda sentido al proceso de proyectar. O tal vez quiso, por una vez, que fuera otro el que buscara y materializara sus sue\u00f1os.<br \/>\nAl imaginar la casa de otros, uno convierte en propios sus sue\u00f1os, y al hacerlo no puede dejar de proyectar(se). A lo largo de los a\u00f1os una serie de temas se han ido repitiendo de forma recurrente en muchos de mis proyectos, con matices propios en cada ocasi\u00f3n. Otros, por el contrario, han ido surgiendo por el camino. Temas que tratar\u00e9 de describir a trav\u00e9s de 10+1 t\u00e9rminos. Palabras que no representan reflexiones meramente te\u00f3ricas, sino que son fragmentos ciertos de sue\u00f1os largamente perseguidos, detalles reales que uno busca siempre en aquellas casas que encuentra. Recuerdos v\u00edvidos que volver\u00e1n a aparecer al enfrentarse a un nuevo proyecto.<br \/>\nLa verdad, no s\u00e9 c\u00f3mo ser\u00eda mi casa so\u00f1ada, pero a trav\u00e9s de las dise\u00f1adas a lo largo de los a\u00f1os creo que puedo decir que ser\u00eda radical, maximalista, compleja, abstracta, activa, diversa, difusa, divertida, \u00edntima, emocionante y audaz (\u2026)\u201d<\/p>\n<p style=\"text-align: justify;\"><strong>\u00a0<\/strong><\/p>\n<p style=\"text-align: center;\"><strong>Accede al art\u00edculo, <\/strong><strong><a href=\"https:\/\/www.houzz.es\/ideabooks\/53787149\" target=\"_blank\">AQU\u00cd<\/a><\/strong><\/p>\n<p>&nbsp;<\/p>\n<p>&nbsp;<\/p>\n<p style=\"text-align: justify;\"><span style=\"color: #999999;\"><em>Noticia seleccionada por el Canal de arquitectura STEPIENYBARNO.\u00a0<\/em><\/span><\/p>\n<p style=\"text-align: justify;\"><a href=\"https:\/\/twitter.com\/stepienybarno\"><em>STEPIENYBARNO EN TWITTER _ @stepienybarno<\/em><\/a><\/p>\n<p style=\"text-align: justify;\"><a href=\"http:\/\/www.linkedin.com\/company\/stepienybarno\"><em>STEPIENYBARNO EN LINKEDIN<\/em><\/a><\/p>\n<p style=\"text-align: justify;\"><a href=\"https:\/\/www.facebook.com\/StepienybarnoCANAL\"><em>STEPIENYBARNO EN FACEBOOK<\/em><\/a><\/p>\n<p style=\"text-align: justify;\"><span style=\"color: #999999;\"><em>*Stepienybarno est\u00e1 formado por Agnieszka Stepien y Lorenzo Barn\u00f3 y desde mayo del 2009 estamos en la red con\u00a0 la presente publicaci\u00f3n digital (Blog) de arquitectura.<\/em><\/span><\/p>\n<p style=\"text-align: justify;\"><span style=\"color: #999999;\"><em>Nuestra actividad se sustenta en tres pilares b\u00e1sicos: la investigaci\u00f3n, la publicaci\u00f3n (comunicaci\u00f3n y difusi\u00f3n) y la redacci\u00f3n de proyectos de arquitectura.<\/em><\/span><\/p>\n<p style=\"text-align: justify;\"><span style=\"color: #999999;\"><em>A su vez, somos socios cofundadores de<\/em><\/span><em>\u00a0<\/em><a href=\"http:\/\/sinergiasostenible.org\/\"><em>SINERGIA SOSTENIBLE<\/em><\/a><span style=\"color: #999999;\"><em>, redactores de<\/em><\/span><em>\u00a0<\/em><a href=\"http:\/\/www.laciudadviva.org\/blogs\/?author=45\"><em>LA CIUDAD VIVA<\/em><\/a><span style=\"color: #999999;\"><em>\u00a0<\/em><em>y directores del blog de<\/em><\/span><em>\u00a0<\/em><a href=\"http:\/\/blogfundacion.arquia.es\/\"><em>FUNDACI\u00d3N ARQUIA<\/em><\/a><span style=\"color: #999999;\"><em>.<\/em><\/span><\/p>\n<p style=\"text-align: justify;\"><span style=\"color: #999999;\"><em>* Los editores de esta publicaci\u00f3n digital no nos hacemos cargo de de los comentarios y\u00a0 conceptos vertidos en los textos firmados por otras personas, siendo \u00e9stos de responsabilidad exclusiva de sus autores.<\/em><\/span><\/p>\n<p style=\"text-align: justify;\"><span style=\"color: #999999;\"><em>* Tu comentario podr\u00e1 ser moderado, por lo tanto, aunque aparezca inmediatamente al ser publicado en la entrada, los editores de esta publicaci\u00f3n digital nos reservamos el derecho tanto de editarlo (si fuera necesario, para hacerlo m\u00e1s legible) como de eliminarlo en el caso de que se usen expresiones incorrectas (descalificaciones, palabras malsonantes\u2026). A su vez, si quieres comentar desde el anonimato puedes hacerlo, aunque, nosotros personalmente, agradecemos que tod@s nos podamos identificar.<\/em><\/span><\/p>\n","protected":false},"excerpt":{"rendered":"<p>Desde houzz<\/p>\n","protected":false},"author":9,"featured_media":26647,"comment_status":"open","ping_status":"closed","sticky":false,"template":"","format":"standard","meta":{"om_disable_all_campaigns":false,"_monsterinsights_skip_tracking":false,"_monsterinsights_sitenote_active":false,"_monsterinsights_sitenote_note":"","_monsterinsights_sitenote_category":0,"_uf_show_specific_survey":0,"_uf_disable_surveys":false,"episode_type":"","audio_file":"","cover_image":"","cover_image_id":"","duration":"","filesize":"","date_recorded":"","explicit":"","block":"","filesize_raw":"","footnotes":""},"categories":[244],"tags":[2893,2343,3688,4261],"series":[],"class_list":["post-26646","post","type-post","status-publish","format-standard","has-post-thumbnail","hentry","category-canal-de-arquitectura","tag-casa-farnsworth","tag-farnsworth","tag-houzz","tag-miguel-barahona"],"aioseo_notices":[],"episode_featured_image":"https:\/\/stepienybarno.es\/blog\/wp-content\/uploads\/2017\/02\/Stepienybarno-stepien-y-barno-blog-arquitectura-miguel-baraona-houzz.jpg","episode_player_image":"https:\/\/stepienybarno.es\/blog\/wp-content\/uploads\/2020\/11\/stepienybarno-podcast-scaled.jpg","download_link":"","player_link":"","audio_player":false,"episode_data":{"playerMode":"dark","subscribeUrls":[],"rssFeedUrl":"https:\/\/stepienybarno.es\/blog\/feed\/podcast\/podcast-de-stepienybarno","embedCode":"<blockquote class=\"wp-embedded-content\" data-secret=\"bSiRkACM6e\"><a href=\"https:\/\/stepienybarno.es\/blog\/2017\/02\/28\/casas-sonadas-el-hogar-ideal-de-miguel-barahona\/\">CASAS SO\u00d1ADAS: EL HOGAR IDEAL DE MIGUEL BARAHONA<\/a><\/blockquote><iframe sandbox=\"allow-scripts\" security=\"restricted\" src=\"https:\/\/stepienybarno.es\/blog\/2017\/02\/28\/casas-sonadas-el-hogar-ideal-de-miguel-barahona\/embed\/#?secret=bSiRkACM6e\" width=\"500\" height=\"350\" title=\"\u00abCASAS SO\u00d1ADAS: EL HOGAR IDEAL DE MIGUEL BARAHONA\u00bb \u2014 Blog de STEPIEN Y BARNO - publicaci\u00f3n digital sobre arquitectura\" data-secret=\"bSiRkACM6e\" frameborder=\"0\" marginwidth=\"0\" marginheight=\"0\" scrolling=\"no\" class=\"wp-embedded-content\"><\/iframe><script type=\"text\/javascript\">\n\/* <![CDATA[ *\/\n\/*! This file is auto-generated *\/\n!function(d,l){\"use strict\";l.querySelector&&d.addEventListener&&\"undefined\"!=typeof URL&&(d.wp=d.wp||{},d.wp.receiveEmbedMessage||(d.wp.receiveEmbedMessage=function(e){var t=e.data;if((t||t.secret||t.message||t.value)&&!\/[^a-zA-Z0-9]\/.test(t.secret)){for(var s,r,n,a=l.querySelectorAll('iframe[data-secret=\"'+t.secret+'\"]'),o=l.querySelectorAll('blockquote[data-secret=\"'+t.secret+'\"]'),c=new RegExp(\"^https?:$\",\"i\"),i=0;i<o.length;i++)o[i].style.display=\"none\";for(i=0;i<a.length;i++)s=a[i],e.source===s.contentWindow&&(s.removeAttribute(\"style\"),\"height\"===t.message?(1e3<(r=parseInt(t.value,10))?r=1e3:~~r<200&&(r=200),s.height=r):\"link\"===t.message&&(r=new URL(s.getAttribute(\"src\")),n=new URL(t.value),c.test(n.protocol))&&n.host===r.host&&l.activeElement===s&&(d.top.location.href=t.value))}},d.addEventListener(\"message\",d.wp.receiveEmbedMessage,!1),l.addEventListener(\"DOMContentLoaded\",function(){for(var e,t,s=l.querySelectorAll(\"iframe.wp-embedded-content\"),r=0;r<s.length;r++)(t=(e=s[r]).getAttribute(\"data-secret\"))||(t=Math.random().toString(36).substring(2,12),e.src+=\"#?secret=\"+t,e.setAttribute(\"data-secret\",t)),e.contentWindow.postMessage({message:\"ready\",secret:t},\"*\")},!1)))}(window,document);\n\/* ]]> *\/\n<\/script>\n"},"_links":{"self":[{"href":"https:\/\/stepienybarno.es\/blog\/wp-json\/wp\/v2\/posts\/26646"}],"collection":[{"href":"https:\/\/stepienybarno.es\/blog\/wp-json\/wp\/v2\/posts"}],"about":[{"href":"https:\/\/stepienybarno.es\/blog\/wp-json\/wp\/v2\/types\/post"}],"author":[{"embeddable":true,"href":"https:\/\/stepienybarno.es\/blog\/wp-json\/wp\/v2\/users\/9"}],"replies":[{"embeddable":true,"href":"https:\/\/stepienybarno.es\/blog\/wp-json\/wp\/v2\/comments?post=26646"}],"version-history":[{"count":1,"href":"https:\/\/stepienybarno.es\/blog\/wp-json\/wp\/v2\/posts\/26646\/revisions"}],"predecessor-version":[{"id":26648,"href":"https:\/\/stepienybarno.es\/blog\/wp-json\/wp\/v2\/posts\/26646\/revisions\/26648"}],"wp:featuredmedia":[{"embeddable":true,"href":"https:\/\/stepienybarno.es\/blog\/wp-json\/wp\/v2\/media\/26647"}],"wp:attachment":[{"href":"https:\/\/stepienybarno.es\/blog\/wp-json\/wp\/v2\/media?parent=26646"}],"wp:term":[{"taxonomy":"category","embeddable":true,"href":"https:\/\/stepienybarno.es\/blog\/wp-json\/wp\/v2\/categories?post=26646"},{"taxonomy":"post_tag","embeddable":true,"href":"https:\/\/stepienybarno.es\/blog\/wp-json\/wp\/v2\/tags?post=26646"},{"taxonomy":"series","embeddable":true,"href":"https:\/\/stepienybarno.es\/blog\/wp-json\/wp\/v2\/series?post=26646"}],"curies":[{"name":"wp","href":"https:\/\/api.w.org\/{rel}","templated":true}]}}