{"id":26733,"date":"2017-03-03T19:21:22","date_gmt":"2017-03-03T17:21:22","guid":{"rendered":"https:\/\/www.stepienybarno.es\/blog\/?p=26733"},"modified":"2017-03-03T12:30:55","modified_gmt":"2017-03-03T10:30:55","slug":"refugios-de-la-guerra-fria-cuando-los-bunkeres-eran-minipisos-subterraneos","status":"publish","type":"post","link":"https:\/\/stepienybarno.es\/blog\/2017\/03\/03\/refugios-de-la-guerra-fria-cuando-los-bunkeres-eran-minipisos-subterraneos\/","title":{"rendered":"REFUGIOS DE LA GUERRA FR\u00cdA: CUANDO LOS B\u00daNKERES ERAN &#8216;MINIPISOS&#8217; SUBTERR\u00c1NEOS"},"content":{"rendered":"<p><img loading=\"lazy\" decoding=\"async\" class=\"aligncenter size-full wp-image-26734\" src=\"https:\/\/stepienybarno.es\/blog\/wp-content\/uploads\/2017\/03\/stepienybarno-stepien-y-barno-arquitectura-idealista-refugios-b\u00fankeres.jpg\" alt=\"stepienybarno-stepien-y-barno-arquitectura-idealista-refugios-b\u00fankeres\" width=\"500\" height=\"280\" srcset=\"https:\/\/stepienybarno.es\/blog\/wp-content\/uploads\/2017\/03\/stepienybarno-stepien-y-barno-arquitectura-idealista-refugios-b\u00fankeres.jpg 500w, https:\/\/stepienybarno.es\/blog\/wp-content\/uploads\/2017\/03\/stepienybarno-stepien-y-barno-arquitectura-idealista-refugios-b\u00fankeres-180x101.jpg 180w, https:\/\/stepienybarno.es\/blog\/wp-content\/uploads\/2017\/03\/stepienybarno-stepien-y-barno-arquitectura-idealista-refugios-b\u00fankeres-316x177.jpg 316w\" sizes=\"(max-width: 500px) 100vw, 500px\" \/><\/p>\n<p><strong>Desde <a href=\"https:\/\/www.idealista.com\/\" target=\"_blank\">Idealista<\/a><\/strong><\/p>\n<p><!--more--><\/p>\n<p style=\"text-align: justify;\">\u201cAunque resulte sorprendente, los\u00a0<a href=\"http:\/\/www.idealista.com\/news\/deco\/consejos\/2016\/09\/27\/743694-251-consejos-para-aprovechar-al-maximo-un-minipiso\">peque\u00f1os pisos<\/a>\u00a0en los que vivimos hoy en d\u00eda no son mucho m\u00e1s amplios que los\u00a0<strong>curiosos b\u00fankeres<\/strong>\u00a0que se pusieron de moda en Estados Unidos\u00a0<strong>durante la<\/strong><strong>\u00a0<\/strong><a href=\"https:\/\/es.wikipedia.org\/wiki\/Guerra_Fr%C3%ADa\"><strong>Guerra Fr\u00eda<\/strong><\/a>. Por aquel entonces, el Gobierno estadounidense promovi\u00f3 la creaci\u00f3n de\u00a0<a href=\"http:\/\/www.treehugger.com\/slideshows\/tiny-houses\/tiny-house-movement-goes-underground-fallout-shelters\/page\/2\/#slide-top\"><strong>refugios subterr\u00e1neos<\/strong><\/a>\u00a0para que los ciudadanos se resguardaran de los sovi\u00e9ticos.\u00a0 Eso s\u00ed, las familias intentaban convertir estos habit\u00e1culos de pocos metros cuadrados en acogedores espacios para pasar el tiempo necesario si se produc\u00eda un ataque nuclear.<\/p>\n<p style=\"text-align: justify;\">La idea sigue triunfando hoy entre los millonarios: las estrellas de Hollywood y hasta el mism\u00edsimo Bill Gates se han construido\u00a0<a href=\"https:\/\/www.idealista.com\/news\/inmobiliario\/internacional\/2016\/11\/07\/744159-viviendas-para-el-apocalipsis-asi-son-los-bunkeres-de-lujo-de-bill-gates-y-las\"><strong>b\u00fankeres de lujo<\/strong><\/a>\u00a0para salvaguardarse ante el posible fin del mundo con<strong>\u00a0<\/strong><strong>boleras, invernaderos, saunas y hasta \u2018jacuzzis\u2019.<\/strong>\u00a0Para el resto de los mortales, los austeros b\u00fankeres de la Guerra Fr\u00eda son los que nos recuerdan a nuestros peque\u00f1os pisos.<\/p>\n<h3 style=\"text-align: justify;\"><strong>Un manual para hacer t\u00fa mismo el b\u00fanker<\/strong><\/h3>\n<p style=\"text-align: justify;\">En 1961,\u00a0<strong>el Departamento de Defensa de Estados Unidos<\/strong><strong>\u00a0<\/strong>distribuy\u00f3 todo tipo de manuales para mostrar c\u00f3mo integrar la guarida subterr\u00e1nea en el jard\u00edn de la vivienda habitual. En estos folletos se daban recomendaciones sobre su\u00a0<strong>ubicaci\u00f3n id\u00f3nea,<\/strong>\u00a0los\u00a0<strong>materiales<\/strong><strong>\u00a0<\/strong>necesarios e incluso los\u00a0<strong>pasos<\/strong>\u00a0que se deb\u00edan seguir para construir uno (\u2026)\u201d<\/p>\n<p>&nbsp;<\/p>\n<p style=\"text-align: center;\"><strong>Accede al art\u00edculo,\u00a0<a href=\"https:\/\/www.idealista.com\/news\/inmobiliario\/internacional\/2017\/01\/31\/745155-refugios-de-la-guerra-fria-cuando-los-bunkeres-eran-minipisos-subterraneos\" target=\"_blank\">AQU\u00cd<\/a><\/strong><\/p>\n<p><strong>\u00a0<\/strong><\/p>\n<p>&nbsp;<\/p>\n<p style=\"text-align: justify;\"><span style=\"color: #999999;\"><em>Noticia seleccionada por el Canal de arquitectura STEPIENYBARNO.\u00a0<\/em><\/span><\/p>\n<p style=\"text-align: justify;\"><a href=\"https:\/\/twitter.com\/stepienybarno\"><em>STEPIENYBARNO EN TWITTER _ @stepienybarno<\/em><\/a><\/p>\n<p style=\"text-align: justify;\"><a href=\"http:\/\/www.linkedin.com\/company\/stepienybarno\"><em>STEPIENYBARNO EN LINKEDIN<\/em><\/a><\/p>\n<p style=\"text-align: justify;\"><a href=\"https:\/\/www.facebook.com\/StepienybarnoCANAL\"><em>STEPIENYBARNO EN FACEBOOK<\/em><\/a><\/p>\n<p style=\"text-align: justify;\"><span style=\"color: #999999;\"><em>*Stepienybarno est\u00e1 formado por Agnieszka Stepien y Lorenzo Barn\u00f3 y desde mayo del 2009 estamos en la red con\u00a0 la presente publicaci\u00f3n digital (Blog) de arquitectura.<\/em><\/span><\/p>\n<p style=\"text-align: justify;\"><span style=\"color: #999999;\"><em>Nuestra actividad se sustenta en tres pilares b\u00e1sicos: la investigaci\u00f3n, la publicaci\u00f3n (comunicaci\u00f3n y difusi\u00f3n) y la redacci\u00f3n de proyectos de arquitectura.<\/em><\/span><\/p>\n<p style=\"text-align: justify;\"><span style=\"color: #999999;\"><em>A su vez, somos socios cofundadores de<\/em><\/span><em>\u00a0<\/em><a href=\"http:\/\/sinergiasostenible.org\/\"><em>SINERGIA SOSTENIBLE<\/em><\/a><span style=\"color: #999999;\"><em>, redactores de<\/em><em>\u00a0<\/em><\/span><a href=\"http:\/\/www.laciudadviva.org\/blogs\/?author=45\"><em>LA CIUDAD VIVA<\/em><\/a><span style=\"color: #999999;\"><em>\u00a0<\/em><em>y directores del blog de<\/em><\/span><em>\u00a0<\/em><a href=\"http:\/\/blogfundacion.arquia.es\/\"><em>FUNDACI\u00d3N ARQUIA<\/em><\/a><span style=\"color: #999999;\"><em>.<\/em><\/span><\/p>\n<p style=\"text-align: justify;\"><span style=\"color: #999999;\"><em>* Los editores de esta publicaci\u00f3n digital no nos hacemos cargo de de los comentarios y\u00a0 conceptos vertidos en los textos firmados por otras personas, siendo \u00e9stos de responsabilidad exclusiva de sus autores.<\/em><\/span><\/p>\n<p style=\"text-align: justify;\"><span style=\"color: #999999;\"><em>* Tu comentario podr\u00e1 ser moderado, por lo tanto, aunque aparezca inmediatamente al ser publicado en la entrada, los editores de esta publicaci\u00f3n digital nos reservamos el derecho tanto de editarlo (si fuera necesario, para hacerlo m\u00e1s legible) como de eliminarlo en el caso de que se usen expresiones incorrectas (descalificaciones, palabras malsonantes\u2026). A su vez, si quieres comentar desde el anonimato puedes hacerlo, aunque, nosotros personalmente, agradecemos que tod@s nos podamos identificar.<\/em><\/span><\/p>\n","protected":false},"excerpt":{"rendered":"<p>Desde Idealista<\/p>\n","protected":false},"author":9,"featured_media":26734,"comment_status":"open","ping_status":"closed","sticky":false,"template":"","format":"standard","meta":{"om_disable_all_campaigns":false,"_monsterinsights_skip_tracking":false,"_monsterinsights_sitenote_active":false,"_monsterinsights_sitenote_note":"","_monsterinsights_sitenote_category":0,"_uf_show_specific_survey":0,"_uf_disable_surveys":false,"episode_type":"","audio_file":"","cover_image":"","cover_image_id":"","duration":"","filesize":"","date_recorded":"","explicit":"","block":"","filesize_raw":"","footnotes":""},"categories":[244],"tags":[5200,3663],"series":[],"class_list":["post-26733","post","type-post","status-publish","format-standard","has-post-thumbnail","hentry","category-canal-de-arquitectura","tag-bunkeres","tag-idealista"],"aioseo_notices":[],"episode_featured_image":"https:\/\/stepienybarno.es\/blog\/wp-content\/uploads\/2017\/03\/stepienybarno-stepien-y-barno-arquitectura-idealista-refugios-b\u00fankeres.jpg","episode_player_image":"https:\/\/stepienybarno.es\/blog\/wp-content\/uploads\/2020\/11\/stepienybarno-podcast-scaled.jpg","download_link":"","player_link":"","audio_player":false,"episode_data":{"playerMode":"dark","subscribeUrls":[],"rssFeedUrl":"https:\/\/stepienybarno.es\/blog\/feed\/podcast\/podcast-de-stepienybarno","embedCode":"<blockquote class=\"wp-embedded-content\" data-secret=\"KNfWSmDfUz\"><a href=\"https:\/\/stepienybarno.es\/blog\/2017\/03\/03\/refugios-de-la-guerra-fria-cuando-los-bunkeres-eran-minipisos-subterraneos\/\">REFUGIOS DE LA GUERRA FR\u00cdA: CUANDO LOS B\u00daNKERES ERAN &#8216;MINIPISOS&#8217; SUBTERR\u00c1NEOS<\/a><\/blockquote><iframe sandbox=\"allow-scripts\" security=\"restricted\" src=\"https:\/\/stepienybarno.es\/blog\/2017\/03\/03\/refugios-de-la-guerra-fria-cuando-los-bunkeres-eran-minipisos-subterraneos\/embed\/#?secret=KNfWSmDfUz\" width=\"500\" height=\"350\" title=\"\u00abREFUGIOS DE LA GUERRA FR\u00cdA: CUANDO LOS B\u00daNKERES ERAN &#8216;MINIPISOS&#8217; SUBTERR\u00c1NEOS\u00bb \u2014 Blog de STEPIEN Y BARNO - publicaci\u00f3n digital sobre arquitectura\" data-secret=\"KNfWSmDfUz\" frameborder=\"0\" marginwidth=\"0\" marginheight=\"0\" scrolling=\"no\" class=\"wp-embedded-content\"><\/iframe><script type=\"text\/javascript\">\n\/* <![CDATA[ *\/\n\/*! This file is auto-generated *\/\n!function(d,l){\"use strict\";l.querySelector&&d.addEventListener&&\"undefined\"!=typeof URL&&(d.wp=d.wp||{},d.wp.receiveEmbedMessage||(d.wp.receiveEmbedMessage=function(e){var t=e.data;if((t||t.secret||t.message||t.value)&&!\/[^a-zA-Z0-9]\/.test(t.secret)){for(var s,r,n,a=l.querySelectorAll('iframe[data-secret=\"'+t.secret+'\"]'),o=l.querySelectorAll('blockquote[data-secret=\"'+t.secret+'\"]'),c=new RegExp(\"^https?:$\",\"i\"),i=0;i<o.length;i++)o[i].style.display=\"none\";for(i=0;i<a.length;i++)s=a[i],e.source===s.contentWindow&&(s.removeAttribute(\"style\"),\"height\"===t.message?(1e3<(r=parseInt(t.value,10))?r=1e3:~~r<200&&(r=200),s.height=r):\"link\"===t.message&&(r=new URL(s.getAttribute(\"src\")),n=new URL(t.value),c.test(n.protocol))&&n.host===r.host&&l.activeElement===s&&(d.top.location.href=t.value))}},d.addEventListener(\"message\",d.wp.receiveEmbedMessage,!1),l.addEventListener(\"DOMContentLoaded\",function(){for(var e,t,s=l.querySelectorAll(\"iframe.wp-embedded-content\"),r=0;r<s.length;r++)(t=(e=s[r]).getAttribute(\"data-secret\"))||(t=Math.random().toString(36).substring(2,12),e.src+=\"#?secret=\"+t,e.setAttribute(\"data-secret\",t)),e.contentWindow.postMessage({message:\"ready\",secret:t},\"*\")},!1)))}(window,document);\n\/* ]]> *\/\n<\/script>\n"},"_links":{"self":[{"href":"https:\/\/stepienybarno.es\/blog\/wp-json\/wp\/v2\/posts\/26733"}],"collection":[{"href":"https:\/\/stepienybarno.es\/blog\/wp-json\/wp\/v2\/posts"}],"about":[{"href":"https:\/\/stepienybarno.es\/blog\/wp-json\/wp\/v2\/types\/post"}],"author":[{"embeddable":true,"href":"https:\/\/stepienybarno.es\/blog\/wp-json\/wp\/v2\/users\/9"}],"replies":[{"embeddable":true,"href":"https:\/\/stepienybarno.es\/blog\/wp-json\/wp\/v2\/comments?post=26733"}],"version-history":[{"count":1,"href":"https:\/\/stepienybarno.es\/blog\/wp-json\/wp\/v2\/posts\/26733\/revisions"}],"predecessor-version":[{"id":26735,"href":"https:\/\/stepienybarno.es\/blog\/wp-json\/wp\/v2\/posts\/26733\/revisions\/26735"}],"wp:featuredmedia":[{"embeddable":true,"href":"https:\/\/stepienybarno.es\/blog\/wp-json\/wp\/v2\/media\/26734"}],"wp:attachment":[{"href":"https:\/\/stepienybarno.es\/blog\/wp-json\/wp\/v2\/media?parent=26733"}],"wp:term":[{"taxonomy":"category","embeddable":true,"href":"https:\/\/stepienybarno.es\/blog\/wp-json\/wp\/v2\/categories?post=26733"},{"taxonomy":"post_tag","embeddable":true,"href":"https:\/\/stepienybarno.es\/blog\/wp-json\/wp\/v2\/tags?post=26733"},{"taxonomy":"series","embeddable":true,"href":"https:\/\/stepienybarno.es\/blog\/wp-json\/wp\/v2\/series?post=26733"}],"curies":[{"name":"wp","href":"https:\/\/api.w.org\/{rel}","templated":true}]}}