{"id":26765,"date":"2017-03-08T09:21:07","date_gmt":"2017-03-08T07:21:07","guid":{"rendered":"https:\/\/www.stepienybarno.es\/blog\/?p=26765"},"modified":"2017-03-21T08:12:20","modified_gmt":"2017-03-21T06:12:20","slug":"nuevo-concurso-en-stepienybarno","status":"publish","type":"post","link":"https:\/\/stepienybarno.es\/blog\/2017\/03\/08\/nuevo-concurso-en-stepienybarno\/","title":{"rendered":"\u00a1NUEVO CONCURSO EN STEPIENYBARNO!"},"content":{"rendered":"<p><img loading=\"lazy\" decoding=\"async\" class=\"aligncenter size-medium wp-image-26770\" src=\"https:\/\/stepienybarno.es\/blog\/wp-content\/uploads\/2017\/03\/Stepienybarno-stepien-y-barno-blog-arquitectura-Fundacion-arquia-tesis-550x373.jpg\" alt=\"Stepienybarno-stepien-y-barno-blog-arquitectura-Fundacion-arquia-tesis\" width=\"550\" height=\"373\" srcset=\"https:\/\/stepienybarno.es\/blog\/wp-content\/uploads\/2017\/03\/Stepienybarno-stepien-y-barno-blog-arquitectura-Fundacion-arquia-tesis-550x373.jpg 550w, https:\/\/stepienybarno.es\/blog\/wp-content\/uploads\/2017\/03\/Stepienybarno-stepien-y-barno-blog-arquitectura-Fundacion-arquia-tesis-180x122.jpg 180w, https:\/\/stepienybarno.es\/blog\/wp-content\/uploads\/2017\/03\/Stepienybarno-stepien-y-barno-blog-arquitectura-Fundacion-arquia-tesis-316x215.jpg 316w, https:\/\/stepienybarno.es\/blog\/wp-content\/uploads\/2017\/03\/Stepienybarno-stepien-y-barno-blog-arquitectura-Fundacion-arquia-tesis.jpg 1000w\" sizes=\"(max-width: 550px) 100vw, 550px\" \/><\/p>\n<p style=\"text-align: justify;\">Se trata del sorteo de <strong>3 PACKS CON 3\u00a0LIBROS<\/strong> que os presentamos con la colaboraci\u00f3n de <a href=\"http:\/\/fundacion.arquia.es\/es\/fundacion\" target=\"_blank\">FUNDACI\u00d3N ARQUIA<\/a>.<\/p>\n<p style=\"text-align: justify;\">Para optar a uno de ellos lo ten\u00e9is tan f\u00e1cil como dejar un comentario contestando a la siguiente pregunta:<\/p>\n<h5 style=\"text-align: center;\"><span style=\"color: #ff0000;\"><strong>\u00bfQu\u00e9 libro de <a style=\"color: #ff0000;\" href=\"http:\/\/fundacion.arquia.es\/es\/ediciones\/publicaciones\" target=\"_blank\">Arquia\/Publicaciones<\/a><\/strong><strong>\u00a0te\u00a0gustar\u00eda leer y por qu\u00e9?<\/strong><\/span><\/h5>\n<p><!--more--><\/p>\n<p style=\"text-align: justify;\">\u00a1Tan f\u00e1cil como esto! As\u00ed que durante las pr\u00f3ximas dos semanas,<strong><span style=\"color: #ff0000;\"> hasta el 31\u00a0de\u00a0marzo*<\/span><\/strong> pod\u00e9is ir dejando comentarios, ya que el sorteo lo celebraremos el d\u00eda 1 de abril, en el que anunciaremos quienes han sido los tres ganadores, entre cada uno de los participantes.<\/p>\n<p style=\"text-align: justify;\">Si quer\u00e9is contar muchas cosas, os recomendamos que lo divid\u00e1is en varios comentarios; as\u00ed ten\u00e9is m\u00e1s opciones, pero que no sean de una l\u00ednea cada uno, \u00a1que nos conocemos!<\/p>\n<p style=\"text-align: justify;\">Los tres libros que ir\u00e1n en cada pack son:<\/p>\n<p><img loading=\"lazy\" decoding=\"async\" class=\"aligncenter size-full wp-image-26766\" src=\"https:\/\/stepienybarno.es\/blog\/wp-content\/uploads\/2017\/03\/Stepienybarno-stepien-y-barno-blog-arquitectura-Fundacion-arquia-tradicion-innovada-juan-domingo-santos.jpg\" alt=\"Stepienybarno-stepien-y-barno-blog-arquitectura-Fundacion-arquia-tradicion-innovada-juan-domingo-santos\" width=\"500\" height=\"449\" srcset=\"https:\/\/stepienybarno.es\/blog\/wp-content\/uploads\/2017\/03\/Stepienybarno-stepien-y-barno-blog-arquitectura-Fundacion-arquia-tradicion-innovada-juan-domingo-santos.jpg 500w, https:\/\/stepienybarno.es\/blog\/wp-content\/uploads\/2017\/03\/Stepienybarno-stepien-y-barno-blog-arquitectura-Fundacion-arquia-tradicion-innovada-juan-domingo-santos-180x162.jpg 180w, https:\/\/stepienybarno.es\/blog\/wp-content\/uploads\/2017\/03\/Stepienybarno-stepien-y-barno-blog-arquitectura-Fundacion-arquia-tradicion-innovada-juan-domingo-santos-316x284.jpg 316w\" sizes=\"(max-width: 500px) 100vw, 500px\" \/><\/p>\n<p style=\"text-align: justify;\"><strong><a href=\"http:\/\/fundacion.arquia.es\/es\/ediciones\/publicaciones\/Colecciones\/DetallePublicacion\/101?coleccion=1\" target=\"_blank\">LA TRADICI\u00d3N INNOVADA<\/a><\/strong><br \/>\nEscritos sobre regresi\u00f3n y modernidad<\/p>\n<p style=\"text-align: justify;\">De Juan Domingo Santos<\/p>\n<p style=\"text-align: justify;\">\u201cHablar de tradici\u00f3n en Occidente es adentrarse en los m\u00faltiples significados de la historia, abordar el progreso y el concepto de evoluci\u00f3n, lo que se pierde y se gana para una sociedad, hablar del sentimiento de una cultura, de la traici\u00f3n a unas tradiciones heredadas, de la moral y la \u00e9tica, del pudor del individuo, de la nostalgia, del miedo a la entrega y a los disfraces que adopta la supervivencia, de lo aut\u00e9ntico y lo falso, de sus imposturas, de las relaciones con el pasado y de la vuelta al origen. Hablar de tradici\u00f3n es hacerlo de s\u00edntesis&#8230;\u201d<\/p>\n<p><strong>Accede a la ficha completa, <a href=\"http:\/\/fundacion.arquia.es\/es\/ediciones\/publicaciones\/Colecciones\/DetallePublicacion\/101?coleccion=1\" target=\"_blank\">AQU\u00cd<\/a><\/strong><\/p>\n<p style=\"text-align: justify;\"><a href=\"http:\/\/fundacion.arquia.es\/es\/ediciones\/publicaciones\/Colecciones\/DetallePublicacion\/100?coleccion=1\" target=\"_blank\"><br \/>\n<img loading=\"lazy\" decoding=\"async\" class=\"aligncenter size-full wp-image-26767\" src=\"https:\/\/stepienybarno.es\/blog\/wp-content\/uploads\/2017\/03\/Stepienybarno-stepien-y-barno-blog-arquitectura-Fundacion-arquia-utopias-domesticas-alison-peter-smithson.jpg\" alt=\"Stepienybarno-stepien-y-barno-blog-arquitectura-Fundacion-arquia-utopias-domesticas-alison-peter-smithson\" width=\"500\" height=\"453\" srcset=\"https:\/\/stepienybarno.es\/blog\/wp-content\/uploads\/2017\/03\/Stepienybarno-stepien-y-barno-blog-arquitectura-Fundacion-arquia-utopias-domesticas-alison-peter-smithson.jpg 500w, https:\/\/stepienybarno.es\/blog\/wp-content\/uploads\/2017\/03\/Stepienybarno-stepien-y-barno-blog-arquitectura-Fundacion-arquia-utopias-domesticas-alison-peter-smithson-180x163.jpg 180w, https:\/\/stepienybarno.es\/blog\/wp-content\/uploads\/2017\/03\/Stepienybarno-stepien-y-barno-blog-arquitectura-Fundacion-arquia-utopias-domesticas-alison-peter-smithson-316x286.jpg 316w\" sizes=\"(max-width: 500px) 100vw, 500px\" \/><strong>UTOP\u00cdAS DOM\u00c9STICAS<\/strong><\/a><br \/>\nLa casa del Futuro de Alison y Peter Smithson<br \/>\nNieves Fern\u00e1ndez Villalobos<\/p>\n<p style=\"text-align: justify;\">\u201cArquitectura, paisaje, arte, dise\u00f1o y cine se entrelazan en este libro que va de lo particular a lo universal, provocando una actitud reflexiva sobre el concepto de casa del futuro en la arquitectura contempor\u00e1nea. Los primeros cap\u00edtulos van desentra\u00f1ando paulatinamente el pensamiento de juventud de Alison y Peter Smithson a trav\u00e9s de sus primeras obras perecederas y so\u00f1adoras. Su casa del Futuro, pieza central de la investigaci\u00f3n, permite ser estudiada a partir de distintos puntos de vista: desde la intenci\u00f3n de los autores, desde lo que mostraron&#8230;\u201d<\/p>\n<p><strong>Accede a la ficha completa, <a href=\"http:\/\/fundacion.arquia.es\/es\/ediciones\/publicaciones\/Colecciones\/DetallePublicacion\/100?coleccion=1\" target=\"_blank\">AQU\u00cd<\/a><\/strong><\/p>\n<p style=\"text-align: justify;\"><a href=\"http:\/\/fundacion.arquia.es\/es\/ediciones\/publicaciones\/Colecciones\/DetallePublicacion\/31?coleccion=1\" target=\"_blank\"><br \/>\n<img loading=\"lazy\" decoding=\"async\" class=\"aligncenter size-full wp-image-26768\" src=\"https:\/\/stepienybarno.es\/blog\/wp-content\/uploads\/2017\/03\/Stepienybarno-stepien-y-barno-blog-arquitectura-Fundacion-arquia-los-pueblos-de-colonizaci\u00f3n-de-fern\u00e1ndez-de-amo.jpg\" alt=\"Stepienybarno-stepien-y-barno-blog-arquitectura-Fundacion-arquia-los pueblos de colonizaci\u00f3n de fern\u00e1ndez de amo\" width=\"500\" height=\"470\" srcset=\"https:\/\/stepienybarno.es\/blog\/wp-content\/uploads\/2017\/03\/Stepienybarno-stepien-y-barno-blog-arquitectura-Fundacion-arquia-los-pueblos-de-colonizaci\u00f3n-de-fern\u00e1ndez-de-amo.jpg 500w, https:\/\/stepienybarno.es\/blog\/wp-content\/uploads\/2017\/03\/Stepienybarno-stepien-y-barno-blog-arquitectura-Fundacion-arquia-los-pueblos-de-colonizaci\u00f3n-de-fern\u00e1ndez-de-amo-180x169.jpg 180w, https:\/\/stepienybarno.es\/blog\/wp-content\/uploads\/2017\/03\/Stepienybarno-stepien-y-barno-blog-arquitectura-Fundacion-arquia-los-pueblos-de-colonizaci\u00f3n-de-fern\u00e1ndez-de-amo-316x297.jpg 316w\" sizes=\"(max-width: 500px) 100vw, 500px\" \/><strong>LOS PUEBLOS DE COLONIZACI\u00d3N DE FERN\u00c1NDEZ DEL AMO<\/strong><\/a><br \/>\nArte, arquitectura y urbanismo<br \/>\nMiguel Centellas Soler<\/p>\n<p style=\"text-align: justify;\">\u201cJos\u00e9 Luis Fern\u00e1ndez del Amo trabaj\u00f3 en el Instituto Nacional de Colonizaci\u00f3n entre 1947 y 1968. Durante esos a\u00f1os proyect\u00f3 doce de los trescientos pueblos que se construyeron por toda la geograf\u00eda espa\u00f1ola. Fue el arquitecto m\u00e1s innovador y destacado entre los m\u00e1s de ochenta que trabajaron para el INC. \u00a0Sus viviendas en Vegaviana han sido ampliamente reconocidas y su gran visi\u00f3n urban\u00edstica le permiti\u00f3 proyectar trazados muy distintos, desde los geom\u00e9tricos de Villalba de Calatrava (1955) y El Realengo (1957) a los org\u00e1nicos de Ca\u00f1ada de Agra (1962)&#8230;\u201d<\/p>\n<p style=\"text-align: justify;\"><strong>Accede a la ficha completa, <a href=\"http:\/\/fundacion.arquia.es\/es\/ediciones\/publicaciones\/Colecciones\/DetallePublicacion\/31?coleccion=1\" target=\"_blank\">AQU\u00cd<\/a><\/strong><\/p>\n<p style=\"text-align: justify;\">As\u00ed que os animamos a participar en el sorteo para ver si os pod\u00e9is hacer con uno de los packs, de todas formas, os recomendamos su lectura.<\/p>\n<p style=\"text-align: justify;\">\u00a1Suerte!<\/p>\n<p style=\"text-align: justify;\"><strong>NOTA: En el caso de resultar seleccionado, la Fundaci\u00f3n Arquia enviar\u00e1 el lote a la oficina m\u00e1s cercana a vuestra localidad.<\/strong><\/p>\n<p style=\"text-align: justify;\"><strong>(Puedes consultar todas las oficinas <a href=\"https:\/\/www.arquia.es\/site\/es\/operativa\/oficinas\" target=\"_blank\">AQU\u00cd<\/a>)<\/strong><\/p>\n<p style=\"text-align: center;\"><span style=\"color: #808080;\">* Se amplia el plazo de participaci\u00f3n del 24 al 31 de marzo<\/span><\/p>\n<blockquote>\n<p style=\"text-align: center;\"><a href=\"https:\/\/twitter.com\/stepienybarno\"><em>STEPIENYBARNO EN TWITTER _ @stepienybarno<\/em><\/a><\/p>\n<p style=\"text-align: center;\"><a href=\"http:\/\/www.linkedin.com\/company\/stepienybarno\"><em>STEPIENYBARNO EN LINKEDIN<\/em><\/a><\/p>\n<p style=\"text-align: center;\"><a href=\"https:\/\/www.facebook.com\/StepienybarnoCANAL\"><em>STEPIENYBARNO EN FACEBOOK<\/em><\/a><\/p>\n<p style=\"text-align: justify;\"><span style=\"color: #999999;\"><em>*Stepienybarno est\u00e1 formado por Agnieszka Stepien y Lorenzo Barn\u00f3 y desde mayo del 2009 estamos en la red con\u00a0 la presente publicaci\u00f3n digital (Blog) de arquitectura.<\/em><\/span><\/p>\n<p style=\"text-align: justify;\"><span style=\"color: #999999;\"><em>Nuestra actividad se sustenta en tres pilares b\u00e1sicos: la investigaci\u00f3n, la publicaci\u00f3n (comunicaci\u00f3n y difusi\u00f3n) y la redacci\u00f3n de proyectos de arquitectura.<\/em><\/span><\/p>\n<p style=\"text-align: justify;\"><span style=\"color: #999999;\"><em>A su vez, somos socios cofundadores de<\/em><\/span><em>\u00a0<\/em><a href=\"http:\/\/sinergiasostenible.org\/\"><em>SINERGIA SOSTENIBLE<\/em><\/a><span style=\"color: #999999;\"><em>, redactores de<\/em><\/span><em>\u00a0<\/em><a href=\"http:\/\/www.laciudadviva.org\/blogs\/?author=45\"><em>LA CIUDAD VIVA<\/em><\/a><span style=\"color: #999999;\"><em>\u00a0<\/em><em>y directores del blog de<\/em><\/span><em>\u00a0<\/em><a href=\"http:\/\/blogfundacion.arquia.es\/\"><em>FUNDACI\u00d3N ARQUIA<\/em><\/a><span style=\"color: #999999;\"><em>.<\/em><\/span><\/p>\n<p style=\"text-align: justify;\"><span style=\"color: #999999;\"><em>* Los editores de esta publicaci\u00f3n digital no nos hacemos cargo de de los comentarios y\u00a0 conceptos vertidos en los textos firmados por otras personas, siendo \u00e9stos de responsabilidad exclusiva de sus autores.<\/em><\/span><\/p>\n<p style=\"text-align: justify;\"><span style=\"color: #999999;\"><em>* Tu comentario podr\u00e1 ser moderado, por lo tanto, aunque aparezca inmediatamente al ser publicado en la entrada, los editores de esta publicaci\u00f3n digital nos reservamos el derecho tanto de editarlo (si fuera necesario, para hacerlo m\u00e1s legible) como de eliminarlo en el caso de que se usen expresiones incorrectas (descalificaciones, palabras malsonantes\u2026). A su vez, si quieres comentar desde el anonimato puedes hacerlo, aunque, nosotros personalmente, agradecemos que tod@s nos podamos identificar.<\/em><\/span><\/p>\n<\/blockquote>\n","protected":false},"excerpt":{"rendered":"<p>Se trata del sorteo de 3 PACKS CON 3\u00a0LIBROS que<\/p>\n","protected":false},"author":9,"featured_media":26770,"comment_status":"open","ping_status":"closed","sticky":false,"template":"","format":"standard","meta":{"om_disable_all_campaigns":false,"_monsterinsights_skip_tracking":false,"_monsterinsights_sitenote_active":false,"_monsterinsights_sitenote_note":"","_monsterinsights_sitenote_category":0,"_uf_show_specific_survey":0,"_uf_disable_surveys":false,"episode_type":"","audio_file":"","cover_image":"","cover_image_id":"","duration":"","filesize":"","date_recorded":"","explicit":"","block":"","filesize_raw":"","footnotes":""},"categories":[34,4],"tags":[2969,5216,142,2886,648,5215,5214,2053],"series":[],"class_list":["post-26765","post","type-post","status-publish","format-standard","has-post-thumbnail","hentry","category-actualidad","category-arquilectura","tag-alison-y-peter-smithson","tag-arquiapublicaciones","tag-concurso","tag-fundacion-arquia","tag-juan-domingo-santos","tag-miguel-centellas-soler","tag-nieves-fernandez-villalobos","tag-sorteo"],"aioseo_notices":[],"episode_featured_image":"https:\/\/stepienybarno.es\/blog\/wp-content\/uploads\/2017\/03\/Stepienybarno-stepien-y-barno-blog-arquitectura-Fundacion-arquia-tesis.jpg","episode_player_image":"https:\/\/stepienybarno.es\/blog\/wp-content\/uploads\/2020\/11\/stepienybarno-podcast-scaled.jpg","download_link":"","player_link":"","audio_player":false,"episode_data":{"playerMode":"dark","subscribeUrls":[],"rssFeedUrl":"https:\/\/stepienybarno.es\/blog\/feed\/podcast\/podcast-de-stepienybarno","embedCode":"<blockquote class=\"wp-embedded-content\" data-secret=\"E7cK9ugYn3\"><a href=\"https:\/\/stepienybarno.es\/blog\/2017\/03\/08\/nuevo-concurso-en-stepienybarno\/\">\u00a1NUEVO CONCURSO EN STEPIENYBARNO!<\/a><\/blockquote><iframe sandbox=\"allow-scripts\" security=\"restricted\" src=\"https:\/\/stepienybarno.es\/blog\/2017\/03\/08\/nuevo-concurso-en-stepienybarno\/embed\/#?secret=E7cK9ugYn3\" width=\"500\" height=\"350\" title=\"\u00ab\u00a1NUEVO CONCURSO EN STEPIENYBARNO!\u00bb \u2014 Blog de STEPIEN Y BARNO - publicaci\u00f3n digital sobre arquitectura\" data-secret=\"E7cK9ugYn3\" frameborder=\"0\" marginwidth=\"0\" marginheight=\"0\" scrolling=\"no\" class=\"wp-embedded-content\"><\/iframe><script type=\"text\/javascript\">\n\/* <![CDATA[ *\/\n\/*! This file is auto-generated *\/\n!function(d,l){\"use strict\";l.querySelector&&d.addEventListener&&\"undefined\"!=typeof URL&&(d.wp=d.wp||{},d.wp.receiveEmbedMessage||(d.wp.receiveEmbedMessage=function(e){var t=e.data;if((t||t.secret||t.message||t.value)&&!\/[^a-zA-Z0-9]\/.test(t.secret)){for(var s,r,n,a=l.querySelectorAll('iframe[data-secret=\"'+t.secret+'\"]'),o=l.querySelectorAll('blockquote[data-secret=\"'+t.secret+'\"]'),c=new RegExp(\"^https?:$\",\"i\"),i=0;i<o.length;i++)o[i].style.display=\"none\";for(i=0;i<a.length;i++)s=a[i],e.source===s.contentWindow&&(s.removeAttribute(\"style\"),\"height\"===t.message?(1e3<(r=parseInt(t.value,10))?r=1e3:~~r<200&&(r=200),s.height=r):\"link\"===t.message&&(r=new URL(s.getAttribute(\"src\")),n=new URL(t.value),c.test(n.protocol))&&n.host===r.host&&l.activeElement===s&&(d.top.location.href=t.value))}},d.addEventListener(\"message\",d.wp.receiveEmbedMessage,!1),l.addEventListener(\"DOMContentLoaded\",function(){for(var e,t,s=l.querySelectorAll(\"iframe.wp-embedded-content\"),r=0;r<s.length;r++)(t=(e=s[r]).getAttribute(\"data-secret\"))||(t=Math.random().toString(36).substring(2,12),e.src+=\"#?secret=\"+t,e.setAttribute(\"data-secret\",t)),e.contentWindow.postMessage({message:\"ready\",secret:t},\"*\")},!1)))}(window,document);\n\/* ]]> *\/\n<\/script>\n"},"_links":{"self":[{"href":"https:\/\/stepienybarno.es\/blog\/wp-json\/wp\/v2\/posts\/26765"}],"collection":[{"href":"https:\/\/stepienybarno.es\/blog\/wp-json\/wp\/v2\/posts"}],"about":[{"href":"https:\/\/stepienybarno.es\/blog\/wp-json\/wp\/v2\/types\/post"}],"author":[{"embeddable":true,"href":"https:\/\/stepienybarno.es\/blog\/wp-json\/wp\/v2\/users\/9"}],"replies":[{"embeddable":true,"href":"https:\/\/stepienybarno.es\/blog\/wp-json\/wp\/v2\/comments?post=26765"}],"version-history":[{"count":6,"href":"https:\/\/stepienybarno.es\/blog\/wp-json\/wp\/v2\/posts\/26765\/revisions"}],"predecessor-version":[{"id":26924,"href":"https:\/\/stepienybarno.es\/blog\/wp-json\/wp\/v2\/posts\/26765\/revisions\/26924"}],"wp:featuredmedia":[{"embeddable":true,"href":"https:\/\/stepienybarno.es\/blog\/wp-json\/wp\/v2\/media\/26770"}],"wp:attachment":[{"href":"https:\/\/stepienybarno.es\/blog\/wp-json\/wp\/v2\/media?parent=26765"}],"wp:term":[{"taxonomy":"category","embeddable":true,"href":"https:\/\/stepienybarno.es\/blog\/wp-json\/wp\/v2\/categories?post=26765"},{"taxonomy":"post_tag","embeddable":true,"href":"https:\/\/stepienybarno.es\/blog\/wp-json\/wp\/v2\/tags?post=26765"},{"taxonomy":"series","embeddable":true,"href":"https:\/\/stepienybarno.es\/blog\/wp-json\/wp\/v2\/series?post=26765"}],"curies":[{"name":"wp","href":"https:\/\/api.w.org\/{rel}","templated":true}]}}