{"id":26785,"date":"2017-03-09T09:21:02","date_gmt":"2017-03-09T07:21:02","guid":{"rendered":"https:\/\/www.stepienybarno.es\/blog\/?p=26785"},"modified":"2017-03-07T20:42:32","modified_gmt":"2017-03-07T18:42:32","slug":"rcr-premio-pritzker-a-la-consistencia-de-una-obra","status":"publish","type":"post","link":"https:\/\/stepienybarno.es\/blog\/2017\/03\/09\/rcr-premio-pritzker-a-la-consistencia-de-una-obra\/","title":{"rendered":"RCR: PREMIO PRITZKER A LA CONSISTENCIA DE UNA OBRA."},"content":{"rendered":"<p><img loading=\"lazy\" decoding=\"async\" class=\"aligncenter size-medium wp-image-26786\" src=\"https:\/\/stepienybarno.es\/blog\/wp-content\/uploads\/2017\/03\/Stepienybarno-stepien-y-barno-blog-arquitectura-Fundacion-arquia-Rodrigo-almonacid-550x324.jpg\" alt=\"Stepienybarno-stepien-y-barno-blog-arquitectura-Fundacion-arquia-Rodrigo-almonacid\" width=\"550\" height=\"324\" srcset=\"https:\/\/stepienybarno.es\/blog\/wp-content\/uploads\/2017\/03\/Stepienybarno-stepien-y-barno-blog-arquitectura-Fundacion-arquia-Rodrigo-almonacid-550x324.jpg 550w, https:\/\/stepienybarno.es\/blog\/wp-content\/uploads\/2017\/03\/Stepienybarno-stepien-y-barno-blog-arquitectura-Fundacion-arquia-Rodrigo-almonacid-180x106.jpg 180w, https:\/\/stepienybarno.es\/blog\/wp-content\/uploads\/2017\/03\/Stepienybarno-stepien-y-barno-blog-arquitectura-Fundacion-arquia-Rodrigo-almonacid-316x186.jpg 316w, https:\/\/stepienybarno.es\/blog\/wp-content\/uploads\/2017\/03\/Stepienybarno-stepien-y-barno-blog-arquitectura-Fundacion-arquia-Rodrigo-almonacid.jpg 650w\" sizes=\"(max-width: 550px) 100vw, 550px\" \/><\/p>\n<p><strong>Por <a href=\"http:\/\/blogfundacion.arquia.es\/author\/rodrigo\/\" target=\"_blank\">Rodrigo Almonacid<\/a><\/strong><\/p>\n<p><strong>Desde <a href=\"http:\/\/blogfundacion.arquia.es\/\" target=\"_blank\">Blog Fundaci\u00f3n Arquia<\/a><\/strong><\/p>\n<p><!--more--><\/p>\n<p style=\"text-align: justify;\">\u201cLos arquitectos estamos de enhorabuena. Y no me refiero a los espa\u00f1oles, ni siquiera a los catalanes, sino a todos. El premio Pritzker que ayer se anunci\u00f3 conceder al equipo de\u00a0<a style=\"font-style: inherit; font-weight: inherit;\" href=\"http:\/\/www.rcrarquitectes.es\/\">RCR Arquitectes<\/a>\u00a0supone una apuesta \u2014esta vez s\u00ed\u2014 por la arquitectura de m\u00e1xima calidad surgida desde el ejercicio de una profesi\u00f3n consciente de sus\u00a0<strong style=\"font-style: inherit;\">responsabilidades y de su trascendencia<\/strong>. Con el galard\u00f3n a su obra se est\u00e1n premiando\u00a0<strong style=\"font-style: inherit;\">valores intr\u00ednsecos<\/strong>\u00a0de nuestra disciplina que, desgraciadamente, han sido relegados durante a\u00f1os por carecer de la brillantina suficiente para lucir en nuestra \u201c<a style=\"font-style: inherit; font-weight: inherit;\" href=\"http:\/\/criticasocial.cl\/pdflibro\/sociedadespec.pdf\">sociedad del espect\u00e1culo<\/a>\u201d como la defini\u00f3 Guy Debord en su c\u00e9lebre libro de 1967.<\/p>\n<p style=\"text-align: justify;\">Concretamente, me estoy refiriendo a valores incuestionables que distinguen la obra de este tr\u00edo de arquitectos \u2014Ram\u00f3n Vilalta, Carme Pigem y Rafael Aranda\u2014, en los que se reconoce la consistencia de una obra desarrollada durante las \u00faltimas dos d\u00e9cadas\u00a0<strong style=\"font-style: inherit;\">con una ra\u00edz muy profunda en su territorio local de Olot<\/strong>, pero con una constante preocupaci\u00f3n por\u00a0<strong style=\"font-style: inherit;\">innovar<\/strong>\u00a0y\u00a0<strong style=\"font-style: inherit;\">evolucionar<\/strong>\u00a0hacia valores universales. Ah\u00ed es donde identificar\u00edamos sus aportaciones y logros m\u00e1s destacables: la b\u00fasqueda de una\u00a0<strong style=\"font-style: inherit;\">expresi\u00f3n serena de la belleza<\/strong><strong>\u00a0<\/strong>nacida del inter\u00e9s por trabajar con el espacio; la<strong>\u00a0<\/strong><strong>sensatez<\/strong>\u00a0de la construcci\u00f3n apoyada en la implicaci\u00f3n con los diversos oficios que intervienen en una obra de edificaci\u00f3n; la orientaci\u00f3n de una idea arquitect\u00f3nica clara mediante una\u00a0<strong style=\"font-style: inherit;\">\u00edntima complicidad con el cliente y los futuros usuarios<\/strong>; y la interpretaci\u00f3n sensible de un\u00a0<strong style=\"font-style: inherit;\">paisaje natural<\/strong>\u00a0para superar la dicotom\u00eda naturaleza versus artificio a la hora de habitar esos nuevos lugares (&#8230;)\u201d<\/p>\n<p style=\"text-align: center;\">\n<p style=\"text-align: center;\"><strong>\u00a0Accede al art\u00edculo, <a href=\"http:\/\/blogfundacion.arquia.es\/2017\/03\/rcr-premio-pritzker-a-la-consistencia-de-una-obra\/\" target=\"_blank\">AQU\u00cd<\/a><\/strong><\/p>\n<p>&nbsp;<\/p>\n<p>&nbsp;<\/p>\n<p><span style=\"color: #999999;\"><em>Noticia seleccionada por el Canal de arquitectura STEPIENYBARNO.\u00a0<\/em><\/span><\/p>\n<p><a href=\"https:\/\/twitter.com\/stepienybarno\"><em>STEPIENYBARNO EN TWITTER _ @stepienybarno<\/em><\/a><\/p>\n<p><a href=\"http:\/\/www.linkedin.com\/company\/stepienybarno\"><em>STEPIENYBARNO EN LINKEDIN<\/em><\/a><\/p>\n<p><a href=\"https:\/\/www.facebook.com\/StepienybarnoCANAL\"><em>STEPIENYBARNO EN FACEBOOK<\/em><\/a><\/p>\n<p><span style=\"color: #999999;\"><em>*Stepienybarno est\u00e1 formado por Agnieszka Stepien y Lorenzo Barn\u00f3 y desde mayo del 2009 estamos en la red con\u00a0 la presente publicaci\u00f3n digital (Blog) de arquitectura.<\/em><\/span><\/p>\n<p><span style=\"color: #999999;\"><em>Nuestra actividad se sustenta en tres pilares b\u00e1sicos: la investigaci\u00f3n, la publicaci\u00f3n (comunicaci\u00f3n y difusi\u00f3n) y la redacci\u00f3n de proyectos de arquitectura.<\/em><\/span><\/p>\n<p><span style=\"color: #999999;\"><em>A su vez, somos socios cofundadores de<\/em><\/span><em>\u00a0<\/em><a href=\"http:\/\/sinergiasostenible.org\/\"><em>SINERGIA SOSTENIBLE<\/em><\/a><span style=\"color: #999999;\"><em>, redactores de<\/em><em>\u00a0<\/em><\/span><a href=\"http:\/\/www.laciudadviva.org\/blogs\/?author=45\"><em>LA CIUDAD VIVA<\/em><\/a><em>\u00a0<\/em><span style=\"color: #999999;\"><em>y directores del blog de<\/em><\/span><em>\u00a0<\/em><a href=\"http:\/\/blogfundacion.arquia.es\/\"><em>FUNDACI\u00d3N ARQUIA<\/em><\/a><span style=\"color: #999999;\"><em>.<\/em><\/span><\/p>\n<p><span style=\"color: #999999;\"><em>* Los editores de esta publicaci\u00f3n digital no nos hacemos cargo de de los comentarios y\u00a0 conceptos vertidos en los textos firmados por otras personas, siendo \u00e9stos de responsabilidad exclusiva de sus autores.<\/em><\/span><\/p>\n<p><span style=\"color: #999999;\"><em>* Tu comentario podr\u00e1 ser moderado, por lo tanto, aunque aparezca inmediatamente al ser publicado en la entrada, los editores de esta publicaci\u00f3n digital nos reservamos el derecho tanto de editarlo (si fuera necesario, para hacerlo m\u00e1s legible) como de eliminarlo en el caso de que se usen expresiones incorrectas (descalificaciones, palabras malsonantes\u2026). A su vez, si quieres comentar desde el anonimato puedes hacerlo, aunque, nosotros personalmente, agradecemos que tod@s nos podamos identificar.<\/em><em>\u00a0<\/em><\/span><\/p>\n","protected":false},"excerpt":{"rendered":"<p>Por Rodrigo Almonacid Desde Blog Fundaci\u00f3n Arquia<\/p>\n","protected":false},"author":9,"featured_media":26786,"comment_status":"open","ping_status":"closed","sticky":false,"template":"","format":"standard","meta":{"om_disable_all_campaigns":false,"_monsterinsights_skip_tracking":false,"_monsterinsights_sitenote_active":false,"_monsterinsights_sitenote_note":"","_monsterinsights_sitenote_category":0,"_uf_show_specific_survey":0,"_uf_disable_surveys":false,"episode_type":"","audio_file":"","cover_image":"","cover_image_id":"","duration":"","filesize":"","date_recorded":"","explicit":"","block":"","filesize_raw":"","footnotes":""},"categories":[244],"tags":[3320,1515,1828,5062,2279],"series":[],"class_list":["post-26785","post","type-post","status-publish","format-standard","has-post-thumbnail","hentry","category-canal-de-arquitectura","tag-blog-fundacion-arquia","tag-premio-pritzker","tag-pritzker","tag-rcr-arquitectes","tag-rodrigo-almonacid"],"aioseo_notices":[],"episode_featured_image":"https:\/\/stepienybarno.es\/blog\/wp-content\/uploads\/2017\/03\/Stepienybarno-stepien-y-barno-blog-arquitectura-Fundacion-arquia-Rodrigo-almonacid.jpg","episode_player_image":"https:\/\/stepienybarno.es\/blog\/wp-content\/uploads\/2020\/11\/stepienybarno-podcast-scaled.jpg","download_link":"","player_link":"","audio_player":false,"episode_data":{"playerMode":"dark","subscribeUrls":[],"rssFeedUrl":"https:\/\/stepienybarno.es\/blog\/feed\/podcast\/podcast-de-stepienybarno","embedCode":"<blockquote class=\"wp-embedded-content\" data-secret=\"HYh19xCELC\"><a href=\"https:\/\/stepienybarno.es\/blog\/2017\/03\/09\/rcr-premio-pritzker-a-la-consistencia-de-una-obra\/\">RCR: PREMIO PRITZKER A LA CONSISTENCIA DE UNA OBRA.<\/a><\/blockquote><iframe sandbox=\"allow-scripts\" security=\"restricted\" src=\"https:\/\/stepienybarno.es\/blog\/2017\/03\/09\/rcr-premio-pritzker-a-la-consistencia-de-una-obra\/embed\/#?secret=HYh19xCELC\" width=\"500\" height=\"350\" title=\"\u00abRCR: PREMIO PRITZKER A LA CONSISTENCIA DE UNA OBRA.\u00bb \u2014 Blog de STEPIEN Y BARNO - publicaci\u00f3n digital sobre arquitectura\" data-secret=\"HYh19xCELC\" frameborder=\"0\" marginwidth=\"0\" marginheight=\"0\" scrolling=\"no\" class=\"wp-embedded-content\"><\/iframe><script type=\"text\/javascript\">\n\/* <![CDATA[ *\/\n\/*! This file is auto-generated *\/\n!function(d,l){\"use strict\";l.querySelector&&d.addEventListener&&\"undefined\"!=typeof URL&&(d.wp=d.wp||{},d.wp.receiveEmbedMessage||(d.wp.receiveEmbedMessage=function(e){var t=e.data;if((t||t.secret||t.message||t.value)&&!\/[^a-zA-Z0-9]\/.test(t.secret)){for(var s,r,n,a=l.querySelectorAll('iframe[data-secret=\"'+t.secret+'\"]'),o=l.querySelectorAll('blockquote[data-secret=\"'+t.secret+'\"]'),c=new RegExp(\"^https?:$\",\"i\"),i=0;i<o.length;i++)o[i].style.display=\"none\";for(i=0;i<a.length;i++)s=a[i],e.source===s.contentWindow&&(s.removeAttribute(\"style\"),\"height\"===t.message?(1e3<(r=parseInt(t.value,10))?r=1e3:~~r<200&&(r=200),s.height=r):\"link\"===t.message&&(r=new URL(s.getAttribute(\"src\")),n=new URL(t.value),c.test(n.protocol))&&n.host===r.host&&l.activeElement===s&&(d.top.location.href=t.value))}},d.addEventListener(\"message\",d.wp.receiveEmbedMessage,!1),l.addEventListener(\"DOMContentLoaded\",function(){for(var e,t,s=l.querySelectorAll(\"iframe.wp-embedded-content\"),r=0;r<s.length;r++)(t=(e=s[r]).getAttribute(\"data-secret\"))||(t=Math.random().toString(36).substring(2,12),e.src+=\"#?secret=\"+t,e.setAttribute(\"data-secret\",t)),e.contentWindow.postMessage({message:\"ready\",secret:t},\"*\")},!1)))}(window,document);\n\/* ]]> *\/\n<\/script>\n"},"_links":{"self":[{"href":"https:\/\/stepienybarno.es\/blog\/wp-json\/wp\/v2\/posts\/26785"}],"collection":[{"href":"https:\/\/stepienybarno.es\/blog\/wp-json\/wp\/v2\/posts"}],"about":[{"href":"https:\/\/stepienybarno.es\/blog\/wp-json\/wp\/v2\/types\/post"}],"author":[{"embeddable":true,"href":"https:\/\/stepienybarno.es\/blog\/wp-json\/wp\/v2\/users\/9"}],"replies":[{"embeddable":true,"href":"https:\/\/stepienybarno.es\/blog\/wp-json\/wp\/v2\/comments?post=26785"}],"version-history":[{"count":1,"href":"https:\/\/stepienybarno.es\/blog\/wp-json\/wp\/v2\/posts\/26785\/revisions"}],"predecessor-version":[{"id":26787,"href":"https:\/\/stepienybarno.es\/blog\/wp-json\/wp\/v2\/posts\/26785\/revisions\/26787"}],"wp:featuredmedia":[{"embeddable":true,"href":"https:\/\/stepienybarno.es\/blog\/wp-json\/wp\/v2\/media\/26786"}],"wp:attachment":[{"href":"https:\/\/stepienybarno.es\/blog\/wp-json\/wp\/v2\/media?parent=26785"}],"wp:term":[{"taxonomy":"category","embeddable":true,"href":"https:\/\/stepienybarno.es\/blog\/wp-json\/wp\/v2\/categories?post=26785"},{"taxonomy":"post_tag","embeddable":true,"href":"https:\/\/stepienybarno.es\/blog\/wp-json\/wp\/v2\/tags?post=26785"},{"taxonomy":"series","embeddable":true,"href":"https:\/\/stepienybarno.es\/blog\/wp-json\/wp\/v2\/series?post=26785"}],"curies":[{"name":"wp","href":"https:\/\/api.w.org\/{rel}","templated":true}]}}