{"id":27020,"date":"2017-03-28T09:17:28","date_gmt":"2017-03-28T07:17:28","guid":{"rendered":"https:\/\/www.stepienybarno.es\/blog\/?p=27020"},"modified":"2017-03-28T09:17:28","modified_gmt":"2017-03-28T07:17:28","slug":"emmme-studio-las-arquitectas-que-quieren-que-te-sientas-en-el-trabajo-como-en-casa","status":"publish","type":"post","link":"https:\/\/stepienybarno.es\/blog\/2017\/03\/28\/emmme-studio-las-arquitectas-que-quieren-que-te-sientas-en-el-trabajo-como-en-casa\/","title":{"rendered":"EMMME STUDIO, LAS ARQUITECTAS QUE QUIEREN QUE TE SIENTAS EN EL TRABAJO COMO EN CASA"},"content":{"rendered":"<p><img loading=\"lazy\" decoding=\"async\" class=\"aligncenter size-full wp-image-27021\" src=\"https:\/\/stepienybarno.es\/blog\/wp-content\/uploads\/2017\/03\/Stepienybarno-stepien-y-barno-blog-arquitectura-emprendedores-emmme-studio-Ana-Delgado-.jpg\" alt=\"Stepienybarno-stepien-y-barno-blog-arquitectura-emprendedores-emmme-studio-Ana Delgado\" width=\"500\" height=\"384\" srcset=\"https:\/\/stepienybarno.es\/blog\/wp-content\/uploads\/2017\/03\/Stepienybarno-stepien-y-barno-blog-arquitectura-emprendedores-emmme-studio-Ana-Delgado-.jpg 500w, https:\/\/stepienybarno.es\/blog\/wp-content\/uploads\/2017\/03\/Stepienybarno-stepien-y-barno-blog-arquitectura-emprendedores-emmme-studio-Ana-Delgado--180x138.jpg 180w, https:\/\/stepienybarno.es\/blog\/wp-content\/uploads\/2017\/03\/Stepienybarno-stepien-y-barno-blog-arquitectura-emprendedores-emmme-studio-Ana-Delgado--316x243.jpg 316w\" sizes=\"(max-width: 500px) 100vw, 500px\" \/><\/p>\n<p><strong>Por Ana Delgado\u00a0<\/strong><\/p>\n<p><strong>Desde <a href=\"http:\/\/www.emprendedores.es\/\" target=\"_blank\">Emprendedores<\/a><\/strong><\/p>\n<p><!--more--><\/p>\n<p style=\"text-align: justify;\">\u201cEl movimento &#8216;slow&#8217; llega a la arquitectura y devuelve al cliente al lugar que le corresponde: el centro del dise\u00f1o. Este equipo de arquitectas ha desarrollado el concepto Slow Home Office para que te sientas en el trabajo como si estuvieras en casa.<\/p>\n<p style=\"text-align: justify;\">Se inspiraron en los apellidos de las 3 integrantes de la sociedad para poner el nombre a la empresa (<strong>Nahia Macon<\/strong>,\u00a0<strong>Lara Mu\u00f1oz<\/strong>\u00a0y\u00a0<strong>Ana Mart\u00edn<\/strong>). Las tres arquitectas se conocieron en un m\u00e1ster de dise\u00f1o de interiores de la Universidad Polit\u00e9cnica de Madrid (UPM) y decidieron sumar la experiencia laboral acumulada para hacer las cosas de otra forma en el mundo del dise\u00f1o. De ah\u00ed naci\u00f3\u00a0<a href=\"http:\/\/www.emmmestudio.com\/\" target=\"_blank\">emmme studio<\/a>, un estudio de arquitectura de interiores especializado en slow design o dise\u00f1o sostenible donde el mensaje principal que desean transmitir a los clientes es que ellos son los protagonistas y el centro del dise\u00f1o.<\/p>\n<p style=\"text-align: justify;\">Para ello dicen tomar como referencia \u2018el movimiento slow\u2019 a ra\u00edz del cual han desarrollado una metodolog\u00eda de trabajo colaborativa, basada en conocer bien a las personas que disfrutan los espacios y trabajar con ellas para conocer sus necesidades (\u2026)\u201d<\/p>\n<p>&nbsp;<\/p>\n<p style=\"text-align: center;\"><strong>Accede a la selecci\u00f3n, <a href=\"http:\/\/www.emprendedores.es\/ideas-de-negocio\/emmme-studio-slow-design-arquitectura-sostenible\" target=\"_blank\">AQU\u00cd<\/a><\/strong><\/p>\n<p>&nbsp;<\/p>\n<p style=\"text-align: justify;\"><em><span style=\"color: #999999;\">*Noticia seleccionada por el Canal de arquitectura STEPIENYBARNO.<\/span>\u00a0<\/em><\/p>\n<p style=\"text-align: justify;\"><a href=\"https:\/\/twitter.com\/stepienybarno\"><em>STEPIENYBARNO EN TWITTER _ @stepienybarno<\/em><\/a><\/p>\n<p style=\"text-align: justify;\"><a href=\"http:\/\/www.linkedin.com\/company\/stepienybarno\"><em>STEPIENYBARNO EN LINKEDIN<\/em><\/a><\/p>\n<p style=\"text-align: justify;\"><a href=\"https:\/\/www.facebook.com\/StepienybarnoCANAL\"><em>STEPIENYBARNO EN FACEBOOK<\/em><\/a><\/p>\n<p style=\"text-align: justify;\"><span style=\"color: #999999;\"><em>*Stepienybarno est\u00e1 formado por Agnieszka Stepien y Lorenzo Barn\u00f3 y desde mayo del 2009 estamos en la red con\u00a0 la presente publicaci\u00f3n digital (Blog) de arquitectura.<\/em><\/span><\/p>\n<p style=\"text-align: justify;\"><span style=\"color: #999999;\"><em>Nuestra actividad se sustenta en tres pilares b\u00e1sicos: la investigaci\u00f3n, la publicaci\u00f3n (comunicaci\u00f3n y difusi\u00f3n) y la redacci\u00f3n de proyectos de arquitectura.<\/em><\/span><\/p>\n<p style=\"text-align: justify;\"><span style=\"color: #999999;\"><em>A su vez, somos socios cofundadores de<\/em><em>\u00a0<\/em><\/span><a href=\"http:\/\/sinergiasostenible.org\/\"><em>SINERGIA SOSTENIBLE<\/em><\/a><span style=\"color: #999999;\"><em>,<\/em><em>\u00a0<\/em><em>redactores de<\/em><\/span><em>\u00a0<\/em><a href=\"http:\/\/www.laciudadviva.org\/blogs\/?author=45\"><em>LA CIUDAD VIVA<\/em><\/a><em>\u00a0<\/em><span style=\"color: #999999;\"><em>y directores del blog de<\/em><\/span><em>\u00a0<\/em><a href=\"http:\/\/blogfundacion.arquia.es\/\"><em>FUNDACI\u00d3N ARQUIA<\/em><\/a><span style=\"color: #999999;\"><em>.<\/em><\/span><\/p>\n<p style=\"text-align: justify;\"><span style=\"color: #999999;\"><em>* Los editores de esta publicaci\u00f3n digital no nos hacemos cargo de de los comentarios y\u00a0 conceptos vertidos en los textos firmados por otras personas, siendo \u00e9stos de responsabilidad exclusiva de sus autores.<\/em><\/span><\/p>\n<p style=\"text-align: justify;\"><span style=\"color: #999999;\"><em>* Tu comentario podr\u00e1 ser moderado, por lo tanto, aunque aparezca inmediatamente al ser publicado en la entrada, los editores de esta publicaci\u00f3n digital nos reservamos el derecho tanto de editarlo (si fuera necesario, para hacerlo m\u00e1s legible) como de eliminarlo en el caso de que se usen expresiones incorrectas (descalificaciones, palabras malsonantes\u2026). A su vez, si quieres comentar desde el anonimato puedes hacerlo, aunque, nosotros personalmente, agradecemos que tod@s nos podamos identificar.<\/em><\/span><\/p>\n","protected":false},"excerpt":{"rendered":"<p>Por Ana Delgado\u00a0 Desde Emprendedores<\/p>\n","protected":false},"author":9,"featured_media":27021,"comment_status":"open","ping_status":"closed","sticky":false,"template":"","format":"standard","meta":{"om_disable_all_campaigns":false,"_monsterinsights_skip_tracking":false,"_monsterinsights_sitenote_active":false,"_monsterinsights_sitenote_note":"","_monsterinsights_sitenote_category":0,"_uf_show_specific_survey":0,"_uf_disable_surveys":false,"episode_type":"","audio_file":"","cover_image":"","cover_image_id":"","duration":"","filesize":"","date_recorded":"","explicit":"","block":"","filesize_raw":"","footnotes":""},"categories":[244],"tags":[5273,5275,5274],"series":[],"class_list":["post-27020","post","type-post","status-publish","format-standard","has-post-thumbnail","hentry","category-canal-de-arquitectura","tag-ana-delgado","tag-emmme-studio","tag-emprendedores"],"aioseo_notices":[],"episode_featured_image":"https:\/\/stepienybarno.es\/blog\/wp-content\/uploads\/2017\/03\/Stepienybarno-stepien-y-barno-blog-arquitectura-emprendedores-emmme-studio-Ana-Delgado-.jpg","episode_player_image":"https:\/\/stepienybarno.es\/blog\/wp-content\/uploads\/2020\/11\/stepienybarno-podcast-scaled.jpg","download_link":"","player_link":"","audio_player":false,"episode_data":{"playerMode":"dark","subscribeUrls":[],"rssFeedUrl":"https:\/\/stepienybarno.es\/blog\/feed\/podcast\/podcast-de-stepienybarno","embedCode":"<blockquote class=\"wp-embedded-content\" data-secret=\"i3ituzFqgO\"><a href=\"https:\/\/stepienybarno.es\/blog\/2017\/03\/28\/emmme-studio-las-arquitectas-que-quieren-que-te-sientas-en-el-trabajo-como-en-casa\/\">EMMME STUDIO, LAS ARQUITECTAS QUE QUIEREN QUE TE SIENTAS EN EL TRABAJO COMO EN CASA<\/a><\/blockquote><iframe sandbox=\"allow-scripts\" security=\"restricted\" src=\"https:\/\/stepienybarno.es\/blog\/2017\/03\/28\/emmme-studio-las-arquitectas-que-quieren-que-te-sientas-en-el-trabajo-como-en-casa\/embed\/#?secret=i3ituzFqgO\" width=\"500\" height=\"350\" title=\"\u00abEMMME STUDIO, LAS ARQUITECTAS QUE QUIEREN QUE TE SIENTAS EN EL TRABAJO COMO EN CASA\u00bb \u2014 Blog de STEPIEN Y BARNO - publicaci\u00f3n digital sobre arquitectura\" data-secret=\"i3ituzFqgO\" frameborder=\"0\" marginwidth=\"0\" marginheight=\"0\" scrolling=\"no\" class=\"wp-embedded-content\"><\/iframe><script type=\"text\/javascript\">\n\/* <![CDATA[ *\/\n\/*! This file is auto-generated *\/\n!function(d,l){\"use strict\";l.querySelector&&d.addEventListener&&\"undefined\"!=typeof URL&&(d.wp=d.wp||{},d.wp.receiveEmbedMessage||(d.wp.receiveEmbedMessage=function(e){var t=e.data;if((t||t.secret||t.message||t.value)&&!\/[^a-zA-Z0-9]\/.test(t.secret)){for(var s,r,n,a=l.querySelectorAll('iframe[data-secret=\"'+t.secret+'\"]'),o=l.querySelectorAll('blockquote[data-secret=\"'+t.secret+'\"]'),c=new RegExp(\"^https?:$\",\"i\"),i=0;i<o.length;i++)o[i].style.display=\"none\";for(i=0;i<a.length;i++)s=a[i],e.source===s.contentWindow&&(s.removeAttribute(\"style\"),\"height\"===t.message?(1e3<(r=parseInt(t.value,10))?r=1e3:~~r<200&&(r=200),s.height=r):\"link\"===t.message&&(r=new URL(s.getAttribute(\"src\")),n=new URL(t.value),c.test(n.protocol))&&n.host===r.host&&l.activeElement===s&&(d.top.location.href=t.value))}},d.addEventListener(\"message\",d.wp.receiveEmbedMessage,!1),l.addEventListener(\"DOMContentLoaded\",function(){for(var e,t,s=l.querySelectorAll(\"iframe.wp-embedded-content\"),r=0;r<s.length;r++)(t=(e=s[r]).getAttribute(\"data-secret\"))||(t=Math.random().toString(36).substring(2,12),e.src+=\"#?secret=\"+t,e.setAttribute(\"data-secret\",t)),e.contentWindow.postMessage({message:\"ready\",secret:t},\"*\")},!1)))}(window,document);\n\/* ]]> *\/\n<\/script>\n"},"_links":{"self":[{"href":"https:\/\/stepienybarno.es\/blog\/wp-json\/wp\/v2\/posts\/27020"}],"collection":[{"href":"https:\/\/stepienybarno.es\/blog\/wp-json\/wp\/v2\/posts"}],"about":[{"href":"https:\/\/stepienybarno.es\/blog\/wp-json\/wp\/v2\/types\/post"}],"author":[{"embeddable":true,"href":"https:\/\/stepienybarno.es\/blog\/wp-json\/wp\/v2\/users\/9"}],"replies":[{"embeddable":true,"href":"https:\/\/stepienybarno.es\/blog\/wp-json\/wp\/v2\/comments?post=27020"}],"version-history":[{"count":1,"href":"https:\/\/stepienybarno.es\/blog\/wp-json\/wp\/v2\/posts\/27020\/revisions"}],"predecessor-version":[{"id":27022,"href":"https:\/\/stepienybarno.es\/blog\/wp-json\/wp\/v2\/posts\/27020\/revisions\/27022"}],"wp:featuredmedia":[{"embeddable":true,"href":"https:\/\/stepienybarno.es\/blog\/wp-json\/wp\/v2\/media\/27021"}],"wp:attachment":[{"href":"https:\/\/stepienybarno.es\/blog\/wp-json\/wp\/v2\/media?parent=27020"}],"wp:term":[{"taxonomy":"category","embeddable":true,"href":"https:\/\/stepienybarno.es\/blog\/wp-json\/wp\/v2\/categories?post=27020"},{"taxonomy":"post_tag","embeddable":true,"href":"https:\/\/stepienybarno.es\/blog\/wp-json\/wp\/v2\/tags?post=27020"},{"taxonomy":"series","embeddable":true,"href":"https:\/\/stepienybarno.es\/blog\/wp-json\/wp\/v2\/series?post=27020"}],"curies":[{"name":"wp","href":"https:\/\/api.w.org\/{rel}","templated":true}]}}