{"id":27043,"date":"2017-03-29T19:15:14","date_gmt":"2017-03-29T17:15:14","guid":{"rendered":"https:\/\/www.stepienybarno.es\/blog\/?p=27043"},"modified":"2017-03-29T14:28:17","modified_gmt":"2017-03-29T12:28:17","slug":"amereida-ciudad-abierta","status":"publish","type":"post","link":"https:\/\/stepienybarno.es\/blog\/2017\/03\/29\/amereida-ciudad-abierta\/","title":{"rendered":"AMEREIDA, CIUDAD ABIERTA"},"content":{"rendered":"<p style=\"text-align: justify;\"><img loading=\"lazy\" decoding=\"async\" class=\"aligncenter wp-image-27044 size-full\" src=\"https:\/\/stepienybarno.es\/blog\/wp-content\/uploads\/2017\/03\/stepienybarno-stepien-y-barno-arquitectura-francisco-camino-arias.jpg\" alt=\"stepienybarno-stepien-y-barno-arquitectura-francisco-camino-arias\" width=\"500\" height=\"234\" srcset=\"https:\/\/stepienybarno.es\/blog\/wp-content\/uploads\/2017\/03\/stepienybarno-stepien-y-barno-arquitectura-francisco-camino-arias.jpg 500w, https:\/\/stepienybarno.es\/blog\/wp-content\/uploads\/2017\/03\/stepienybarno-stepien-y-barno-arquitectura-francisco-camino-arias-180x84.jpg 180w, https:\/\/stepienybarno.es\/blog\/wp-content\/uploads\/2017\/03\/stepienybarno-stepien-y-barno-arquitectura-francisco-camino-arias-316x148.jpg 316w\" sizes=\"(max-width: 500px) 100vw, 500px\" \/><\/p>\n<p style=\"text-align: justify;\"><strong>Por <a href=\"http:\/\/franciscocaminoarias.com\/author\/4rksr2c9c4jsha1cpc\/\" target=\"_blank\">Francisco Camino<\/a><\/strong><\/p>\n<p><!--more--><\/p>\n<p style=\"text-align: justify;\">\u201c\u00bfEs \u201c<em><strong>Amereida, Ciudad Abierta<\/strong><\/em>\u201d una experiencia arquitect\u00f3nica? \u00bfuna intervenci\u00f3n sobre el territorio? \u00bfun poema? \u00bfuna utop\u00eda? Creemos que<a href=\"http:\/\/www.ead.pucv.cl\/amereida\/\"><strong>\u00a0<\/strong><strong>Amereida<\/strong><\/a>\u00a0es todo lo anterior.\u00a0<strong>La palabra que juega con la fusi\u00f3n de La Eneida con una ut\u00f3pica Am\u00e9rica, es una experiencia colectiva que dura casi cincuenta a\u00f1os<\/strong>. En el a\u00f1o 1967 un grupo de profesores y estudiantes de arquitectura de la\u00a0<strong>Universidad Cat\u00f3lica de Valparaiso\u00a0<\/strong>\u00a0crearon la cooperativa\u00a0<strong>Amereida para poder materializar sus ideas, para construir pensando y pensar construyendo, para hacer de la vida, el estudio y el trabajo, una unidad.<\/strong><\/p>\n<p style=\"text-align: justify;\">En el a\u00f1o 1.971 la cooperativa adquiere un terreno de aproximadamente 300 Has, en<strong>\u00a0<\/strong><strong>Ritoque<\/strong>, una brava playa cercana a\u00a0<strong>Vi\u00f1a del Mar<\/strong>,\u00a0<strong>Chile<\/strong>, junto al\u00a0<strong>Oc\u00e9ano Pac\u00edfico<\/strong>. El terreno de un alt\u00edsimo valor ecol\u00f3gico y paisaj\u00edstico est\u00e1 integrado por dunas a ambos lados de la desembocadura del\u00a0<strong>r\u00edo Aconcagua<\/strong>. El grupo pretend\u00eda pensar, proyectar y construir simult\u00e1neamente. Desarrollar el aprendizaje construyendo, experimentar haciendo. Constru\u00edan con sus propias manos, sin apenas usar planos previos, utilizando los materiales m\u00e1s inveros\u00edmiles y actuando con una absoluta libertad creativa, aunque siempre tratando de que las construcciones fueran \u00fatiles y habitables. As\u00ed mismo\u00a0<strong>buscaban actuar sobre el paisaje, poseerlo, transformarlo, haci\u00e9ndolo habitable.<\/strong><strong>\u00a0<\/strong><strong><a href=\"http:\/\/www.plataformaarquitectura.cl\/cl\/804042\/amereida-la-invencion-de-un-mar\">Habitar el pensamiento, habitar las construcciones, habitar el paisaje<\/a><\/strong> (\u2026)\u201d<\/p>\n<p>&nbsp;<\/p>\n<p style=\"text-align: center;\"><strong>Accede al art\u00edculo,<\/strong><strong>\u00a0<a href=\"http:\/\/franciscocaminoarias.com\/amereida-ciudad-abierta\/\" target=\"_blank\">AQU\u00cd<\/a><\/strong><\/p>\n<p style=\"text-align: center;\"><strong>\u00a0<\/strong><\/p>\n<p>&nbsp;<\/p>\n<p><span style=\"color: #999999;\"><em>Noticia seleccionada por el Canal de arquitectura STEPIENYBARNO.\u00a0<\/em><\/span><\/p>\n<p><a href=\"https:\/\/twitter.com\/stepienybarno\"><em>STEPIENYBARNO EN TWITTER _ @stepienybarno<\/em><\/a><\/p>\n<p><a href=\"http:\/\/www.linkedin.com\/company\/stepienybarno\"><em>STEPIENYBARNO EN LINKEDIN<\/em><\/a><\/p>\n<p><a href=\"https:\/\/www.facebook.com\/StepienybarnoCANAL\"><em>STEPIENYBARNO EN FACEBOOK<\/em><\/a><\/p>\n<p><span style=\"color: #999999;\"><em>*Stepienybarno est\u00e1 formado por Agnieszka Stepien y Lorenzo Barn\u00f3 y desde mayo del 2009 estamos en la red con\u00a0 la presente publicaci\u00f3n digital (Blog) de arquitectura.<\/em><\/span><\/p>\n<p><span style=\"color: #999999;\"><em>Nuestra actividad se sustenta en tres pilares b\u00e1sicos: la investigaci\u00f3n, la publicaci\u00f3n (comunicaci\u00f3n y difusi\u00f3n) y la redacci\u00f3n de proyectos de arquitectura.<\/em><\/span><\/p>\n<p><span style=\"color: #999999;\"><em>A su vez, somos socios cofundadores de<\/em><\/span><em>\u00a0<\/em><a href=\"http:\/\/sinergiasostenible.org\/\"><em>SINERGIA SOSTENIBLE<\/em><\/a><span style=\"color: #999999;\"><em>, redactores de<\/em><em>\u00a0<\/em><\/span><a href=\"http:\/\/www.laciudadviva.org\/blogs\/?author=45\"><em>LA CIUDAD VIVA<\/em><\/a><em>\u00a0<\/em><span style=\"color: #999999;\"><em>y directores del blog de<\/em><em>\u00a0<\/em><\/span><a href=\"http:\/\/blogfundacion.arquia.es\/\"><em>FUNDACI\u00d3N ARQUIA<\/em><\/a><span style=\"color: #999999;\"><em>.<\/em><\/span><\/p>\n<p><span style=\"color: #999999;\"><em>* Los editores de esta publicaci\u00f3n digital no nos hacemos cargo de de los comentarios y\u00a0 conceptos vertidos en los textos firmados por otras personas, siendo \u00e9stos de responsabilidad exclusiva de sus autores.<\/em><\/span><\/p>\n<p><span style=\"color: #999999;\"><em>* Tu comentario podr\u00e1 ser moderado, por lo tanto, aunque aparezca inmediatamente al ser publicado en la entrada, los editores de esta publicaci\u00f3n digital nos reservamos el derecho tanto de editarlo (si fuera necesario, para hacerlo m\u00e1s legible) como de eliminarlo en el caso de que se usen expresiones incorrectas (descalificaciones, palabras malsonantes\u2026). A su vez, si quieres comentar desde el anonimato puedes hacerlo, aunque, nosotros personalmente, agradecemos que tod@s nos podamos identificar.<\/em><\/span><\/p>\n","protected":false},"excerpt":{"rendered":"<p>Por Francisco Camino<\/p>\n","protected":false},"author":9,"featured_media":27044,"comment_status":"open","ping_status":"closed","sticky":false,"template":"","format":"standard","meta":{"om_disable_all_campaigns":false,"_monsterinsights_skip_tracking":false,"_monsterinsights_sitenote_active":false,"_monsterinsights_sitenote_note":"","_monsterinsights_sitenote_category":0,"_uf_show_specific_survey":0,"_uf_disable_surveys":false,"episode_type":"","audio_file":"","cover_image":"","cover_image_id":"","duration":"","filesize":"","date_recorded":"","explicit":"","block":"","filesize_raw":"","footnotes":""},"categories":[244],"tags":[3159],"series":[],"class_list":["post-27043","post","type-post","status-publish","format-standard","has-post-thumbnail","hentry","category-canal-de-arquitectura","tag-francisco-camino"],"aioseo_notices":[],"episode_featured_image":"https:\/\/stepienybarno.es\/blog\/wp-content\/uploads\/2017\/03\/stepienybarno-stepien-y-barno-arquitectura-francisco-camino-arias.jpg","episode_player_image":"https:\/\/stepienybarno.es\/blog\/wp-content\/uploads\/2020\/11\/stepienybarno-podcast-scaled.jpg","download_link":"","player_link":"","audio_player":false,"episode_data":{"playerMode":"dark","subscribeUrls":[],"rssFeedUrl":"https:\/\/stepienybarno.es\/blog\/feed\/podcast\/podcast-de-stepienybarno","embedCode":"<blockquote class=\"wp-embedded-content\" data-secret=\"9qcf3yxAes\"><a href=\"https:\/\/stepienybarno.es\/blog\/2017\/03\/29\/amereida-ciudad-abierta\/\">AMEREIDA, CIUDAD ABIERTA<\/a><\/blockquote><iframe sandbox=\"allow-scripts\" security=\"restricted\" src=\"https:\/\/stepienybarno.es\/blog\/2017\/03\/29\/amereida-ciudad-abierta\/embed\/#?secret=9qcf3yxAes\" width=\"500\" height=\"350\" title=\"\u00abAMEREIDA, CIUDAD ABIERTA\u00bb \u2014 Blog de STEPIEN Y BARNO - publicaci\u00f3n digital sobre arquitectura\" data-secret=\"9qcf3yxAes\" frameborder=\"0\" marginwidth=\"0\" marginheight=\"0\" scrolling=\"no\" class=\"wp-embedded-content\"><\/iframe><script type=\"text\/javascript\">\n\/* <![CDATA[ *\/\n\/*! This file is auto-generated *\/\n!function(d,l){\"use strict\";l.querySelector&&d.addEventListener&&\"undefined\"!=typeof URL&&(d.wp=d.wp||{},d.wp.receiveEmbedMessage||(d.wp.receiveEmbedMessage=function(e){var t=e.data;if((t||t.secret||t.message||t.value)&&!\/[^a-zA-Z0-9]\/.test(t.secret)){for(var s,r,n,a=l.querySelectorAll('iframe[data-secret=\"'+t.secret+'\"]'),o=l.querySelectorAll('blockquote[data-secret=\"'+t.secret+'\"]'),c=new RegExp(\"^https?:$\",\"i\"),i=0;i<o.length;i++)o[i].style.display=\"none\";for(i=0;i<a.length;i++)s=a[i],e.source===s.contentWindow&&(s.removeAttribute(\"style\"),\"height\"===t.message?(1e3<(r=parseInt(t.value,10))?r=1e3:~~r<200&&(r=200),s.height=r):\"link\"===t.message&&(r=new URL(s.getAttribute(\"src\")),n=new URL(t.value),c.test(n.protocol))&&n.host===r.host&&l.activeElement===s&&(d.top.location.href=t.value))}},d.addEventListener(\"message\",d.wp.receiveEmbedMessage,!1),l.addEventListener(\"DOMContentLoaded\",function(){for(var e,t,s=l.querySelectorAll(\"iframe.wp-embedded-content\"),r=0;r<s.length;r++)(t=(e=s[r]).getAttribute(\"data-secret\"))||(t=Math.random().toString(36).substring(2,12),e.src+=\"#?secret=\"+t,e.setAttribute(\"data-secret\",t)),e.contentWindow.postMessage({message:\"ready\",secret:t},\"*\")},!1)))}(window,document);\n\/* ]]> *\/\n<\/script>\n"},"_links":{"self":[{"href":"https:\/\/stepienybarno.es\/blog\/wp-json\/wp\/v2\/posts\/27043"}],"collection":[{"href":"https:\/\/stepienybarno.es\/blog\/wp-json\/wp\/v2\/posts"}],"about":[{"href":"https:\/\/stepienybarno.es\/blog\/wp-json\/wp\/v2\/types\/post"}],"author":[{"embeddable":true,"href":"https:\/\/stepienybarno.es\/blog\/wp-json\/wp\/v2\/users\/9"}],"replies":[{"embeddable":true,"href":"https:\/\/stepienybarno.es\/blog\/wp-json\/wp\/v2\/comments?post=27043"}],"version-history":[{"count":1,"href":"https:\/\/stepienybarno.es\/blog\/wp-json\/wp\/v2\/posts\/27043\/revisions"}],"predecessor-version":[{"id":27045,"href":"https:\/\/stepienybarno.es\/blog\/wp-json\/wp\/v2\/posts\/27043\/revisions\/27045"}],"wp:featuredmedia":[{"embeddable":true,"href":"https:\/\/stepienybarno.es\/blog\/wp-json\/wp\/v2\/media\/27044"}],"wp:attachment":[{"href":"https:\/\/stepienybarno.es\/blog\/wp-json\/wp\/v2\/media?parent=27043"}],"wp:term":[{"taxonomy":"category","embeddable":true,"href":"https:\/\/stepienybarno.es\/blog\/wp-json\/wp\/v2\/categories?post=27043"},{"taxonomy":"post_tag","embeddable":true,"href":"https:\/\/stepienybarno.es\/blog\/wp-json\/wp\/v2\/tags?post=27043"},{"taxonomy":"series","embeddable":true,"href":"https:\/\/stepienybarno.es\/blog\/wp-json\/wp\/v2\/series?post=27043"}],"curies":[{"name":"wp","href":"https:\/\/api.w.org\/{rel}","templated":true}]}}