{"id":27096,"date":"2017-04-04T10:00:09","date_gmt":"2017-04-04T08:00:09","guid":{"rendered":"https:\/\/www.stepienybarno.es\/blog\/?p=27096"},"modified":"2017-04-04T10:21:47","modified_gmt":"2017-04-04T08:21:47","slug":"proyecto-de-identidad-digital-de-stepienybarno-para-asa-asociacion-sostenibilidad-y-arquitectura","status":"publish","type":"post","link":"https:\/\/stepienybarno.es\/blog\/2017\/04\/04\/proyecto-de-identidad-digital-de-stepienybarno-para-asa-asociacion-sostenibilidad-y-arquitectura\/","title":{"rendered":"PROYECTO DE IDENTIDAD DIGITAL DE STEPIENYBARNO PARA ASA, Asociaci\u00f3n Sostenibilidad y Arquitectura"},"content":{"rendered":"<p>&nbsp;<\/p>\n<p style=\"text-align: center;\"><img loading=\"lazy\" decoding=\"async\" class=\"alignnone size-full wp-image-27097\" src=\"https:\/\/stepienybarno.es\/blog\/wp-content\/uploads\/2017\/04\/asa-stepieybarno-blog-redes-sociales-identidad-digital.png\" alt=\"asa - stepieybarno - blog - redes sociales - identidad digital\" width=\"650\" height=\"306\" srcset=\"https:\/\/stepienybarno.es\/blog\/wp-content\/uploads\/2017\/04\/asa-stepieybarno-blog-redes-sociales-identidad-digital.png 650w, https:\/\/stepienybarno.es\/blog\/wp-content\/uploads\/2017\/04\/asa-stepieybarno-blog-redes-sociales-identidad-digital-180x85.png 180w, https:\/\/stepienybarno.es\/blog\/wp-content\/uploads\/2017\/04\/asa-stepieybarno-blog-redes-sociales-identidad-digital-550x259.png 550w, https:\/\/stepienybarno.es\/blog\/wp-content\/uploads\/2017\/04\/asa-stepieybarno-blog-redes-sociales-identidad-digital-316x149.png 316w\" sizes=\"(max-width: 650px) 100vw, 650px\" \/><\/p>\n<p>Mucho ha llovido desde comenzamos a hablar con la junta directiva de <a href=\"http:\/\/www.sostenibilidadyarquitectura.com\/\" target=\"_blank\">ASA<\/a>, de la posibilidad de tener un blog. Ser\u00eda el a\u00f1o 2011 m\u00e1s o menos y todav\u00eda no se hab\u00eda producido la posterior eclosi\u00f3n de los blogs. A pesar de ello, se mostraron muy receptivos y pusimos en marcha una buena estrategia de comunicaci\u00f3n online sustentada tanto en el blog (que dise\u00f1amos y gestionamos hasta hace poco) y las redes sociales. Han sido varios a\u00f1os de gran complicidad tanto con la junta anterior como con la actual.<\/p>\n<p>Y habiendo ido todo muy bien, como casi siempre, con lo que nos quedamos es la gente tan formidable que hemos conocido. As\u00ed, que s\u00f3lo nos queda volver a dar las gracias a Mireya Reguart por el gran trabajo que hace desde la secretar\u00eda t\u00e9cnica de ASA y a Miguel \u00c1ngel D\u00edaz Camacho, el presi, que siempre confi\u00f3 en nosotros y nos lo puso muy f\u00e1cil para que todo fuera como la seda.<\/p>\n<p><!--more--><\/p>\n<p><span style=\"color: #3366ff;\">1_ \u00bfC\u00f3mo conocisteis a Stepienybarno?<\/span><\/p>\n<p>Conocimos a Stepienybarno en un curso de verano en 2009 en La Carolina, Ja\u00e9n, organizado por ASA, ten\u00edamos un discurso complementario y conectamos muy r\u00e1pido.<\/p>\n<p>&nbsp;<\/p>\n<p><span style=\"color: #3366ff;\">2_ \u00bfC\u00f3mo era la Identidad Digital de ASA previo a contactar con Stepienybarno?<\/span><\/p>\n<p>ASA ten\u00eda una web institucional con cierta visibilidad para la administraci\u00f3n, instituciones y empresas, pero muy poco recorrido en la comunicaci\u00f3n multicanal a trav\u00e9s de blog y redes sociales, hay que tener en cuenta que hablamos los a\u00f1os 2007-09.<\/p>\n<p>&nbsp;<\/p>\n<p><span style=\"color: #3366ff;\">3_ \u00bfC\u00f3mo es hoy la Identidad Digital de ASA despu\u00e9s de m\u00e1s de tres a\u00f1os colaborando con Stepienybarno?<\/span><\/p>\n<p>Sin duda, se podr\u00eda decir que la Identidad Digital de ASA se ha creado a partir de la relaci\u00f3n profesional con Stepienybarno, tras esos tres a\u00f1os de relaci\u00f3n el blog de ASA se ha posicionado entre los m\u00e1s visitados e influyentes del sector y nuestras redes sociales cuentan con un buen n\u00famero de seguidores y amigos.<\/p>\n<p>Para una asociaci\u00f3n sin \u00e1nimo de lucro \u00e9ste no es un tema menor, ya que podemos llegar a m\u00e1s personas en todas las acciones que realizamos, consiguiendo mayor visibilidad, inter\u00e9s e impacto.<\/p>\n<p>&nbsp;<\/p>\n<p><span style=\"color: #3366ff;\">4_ \u00bfC\u00f3mo han funcionado las redes sociales y el blog con la gesti\u00f3n de Stepienybarno?<\/span><\/p>\n<p>Han crecido y se han fortalecido hasta convertirse en lo que son a d\u00eda de hoy.<\/p>\n<p>&nbsp;<\/p>\n<p><span style=\"color: #3366ff;\">5_ \u00bfQu\u00e9 es lo que m\u00e1s os gustado de la colaboraci\u00f3n?<\/span><\/p>\n<p>El trato ha sido siempre <strong>muy profesional<\/strong> y los reportes peri\u00f3dicos de actividad han hecho que en todo momento controlemos los contenidos y actividades de mayor inter\u00e9s. Hemos tenido la sensaci\u00f3n de que eran parte de ASA, de hecho lo son.<\/p>\n<p>&nbsp;<\/p>\n<p><span style=\"color: #3366ff;\">6_ \u00bfC\u00f3mo ha sido, a nivel personal, el trato con Stepienybarno?<\/span><\/p>\n<p>A este nivel <strong>el trato es insuperable,<\/strong> incluyendo su disponibilidad para convocar reuniones presenciales cuando fue necesario y atendiendo las incidencias y\/o sugerencias con celeridad, acierto y buena disposici\u00f3n.<\/p>\n<p>&nbsp;<\/p>\n<p><span style=\"color: #3366ff;\">7_ \u00bfRecomendar\u00edas a otros arquitectos o instituciones del \u00e1mbito de la arquitectura trabajar con Stepienybarno en temas de Identidad Digital y comunicaci\u00f3n online?<\/span><\/p>\n<p>Sin ninguna duda, ASA ha disfrutado mucho de esta colaboraci\u00f3n que podemos calificar como \u201c<strong>muy satisfactoria<\/strong>\u201d en t\u00e9rminos generales.<\/p>\n<p>&nbsp;<\/p>\n<blockquote>\n<p style=\"text-align: center;\">Si te interesa contactar con nosotros para que te ayudemos a mejorar tu visibilidad online y, en consecuencia, mejorar tus oportunidades laborales,<\/p>\n<p style=\"text-align: center;\">no dudes en escribirnos a: <span style=\"color: #ff0000;\"><a style=\"color: #ff0000;\" href=\"mailto:blog@stepienybarno.es\">blog@stepienybarno.es<\/a><\/span><\/p>\n<\/blockquote>\n<h3>Tambi\u00e9n te puede interesar:<\/h3>\n<p><a href=\"https:\/\/stepienybarno.es\/blog\/2015\/01\/27\/proyecto-de-identidad-digital-de-stepienybarno-para-bonsai-arquitectos\/\" target=\"_blank\">PROYECTO DE IDENTIDAD DIGITAL DE STEPIENYBARNO PARA BONSAI ARQUITECTOS.<\/a><\/p>\n<p><a href=\"https:\/\/stepienybarno.es\/blog\/2015\/10\/21\/proyecto-de-identidad-digital-de-stepienybarno-para-pacho-camino\/\" target=\"_blank\">PROYECTO DE IDENTIDAD DIGITAL DE STEPIENYBARNO PARA PACHO CAMINO<\/a><\/p>\n<h3 style=\"text-align: center;\">Autores del post: Stepienybarno _ Agnieszka Stepien y Lorenzo Barn\u00f3<\/h3>\n<p style=\"text-align: center;\">Y como siempre, si te gust\u00f3 el post,\u00a0estar\u00eda genial que lo compartas\u00a0en tus redes sociales.<\/p>\n<p style=\"text-align: center;\">A su vez, si todav\u00eda no est\u00e1s suscrito a nuestra Newsletter, te animamos a hacerlo en la casilla que tienes al terminar este art\u00edculo.<\/p>\n<p>&nbsp;<\/p>\n<p>* Este art\u00edculo ha sido escrito con car\u00e1cter divulgativo y sin ning\u00fan tipo de \u00e1nimo de lucro.<\/p>\n<p>STEPIENYBARNO EN TWITTER _ @stepienybarno<\/p>\n<p>STEPIENYBARNO EN LINKEDIN<\/p>\n<p>STEPIENYBARNO EN FACEBOOK<\/p>\n<p>* Stepienybarno est\u00e1 formado por Agnieszka Stepien y Lorenzo Barn\u00f3 y desde mayo del 2009 estamos en la red con\u00a0 la presente publicaci\u00f3n digital (Blog) de arquitectura.<\/p>\n<p>Nuestra actividad se sustenta en tres pilares b\u00e1sicos: la investigaci\u00f3n, la publicaci\u00f3n y la redacci\u00f3n de proyectos de arquitectura.<\/p>\n<p>A su vez, somos socios cofundadores de SINERGIA SOSTENIBLE, redactores de LA CIUDAD VIVA y directores del blog de FUNDACI\u00d3N ARQUIA.<\/p>\n<p>* Los editores de esta publicaci\u00f3n digital no nos hacemos cargo de de los comentarios y\u00a0 conceptos vertidos en los textos firmados por otras personas, siendo \u00e9stos de responsabilidad exclusiva de sus autores.<\/p>\n<p>* Tu comentario pudiera ser moderado, por lo tanto, aunque aparezca inmediatamente al ser publicado en la entrada, los editores de esta publicaci\u00f3n digital nos reservamos el derecho tanto de editarlo (si fuera necesario, para hacerlo m\u00e1s legible) como de eliminarlo en el caso de que se usen expresiones incorrectas (descalificaciones, palabras malsonantes\u2026). A su vez, si quieres comentar desde el anonimato puedes hacerlo, aunque, nosotros personalmente, agradecemos que tod@s nos podamos identificar.<\/p>\n","protected":false},"excerpt":{"rendered":"<p>&nbsp; Mucho ha llovido desde comenzamos a hablar con la<\/p>\n","protected":false},"author":2,"featured_media":27097,"comment_status":"open","ping_status":"closed","sticky":false,"template":"","format":"standard","meta":{"om_disable_all_campaigns":false,"_monsterinsights_skip_tracking":false,"_monsterinsights_sitenote_active":false,"_monsterinsights_sitenote_note":"","_monsterinsights_sitenote_category":0,"_uf_show_specific_survey":0,"_uf_disable_surveys":false,"episode_type":"","audio_file":"","cover_image":"","cover_image_id":"","duration":"","filesize":"","date_recorded":"","explicit":"","block":"","filesize_raw":"","footnotes":""},"categories":[22],"tags":[879,1908],"series":[],"class_list":["post-27096","post","type-post","status-publish","format-standard","has-post-thumbnail","hentry","category-identidad-digital-syb","tag-asa","tag-proyecto-de-identidad-digital"],"aioseo_notices":[],"episode_featured_image":"https:\/\/stepienybarno.es\/blog\/wp-content\/uploads\/2017\/04\/asa-stepieybarno-blog-redes-sociales-identidad-digital.png","episode_player_image":"https:\/\/stepienybarno.es\/blog\/wp-content\/uploads\/2020\/11\/stepienybarno-podcast-scaled.jpg","download_link":"","player_link":"","audio_player":false,"episode_data":{"playerMode":"dark","subscribeUrls":[],"rssFeedUrl":"https:\/\/stepienybarno.es\/blog\/feed\/podcast\/podcast-de-stepienybarno","embedCode":"<blockquote class=\"wp-embedded-content\" data-secret=\"G7XBFt61cB\"><a href=\"https:\/\/stepienybarno.es\/blog\/2017\/04\/04\/proyecto-de-identidad-digital-de-stepienybarno-para-asa-asociacion-sostenibilidad-y-arquitectura\/\">PROYECTO DE IDENTIDAD DIGITAL DE STEPIENYBARNO PARA ASA, Asociaci\u00f3n Sostenibilidad y Arquitectura<\/a><\/blockquote><iframe sandbox=\"allow-scripts\" security=\"restricted\" src=\"https:\/\/stepienybarno.es\/blog\/2017\/04\/04\/proyecto-de-identidad-digital-de-stepienybarno-para-asa-asociacion-sostenibilidad-y-arquitectura\/embed\/#?secret=G7XBFt61cB\" width=\"500\" height=\"350\" title=\"\u00abPROYECTO DE IDENTIDAD DIGITAL DE STEPIENYBARNO PARA ASA, Asociaci\u00f3n Sostenibilidad y Arquitectura\u00bb \u2014 Blog de STEPIEN Y BARNO - publicaci\u00f3n digital sobre arquitectura\" data-secret=\"G7XBFt61cB\" frameborder=\"0\" marginwidth=\"0\" marginheight=\"0\" scrolling=\"no\" class=\"wp-embedded-content\"><\/iframe><script type=\"text\/javascript\">\n\/* <![CDATA[ *\/\n\/*! This file is auto-generated *\/\n!function(d,l){\"use strict\";l.querySelector&&d.addEventListener&&\"undefined\"!=typeof URL&&(d.wp=d.wp||{},d.wp.receiveEmbedMessage||(d.wp.receiveEmbedMessage=function(e){var t=e.data;if((t||t.secret||t.message||t.value)&&!\/[^a-zA-Z0-9]\/.test(t.secret)){for(var s,r,n,a=l.querySelectorAll('iframe[data-secret=\"'+t.secret+'\"]'),o=l.querySelectorAll('blockquote[data-secret=\"'+t.secret+'\"]'),c=new RegExp(\"^https?:$\",\"i\"),i=0;i<o.length;i++)o[i].style.display=\"none\";for(i=0;i<a.length;i++)s=a[i],e.source===s.contentWindow&&(s.removeAttribute(\"style\"),\"height\"===t.message?(1e3<(r=parseInt(t.value,10))?r=1e3:~~r<200&&(r=200),s.height=r):\"link\"===t.message&&(r=new URL(s.getAttribute(\"src\")),n=new URL(t.value),c.test(n.protocol))&&n.host===r.host&&l.activeElement===s&&(d.top.location.href=t.value))}},d.addEventListener(\"message\",d.wp.receiveEmbedMessage,!1),l.addEventListener(\"DOMContentLoaded\",function(){for(var e,t,s=l.querySelectorAll(\"iframe.wp-embedded-content\"),r=0;r<s.length;r++)(t=(e=s[r]).getAttribute(\"data-secret\"))||(t=Math.random().toString(36).substring(2,12),e.src+=\"#?secret=\"+t,e.setAttribute(\"data-secret\",t)),e.contentWindow.postMessage({message:\"ready\",secret:t},\"*\")},!1)))}(window,document);\n\/* ]]> *\/\n<\/script>\n"},"_links":{"self":[{"href":"https:\/\/stepienybarno.es\/blog\/wp-json\/wp\/v2\/posts\/27096"}],"collection":[{"href":"https:\/\/stepienybarno.es\/blog\/wp-json\/wp\/v2\/posts"}],"about":[{"href":"https:\/\/stepienybarno.es\/blog\/wp-json\/wp\/v2\/types\/post"}],"author":[{"embeddable":true,"href":"https:\/\/stepienybarno.es\/blog\/wp-json\/wp\/v2\/users\/2"}],"replies":[{"embeddable":true,"href":"https:\/\/stepienybarno.es\/blog\/wp-json\/wp\/v2\/comments?post=27096"}],"version-history":[{"count":5,"href":"https:\/\/stepienybarno.es\/blog\/wp-json\/wp\/v2\/posts\/27096\/revisions"}],"predecessor-version":[{"id":27105,"href":"https:\/\/stepienybarno.es\/blog\/wp-json\/wp\/v2\/posts\/27096\/revisions\/27105"}],"wp:featuredmedia":[{"embeddable":true,"href":"https:\/\/stepienybarno.es\/blog\/wp-json\/wp\/v2\/media\/27097"}],"wp:attachment":[{"href":"https:\/\/stepienybarno.es\/blog\/wp-json\/wp\/v2\/media?parent=27096"}],"wp:term":[{"taxonomy":"category","embeddable":true,"href":"https:\/\/stepienybarno.es\/blog\/wp-json\/wp\/v2\/categories?post=27096"},{"taxonomy":"post_tag","embeddable":true,"href":"https:\/\/stepienybarno.es\/blog\/wp-json\/wp\/v2\/tags?post=27096"},{"taxonomy":"series","embeddable":true,"href":"https:\/\/stepienybarno.es\/blog\/wp-json\/wp\/v2\/series?post=27096"}],"curies":[{"name":"wp","href":"https:\/\/api.w.org\/{rel}","templated":true}]}}