{"id":27118,"date":"2017-04-05T09:21:28","date_gmt":"2017-04-05T07:21:28","guid":{"rendered":"https:\/\/www.stepienybarno.es\/blog\/?p=27118"},"modified":"2017-04-04T21:43:26","modified_gmt":"2017-04-04T19:43:26","slug":"por-un-uso-etico-de-los-datos-de-la-arquitectura-y-de-los-arquitectos","status":"publish","type":"post","link":"https:\/\/stepienybarno.es\/blog\/2017\/04\/05\/por-un-uso-etico-de-los-datos-de-la-arquitectura-y-de-los-arquitectos\/","title":{"rendered":"POR UN USO \u00c9TICO DE LOS DATOS DE LA ARQUITECTURA Y DE LOS ARQUITECTOS"},"content":{"rendered":"<p><img loading=\"lazy\" decoding=\"async\" class=\"aligncenter size-full wp-image-27119\" src=\"https:\/\/stepienybarno.es\/blog\/wp-content\/uploads\/2017\/04\/Stepienybarno-stepien-y-barno-blog-arquitectura-vicente-castillo-guillen-plazatio.jpg\" alt=\"Stepienybarno-stepien-y-barno-blog-arquitectura-vicente-castillo-guillen-plazatio\" width=\"500\" height=\"333\" srcset=\"https:\/\/stepienybarno.es\/blog\/wp-content\/uploads\/2017\/04\/Stepienybarno-stepien-y-barno-blog-arquitectura-vicente-castillo-guillen-plazatio.jpg 500w, https:\/\/stepienybarno.es\/blog\/wp-content\/uploads\/2017\/04\/Stepienybarno-stepien-y-barno-blog-arquitectura-vicente-castillo-guillen-plazatio-180x120.jpg 180w, https:\/\/stepienybarno.es\/blog\/wp-content\/uploads\/2017\/04\/Stepienybarno-stepien-y-barno-blog-arquitectura-vicente-castillo-guillen-plazatio-316x210.jpg 316w\" sizes=\"(max-width: 500px) 100vw, 500px\" \/><\/p>\n<p><strong>Por <a href=\"https:\/\/www.plazatio.com\/es\/profesional\/vicente-castillo-guillen\" target=\"_blank\">Vicente Castillo Guill\u00e9n<\/a>\u00a0<\/strong><\/p>\n<p><strong>Desde <a href=\"https:\/\/www.plazatio.com\/es\" target=\"_blank\">Plazatio<\/a><\/strong><\/p>\n<p><!--more--><\/p>\n<p style=\"text-align: justify;\">\u201c<em>Esta historia quiz\u00e1 la conozcas: un d\u00eda te llega un email diciendo que eres finalista en los \u00abpremios\u00bb de una conocida web de arquitectura.<\/em><\/p>\n<p style=\"text-align: justify;\"><em>As\u00ed que inicias una campa\u00f1a para que todos tus amigos, conocidos, los amigos de tus hijos, el frutero y el vecino del 5\u00ba, voten por tu obra.<\/em><\/p>\n<p style=\"text-align: justify;\"><em>\u00bfSabes lo que est\u00e1s haciendo?\u00a0<\/em><\/p>\n<p style=\"text-align: justify;\">\u201c<a href=\"https:\/\/www.forbes.com\/sites\/gartnergroup\/2015\/08\/14\/big-data-fades-to-the-algorithm-economy\/#7f456fb951a3\" target=\"_blank\">Los datos son el petr\u00f3leo del siglo XXI<\/a>\u201d, es un mantra que se repite \u00faltimamente en multitud de publicaciones, siempre asociado a lo que se conoce como<em>\u00a0big data<\/em>. No constituye por s\u00ed solo un cambio de paradigma todav\u00eda\u00a0y\u00a0<a href=\"https:\/\/www.nytimes.com\/2015\/05\/03\/opinion\/sunday\/how-not-to-drown-in-numbers.html?_r=2\" target=\"_blank\">tiene sus limitaciones<\/a>, pero es indudable que estamos ante una evoluci\u00f3n tecnol\u00f3gica cuyo potencial amenaza con sacudir los cimientos de muchos sectores, entre ellos el de la arquitectura.<\/p>\n<p style=\"text-align: justify;\">Los arquitectos o\u00edmos hablar del big data como algo que servir\u00e1 para mejorar la gesti\u00f3n del tr\u00e1fico o para la optimizaci\u00f3n del consumo el\u00e9ctrico procedente de las luminarias de las calles.<\/p>\n<p style=\"text-align: justify;\">Pero esto es\u00a0<strong>solo una m\u00ednima parte<\/strong>\u00a0de lo que este campo de conocimiento basado en el uso de algoritmos inform\u00e1ticos puede generar y que tendr\u00e1 profundas implicaciones en aspectos\u00a0<strong>\u00e9ticos<\/strong><strong>\u00a0<\/strong>y relativos a protecci\u00f3n de datos en arquitectura, a todos los niveles.<\/p>\n<p style=\"text-align: justify;\"><strong>La arquitectura y el urbanismo medidos en tiempo real<\/strong> (\u2026)\u201d<\/p>\n<p>&nbsp;<\/p>\n<p style=\"text-align: center;\"><strong>Accede al art\u00edculo, <a href=\"https:\/\/www.plazatio.com\/es\/noticias\/por-un-uso-etico-de-los-datos-de-la-arquitectura-y-de-los-arquitectos\" target=\"_blank\">AQU\u00cd<\/a><\/strong><\/p>\n<p>&nbsp;<\/p>\n<p><span style=\"color: #999999;\"><em>*Noticia seleccionada por el Canal de arquitectura STEPIENYBARNO.\u00a0<\/em><\/span><\/p>\n<p><a href=\"https:\/\/twitter.com\/stepienybarno\"><em>STEPIENYBARNO EN TWITTER _ @stepienybarno<\/em><\/a><\/p>\n<p><a href=\"http:\/\/www.linkedin.com\/company\/stepienybarno\"><em>STEPIENYBARNO EN LINKEDIN<\/em><\/a><\/p>\n<p><a href=\"https:\/\/www.facebook.com\/StepienybarnoCANAL\"><em>STEPIENYBARNO EN FACEBOOK<\/em><\/a><\/p>\n<p><span style=\"color: #999999;\"><em>*Stepienybarno est\u00e1 formado por Agnieszka Stepien y Lorenzo Barn\u00f3 y desde mayo del 2009 estamos en la red con\u00a0 la presente publicaci\u00f3n digital (Blog) de arquitectura.<\/em><\/span><\/p>\n<p><span style=\"color: #999999;\"><em>Nuestra actividad se sustenta en tres pilares b\u00e1sicos: la investigaci\u00f3n, la publicaci\u00f3n (comunicaci\u00f3n y difusi\u00f3n) y la redacci\u00f3n de proyectos de arquitectura.<\/em><\/span><\/p>\n<p><span style=\"color: #999999;\"><em>A su vez, somos socios cofundadores de<\/em><\/span><em>\u00a0<\/em><a href=\"http:\/\/sinergiasostenible.org\/\"><em>SINERGIA SOSTENIBLE<\/em><\/a><span style=\"color: #999999;\"><em>,<\/em><em>\u00a0<\/em><em>redactores de<\/em><em>\u00a0<\/em><\/span><a href=\"http:\/\/www.laciudadviva.org\/blogs\/?author=45\"><em>LA CIUDAD VIVA<\/em><\/a><span style=\"color: #999999;\"><em>\u00a0<\/em><em>y directores del blog de<\/em><\/span><em>\u00a0<\/em><a href=\"http:\/\/blogfundacion.arquia.es\/\"><em>FUNDACI\u00d3N ARQUIA<\/em><\/a><span style=\"color: #999999;\"><em>.<\/em><\/span><\/p>\n<p><span style=\"color: #999999;\"><em>* Los editores de esta publicaci\u00f3n digital no nos hacemos cargo de de los comentarios y\u00a0 conceptos vertidos en los textos firmados por otras personas, siendo \u00e9stos de responsabilidad exclusiva de sus autores.<\/em><\/span><\/p>\n<p><span style=\"color: #999999;\"><em>* Tu comentario podr\u00e1 ser moderado, por lo tanto, aunque aparezca inmediatamente al ser publicado en la entrada, los editores de esta publicaci\u00f3n digital nos reservamos el derecho tanto de editarlo (si fuera necesario, para hacerlo m\u00e1s legible) como de eliminarlo en el caso de que se usen expresiones incorrectas (descalificaciones, palabras malsonantes\u2026). A su vez, si quieres comentar desde el anonimato puedes hacerlo, aunque, nosotros personalmente, agradecemos que tod@s nos podamos identificar.<\/em><\/span><\/p>\n","protected":false},"excerpt":{"rendered":"<p>Por Vicente Castillo Guill\u00e9n\u00a0 Desde Plazatio<\/p>\n","protected":false},"author":9,"featured_media":27119,"comment_status":"open","ping_status":"closed","sticky":false,"template":"","format":"standard","meta":{"om_disable_all_campaigns":false,"_monsterinsights_skip_tracking":false,"_monsterinsights_sitenote_active":false,"_monsterinsights_sitenote_note":"","_monsterinsights_sitenote_category":0,"_uf_show_specific_survey":0,"_uf_disable_surveys":false,"episode_type":"","audio_file":"","cover_image":"","cover_image_id":"","duration":"","filesize":"","date_recorded":"","explicit":"","block":"","filesize_raw":"","footnotes":""},"categories":[244],"tags":[2317,5294],"series":[],"class_list":["post-27118","post","type-post","status-publish","format-standard","has-post-thumbnail","hentry","category-canal-de-arquitectura","tag-plazatio","tag-vicente-castillo-guillen"],"aioseo_notices":[],"episode_featured_image":"https:\/\/stepienybarno.es\/blog\/wp-content\/uploads\/2017\/04\/Stepienybarno-stepien-y-barno-blog-arquitectura-vicente-castillo-guillen-plazatio.jpg","episode_player_image":"https:\/\/stepienybarno.es\/blog\/wp-content\/uploads\/2020\/11\/stepienybarno-podcast-scaled.jpg","download_link":"","player_link":"","audio_player":false,"episode_data":{"playerMode":"dark","subscribeUrls":[],"rssFeedUrl":"https:\/\/stepienybarno.es\/blog\/feed\/podcast\/podcast-de-stepienybarno","embedCode":"<blockquote class=\"wp-embedded-content\" data-secret=\"xGXcR9dZ3O\"><a href=\"https:\/\/stepienybarno.es\/blog\/2017\/04\/05\/por-un-uso-etico-de-los-datos-de-la-arquitectura-y-de-los-arquitectos\/\">POR UN USO \u00c9TICO DE LOS DATOS DE LA ARQUITECTURA Y DE LOS ARQUITECTOS<\/a><\/blockquote><iframe sandbox=\"allow-scripts\" security=\"restricted\" src=\"https:\/\/stepienybarno.es\/blog\/2017\/04\/05\/por-un-uso-etico-de-los-datos-de-la-arquitectura-y-de-los-arquitectos\/embed\/#?secret=xGXcR9dZ3O\" width=\"500\" height=\"350\" title=\"\u00abPOR UN USO \u00c9TICO DE LOS DATOS DE LA ARQUITECTURA Y DE LOS ARQUITECTOS\u00bb \u2014 Blog de STEPIEN Y BARNO - publicaci\u00f3n digital sobre arquitectura\" data-secret=\"xGXcR9dZ3O\" frameborder=\"0\" marginwidth=\"0\" marginheight=\"0\" scrolling=\"no\" class=\"wp-embedded-content\"><\/iframe><script type=\"text\/javascript\">\n\/* <![CDATA[ *\/\n\/*! This file is auto-generated *\/\n!function(d,l){\"use strict\";l.querySelector&&d.addEventListener&&\"undefined\"!=typeof URL&&(d.wp=d.wp||{},d.wp.receiveEmbedMessage||(d.wp.receiveEmbedMessage=function(e){var t=e.data;if((t||t.secret||t.message||t.value)&&!\/[^a-zA-Z0-9]\/.test(t.secret)){for(var s,r,n,a=l.querySelectorAll('iframe[data-secret=\"'+t.secret+'\"]'),o=l.querySelectorAll('blockquote[data-secret=\"'+t.secret+'\"]'),c=new RegExp(\"^https?:$\",\"i\"),i=0;i<o.length;i++)o[i].style.display=\"none\";for(i=0;i<a.length;i++)s=a[i],e.source===s.contentWindow&&(s.removeAttribute(\"style\"),\"height\"===t.message?(1e3<(r=parseInt(t.value,10))?r=1e3:~~r<200&&(r=200),s.height=r):\"link\"===t.message&&(r=new URL(s.getAttribute(\"src\")),n=new URL(t.value),c.test(n.protocol))&&n.host===r.host&&l.activeElement===s&&(d.top.location.href=t.value))}},d.addEventListener(\"message\",d.wp.receiveEmbedMessage,!1),l.addEventListener(\"DOMContentLoaded\",function(){for(var e,t,s=l.querySelectorAll(\"iframe.wp-embedded-content\"),r=0;r<s.length;r++)(t=(e=s[r]).getAttribute(\"data-secret\"))||(t=Math.random().toString(36).substring(2,12),e.src+=\"#?secret=\"+t,e.setAttribute(\"data-secret\",t)),e.contentWindow.postMessage({message:\"ready\",secret:t},\"*\")},!1)))}(window,document);\n\/* ]]> *\/\n<\/script>\n"},"_links":{"self":[{"href":"https:\/\/stepienybarno.es\/blog\/wp-json\/wp\/v2\/posts\/27118"}],"collection":[{"href":"https:\/\/stepienybarno.es\/blog\/wp-json\/wp\/v2\/posts"}],"about":[{"href":"https:\/\/stepienybarno.es\/blog\/wp-json\/wp\/v2\/types\/post"}],"author":[{"embeddable":true,"href":"https:\/\/stepienybarno.es\/blog\/wp-json\/wp\/v2\/users\/9"}],"replies":[{"embeddable":true,"href":"https:\/\/stepienybarno.es\/blog\/wp-json\/wp\/v2\/comments?post=27118"}],"version-history":[{"count":1,"href":"https:\/\/stepienybarno.es\/blog\/wp-json\/wp\/v2\/posts\/27118\/revisions"}],"predecessor-version":[{"id":27120,"href":"https:\/\/stepienybarno.es\/blog\/wp-json\/wp\/v2\/posts\/27118\/revisions\/27120"}],"wp:featuredmedia":[{"embeddable":true,"href":"https:\/\/stepienybarno.es\/blog\/wp-json\/wp\/v2\/media\/27119"}],"wp:attachment":[{"href":"https:\/\/stepienybarno.es\/blog\/wp-json\/wp\/v2\/media?parent=27118"}],"wp:term":[{"taxonomy":"category","embeddable":true,"href":"https:\/\/stepienybarno.es\/blog\/wp-json\/wp\/v2\/categories?post=27118"},{"taxonomy":"post_tag","embeddable":true,"href":"https:\/\/stepienybarno.es\/blog\/wp-json\/wp\/v2\/tags?post=27118"},{"taxonomy":"series","embeddable":true,"href":"https:\/\/stepienybarno.es\/blog\/wp-json\/wp\/v2\/series?post=27118"}],"curies":[{"name":"wp","href":"https:\/\/api.w.org\/{rel}","templated":true}]}}