{"id":27257,"date":"2017-04-17T13:19:51","date_gmt":"2017-04-17T11:19:51","guid":{"rendered":"https:\/\/www.stepienybarno.es\/blog\/?p=27257"},"modified":"2017-05-09T07:39:41","modified_gmt":"2017-05-09T05:39:41","slug":"realmente-somos-utiles-los-arquitectos","status":"publish","type":"post","link":"https:\/\/stepienybarno.es\/blog\/2017\/04\/17\/realmente-somos-utiles-los-arquitectos\/","title":{"rendered":"\u00bfREALMENTE SOMOS \u00daTILES LOS ARQUITECTOS?"},"content":{"rendered":"<p>No es la primera vez que hablamos en nuestro blog de la enorme distancia que separa a los arquitectos (y a la arquitectura) de la sociedad a la que servimos. La desconexi\u00f3n viene de lejos y son varias las razones de la misma.<\/p>\n<p>En cualquier caso, es bueno poner el tema encima de la mesa pues sigue siendo de clara actualidad.<\/p>\n<p><!--more--><\/p>\n<p>&nbsp;<\/p>\n<p style=\"text-align: center;\"><img loading=\"lazy\" decoding=\"async\" class=\"alignnone size-full wp-image-27261\" src=\"https:\/\/stepienybarno.es\/blog\/wp-content\/uploads\/2017\/04\/1.-stepienybarno-sirve-un-arquitecto-sociedad-PISO-ANAYA-STEPIENYBARNO.jpg\" alt=\"1. stepienybarno - sirve un arquitecto - sociedad - PISO ANAYA - STEPIENYBARNO\" width=\"650\" height=\"365\" srcset=\"https:\/\/stepienybarno.es\/blog\/wp-content\/uploads\/2017\/04\/1.-stepienybarno-sirve-un-arquitecto-sociedad-PISO-ANAYA-STEPIENYBARNO.jpg 650w, https:\/\/stepienybarno.es\/blog\/wp-content\/uploads\/2017\/04\/1.-stepienybarno-sirve-un-arquitecto-sociedad-PISO-ANAYA-STEPIENYBARNO-180x101.jpg 180w, https:\/\/stepienybarno.es\/blog\/wp-content\/uploads\/2017\/04\/1.-stepienybarno-sirve-un-arquitecto-sociedad-PISO-ANAYA-STEPIENYBARNO-550x309.jpg 550w, https:\/\/stepienybarno.es\/blog\/wp-content\/uploads\/2017\/04\/1.-stepienybarno-sirve-un-arquitecto-sociedad-PISO-ANAYA-STEPIENYBARNO-316x177.jpg 316w\" sizes=\"(max-width: 650px) 100vw, 650px\" \/><\/p>\n<p>Hace unos d\u00edas ve\u00edamos por los muros del facebook la imagen de esta planta en un libro de matem\u00e1ticas de la editorial Anaya. M\u00e1s all\u00e1 de las \u201cbondades\u201d del dibujo \u2013cuya nulidad proyectual es evidente y no vale la pena comentar-, lo que se pone en evidencia es <strong>lo complicado que es tener ciudadanos sensibles a la arquitectura si lo poco que se les ense\u00f1a en los colegios es algo as\u00ed<\/strong>. \u00a0En cualquier caso, es tentador intentar entender el armario empotrado, la ausencia de ventanas o d\u00f3nde se lavar\u00e1n las manos los propietarios de este pisito tan mono.<\/p>\n<p>Es m\u00e1s, el plano pretende hacer entender a los ni\u00f1@s el concepto de la <strong>escala <\/strong>con un plano totalmente fuera de escala. As\u00ed que, es bastante preocupante dejar en manos de este tipo de libros lo poco que se pueda ense\u00f1ar de arquitectura a l@s m\u00e1s peque\u00f1@s. Aun as\u00ed, por suerte en Espa\u00f1a son muchos arquitectos y colectivos de arquitectos los que desde hace un buen tiempo est\u00e1n haciendo un gran esfuerzo por hacer llegar la arquitectura a tempranas edades. \u00bfAlgunos de ellos?\u00a0<a href=\"http:\/\/littlearchitect.aaschool.ac.uk\/\" target=\"_blank\">Little Architect<\/a>, \u00a0 <a href=\"http:\/\/cuartocrecientearquitectura.wordpress.com\/inicio\/\">Cuartocreciente<\/a>, <a href=\"http:\/\/www.arkitente.org\/es\/\">Arkitente<\/a> (<a href=\"http:\/\/www.zaramari.com\/Zaramari\/Arkitente\/Arkitente.html\">Zaramari<\/a>), <a href=\"http:\/\/maushaus.info\/\">Maushaus Arquitectura<\/a>\u00a0, <a href=\"http:\/\/www.chiquitectos.com\/\">Chiquitectos<\/a>, <a href=\"http:\/\/proxectoterra.coag.es\/\">Proxectoterra de Galicia<\/a>, <a href=\"http:\/\/sistemalupo.ferminblanco.com\/\">Sistema Lupo<\/a> o <a href=\"http:\/\/sinergiasostenible.org\/\">Sinergia Sostenible<\/a>\u00a0(m\u00e1s sobre el tema, <a href=\"http:\/\/fronterad.com\/?q=informe-sobre-educacion-arquitectonica-para-ninos-en-espana-y-latinoamerica\">por aqu\u00ed<\/a>).<\/p>\n<blockquote>\n<h5 style=\"text-align: center;\"><span style=\"color: #ff0000;\">Ya es posible inscribirse a la s\u00e9ptima edici\u00f3n de nuestro CURSO ONLINE de IDENTIDAD DIGITAL para arquitectos<\/span><\/h5>\n<h5 style=\"text-align: center;\"><span style=\"color: #ff0000;\"><a style=\"color: #ff0000;\" href=\"https:\/\/stepienybarno.es\/blog\/2017\/05\/03\/septima-edicion-de-nuestro-curso-online-de-identidad-digital-para-arquitectos\/\">Acceder<\/a><\/span><\/h5>\n<\/blockquote>\n<p>El problema directo de esto es que lo mismo que a alg\u00fan iluminado se le ocurre dibujar esto y lo cuela en los libros de Anaya, pues cualquier posible cliente va a un arquitecto con la <strong>t\u00edpica planilla cuadriculada<\/strong> donde \u00a1ya est\u00e1 todo! As\u00ed, en la imaginaci\u00f3n del cliente, el arquitecto s\u00f3lo tiene que darle un poco de forma y listo.<\/p>\n<p>Y con esto llegamos a la incomprensi\u00f3n, por parte de este tipo de clientes, sobre los <strong>honorarios<\/strong> de los arquitectos (m\u00e1s sobre el tema <a href=\"https:\/\/stepienybarno.es\/blog\/2015\/12\/18\/%C2%BFcuanto-cuesta-un-buen-proyecto-de-arquitectura\/\">por aqu\u00ed<\/a>).<\/p>\n<p>&nbsp;<\/p>\n<p style=\"text-align: center;\"><img loading=\"lazy\" decoding=\"async\" class=\"alignnone size-full wp-image-27260\" src=\"https:\/\/stepienybarno.es\/blog\/wp-content\/uploads\/2017\/04\/2.-stepienybarno-sirve-un-arquitecto-sociedad-proyecto-stepienybarno.jpg\" alt=\"2. stepienybarno - sirve un arquitecto - sociedad - proyecto-stepienybarno\" width=\"650\" height=\"650\" srcset=\"https:\/\/stepienybarno.es\/blog\/wp-content\/uploads\/2017\/04\/2.-stepienybarno-sirve-un-arquitecto-sociedad-proyecto-stepienybarno.jpg 650w, https:\/\/stepienybarno.es\/blog\/wp-content\/uploads\/2017\/04\/2.-stepienybarno-sirve-un-arquitecto-sociedad-proyecto-stepienybarno-180x180.jpg 180w, https:\/\/stepienybarno.es\/blog\/wp-content\/uploads\/2017\/04\/2.-stepienybarno-sirve-un-arquitecto-sociedad-proyecto-stepienybarno-550x550.jpg 550w, https:\/\/stepienybarno.es\/blog\/wp-content\/uploads\/2017\/04\/2.-stepienybarno-sirve-un-arquitecto-sociedad-proyecto-stepienybarno-224x224.jpg 224w, https:\/\/stepienybarno.es\/blog\/wp-content\/uploads\/2017\/04\/2.-stepienybarno-sirve-un-arquitecto-sociedad-proyecto-stepienybarno-316x316.jpg 316w\" sizes=\"(max-width: 650px) 100vw, 650px\" \/><\/p>\n<p>Con todo ello, salvo excepciones, est\u00e1 claro que la sociedad nos ve como un <strong>caro peaje impuesto por la administraci\u00f3n. <\/strong>En la mayor\u00eda de los casos si pudieran prescindir de nosotros, por un ingeniero o arquitecto t\u00e9cnico que les cobrase menos, lo har\u00edan.<\/p>\n<p><strong>No hemos sabido hacernos necesarios<\/strong> y casi nadie es capaz de percibir el plus de contratar a un buen arquitecto. Con todo ello, y la crisis que nos ha golpeado, la profesi\u00f3n, tal como siempre la hemos entendido, est\u00e1 a punto del colapso. No hay proyectos para todos, ni los habr\u00e1 en mucho tiempo, y, sin embargo, nos seguimos empe\u00f1ando en que en la mayor\u00eda de las ocasiones nuestro principal objetivo sea <strong>conseguir un proyecto de arquitectura<\/strong>. De hecho, conseguirlo a toda costa, incluso, en ocasiones, <strong>perdiendo dinero.<\/strong> La competencia desleal entre nosotros campa a sus anchas <a href=\"http:\/\/blogfundacion.arquia.es\/2017\/04\/quien-teme-a-las-bajas-temerarias\/\">-no hace mucho nos lo recordaban Bonsai arquitectos en un estupendo post para el blog de Fundaci\u00f3n Arquia-<\/a> y competir por precio es lo m\u00e1s habitual.<\/p>\n<p>En paralelo a todo esto, desde antes de la llegada de la crisis, en los despachos de arquitectura de cierto nombre se normaliz\u00f3 la idea de tener arquitectos j\u00f3venes trabajando sin recibir nada m\u00e1s all\u00e1 de una <strong>palmadita en el hombro si todo iba bien.<\/strong><\/p>\n<p>De los <strong>concursos de arquitectura<\/strong> no vamos a dar m\u00e1s la brasa, pues ya hemos hablando hasta la saciedad en este blog de la ratonera que suponen para el colectivo tal como est\u00e1n planteados en la actualidad <a href=\"https:\/\/stepienybarno.es\/blog\/2011\/07\/03\/%C2%BFsiguen-teniendo-sentido-los-concursos-de-arquitectura\/\">(ver aqu\u00ed).<\/a><\/p>\n<p>&nbsp;<\/p>\n<p>Con este panorama, un tanto desolador, poco podemos esperar de la sociedad que vive al margen de \u201cnuestras cosas\u201d. As\u00ed, cuando hace poco desaparec\u00eda la <strong>casa Guzman<\/strong> de Alejandro de la Sota <a href=\"https:\/\/stepienybarno.es\/blog\/2017\/02\/05\/carta-de-la-casa-guzman-a-enrique-de-guzman-junior\/\">(ver aqu\u00ed),<\/a> en la plataforma de <a href=\"https:\/\/www.meneame.net\/story\/casa-guzman-asi-destruye-joya-arquitectura-espanola\/c05\">men\u00e9ame<\/a> pod\u00edamos leer todo tipo de lindezas. Y aunque a nosotros nos pueda doler y parecer burradas, no deja de ser el sentir de una gran parte de la poblaci\u00f3n que, m\u00e1s all\u00e1 de lo que nos parezca, nos tiene en muy poco aprecio.<\/p>\n<p>Desde aqu\u00ed, podr\u00edamos seguir<strong> lament\u00e1ndonos <\/strong>por la p\u00e9rdida de grandes obras de la arquitectura contempor\u00e1nea, como la famosa Pagoda de Fisac, o pregunt\u00e1ndonos por\u00a0 el futuro que les espera a otras obras de primera fila como El\u00a0Pabell\u00f3n de Espa\u00f1a\u00a0de la\u00a0<a href=\"https:\/\/es.wikipedia.org\/wiki\/Exposici%C3%B3n_General_de_primera_categor%C3%ADa_de_Bruselas_(1958)\">Exposici\u00f3n General de primera categor\u00eda de Bruselas (1958)<\/a>\u00a0de <a href=\"https:\/\/es.wikipedia.org\/wiki\/Corrales_y_Molez%C3%BAn\">Jos\u00e9 Antonio Corrales y Ram\u00f3n V\u00e1zquez Molez\u00fan<\/a> -actualmente abandonado a su suerte en la Casa de campo-.<\/p>\n<p>&nbsp;<\/p>\n<p style=\"text-align: center;\"><img loading=\"lazy\" decoding=\"async\" class=\"alignnone size-full wp-image-27259\" src=\"https:\/\/stepienybarno.es\/blog\/wp-content\/uploads\/2017\/04\/3.-stepienybarno-sirve-un-arquitecto-sociedad-El-Pabell\u00f3n-de-Espa\u00f1a.jpg\" alt=\"3. stepienybarno - sirve un arquitecto - sociedad - El Pabell\u00f3n de Espa\u00f1a\" width=\"650\" height=\"434\" srcset=\"https:\/\/stepienybarno.es\/blog\/wp-content\/uploads\/2017\/04\/3.-stepienybarno-sirve-un-arquitecto-sociedad-El-Pabell\u00f3n-de-Espa\u00f1a.jpg 650w, https:\/\/stepienybarno.es\/blog\/wp-content\/uploads\/2017\/04\/3.-stepienybarno-sirve-un-arquitecto-sociedad-El-Pabell\u00f3n-de-Espa\u00f1a-180x120.jpg 180w, https:\/\/stepienybarno.es\/blog\/wp-content\/uploads\/2017\/04\/3.-stepienybarno-sirve-un-arquitecto-sociedad-El-Pabell\u00f3n-de-Espa\u00f1a-550x367.jpg 550w, https:\/\/stepienybarno.es\/blog\/wp-content\/uploads\/2017\/04\/3.-stepienybarno-sirve-un-arquitecto-sociedad-El-Pabell\u00f3n-de-Espa\u00f1a-316x211.jpg 316w\" sizes=\"(max-width: 650px) 100vw, 650px\" \/><\/p>\n<p style=\"text-align: center;\"><span style=\"color: #808080;\">Ver m\u00e1s sobre el maltrecho Pabell\u00f3n de Espa\u00f1a\u00a0 <a style=\"color: #808080;\" href=\"http:\/\/mapio.net\/pic\/p-43225678\/\">por aqu\u00ed.<\/a><\/span><\/p>\n<p>As\u00ed que, tal como indic\u00e1bamos al comienzo del post, la realidad es que la arquitectura, en general, <strong>s\u00f3lo <\/strong>interesa a los arquitectos y esto no deja de ser un problema. De hecho, hace no tanto nos tir\u00e1bamos a la calle para preguntar a la gente que nos encontr\u00e1bamos por nombres de arquitectos y, como os pod\u00e9is imaginar, <strong>el desconocimiento<\/strong> era tremendo. M\u00e1s de una persona no sab\u00eda ninguno; pero bueno\u2026 esta opci\u00f3n no era tan mala como cuando alguien contestaba algo tipo: \u201cs\u00ed, s\u00ed, el arquitecto este que hace casas a los famosos\u2026\u201d <a href=\"https:\/\/stepienybarno.es\/blog\/2015\/07\/06\/%C2%BFquien-es-el-arquitecto-mas-conocido\/\">(ver el post por aqu\u00ed).<\/a><\/p>\n<p>En este sentido, es casi igual de desalentador el post que firmaban Raquel Mart\u00ednez y Alberto Ru\u00edz preguntando a sus <strong>alumnos de primer curso<\/strong> de arquitectura por los arquitectos que ellos conoc\u00edan <a href=\"http:\/\/blogfundacion.arquia.es\/2017\/02\/quienes-son-los-influencers-de-los-futuros-estudiantes-de-arquitectura\/\">(ver aqu\u00ed).<\/a><\/p>\n<p>En cualquier caso, es evidente que poco cambia que se sepan nombres de arquitectos, lo importante debiera ser un conocimiento m\u00e1s profundo del tema, pero a modo de detonante de la realidad, s\u00ed que nos parece relevante.<\/p>\n<p>&nbsp;<\/p>\n<p style=\"text-align: center;\"><img loading=\"lazy\" decoding=\"async\" class=\"alignnone size-full wp-image-27258\" src=\"https:\/\/stepienybarno.es\/blog\/wp-content\/uploads\/2017\/04\/4.-arquitectos-populares-stepienybarno-350x331.png\" alt=\"4. arquitectos-populares-stepienybarno-350x331\" width=\"350\" height=\"331\" srcset=\"https:\/\/stepienybarno.es\/blog\/wp-content\/uploads\/2017\/04\/4.-arquitectos-populares-stepienybarno-350x331.png 350w, https:\/\/stepienybarno.es\/blog\/wp-content\/uploads\/2017\/04\/4.-arquitectos-populares-stepienybarno-350x331-180x170.png 180w, https:\/\/stepienybarno.es\/blog\/wp-content\/uploads\/2017\/04\/4.-arquitectos-populares-stepienybarno-350x331-316x299.png 316w\" sizes=\"(max-width: 350px) 100vw, 350px\" \/><\/p>\n<p style=\"text-align: center;\"><span style=\"color: #808080;\">Por desgracia, el arquitecto m\u00e1s conocido result\u00f3 ser Santiago Calatrava.<\/span><\/p>\n<p>De todas formas, es importante constatar esta realidad, pero tambi\u00e9n entonar el <strong>mea culpa<\/strong> en tres aspectos fundamentales que han sustentado este alejamiento del com\u00fan de los mortales de nosotros, los arquitectos. Habitualmente la mayor\u00eda de los arquitectos nos hemos encargado de usar <strong>un lenguaje<\/strong> <a href=\"https:\/\/stepienybarno.es\/blog\/2009\/12\/13\/el-lenguaje-de-los-arquitectos-12\/\">(ver aqu\u00ed)<\/a> que nos aleja del \u201cno arquitecto\u201d a toda velocidad, muy pocas <strong>medidas concretas<\/strong> hemos visto que se ponen en marcha para salvar esta evidente desconexi\u00f3n, m\u00e1s bien tendemos a no hablar mucho del tema y, as\u00ed, parece que no hay que tomar responsabilidades. Por \u00faltimo, pero no menos importante, en m\u00e1s de una ocasi\u00f3n, el arquitecto ha sido la <strong>mano ejecutora<\/strong> de gran parte del desprop\u00f3sito urban\u00edstico de nuestro pa\u00eds. En este sentido, hay que matizar que, evidentemente, no todos los arquitectos han sido c\u00f3mplices de esta locura, pero lo importante, en este caso, es que la sociedad s\u00ed que nos percibe como tales.<\/p>\n<p>&nbsp;<\/p>\n<p>En fin, que entre una cosa y otra, hay mucha tarea por hacer; por un lado, <strong>construir una realidad diferente<\/strong> que nos acerque a la sociedad \u2013y en este sentido siempre destacamos la labor de los arquitectos m\u00e1s j\u00f3venes <a href=\"https:\/\/stepienybarno.es\/blog\/2015\/01\/07\/colectivos-de-arquitectura-y-gestalt\/\">(ver aqu\u00ed)-<\/a> y, por otro lado, que la <strong>imagen tan distorsionada<\/strong> que se tiene de nosotros se vuelva un poquit\u00edn m\u00e1s generosa.<\/p>\n<p>Tarea no falta; as\u00ed que \u00a1manos a la obra!<\/p>\n<p>&nbsp;<\/p>\n<h3 style=\"text-align: center;\"><strong>Autores del post: <a href=\"https:\/\/stepienybarno.es\/blog\/2011\/09\/04\/las-fortalezas-del-arquitecto\/\">Stepienybarno<\/a> _ Agnieszka Stepien y Lorenzo Barn\u00f3<\/strong><\/h3>\n<p style=\"text-align: center;\">Y como siempre, si te gust\u00f3 el post,\u00a0estar\u00eda genial que lo compartas\u00a0en tus redes sociales.<\/p>\n<p style=\"text-align: center;\">A su vez, si todav\u00eda no est\u00e1s suscrito a nuestra Newsletter, te animamos a hacerlo en la casilla que tienes al terminar este art\u00edculo.<\/p>\n<blockquote><p><strong>Tambi\u00e9n te animamos a echar un ojo a:<\/strong><\/p>\n<p>\u00bfCU\u00c1NTO CUESTA UN BUEN PROYECTO DE ARQUITECTURA?<\/p>\n<p><a href=\"https:\/\/stepienybarno.es\/blog\/2015\/12\/18\/%C2%BFcuanto-cuesta-un-buen-proyecto-de-arquitectura\/\">https:\/\/stepienybarno.es\/blog\/2015\/12\/18\/%C2%BFcuanto-cuesta-un-buen-proyecto-de-arquitectura\/<\/a><\/p>\n<p>EL LENGUAJE DE LOS ARQUITECTOS 1\/2<\/p>\n<p><a href=\"https:\/\/stepienybarno.es\/blog\/2009\/12\/13\/el-lenguaje-de-los-arquitectos-12\/\">https:\/\/stepienybarno.es\/blog\/2009\/12\/13\/el-lenguaje-de-los-arquitectos-12\/<\/a><\/p>\n<p><a href=\"https:\/\/stepienybarno.es\/blog\/2011\/07\/03\/%C2%BFsiguen-teniendo-sentido-los-concursos-de-arquitectura\/\" target=\"_blank\">\u00bfSIGUEN TENIENDO SENTIDO LOS CONCURSOS DE ARQUITECTURA?<\/a><\/p><\/blockquote>\n<p>&nbsp;<\/p>\n<p>&nbsp;<\/p>\n<p>&nbsp;<\/p>\n<p style=\"text-align: center;\">Si te interesa contactar con nosotros para que te ayudemos a mejorar tu visibilidad online y, en consecuencia, mejorar tus oportunidades laborales, no dudes en escribirnos a: <a href=\"mailto:blog@stepienybarno.es\">blog@stepienybarno.es<\/a><\/p>\n<p>&nbsp;<\/p>\n<p>* <em><span style=\"color: #808080;\">Este art\u00edculo ha sido escrito con car\u00e1cter divulgativo y sin ning\u00fan tipo de \u00e1nimo de lucro.<\/span><\/em><\/p>\n<p><em><span style=\"color: #808080;\"><a style=\"color: #808080;\" href=\"https:\/\/twitter.com\/stepienybarno\">STEPIENYBARNO EN TWITTER _ @stepienybarno<\/a><\/span><\/em><\/p>\n<p><em><span style=\"color: #808080;\"><a style=\"color: #808080;\" href=\"http:\/\/www.linkedin.com\/company\/stepienybarno\">STEPIENYBARNO EN LINKEDIN<\/a><\/span><\/em><\/p>\n<p><em><span style=\"color: #808080;\"><a style=\"color: #808080;\" href=\"https:\/\/www.facebook.com\/pages\/BLOG-DE-STEPIENYBARNO\/78001079029\">STEPIENYBARNO EN FACEBOOK<\/a><\/span><\/em><\/p>\n<p><em><span style=\"color: #808080;\">* <a style=\"color: #808080;\" href=\"https:\/\/stepienybarno.es\/blog\/2011\/09\/04\/las-fortalezas-del-arquitecto\/\">Stepienybarno<\/a> est\u00e1 formado por Agnieszka Stepien y Lorenzo Barn\u00f3 y desde mayo del 2009 estamos en la red con\u00a0 la presente publicaci\u00f3n digital (Blog) de arquitectura.<\/span><\/em><\/p>\n<p><em><span style=\"color: #808080;\">Nuestra actividad se sustenta en tres pilares b\u00e1sicos: la investigaci\u00f3n, la publicaci\u00f3n y la redacci\u00f3n de proyectos de arquitectura.<\/span><\/em><\/p>\n<p><em><span style=\"color: #808080;\">A su vez, somos socios cofundadores de <a style=\"color: #808080;\" href=\"http:\/\/sinergiasostenible.org\/\">SINERGIA SOSTENIBLE<\/a>, redactores de <a style=\"color: #808080;\" href=\"http:\/\/www.laciudadviva.org\/blogs\/?author=45\">LA CIUDAD VIVA<\/a> y directores del blog de FUNDACI\u00d3N ARQUIA.<\/span><\/em><\/p>\n<p><em><span style=\"color: #808080;\">* Los editores de esta publicaci\u00f3n digital no nos hacemos cargo de de los comentarios y\u00a0 conceptos vertidos en los textos firmados por otras personas, siendo \u00e9stos de responsabilidad exclusiva de sus autores.<\/span><\/em><\/p>\n<p><em><span style=\"color: #808080;\">* Tu comentario pudiera ser moderado, por lo tanto, aunque aparezca inmediatamente al ser publicado en la entrada, los editores de esta publicaci\u00f3n digital nos reservamos el derecho tanto de editarlo (si fuera necesario, para hacerlo m\u00e1s legible) como de eliminarlo en el caso de que se usen expresiones incorrectas (descalificaciones, palabras malsonantes\u2026). A su vez, si quieres comentar desde el anonimato puedes hacerlo, aunque, nosotros personalmente, agradecemos que tod@s nos podamos identificar.<\/span><\/em><\/p>\n","protected":false},"excerpt":{"rendered":"<p>No es la primera vez que hablamos en nuestro blog<\/p>\n","protected":false},"author":2,"featured_media":27261,"comment_status":"open","ping_status":"closed","sticky":false,"template":"","format":"standard","meta":{"om_disable_all_campaigns":false,"_monsterinsights_skip_tracking":false,"_monsterinsights_sitenote_active":false,"_monsterinsights_sitenote_note":"","_monsterinsights_sitenote_category":0,"_uf_show_specific_survey":0,"_uf_disable_surveys":false,"episode_type":"","audio_file":"","cover_image":"","cover_image_id":"","duration":"","filesize":"","date_recorded":"","explicit":"","block":"","filesize_raw":"","footnotes":""},"categories":[2976],"tags":[1367],"series":[],"class_list":["post-27257","post","type-post","status-publish","format-standard","has-post-thumbnail","hentry","category-profesion-arquitecto","tag-el-estado-de-la-profesion"],"aioseo_notices":[],"episode_featured_image":"https:\/\/stepienybarno.es\/blog\/wp-content\/uploads\/2017\/04\/1.-stepienybarno-sirve-un-arquitecto-sociedad-PISO-ANAYA-STEPIENYBARNO.jpg","episode_player_image":"https:\/\/stepienybarno.es\/blog\/wp-content\/uploads\/2020\/11\/stepienybarno-podcast-scaled.jpg","download_link":"","player_link":"","audio_player":false,"episode_data":{"playerMode":"dark","subscribeUrls":[],"rssFeedUrl":"https:\/\/stepienybarno.es\/blog\/feed\/podcast\/podcast-de-stepienybarno","embedCode":"<blockquote class=\"wp-embedded-content\" data-secret=\"mCmygDIx5z\"><a href=\"https:\/\/stepienybarno.es\/blog\/2017\/04\/17\/realmente-somos-utiles-los-arquitectos\/\">\u00bfREALMENTE SOMOS \u00daTILES LOS ARQUITECTOS?<\/a><\/blockquote><iframe sandbox=\"allow-scripts\" security=\"restricted\" src=\"https:\/\/stepienybarno.es\/blog\/2017\/04\/17\/realmente-somos-utiles-los-arquitectos\/embed\/#?secret=mCmygDIx5z\" width=\"500\" height=\"350\" title=\"\u00ab\u00bfREALMENTE SOMOS \u00daTILES LOS ARQUITECTOS?\u00bb \u2014 Blog de STEPIEN Y BARNO - publicaci\u00f3n digital sobre arquitectura\" data-secret=\"mCmygDIx5z\" frameborder=\"0\" marginwidth=\"0\" marginheight=\"0\" scrolling=\"no\" class=\"wp-embedded-content\"><\/iframe><script type=\"text\/javascript\">\n\/* <![CDATA[ *\/\n\/*! This file is auto-generated *\/\n!function(d,l){\"use strict\";l.querySelector&&d.addEventListener&&\"undefined\"!=typeof URL&&(d.wp=d.wp||{},d.wp.receiveEmbedMessage||(d.wp.receiveEmbedMessage=function(e){var t=e.data;if((t||t.secret||t.message||t.value)&&!\/[^a-zA-Z0-9]\/.test(t.secret)){for(var s,r,n,a=l.querySelectorAll('iframe[data-secret=\"'+t.secret+'\"]'),o=l.querySelectorAll('blockquote[data-secret=\"'+t.secret+'\"]'),c=new RegExp(\"^https?:$\",\"i\"),i=0;i<o.length;i++)o[i].style.display=\"none\";for(i=0;i<a.length;i++)s=a[i],e.source===s.contentWindow&&(s.removeAttribute(\"style\"),\"height\"===t.message?(1e3<(r=parseInt(t.value,10))?r=1e3:~~r<200&&(r=200),s.height=r):\"link\"===t.message&&(r=new URL(s.getAttribute(\"src\")),n=new URL(t.value),c.test(n.protocol))&&n.host===r.host&&l.activeElement===s&&(d.top.location.href=t.value))}},d.addEventListener(\"message\",d.wp.receiveEmbedMessage,!1),l.addEventListener(\"DOMContentLoaded\",function(){for(var e,t,s=l.querySelectorAll(\"iframe.wp-embedded-content\"),r=0;r<s.length;r++)(t=(e=s[r]).getAttribute(\"data-secret\"))||(t=Math.random().toString(36).substring(2,12),e.src+=\"#?secret=\"+t,e.setAttribute(\"data-secret\",t)),e.contentWindow.postMessage({message:\"ready\",secret:t},\"*\")},!1)))}(window,document);\n\/* ]]> *\/\n<\/script>\n"},"_links":{"self":[{"href":"https:\/\/stepienybarno.es\/blog\/wp-json\/wp\/v2\/posts\/27257"}],"collection":[{"href":"https:\/\/stepienybarno.es\/blog\/wp-json\/wp\/v2\/posts"}],"about":[{"href":"https:\/\/stepienybarno.es\/blog\/wp-json\/wp\/v2\/types\/post"}],"author":[{"embeddable":true,"href":"https:\/\/stepienybarno.es\/blog\/wp-json\/wp\/v2\/users\/2"}],"replies":[{"embeddable":true,"href":"https:\/\/stepienybarno.es\/blog\/wp-json\/wp\/v2\/comments?post=27257"}],"version-history":[{"count":6,"href":"https:\/\/stepienybarno.es\/blog\/wp-json\/wp\/v2\/posts\/27257\/revisions"}],"predecessor-version":[{"id":27650,"href":"https:\/\/stepienybarno.es\/blog\/wp-json\/wp\/v2\/posts\/27257\/revisions\/27650"}],"wp:featuredmedia":[{"embeddable":true,"href":"https:\/\/stepienybarno.es\/blog\/wp-json\/wp\/v2\/media\/27261"}],"wp:attachment":[{"href":"https:\/\/stepienybarno.es\/blog\/wp-json\/wp\/v2\/media?parent=27257"}],"wp:term":[{"taxonomy":"category","embeddable":true,"href":"https:\/\/stepienybarno.es\/blog\/wp-json\/wp\/v2\/categories?post=27257"},{"taxonomy":"post_tag","embeddable":true,"href":"https:\/\/stepienybarno.es\/blog\/wp-json\/wp\/v2\/tags?post=27257"},{"taxonomy":"series","embeddable":true,"href":"https:\/\/stepienybarno.es\/blog\/wp-json\/wp\/v2\/series?post=27257"}],"curies":[{"name":"wp","href":"https:\/\/api.w.org\/{rel}","templated":true}]}}