{"id":27297,"date":"2017-04-19T20:10:12","date_gmt":"2017-04-19T18:10:12","guid":{"rendered":"https:\/\/www.stepienybarno.es\/blog\/?p=27297"},"modified":"2017-05-17T08:42:01","modified_gmt":"2017-05-17T06:42:01","slug":"curso-de-identidad-digital-para-arquitectos-en-barcelona-_-impartido-por-stepienybarno","status":"publish","type":"post","link":"https:\/\/stepienybarno.es\/blog\/2017\/04\/19\/curso-de-identidad-digital-para-arquitectos-en-barcelona-_-impartido-por-stepienybarno\/","title":{"rendered":"CURSO DE IDENTIDAD DIGITAL PARA ARQUITECTOS EN BARCELONA _ IMPARTIDO POR STEPIENYBARNO"},"content":{"rendered":"<p style=\"text-align: center;\"><img loading=\"lazy\" decoding=\"async\" class=\"alignnone size-full wp-image-26969\" src=\"https:\/\/stepienybarno.es\/blog\/wp-content\/uploads\/2017\/03\/curso-comunicacion-on-line-stepienybarno.png\" alt=\"curso-comunicacion-on-line-stepienybarno\" width=\"350\" height=\"350\" srcset=\"https:\/\/stepienybarno.es\/blog\/wp-content\/uploads\/2017\/03\/curso-comunicacion-on-line-stepienybarno.png 350w, https:\/\/stepienybarno.es\/blog\/wp-content\/uploads\/2017\/03\/curso-comunicacion-on-line-stepienybarno-180x180.png 180w, https:\/\/stepienybarno.es\/blog\/wp-content\/uploads\/2017\/03\/curso-comunicacion-on-line-stepienybarno-224x224.png 224w, https:\/\/stepienybarno.es\/blog\/wp-content\/uploads\/2017\/03\/curso-comunicacion-on-line-stepienybarno-316x316.png 316w\" sizes=\"(max-width: 350px) 100vw, 350px\" \/><\/p>\n<p>Hoy tenemos el placer de anunciar una nueva edici\u00f3n de nuestro curso presencial de Identidad Digital para arquitectos. As\u00ed, aprovechando el marco de la Feria de Construmat, durante las tardes de los d\u00edas 24 y 25 de mayo, estaremos en Barcelona.<\/p>\n<p>De esta forma, \u00a0compartiremos todo lo que sabemos sobre reputaci\u00f3n digital, estrategia empresarial y comunicaci\u00f3n online; es decir, lo que solemos llamar Identidad Digital.<\/p>\n<p>Por ello, si te suena bien el tema, te pilla cerca y te cuadran las fechas, esta puede ser una buena ocasi\u00f3n para ti.<\/p>\n<p><!--more--><\/p>\n<p>&nbsp;<\/p>\n<blockquote><p>\u201cLo que m\u00e1s te ha gustado del curso ha sido su contenido, o mejor dicho la suma y combinaci\u00f3n de los contenidos.\u201d Ver\u00f3nica S\u00e1nchez (n\u00b4UNDO)<\/p><\/blockquote>\n<p style=\"text-align: center;\"><span style=\"color: #000000;\"><strong>Fechas:<\/strong> <strong>24- 25 de MAYO de 2017<\/strong><\/span><\/p>\n<p style=\"text-align: center;\"><span style=\"color: #000000;\"><strong>Horarios:<\/strong> dos tardes _ <strong>16.30 &#8211; 19.30<\/strong><\/span><\/p>\n<p style=\"text-align: center;\"><span style=\"color: #000000;\"><strong>Sede: CONSTRUMAT<\/strong> _ Press auditorum <a style=\"color: #000000;\" href=\"http:\/\/www.firabarcelona-guestevents.com\/gran-via\/press-area-2\/\" target=\"_blank\">(ver aqu\u00ed)<\/a><\/span><\/p>\n<p style=\"text-align: center;\"><span style=\"color: #000000;\">N\u00famero de alumnos: Plazas limitadas (22 alumnos)<\/span><\/p>\n<p style=\"text-align: center;\"><strong>\u00a0<img loading=\"lazy\" decoding=\"async\" class=\"alignnone size-full wp-image-27299\" src=\"https:\/\/stepienybarno.es\/blog\/wp-content\/uploads\/2017\/04\/1.-2017-feria-construmat-stepienybarno.jpeg\" alt=\"1. 2017 - feria - construmat - stepienybarno\" width=\"650\" height=\"371\" srcset=\"https:\/\/stepienybarno.es\/blog\/wp-content\/uploads\/2017\/04\/1.-2017-feria-construmat-stepienybarno.jpeg 650w, https:\/\/stepienybarno.es\/blog\/wp-content\/uploads\/2017\/04\/1.-2017-feria-construmat-stepienybarno-180x103.jpeg 180w, https:\/\/stepienybarno.es\/blog\/wp-content\/uploads\/2017\/04\/1.-2017-feria-construmat-stepienybarno-550x314.jpeg 550w, https:\/\/stepienybarno.es\/blog\/wp-content\/uploads\/2017\/04\/1.-2017-feria-construmat-stepienybarno-316x180.jpeg 316w\" sizes=\"(max-width: 650px) 100vw, 650px\" \/><\/strong><\/p>\n<h2><strong><span style=\"color: #0000ff;\">1_ OBJETIVO<\/span><\/strong><\/h2>\n<p>La propuesta de curso pretende, en un formato te\u00f3rico-pr\u00e1ctico, plantear el tema de la Identidad Digital, espec\u00edficamente enfocado para a Arquitectos. As\u00ed, durante las dos tardes lectivas del curso se dar\u00e1 a conocer las bases de un Proyecto de Identidad Digital (PID).<\/p>\n<p>Cada vez est\u00e1 m\u00e1s claro que, si no tienes una presencia correcta en la red, es como si no existieses en el <strong>mercado laboral.<\/strong> De esta forma, entender qu\u00e9 es la Identidad digital y c\u00f3mo construirla, se convierte en un elemento clave.<\/p>\n<p>Aun as\u00ed, son muchos los profesionales que ven la red como un galimat\u00edas de informaci\u00f3n y donde mostrar su trabajo se hace poco menos que imposible. En este sentido, el curso ayuda a poner luz en la oscuridad, tanto para encontrar informaci\u00f3n interesante, como personas con las que relacionarnos.<\/p>\n<p>&nbsp;<\/p>\n<p>Con todo ello, el curso\/taller pretende ayudar a los profesionales a superar estos duros tiempos de crisis que azotan especialmente a nuestra profesi\u00f3n. As\u00ed, para conseguir mejorar esta presencia en la red, daremos ciertas claves a trav\u00e9s de la <strong>estrategia empresarial<\/strong> y\u00a0 la <strong>comunicaci\u00f3n online<\/strong>.<\/p>\n<p>El curso\/taller est\u00e1 pensando para que sea muy sencillo de realizar. Se trata de que los contenidos se aprendan de una manera pr\u00e1ctica y amena.<\/p>\n<p>&nbsp;<\/p>\n<h5><span style=\"color: #0000ff;\">\u00bf<strong>A QUIEN VA DIRIGIDO<\/strong>?<\/span><\/h5>\n<p>Es importante recalcar que es un curso hecho y dirigido <strong>por arquitectos<\/strong> (Lorenzo es arquitecto t\u00e9cnico y arquitecto y Agnieszka es Ingeniera civil y arquitecto)<strong> para<\/strong> \u00a0<strong>arquitectos o gente muy cercana al mundo de la arquitectura, construcci\u00f3n y sostenibilidad.<\/strong><\/p>\n<p>&nbsp;<\/p>\n<h5><span style=\"color: #0000ff;\"><strong>NIVEL:<\/strong><\/span><\/h5>\n<p>El nivel de este curso ser\u00e1 b\u00e1sico-medio, por lo que puedes apuntarte aunque tu presencia en la red sea escasa o nula. De hecho, este curso\/taller est\u00e1 pensado tanto para aquellos que est\u00e1n dando sus <strong>primeros pasos<\/strong>, como para quienes ya tienen cierta <strong>experiencia<\/strong>, pero no terminan de aprovechar todo el potencial de la red.<\/p>\n<p>&nbsp;<\/p>\n<h5><span style=\"color: #0000ff;\">\u00bf<strong>QU\u00c9 TRAEN LOS ALUMNOS<\/strong>?<\/span><\/h5>\n<p><strong>1_<\/strong> Ilusi\u00f3n y ganas.<\/p>\n<p><strong>2_<\/strong> Dudas.<\/p>\n<p><strong>3_<\/strong> Inquietud.<\/p>\n<p>&nbsp;<\/p>\n<h5><span style=\"color: #0000ff;\">\u00bf<strong>QU\u00c9 SE LLEVAN LOS ALUMNOS<\/strong>?<\/span><\/h5>\n<ol>\n<li>Ense\u00f1aremos a nuestros compa\u00f1eros cu\u00e1les son las claves para mejorar su Identidad digital, gracias a la coherencia entre sus <strong>estrategias empresariales<\/strong> y su <strong>comunicaci\u00f3n online<\/strong>.<\/li>\n<li>Se hablar\u00e1 de visibilidad y reputaci\u00f3n digital y, por tanto, de c\u00f3mo obtener m\u00e1s oportunidades de <strong>colaboraci\u00f3n<\/strong> con otros profesionales, descubrir <strong>nuevos caminos<\/strong> y obtener <strong>mayores posibilidades laborales<\/strong>.<\/li>\n<li>Se aclarar\u00e1 c\u00f3mo se debe constituir esta Identidad Digital basada en una presencia profesional en <strong>web, blog y Redes Sociales.<\/strong><\/li>\n<\/ol>\n<p>&nbsp;<\/p>\n<blockquote><p>\u201c(\u2026) Me gust\u00f3 mucho el an\u00e1lisis de las fortalezas, el canvas y productividad han estado muy bien. Un diez para la labor de Stepienybarno como facilitadores.\u00a0Presentaciones concisas y certeras. Material de trabajo bien elegido.<\/p>\n<p>Los beneficios que veo, a corto plazo, son la asimilaci\u00f3n de conceptos de aplicaci\u00f3n directa en identidad digital (RRSS y +). A medio plazo, apertura de l\u00edneas de aprendizaje y visi\u00f3n global para iniciar nuevos proyectos, en la periferia de la arquitectura o incluso fuera!\u201d<\/p>\n<p>\u00c1lvaro Foncea, participante del curso de Identidad Digital.<\/p><\/blockquote>\n<p style=\"text-align: center;\"><img loading=\"lazy\" decoding=\"async\" class=\"alignnone size-full wp-image-27301\" src=\"https:\/\/stepienybarno.es\/blog\/wp-content\/uploads\/2017\/04\/2.-CURSO-DE-IDENTIDAD-DIGITAL-PARA-ARQUITECTOS-URJC-STEPIENYBARNO-650.jpg\" alt=\"2. CURSO DE IDENTIDAD DIGITAL PARA ARQUITECTOS -URJC -STEPIENYBARNO 650\" width=\"650\" height=\"432\" srcset=\"https:\/\/stepienybarno.es\/blog\/wp-content\/uploads\/2017\/04\/2.-CURSO-DE-IDENTIDAD-DIGITAL-PARA-ARQUITECTOS-URJC-STEPIENYBARNO-650.jpg 650w, https:\/\/stepienybarno.es\/blog\/wp-content\/uploads\/2017\/04\/2.-CURSO-DE-IDENTIDAD-DIGITAL-PARA-ARQUITECTOS-URJC-STEPIENYBARNO-650-180x120.jpg 180w, https:\/\/stepienybarno.es\/blog\/wp-content\/uploads\/2017\/04\/2.-CURSO-DE-IDENTIDAD-DIGITAL-PARA-ARQUITECTOS-URJC-STEPIENYBARNO-650-550x366.jpg 550w, https:\/\/stepienybarno.es\/blog\/wp-content\/uploads\/2017\/04\/2.-CURSO-DE-IDENTIDAD-DIGITAL-PARA-ARQUITECTOS-URJC-STEPIENYBARNO-650-316x210.jpg 316w\" sizes=\"(max-width: 650px) 100vw, 650px\" \/><\/p>\n<p style=\"text-align: center;\">Imagen de taller de Stepienybarno en la Escuela de Arquitectura de la \u00a0Universidad\u00a0Rey Juan Carlos.<\/p>\n<h5><span style=\"color: #0000ff;\"><strong>METODOLOG\u00cdA:<\/strong><\/span><\/h5>\n<p>No se trata de que Stepienybarno estemos hablando sin parar sobre lo que hay que hacer o no. Nuestra metodolog\u00eda educativa no es la habitual; apostamos por un trato cercano y por din\u00e1micas importadas del Design Thinking o sistemas educativos alternativos.<\/p>\n<p>Queremos un <strong>conocimiento eficaz, \u00fatil<\/strong> y, sobre todo, <strong>enfocado en el nuevo contexto profesional en que nos movemos<\/strong>. Hablaremos de marca, de empresa y de comunicaci\u00f3n online; todo en claves directas y que puedas integrar con facilidad.<\/p>\n<p>&nbsp;<\/p>\n<p>Nosotros, por suerte, hemos recorrido un camino y sabemos ciertas cosas. Todo lo aprendido lo contaremos por si puede servir; pero, desde nuestra experiencia, vemos que lo que\u00a0 a unos les es \u00fatil a otros no.\u00a0 Por eso, creemos m\u00e1s en un <strong>taller intensivo interactivo<\/strong>, en el que podremos aprender los unos de los otros\u00a0 y que nosotros seamos los facilitadores.<\/p>\n<p>Esta forma de ense\u00f1ar es la que hemos aplicado durante m\u00e1s de cuatro a\u00f1os en nuestros talleres offline y online y es la que vemos que mejores resultados da. El protagonista es el participante del taller, y nosotros \u201cs\u00f3lo\u201d lo vamos a poner f\u00e1cil.<\/p>\n<p>&nbsp;<\/p>\n<p>No se trata de teor\u00eda, se trata de pr\u00e1ctica y de poder <strong>experimentar sin miedo a fallar.<\/strong><\/p>\n<p>Durante gran parte del taller trabajaremos con la herramienta del canvas (<a href=\"https:\/\/stepienybarno.es\/blog\/2016\/09\/12\/el-canvas-como-modelos-de-negocio-para-arquitectos\/\">ver aqu\u00ed<\/a>), para poder clarificar y sintetizar muchas de las ideas que ir\u00e1n saliendo.<\/p>\n<p>&nbsp;<\/p>\n<p>&nbsp;<\/p>\n<blockquote><p>\u201cMe ha gustado la visi\u00f3n global y perfectamente estructurada de todo lo que significa la Identidad Digital y c\u00f3mo llevarlo a cabo. La labor de Stepienybarno ha sido impecable, siempre atentos a todo lo que necesit\u00e1bamos. Todo ha estado claro para que pudi\u00e9ramos digerirlo bien a pesar de la gran cantidad de material que nos ha hecho llegar Stepienybarno. Un 10!\u201d<\/p>\n<p>Pablo Iranzo, participante del curso de Identidad Digital.<\/p><\/blockquote>\n<p style=\"text-align: center;\"><img loading=\"lazy\" decoding=\"async\" class=\"alignnone size-full wp-image-27300\" src=\"https:\/\/stepienybarno.es\/blog\/wp-content\/uploads\/2017\/04\/1.-CURSO-DE-IDENTIDAD-DIGITAL-PARA-ARQUITECTOS-UN-STEPIENYBARNO.jpg\" alt=\"1. CURSO DE IDENTIDAD DIGITAL PARA ARQUITECTOS -UN -STEPIENYBARNO\" width=\"650\" height=\"520\" srcset=\"https:\/\/stepienybarno.es\/blog\/wp-content\/uploads\/2017\/04\/1.-CURSO-DE-IDENTIDAD-DIGITAL-PARA-ARQUITECTOS-UN-STEPIENYBARNO.jpg 650w, https:\/\/stepienybarno.es\/blog\/wp-content\/uploads\/2017\/04\/1.-CURSO-DE-IDENTIDAD-DIGITAL-PARA-ARQUITECTOS-UN-STEPIENYBARNO-180x144.jpg 180w, https:\/\/stepienybarno.es\/blog\/wp-content\/uploads\/2017\/04\/1.-CURSO-DE-IDENTIDAD-DIGITAL-PARA-ARQUITECTOS-UN-STEPIENYBARNO-550x440.jpg 550w, https:\/\/stepienybarno.es\/blog\/wp-content\/uploads\/2017\/04\/1.-CURSO-DE-IDENTIDAD-DIGITAL-PARA-ARQUITECTOS-UN-STEPIENYBARNO-316x253.jpg 316w\" sizes=\"(max-width: 650px) 100vw, 650px\" \/><\/p>\n<p style=\"text-align: center;\">Imagen de conferencia de Stepienybarno en la Escuela de Arquitectura de la \u00a0Universidad de Navarra<\/p>\n<h5><\/h5>\n<h5><span style=\"color: #0000ff;\"><strong>TEMARIO DEL CURSO:<\/strong><\/span><\/h5>\n<p><strong>M\u00d3DULO 1 _ IDENTIDAD DIGITAL<\/strong><\/p>\n<p>1.1 NUEVA ERA DIGITAL.<\/p>\n<p>1.2 REPUTACI\u00d3N DIGITAL<\/p>\n<p>1.3 MARCA<\/p>\n<p><strong>\u00a0<\/strong><\/p>\n<p><strong>M\u00d3DULO 2 _ ESTRATEGIA EMPRESARIAL<\/strong><\/p>\n<p>2.1 Ideas claves de \u00a0MARKEGING ONLINE<\/p>\n<p>2.2 CANVAS + PRODUCTIVIDAD<\/p>\n<p>2.3 FORTALEZAS Y DEBILIDADES<\/p>\n<p><strong>\u00a0<\/strong><\/p>\n<p><strong>M\u00d3DULO 3 _ COMUNICACI\u00d3N ONLINE<\/strong><\/p>\n<p>3.1 ESTRATEGIAS DE COMUNICACI\u00d3N ONLINE; Interacci\u00f3n, feedback, horizontalidad<\/p>\n<p>3.2 WEB Y BLOG<\/p>\n<p>3.3 REDES SOCIALES; Facebook, Twitter\u2026<\/p>\n<p><strong>\u00a0<\/strong><\/p>\n<blockquote><p>\u201c(\u2026) Lo que m\u00e1s me ha gustado del curso ha sido la sensaci\u00f3n de\u00a0esperanza e ilusi\u00f3n\u00a0que ha dejado en m\u00ed. La labor de Stepienybarno ha sido inmejorable, nos han translimitado un mont\u00f3n de entusiasmo y much\u00edsimos conocimientos. He visto unos beneficios inmediatos y a medio plazo tambi\u00e9n con la realizaci\u00f3n del curso. Beneficios de eficiencia, conocimiento y personales\u201d.<\/p>\n<p><strong>Amparo G\u00f3mez<\/strong><\/p><\/blockquote>\n<p><strong>\u00a0<\/strong><\/p>\n<h2><span style=\"color: #0000ff;\"><strong>2_ INVERSI\u00d3N ECON\u00d3MICA e INSCRIPCI\u00d3N.<\/strong><\/span><\/h2>\n<p>Se trata de una m\u00ednima inversi\u00f3n econ\u00f3mica en funci\u00f3n de lo que te llevar\u00e1s cuando lo termines las dos sesiones.<\/p>\n<p>El precio est\u00e1 muy por debajo de la media del precio de otros cursos de nivel similar.<\/p>\n<p><strong>\u00a0<\/strong><\/p>\n<p><strong><span style=\"color: #0000ff;\">&#8211; Hasta el 22 de mayo de 2017.<\/span><\/strong><\/p>\n<p>Si eres estudiante*:<strong> 120 euros <\/strong><\/p>\n<p>Si NO eres estudiante:<strong> 180 euros<\/strong><\/p>\n<p>* No estar en posesi\u00f3n de un t\u00edtulo universitario.<\/p>\n<p>&nbsp;<\/p>\n<h5><strong><span style=\"color: #ff0000;\">Importante: Con el pago del curso, tambi\u00e9n tendr\u00e1s la entrada para toda la Feria de Construmat. <\/span><\/strong><\/h5>\n<h5><span style=\"color: #ff0000;\">Es decir, con la inscripci\u00f3n en nuestro curso, te facilitaremos la acreditaci\u00f3n a la Feria.<\/span><\/h5>\n<p><span style=\"color: #808080;\"><a href=\"http:\/\/www.construmat.com\/event-overview\" target=\"_blank\">Web de la Feria\u00a0<\/a><\/span><\/p>\n<p>&nbsp;<\/p>\n<h5><strong><span style=\"color: #ff0000;\">Para inscribirte al curso solo tienes que mandar un correo a\u00a0 <a style=\"color: #ff0000;\" href=\"mailto:blog@stepienybarno.es\">blog@stepienybarno.es<\/a><\/span><\/strong><\/h5>\n<p class=\"blog\">Curso online de Identidad Digital para arquitectos (construmat)<\/p>\n<p>\u00a1Ah!! y no olvides decirnos tu nombre y apellido completo.<\/p>\n<p>Hazlo cuanto antes pues las <strong>\u00a1PLAZAS son MUY LIMITADAS!<\/strong><\/p>\n<p>Tambi\u00e9n, es importante que en un par de p\u00e1rrafos nos mandes una \u201ccarta de motivaci\u00f3n\u201d sobre lo que esperas de un curso como el que os presentamos.<\/p>\n<p>&nbsp;<\/p>\n<p>&nbsp;<\/p>\n<blockquote><p>\u201cEl curso nos ha servido para empezar a pensar una nueva estrategia de marketing en el estudio, un an\u00e1lisis de lo que somos y lo qu\u00e9 queremos ser, y replantearnos nuestra marca.\u201d Marco Souto<\/p><\/blockquote>\n<p><strong>\u00a0<\/strong><\/p>\n<h2><strong><span style=\"color: #0000ff;\">\u00a03_\u00a0SOBRE LOS FACILITADORES DEL CURSO<\/span><\/strong><\/h2>\n<p style=\"text-align: center;\"><img loading=\"lazy\" decoding=\"async\" class=\"alignnone size-full wp-image-27298\" src=\"https:\/\/stepienybarno.es\/blog\/wp-content\/uploads\/2017\/04\/3.-CURSO-DE-IDENTIDAD-DIGITAL-PARA-ARQUITECTOS-foto-STEPIENYBARNO.jpg\" alt=\"3. CURSO DE IDENTIDAD DIGITAL PARA ARQUITECTOS -foto -STEPIENYBARNO\" width=\"650\" height=\"500\" srcset=\"https:\/\/stepienybarno.es\/blog\/wp-content\/uploads\/2017\/04\/3.-CURSO-DE-IDENTIDAD-DIGITAL-PARA-ARQUITECTOS-foto-STEPIENYBARNO.jpg 650w, https:\/\/stepienybarno.es\/blog\/wp-content\/uploads\/2017\/04\/3.-CURSO-DE-IDENTIDAD-DIGITAL-PARA-ARQUITECTOS-foto-STEPIENYBARNO-180x138.jpg 180w, https:\/\/stepienybarno.es\/blog\/wp-content\/uploads\/2017\/04\/3.-CURSO-DE-IDENTIDAD-DIGITAL-PARA-ARQUITECTOS-foto-STEPIENYBARNO-550x423.jpg 550w, https:\/\/stepienybarno.es\/blog\/wp-content\/uploads\/2017\/04\/3.-CURSO-DE-IDENTIDAD-DIGITAL-PARA-ARQUITECTOS-foto-STEPIENYBARNO-316x243.jpg 316w\" sizes=\"(max-width: 650px) 100vw, 650px\" \/><\/p>\n<p>Agnieszka Stepien y Lorenzo Barn\u00f3 desde el 2009 est\u00e1n dando guerra en la <strong>red <\/strong>y desde el 2003 tienen su propio <strong>estudio de arquitectura.<\/strong><\/p>\n<p>La labor principal que desempe\u00f1an es ayudar a otros arquitectos a mejorar su <strong>visibilidad<\/strong> en la red, mejorar su Identidad Digital y, en consecuencia, tener m\u00e1s oportunidades laborales.<\/p>\n<p>Para ello, trabajan codo con codo con arquitect@s que quieren un <strong>asesoramiento personalizado<\/strong> y dan <strong>cursos, tanto offline como online<\/strong>, sobre temas relacionados con la marca, la estrategia empresarial, y la comunicaci\u00f3n online.<\/p>\n<p>A su vez, desde hace ocho a\u00f1os son los responsables del <strong>blog de Stepienybarno<\/strong>, uno de los <strong>m\u00e1s influyentes<\/strong> <strong>del mundo <\/strong>en lengua castellana dentro del mundo de la arquitectura.<\/p>\n<p>&nbsp;<\/p>\n<p>Han dado <strong>charlas, cursos y conferencias<\/strong> en multitud de <strong>Universidades y Colegios de arquitectos.\u00a0 <\/strong>Clientes suyos han sido y son, entidades importantes como <strong>Arquitasa, ASA, Colegio de arquitectos de C\u00e1diz, Roca Gallery, Asesorarq, hna o Fundaci\u00f3n Arquia<\/strong>. De hecho, con este \u00faltimo cliente tienen una relaci\u00f3n muy estrecha que va desde la difusi\u00f3n de eventos puntuales como Arquia\/pr\u00f3xima, Arquia Maestros, SizaxSiza, hasta llevar<strong> la direcci\u00f3n del prestigioso blog de Fundaci\u00f3n Arquia.<\/strong><\/p>\n<p><strong>\u00a0<\/strong><\/p>\n<p>A su vez, han sido <strong>organizadores<\/strong> de diferentes eventos, como congresos (Equiciudad) o jornadas y talleres. Tambi\u00e9n han sido son <strong>comisarios<\/strong> del ciclo \u201c<strong>La realidad del Arquitecto<\/strong>\u201d, organizado por <strong>hna.<\/strong> Estas actividades se compaginan con sus respectivas <strong>investigaciones doctorales<\/strong>\u00a0 en las que profundizan sobre el entorno digital de la arquitectura.<\/p>\n<p>&nbsp;<\/p>\n<p>&nbsp;<\/p>\n<blockquote>\n<p style=\"text-align: center;\"><strong><a href=\"https:\/\/stepienybarno.es\/blog\/2011\/09\/04\/las-fortalezas-del-arquitecto\/\">Stepienybarno<\/a> _ Agnieszka Stepien y Lorenzo Barn\u00f3<\/strong><\/p>\n<p style=\"text-align: center;\">Y como siempre, si te gust\u00f3 el post,\u00a0estar\u00eda genial que lo compartas\u00a0en tus redes sociales.<\/p>\n<p style=\"text-align: center;\">A su vez, si todav\u00eda no est\u00e1s suscrito a nuestra Newsletter, te animamos a hacerlo en la casilla que tienes al terminar este art\u00edculo.<\/p>\n<p style=\"text-align: center;\">Si te interesa contactar con nosotros para que te ayudemos a mejorar tu visibilidad online y, en consecuencia, mejorar tus oportunidades laborales, no dudes en escribirnos a: <a href=\"mailto:blog@stepienybarno.es\">blog@stepienybarno.es<\/a><\/p>\n<\/blockquote>\n<p>&nbsp;<\/p>\n<p>* <em><span style=\"color: #808080;\">Este art\u00edculo ha sido escrito con car\u00e1cter divulgativo y sin ning\u00fan tipo de \u00e1nimo de lucro.<\/span><\/em><\/p>\n<p><em><span style=\"color: #808080;\"><a style=\"color: #808080;\" href=\"https:\/\/twitter.com\/stepienybarno\">STEPIENYBARNO EN TWITTER _ @stepienybarno<\/a><\/span><\/em><\/p>\n<p><em><span style=\"color: #808080;\"><a style=\"color: #808080;\" href=\"http:\/\/www.linkedin.com\/company\/stepienybarno\">STEPIENYBARNO EN LINKEDIN<\/a><\/span><\/em><\/p>\n<p><em><span style=\"color: #808080;\"><a style=\"color: #808080;\" href=\"https:\/\/www.facebook.com\/pages\/BLOG-DE-STEPIENYBARNO\/78001079029\">STEPIENYBARNO EN FACEBOOK<\/a><\/span><\/em><\/p>\n<p><em><span style=\"color: #808080;\">* <a style=\"color: #808080;\" href=\"https:\/\/stepienybarno.es\/blog\/2011\/09\/04\/las-fortalezas-del-arquitecto\/\">Stepienybarno<\/a> est\u00e1 formado por Agnieszka Stepien y Lorenzo Barn\u00f3 y desde mayo del 2009 estamos en la red con\u00a0 la presente publicaci\u00f3n digital (Blog) de arquitectura.<\/span><\/em><\/p>\n<p><em><span style=\"color: #808080;\">Nuestra actividad se sustenta en tres pilares b\u00e1sicos: la investigaci\u00f3n, la publicaci\u00f3n y la redacci\u00f3n de proyectos de arquitectura.<\/span><\/em><\/p>\n<p><em><span style=\"color: #808080;\">A su vez, somos socios cofundadores de <a style=\"color: #808080;\" href=\"http:\/\/sinergiasostenible.org\/\">SINERGIA SOSTENIBLE<\/a>, redactores de <a style=\"color: #808080;\" href=\"http:\/\/www.laciudadviva.org\/blogs\/?author=45\">LA CIUDAD VIVA<\/a> y directores del blog de FUNDACI\u00d3N ARQUIA.<\/span><\/em><\/p>\n<p><em><span style=\"color: #808080;\">* Los editores de esta publicaci\u00f3n digital no nos hacemos cargo de de los comentarios y\u00a0 conceptos vertidos en los textos firmados por otras personas, siendo \u00e9stos de responsabilidad exclusiva de sus autores.<\/span><\/em><\/p>\n<p><em><span style=\"color: #808080;\">* Tu comentario pudiera ser moderado, por lo tanto, aunque aparezca inmediatamente al ser publicado en la entrada, los editores de esta publicaci\u00f3n digital nos reservamos el derecho tanto de editarlo (si fuera necesario, para hacerlo m\u00e1s legible) como de eliminarlo en el caso de que se usen expresiones incorrectas (descalificaciones, palabras malsonantes\u2026). A su vez, si quieres comentar desde el anonimato puedes hacerlo, aunque, nosotros personalmente, agradecemos que tod@s nos podamos identificar.<\/span><\/em><\/p>\n<p>&nbsp;<\/p>\n","protected":false},"excerpt":{"rendered":"<p>Hoy tenemos el placer de anunciar una nueva edici\u00f3n de<\/p>\n","protected":false},"author":2,"featured_media":26969,"comment_status":"open","ping_status":"closed","sticky":false,"template":"","format":"standard","meta":{"om_disable_all_campaigns":false,"_monsterinsights_skip_tracking":false,"_monsterinsights_sitenote_active":false,"_monsterinsights_sitenote_note":"","_monsterinsights_sitenote_category":0,"_uf_show_specific_survey":0,"_uf_disable_surveys":false,"episode_type":"","audio_file":"","cover_image":"","cover_image_id":"","duration":"","filesize":"","date_recorded":"","explicit":"","block":"","filesize_raw":"","footnotes":""},"categories":[22],"tags":[948,4292],"series":[],"class_list":["post-27297","post","type-post","status-publish","format-standard","has-post-thumbnail","hentry","category-identidad-digital-syb","tag-construmat","tag-curso-de-identidad-digital-para-arquitectos"],"aioseo_notices":[],"episode_featured_image":"https:\/\/stepienybarno.es\/blog\/wp-content\/uploads\/2017\/03\/curso-comunicacion-on-line-stepienybarno.png","episode_player_image":"https:\/\/stepienybarno.es\/blog\/wp-content\/uploads\/2020\/11\/stepienybarno-podcast-scaled.jpg","download_link":"","player_link":"","audio_player":false,"episode_data":{"playerMode":"dark","subscribeUrls":[],"rssFeedUrl":"https:\/\/stepienybarno.es\/blog\/feed\/podcast\/podcast-de-stepienybarno","embedCode":"<blockquote class=\"wp-embedded-content\" data-secret=\"4fVNwNMXU5\"><a href=\"https:\/\/stepienybarno.es\/blog\/2017\/04\/19\/curso-de-identidad-digital-para-arquitectos-en-barcelona-_-impartido-por-stepienybarno\/\">CURSO DE IDENTIDAD DIGITAL PARA ARQUITECTOS EN BARCELONA _ IMPARTIDO POR STEPIENYBARNO<\/a><\/blockquote><iframe sandbox=\"allow-scripts\" security=\"restricted\" src=\"https:\/\/stepienybarno.es\/blog\/2017\/04\/19\/curso-de-identidad-digital-para-arquitectos-en-barcelona-_-impartido-por-stepienybarno\/embed\/#?secret=4fVNwNMXU5\" width=\"500\" height=\"350\" title=\"\u00abCURSO DE IDENTIDAD DIGITAL PARA ARQUITECTOS EN BARCELONA _ IMPARTIDO POR STEPIENYBARNO\u00bb \u2014 Blog de STEPIEN Y BARNO - publicaci\u00f3n digital sobre arquitectura\" data-secret=\"4fVNwNMXU5\" frameborder=\"0\" marginwidth=\"0\" marginheight=\"0\" scrolling=\"no\" class=\"wp-embedded-content\"><\/iframe><script type=\"text\/javascript\">\n\/* <![CDATA[ *\/\n\/*! This file is auto-generated *\/\n!function(d,l){\"use strict\";l.querySelector&&d.addEventListener&&\"undefined\"!=typeof URL&&(d.wp=d.wp||{},d.wp.receiveEmbedMessage||(d.wp.receiveEmbedMessage=function(e){var t=e.data;if((t||t.secret||t.message||t.value)&&!\/[^a-zA-Z0-9]\/.test(t.secret)){for(var s,r,n,a=l.querySelectorAll('iframe[data-secret=\"'+t.secret+'\"]'),o=l.querySelectorAll('blockquote[data-secret=\"'+t.secret+'\"]'),c=new RegExp(\"^https?:$\",\"i\"),i=0;i<o.length;i++)o[i].style.display=\"none\";for(i=0;i<a.length;i++)s=a[i],e.source===s.contentWindow&&(s.removeAttribute(\"style\"),\"height\"===t.message?(1e3<(r=parseInt(t.value,10))?r=1e3:~~r<200&&(r=200),s.height=r):\"link\"===t.message&&(r=new URL(s.getAttribute(\"src\")),n=new URL(t.value),c.test(n.protocol))&&n.host===r.host&&l.activeElement===s&&(d.top.location.href=t.value))}},d.addEventListener(\"message\",d.wp.receiveEmbedMessage,!1),l.addEventListener(\"DOMContentLoaded\",function(){for(var e,t,s=l.querySelectorAll(\"iframe.wp-embedded-content\"),r=0;r<s.length;r++)(t=(e=s[r]).getAttribute(\"data-secret\"))||(t=Math.random().toString(36).substring(2,12),e.src+=\"#?secret=\"+t,e.setAttribute(\"data-secret\",t)),e.contentWindow.postMessage({message:\"ready\",secret:t},\"*\")},!1)))}(window,document);\n\/* ]]> *\/\n<\/script>\n"},"_links":{"self":[{"href":"https:\/\/stepienybarno.es\/blog\/wp-json\/wp\/v2\/posts\/27297"}],"collection":[{"href":"https:\/\/stepienybarno.es\/blog\/wp-json\/wp\/v2\/posts"}],"about":[{"href":"https:\/\/stepienybarno.es\/blog\/wp-json\/wp\/v2\/types\/post"}],"author":[{"embeddable":true,"href":"https:\/\/stepienybarno.es\/blog\/wp-json\/wp\/v2\/users\/2"}],"replies":[{"embeddable":true,"href":"https:\/\/stepienybarno.es\/blog\/wp-json\/wp\/v2\/comments?post=27297"}],"version-history":[{"count":20,"href":"https:\/\/stepienybarno.es\/blog\/wp-json\/wp\/v2\/posts\/27297\/revisions"}],"predecessor-version":[{"id":27840,"href":"https:\/\/stepienybarno.es\/blog\/wp-json\/wp\/v2\/posts\/27297\/revisions\/27840"}],"wp:featuredmedia":[{"embeddable":true,"href":"https:\/\/stepienybarno.es\/blog\/wp-json\/wp\/v2\/media\/26969"}],"wp:attachment":[{"href":"https:\/\/stepienybarno.es\/blog\/wp-json\/wp\/v2\/media?parent=27297"}],"wp:term":[{"taxonomy":"category","embeddable":true,"href":"https:\/\/stepienybarno.es\/blog\/wp-json\/wp\/v2\/categories?post=27297"},{"taxonomy":"post_tag","embeddable":true,"href":"https:\/\/stepienybarno.es\/blog\/wp-json\/wp\/v2\/tags?post=27297"},{"taxonomy":"series","embeddable":true,"href":"https:\/\/stepienybarno.es\/blog\/wp-json\/wp\/v2\/series?post=27297"}],"curies":[{"name":"wp","href":"https:\/\/api.w.org\/{rel}","templated":true}]}}