{"id":27321,"date":"2017-04-20T09:21:24","date_gmt":"2017-04-20T07:21:24","guid":{"rendered":"https:\/\/www.stepienybarno.es\/blog\/?p=27321"},"modified":"2017-04-19T22:53:54","modified_gmt":"2017-04-19T20:53:54","slug":"ofu-claro-que-la-noto","status":"publish","type":"post","link":"https:\/\/stepienybarno.es\/blog\/2017\/04\/20\/ofu-claro-que-la-noto\/","title":{"rendered":"OF\u00da; CLARO QUE LA NOTO"},"content":{"rendered":"<p><img loading=\"lazy\" decoding=\"async\" class=\"aligncenter size-full wp-image-27322\" src=\"https:\/\/stepienybarno.es\/blog\/wp-content\/uploads\/2017\/04\/Stepienybarno-stepien-y-barno-blog-arquitectura-arquitectamos-locos-jose-ramon-hernandez-correa.jpg\" alt=\"Stepienybarno-stepien-y-barno-blog-arquitectura-arquitectamos-locos-jose-ramon-hernandez-correa\" width=\"306\" height=\"320\" srcset=\"https:\/\/stepienybarno.es\/blog\/wp-content\/uploads\/2017\/04\/Stepienybarno-stepien-y-barno-blog-arquitectura-arquitectamos-locos-jose-ramon-hernandez-correa.jpg 306w, https:\/\/stepienybarno.es\/blog\/wp-content\/uploads\/2017\/04\/Stepienybarno-stepien-y-barno-blog-arquitectura-arquitectamos-locos-jose-ramon-hernandez-correa-172x180.jpg 172w\" sizes=\"(max-width: 306px) 100vw, 306px\" \/><\/p>\n<p><strong>Por <a href=\"https:\/\/www.blogger.com\/profile\/11618509861881471136\" target=\"_blank\">Jos\u00e9 Ram\u00f3n Hern\u00e1ndez Correa<\/a><\/strong><\/p>\n<p><strong>Desde <a href=\"http:\/\/arquitectamoslocos.blogspot.com.es\/\" target=\"_blank\">Arquitectamos Locos<\/a><\/strong><\/p>\n<p><!--more--><\/p>\n<p style=\"text-align: justify;\">\u201cEstos d\u00edas he visto este pasqu\u00edn en Facebook:<\/p>\n<p style=\"text-align: justify;\">Me pregunta si noto la diferencia. Of\u00fa; claro que la noto.\n<\/p>\n<p style=\"text-align: justify;\">Veo un intento muy torpe de defender la profesi\u00f3n de arquitecto respecto a la de ingeniero, y lo hace -como de costumbre- exponiendo lo peor de nosotros.<\/p>\n<p style=\"text-align: justify;\">Yo tambi\u00e9n defiendo (<strong><a href=\"http:\/\/arquitectamoslocos.blogspot.com.es\/2013\/01\/la-caja.html\" target=\"_blank\">aqu\u00ed<\/a><\/strong>\u00a0lo hice por extenso) la competencia de los arquitectos para dise\u00f1ar casas, y me opongo a los intrusismos y dem\u00e1s confusiones y zancadillas, aunque creo (ya lo dije) que nuestro problema no son los ingenieros.<br \/>\nPero s\u00ed, naturalmente: Creo que un arquitecto es quien debe dise\u00f1ar una casa, como creo que un m\u00e9dico es quien debe curar enfermedades. Me parece obvio.<\/p>\n<p style=\"text-align: justify;\">Pero es que precisamente el ejemplo de marras muestra lo peor de nosotros.<\/p>\n<p style=\"text-align: justify;\">La casa que (supuestamente) ha proyectado ese ingeniero es un poco tristona y anodina, pero no est\u00e1 mal. La planta muestra unas piezas rectangulares aceptablemente bien distribuidas. Se accede al sal\u00f3n desde un porche, con una piscina enfrente. Puede ser un sitio agradable. La cocina queda a mano del sal\u00f3n, y tiene una salida accesoria a un tendedero-lavadero. Me parece bien. Un pasillo da al dormitorio y, al fondo, al ba\u00f1o, que tienen suficiente intimidad e independencia para ser una casa tan peque\u00f1a. Pues no est\u00e1 nada mal (\u2026)\u201d<\/p>\n<p>&nbsp;<\/p>\n<p style=\"text-align: center;\"><strong>Accede al art\u00edculo, <a href=\"http:\/\/arquitectamoslocos.blogspot.com.es\/2016\/03\/ofu-claro-que-la-noto.html\" target=\"_blank\">AQU\u00cd<\/a><\/strong><\/p>\n<p>&nbsp;<\/p>\n<p><span style=\"color: #999999;\"><em>*Noticia seleccionada por el Canal de arquitectura STEPIENYBARNO.\u00a0<\/em><\/span><\/p>\n<p><a href=\"https:\/\/twitter.com\/stepienybarno\"><em>STEPIENYBARNO EN TWITTER _ @stepienybarno<\/em><\/a><\/p>\n<p><a href=\"http:\/\/www.linkedin.com\/company\/stepienybarno\"><em>STEPIENYBARNO EN LINKEDIN<\/em><\/a><\/p>\n<p><a href=\"https:\/\/www.facebook.com\/StepienybarnoCANAL\"><em>STEPIENYBARNO EN FACEBOOK<\/em><\/a><\/p>\n<p><span style=\"color: #999999;\"><em>*Stepienybarno est\u00e1 formado por Agnieszka Stepien y Lorenzo Barn\u00f3 y desde mayo del 2009 estamos en la red con\u00a0 la presente publicaci\u00f3n digital (Blog) de arquitectura.<\/em><\/span><\/p>\n<p><span style=\"color: #999999;\"><em>Nuestra actividad se sustenta en tres pilares b\u00e1sicos: la investigaci\u00f3n, la publicaci\u00f3n (comunicaci\u00f3n y difusi\u00f3n) y la redacci\u00f3n de proyectos de arquitectura.<\/em><\/span><\/p>\n<p><span style=\"color: #999999;\"><em>A su vez, somos socios cofundadores de<\/em><\/span><em>\u00a0<\/em><a href=\"http:\/\/sinergiasostenible.org\/\"><em>SINERGIA SOSTENIBLE<\/em><\/a><span style=\"color: #999999;\"><em>,<\/em><em>\u00a0<\/em><em>redactores de<\/em><em>\u00a0<\/em><\/span><a href=\"http:\/\/www.laciudadviva.org\/blogs\/?author=45\"><em>LA CIUDAD VIVA<\/em><\/a><em>\u00a0<\/em><span style=\"color: #999999;\"><em>y directores del blog de<\/em><em>\u00a0<\/em><\/span><a href=\"http:\/\/blogfundacion.arquia.es\/\"><em>FUNDACI\u00d3N ARQUIA<\/em><\/a><span style=\"color: #999999;\"><em>.<\/em><\/span><\/p>\n<p><span style=\"color: #999999;\"><em>* Los editores de esta publicaci\u00f3n digital no nos hacemos cargo de de los comentarios y\u00a0 conceptos vertidos en los textos firmados por otras personas, siendo \u00e9stos de responsabilidad exclusiva de sus autores.<\/em><\/span><\/p>\n<p><span style=\"color: #999999;\"><em>* Tu comentario podr\u00e1 ser moderado, por lo tanto, aunque aparezca inmediatamente al ser publicado en la entrada, los editores de esta publicaci\u00f3n digital nos reservamos el derecho tanto de editarlo (si fuera necesario, para hacerlo m\u00e1s legible) como de eliminarlo en el caso de que se usen expresiones incorrectas (descalificaciones, palabras malsonantes\u2026). A su vez, si quieres comentar desde el anonimato puedes hacerlo, aunque, nosotros personalmente, agradecemos que tod@s nos podamos identificar.<\/em><\/span><\/p>\n","protected":false},"excerpt":{"rendered":"<p>Por Jos\u00e9 Ram\u00f3n Hern\u00e1ndez Correa Desde Arquitectamos Locos<\/p>\n","protected":false},"author":9,"featured_media":27322,"comment_status":"open","ping_status":"closed","sticky":false,"template":"","format":"standard","meta":{"om_disable_all_campaigns":false,"_monsterinsights_skip_tracking":false,"_monsterinsights_sitenote_active":false,"_monsterinsights_sitenote_note":"","_monsterinsights_sitenote_category":0,"_uf_show_specific_survey":0,"_uf_disable_surveys":false,"episode_type":"","audio_file":"","cover_image":"","cover_image_id":"","duration":"","filesize":"","date_recorded":"","explicit":"","block":"","filesize_raw":"","footnotes":""},"categories":[244],"tags":[2481,2480],"series":[],"class_list":["post-27321","post","type-post","status-publish","format-standard","has-post-thumbnail","hentry","category-canal-de-arquitectura","tag-arquitectamos-locos","tag-jose-ramon-hernandez-correa"],"aioseo_notices":[],"episode_featured_image":"https:\/\/stepienybarno.es\/blog\/wp-content\/uploads\/2017\/04\/Stepienybarno-stepien-y-barno-blog-arquitectura-arquitectamos-locos-jose-ramon-hernandez-correa.jpg","episode_player_image":"https:\/\/stepienybarno.es\/blog\/wp-content\/uploads\/2020\/11\/stepienybarno-podcast-scaled.jpg","download_link":"","player_link":"","audio_player":false,"episode_data":{"playerMode":"dark","subscribeUrls":[],"rssFeedUrl":"https:\/\/stepienybarno.es\/blog\/feed\/podcast\/podcast-de-stepienybarno","embedCode":"<blockquote class=\"wp-embedded-content\" data-secret=\"dVSTxiRyLo\"><a href=\"https:\/\/stepienybarno.es\/blog\/2017\/04\/20\/ofu-claro-que-la-noto\/\">OF\u00da; CLARO QUE LA NOTO<\/a><\/blockquote><iframe sandbox=\"allow-scripts\" security=\"restricted\" src=\"https:\/\/stepienybarno.es\/blog\/2017\/04\/20\/ofu-claro-que-la-noto\/embed\/#?secret=dVSTxiRyLo\" width=\"500\" height=\"350\" title=\"\u00abOF\u00da; CLARO QUE LA NOTO\u00bb \u2014 Blog de STEPIEN Y BARNO - publicaci\u00f3n digital sobre arquitectura\" data-secret=\"dVSTxiRyLo\" frameborder=\"0\" marginwidth=\"0\" marginheight=\"0\" scrolling=\"no\" class=\"wp-embedded-content\"><\/iframe><script type=\"text\/javascript\">\n\/* <![CDATA[ *\/\n\/*! This file is auto-generated *\/\n!function(d,l){\"use strict\";l.querySelector&&d.addEventListener&&\"undefined\"!=typeof URL&&(d.wp=d.wp||{},d.wp.receiveEmbedMessage||(d.wp.receiveEmbedMessage=function(e){var t=e.data;if((t||t.secret||t.message||t.value)&&!\/[^a-zA-Z0-9]\/.test(t.secret)){for(var s,r,n,a=l.querySelectorAll('iframe[data-secret=\"'+t.secret+'\"]'),o=l.querySelectorAll('blockquote[data-secret=\"'+t.secret+'\"]'),c=new RegExp(\"^https?:$\",\"i\"),i=0;i<o.length;i++)o[i].style.display=\"none\";for(i=0;i<a.length;i++)s=a[i],e.source===s.contentWindow&&(s.removeAttribute(\"style\"),\"height\"===t.message?(1e3<(r=parseInt(t.value,10))?r=1e3:~~r<200&&(r=200),s.height=r):\"link\"===t.message&&(r=new URL(s.getAttribute(\"src\")),n=new URL(t.value),c.test(n.protocol))&&n.host===r.host&&l.activeElement===s&&(d.top.location.href=t.value))}},d.addEventListener(\"message\",d.wp.receiveEmbedMessage,!1),l.addEventListener(\"DOMContentLoaded\",function(){for(var e,t,s=l.querySelectorAll(\"iframe.wp-embedded-content\"),r=0;r<s.length;r++)(t=(e=s[r]).getAttribute(\"data-secret\"))||(t=Math.random().toString(36).substring(2,12),e.src+=\"#?secret=\"+t,e.setAttribute(\"data-secret\",t)),e.contentWindow.postMessage({message:\"ready\",secret:t},\"*\")},!1)))}(window,document);\n\/* ]]> *\/\n<\/script>\n"},"_links":{"self":[{"href":"https:\/\/stepienybarno.es\/blog\/wp-json\/wp\/v2\/posts\/27321"}],"collection":[{"href":"https:\/\/stepienybarno.es\/blog\/wp-json\/wp\/v2\/posts"}],"about":[{"href":"https:\/\/stepienybarno.es\/blog\/wp-json\/wp\/v2\/types\/post"}],"author":[{"embeddable":true,"href":"https:\/\/stepienybarno.es\/blog\/wp-json\/wp\/v2\/users\/9"}],"replies":[{"embeddable":true,"href":"https:\/\/stepienybarno.es\/blog\/wp-json\/wp\/v2\/comments?post=27321"}],"version-history":[{"count":1,"href":"https:\/\/stepienybarno.es\/blog\/wp-json\/wp\/v2\/posts\/27321\/revisions"}],"predecessor-version":[{"id":27323,"href":"https:\/\/stepienybarno.es\/blog\/wp-json\/wp\/v2\/posts\/27321\/revisions\/27323"}],"wp:featuredmedia":[{"embeddable":true,"href":"https:\/\/stepienybarno.es\/blog\/wp-json\/wp\/v2\/media\/27322"}],"wp:attachment":[{"href":"https:\/\/stepienybarno.es\/blog\/wp-json\/wp\/v2\/media?parent=27321"}],"wp:term":[{"taxonomy":"category","embeddable":true,"href":"https:\/\/stepienybarno.es\/blog\/wp-json\/wp\/v2\/categories?post=27321"},{"taxonomy":"post_tag","embeddable":true,"href":"https:\/\/stepienybarno.es\/blog\/wp-json\/wp\/v2\/tags?post=27321"},{"taxonomy":"series","embeddable":true,"href":"https:\/\/stepienybarno.es\/blog\/wp-json\/wp\/v2\/series?post=27321"}],"curies":[{"name":"wp","href":"https:\/\/api.w.org\/{rel}","templated":true}]}}